{"id":9825,"date":"2019-04-03T10:58:05","date_gmt":"2019-04-03T10:58:05","guid":{"rendered":"http:\/\/www.ppdelugo.com\/carballo-promete-una-ruta-de-ida-y-vuelta-de-21-kilometros-en-las-dos-orillas-del-mino\/"},"modified":"2019-04-03T11:04:27","modified_gmt":"2019-04-03T11:04:27","slug":"carballo-promete-una-ruta-de-ida-y-vuelta-de-21-kilometros-en-las-dos-orillas-del-mino","status":"publish","type":"post","link":"https:\/\/www.ppdelugo.com\/es\/carballo-promete-una-ruta-de-ida-y-vuelta-de-21-kilometros-en-las-dos-orillas-del-mino\/","title":{"rendered":"Carballo promete unha ruta \u201cde ida e volta de 21 kil\u00f3metros\u201d nas d\u00faas beiras do Mi\u00f1o"},"content":{"rendered":"<p>O candidato do Partido Popular presentou, a veci\u00f1os e deportistas, unha proposta para crear ao longo do Mi\u00f1o unha ruta de ida e volta \u201cqueremos acondicionar un novo sendeiro de 10 quil\u00f3metros na beira da marxe dereita do Mi\u00f1o\u201d explicou Ram\u00f3n Carballo.<\/p>\n<p>El tramo nuevo comenzar\u00eda en el campo de la fiesta del barrio de A Ponte y se prolongar\u00eda hasta la altura de la desembocadura del R\u00edo Chamoso, en el l\u00edmite con el Ayuntamiento del Corgo donde enlazar\u00eda con el paseo que ya existe. En esta localizaci\u00f3n ya hay una pasarela que une el paseo del Mi\u00f1o con la isla de Burneiros pero ser\u00eda necesario, para cerrar el circu\u00edto, constru\u00edr otro paso nuevo para cruzar desde la isla de Burneiros hasta la orilla y posteriormente enlazar con el sendero que se acondicione desde barrio de A Ponte. De esta forma tendr\u00edamos un anillo verde completo que ofertar\u00eda un circu\u00edto de unos 21 quil\u00f3metros  tanto para la pr\u00e1ctica deportiva como para el senderismo, o el paseo de la ciudadan\u00eda. (Adjuntamos gr\u00e1fico Circuito Parque do Mi\u00f1o)<\/p>\n<p>Ram\u00f3n Carballo explic\u00f3 que su modelo de ciudad dar\u00e1 continuidad, con esta actuaci\u00f3n, a la herencia que dejaron los gobiernos del Partido Popular ya que \u201cfueron los que hicieron el paseo del Rato y el paseo del Mi\u00f1o tal y como lo conocemos en la actualidad\u201d.  El alcaldable lament\u00f3 que \u201cni la alcaldesa, ni sus antecesores tuvieron, en los \u00faltimos 20 a\u00f1os, la iniciativa de completar el cintur\u00f3n verde de nuestra ciudad. No crearon ni un solo metro cuadrado de este parque periurbano, ni le dieron al r\u00edo el  protagonismo que merece  como pulm\u00f3n de la ciudad\u201d.<\/p>\n<p>Adem\u00e1is de este nuevo anillo verde el candidato popular insiste en la necesidad de cerrar el cintur\u00f3n verde con la uni\u00f3n del Paseo del Mi\u00f1o y el Paseo del Rato. \u201cGanar\u00edamos 39.000 m2 de espacio de ocio, deporte y salud\u201d matiz\u00f3. Carballo lamenta la dejadez de la alcaldesa que pese a tener dos acuerdos de pleno, iniciativa do PP, para que se iniciasen las gestiones oportunas con los propietarios de las parcelas que se necesitan para unir el paseo del Mi\u00f1o y del Rato no hicieron nada en estos cuatro a\u00f1os.<\/p>\n<p>Con respecto a la financiaci\u00f3n el candidato popular explic\u00f3 que si llega a la alcald\u00eda \u201char\u00e1 las gestiones que sean necesarias para que la mayor parte de esta intervenci\u00f3n sea sufragada con cargo al programa de Caminos Naturales que financia el gobierno de Espa\u00f1a\u201d. \u201cHay que conseguir que los fondos que hay, para hacer el Camino de San Rosendo que en el caso de Lugo coincide con el tramo del paseo del Mi\u00f1o, se utilicen para acondicionar el margen derecho del r\u00edo para crear una nueva ruta para disfrute de los lucenses\u201d.<br \/>\nCarballo puso de ejemplo otros ayuntamientos que si aprovecharon esta oportunidad de crear nuevas rutas \u201cen este momento hay cuatro tramos hechos de esta ruta que une Lugo y Orense y que tiene una longitud de unos 225 kil\u00f3metros\u201d. Se trata del tramo entre San Marti\u00f1o-Foz-Lorenzana-Mondo\u00f1edo (32,4 kil\u00f3metros); Porto Quintela-Celanova 28,3 Kil\u00f3metros y Celanova-Ourense (37,8 Kil\u00f3metros).<\/p>\n","protected":false},"excerpt":{"rendered":"<p>O candidato do Partido Popular presentou, a veci\u00f1os e deportistas, unha proposta para crear ao longo do Mi\u00f1o unha ruta de ida e volta \u201cqueremos acondicionar un novo sendeiro de&#8230;<\/p>\n","protected":false},"author":8,"featured_media":9823,"comment_status":"open","ping_status":"closed","sticky":false,"template":"","format":"standard","meta":{"footnotes":""},"categories":[94],"tags":[],"class_list":{"0":"post-9825","1":"post","2":"type-post","3":"status-publish","4":"format-standard","5":"has-post-thumbnail","7":"category-lugoen-marca"},"yoast_head":"<!-- This site is optimized with the Yoast SEO plugin v27.5 - https:\/\/yoast.com\/product\/yoast-seo-wordpress\/ -->\n<title>Carballo promete unha ruta \u201cde ida e volta de 21 kil\u00f3metros\u201d nas d\u00faas beiras do Mi\u00f1o - Grupo Municipal Partido Popular de Lugo<\/title>\n<meta name=\"robots\" content=\"index, follow, max-snippet:-1, max-image-preview:large, max-video-preview:-1\" \/>\n<link rel=\"canonical\" href=\"https:\/\/www.ppdelugo.com\/es\/carballo-promete-una-ruta-de-ida-y-vuelta-de-21-kilometros-en-las-dos-orillas-del-mino\/\" \/>\n<meta property=\"og:locale\" content=\"es_ES\" \/>\n<meta property=\"og:type\" content=\"article\" \/>\n<meta property=\"og:title\" content=\"Carballo promete unha ruta \u201cde ida e volta de 21 kil\u00f3metros\u201d nas d\u00faas beiras do Mi\u00f1o - Grupo Municipal Partido Popular de Lugo\" \/>\n<meta property=\"og:description\" content=\"O candidato do Partido Popular presentou, a veci\u00f1os e deportistas, unha proposta para crear ao longo do Mi\u00f1o unha ruta de ida e volta \u201cqueremos acondicionar un novo sendeiro de...\" \/>\n<meta property=\"og:url\" content=\"https:\/\/www.ppdelugo.com\/es\/carballo-promete-una-ruta-de-ida-y-vuelta-de-21-kilometros-en-las-dos-orillas-del-mino\/\" \/>\n<meta property=\"og:site_name\" content=\"Grupo Municipal Partido Popular de Lugo\" \/>\n<meta property=\"article:published_time\" content=\"2019-04-03T10:58:05+00:00\" \/>\n<meta property=\"article:modified_time\" content=\"2019-04-03T11:04:27+00:00\" \/>\n<meta property=\"og:image\" content=\"https:\/\/www.ppdelugo.com\/wp-content\/uploads\/2019\/04\/RC1-1-1024x768.jpg\" \/>\n\t<meta property=\"og:image:width\" content=\"1024\" \/>\n\t<meta property=\"og:image:height\" content=\"768\" \/>\n\t<meta property=\"og:image:type\" content=\"image\/jpeg\" \/>\n<meta name=\"author\" content=\"ppdelugo\" \/>\n<meta name=\"twitter:card\" content=\"summary_large_image\" \/>\n<meta name=\"twitter:label1\" content=\"Escrito por\" \/>\n\t<meta name=\"twitter:data1\" content=\"ppdelugo\" \/>\n\t<meta name=\"twitter:label2\" content=\"Tiempo de lectura\" \/>\n\t<meta name=\"twitter:data2\" content=\"3 minutos\" \/>\n<script type=\"application\/ld+json\" class=\"yoast-schema-graph\">{\"@context\":\"https:\\\/\\\/schema.org\",\"@graph\":[{\"@type\":\"Article\",\"@id\":\"https:\\\/\\\/www.ppdelugo.com\\\/es\\\/carballo-promete-una-ruta-de-ida-y-vuelta-de-21-kilometros-en-las-dos-orillas-del-mino\\\/#article\",\"isPartOf\":{\"@id\":\"https:\\\/\\\/www.ppdelugo.com\\\/es\\\/carballo-promete-una-ruta-de-ida-y-vuelta-de-21-kilometros-en-las-dos-orillas-del-mino\\\/\"},\"author\":{\"name\":\"ppdelugo\",\"@id\":\"https:\\\/\\\/www.ppdelugo.com\\\/es\\\/#\\\/schema\\\/person\\\/4fa17dd371813e2c389a4417775cec48\"},\"headline\":\"Carballo promete unha ruta \u201cde ida e volta de 21 kil\u00f3metros\u201d nas d\u00faas beiras do Mi\u00f1o\",\"datePublished\":\"2019-04-03T10:58:05+00:00\",\"dateModified\":\"2019-04-03T11:04:27+00:00\",\"mainEntityOfPage\":{\"@id\":\"https:\\\/\\\/www.ppdelugo.com\\\/es\\\/carballo-promete-una-ruta-de-ida-y-vuelta-de-21-kilometros-en-las-dos-orillas-del-mino\\\/\"},\"wordCount\":570,\"commentCount\":0,\"image\":{\"@id\":\"https:\\\/\\\/www.ppdelugo.com\\\/es\\\/carballo-promete-una-ruta-de-ida-y-vuelta-de-21-kilometros-en-las-dos-orillas-del-mino\\\/#primaryimage\"},\"thumbnailUrl\":\"https:\\\/\\\/www.ppdelugo.com\\\/wp-content\\\/uploads\\\/2019\\\/04\\\/RC1-1.jpg\",\"articleSection\":[\"Lugo en marcha\"],\"inLanguage\":\"es\",\"potentialAction\":[{\"@type\":\"CommentAction\",\"name\":\"Comment\",\"target\":[\"https:\\\/\\\/www.ppdelugo.com\\\/es\\\/carballo-promete-una-ruta-de-ida-y-vuelta-de-21-kilometros-en-las-dos-orillas-del-mino\\\/#respond\"]}]},{\"@type\":\"WebPage\",\"@id\":\"https:\\\/\\\/www.ppdelugo.com\\\/es\\\/carballo-promete-una-ruta-de-ida-y-vuelta-de-21-kilometros-en-las-dos-orillas-del-mino\\\/\",\"url\":\"https:\\\/\\\/www.ppdelugo.com\\\/es\\\/carballo-promete-una-ruta-de-ida-y-vuelta-de-21-kilometros-en-las-dos-orillas-del-mino\\\/\",\"name\":\"Carballo promete unha ruta \u201cde ida e volta de 21 kil\u00f3metros\u201d nas d\u00faas beiras do Mi\u00f1o - Grupo Municipal Partido Popular de Lugo\",\"isPartOf\":{\"@id\":\"https:\\\/\\\/www.ppdelugo.com\\\/es\\\/#website\"},\"primaryImageOfPage\":{\"@id\":\"https:\\\/\\\/www.ppdelugo.com\\\/es\\\/carballo-promete-una-ruta-de-ida-y-vuelta-de-21-kilometros-en-las-dos-orillas-del-mino\\\/#primaryimage\"},\"image\":{\"@id\":\"https:\\\/\\\/www.ppdelugo.com\\\/es\\\/carballo-promete-una-ruta-de-ida-y-vuelta-de-21-kilometros-en-las-dos-orillas-del-mino\\\/#primaryimage\"},\"thumbnailUrl\":\"https:\\\/\\\/www.ppdelugo.com\\\/wp-content\\\/uploads\\\/2019\\\/04\\\/RC1-1.jpg\",\"datePublished\":\"2019-04-03T10:58:05+00:00\",\"dateModified\":\"2019-04-03T11:04:27+00:00\",\"author\":{\"@id\":\"https:\\\/\\\/www.ppdelugo.com\\\/es\\\/#\\\/schema\\\/person\\\/4fa17dd371813e2c389a4417775cec48\"},\"breadcrumb\":{\"@id\":\"https:\\\/\\\/www.ppdelugo.com\\\/es\\\/carballo-promete-una-ruta-de-ida-y-vuelta-de-21-kilometros-en-las-dos-orillas-del-mino\\\/#breadcrumb\"},\"inLanguage\":\"es\",\"potentialAction\":[{\"@type\":\"ReadAction\",\"target\":[\"https:\\\/\\\/www.ppdelugo.com\\\/es\\\/carballo-promete-una-ruta-de-ida-y-vuelta-de-21-kilometros-en-las-dos-orillas-del-mino\\\/\"]}]},{\"@type\":\"ImageObject\",\"inLanguage\":\"es\",\"@id\":\"https:\\\/\\\/www.ppdelugo.com\\\/es\\\/carballo-promete-una-ruta-de-ida-y-vuelta-de-21-kilometros-en-las-dos-orillas-del-mino\\\/#primaryimage\",\"url\":\"https:\\\/\\\/www.ppdelugo.com\\\/wp-content\\\/uploads\\\/2019\\\/04\\\/RC1-1.jpg\",\"contentUrl\":\"https:\\\/\\\/www.ppdelugo.com\\\/wp-content\\\/uploads\\\/2019\\\/04\\\/RC1-1.jpg\",\"width\":4000,\"height\":3000},{\"@type\":\"BreadcrumbList\",\"@id\":\"https:\\\/\\\/www.ppdelugo.com\\\/es\\\/carballo-promete-una-ruta-de-ida-y-vuelta-de-21-kilometros-en-las-dos-orillas-del-mino\\\/#breadcrumb\",\"itemListElement\":[{\"@type\":\"ListItem\",\"position\":1,\"name\":\"Portada\",\"item\":\"https:\\\/\\\/www.ppdelugo.com\\\/es\\\/\"},{\"@type\":\"ListItem\",\"position\":2,\"name\":\"Carballo promete unha ruta \u201cde ida e volta de 21 kil\u00f3metros\u201d nas d\u00faas beiras do Mi\u00f1o\"}]},{\"@type\":\"WebSite\",\"@id\":\"https:\\\/\\\/www.ppdelugo.com\\\/es\\\/#website\",\"url\":\"https:\\\/\\\/www.ppdelugo.com\\\/es\\\/\",\"name\":\"Grupo Municipal Partido Popular de Lugo\",\"description\":\"Web del Grupo Municipal del Partido Popular en el Ayuntamiento de Lugo, con informaci\u00f3n sobre Lugo y fomento de la participaci\u00f3n ciudadana\",\"potentialAction\":[{\"@type\":\"SearchAction\",\"target\":{\"@type\":\"EntryPoint\",\"urlTemplate\":\"https:\\\/\\\/www.ppdelugo.com\\\/es\\\/?s={search_term_string}\"},\"query-input\":{\"@type\":\"PropertyValueSpecification\",\"valueRequired\":true,\"valueName\":\"search_term_string\"}}],\"inLanguage\":\"es\"},{\"@type\":\"Person\",\"@id\":\"https:\\\/\\\/www.ppdelugo.com\\\/es\\\/#\\\/schema\\\/person\\\/4fa17dd371813e2c389a4417775cec48\",\"name\":\"ppdelugo\",\"url\":\"https:\\\/\\\/www.ppdelugo.com\\\/es\\\/author\\\/admin-2\\\/\"}]}<\/script>\n<!-- \/ Yoast SEO plugin. -->","yoast_head_json":{"title":"Carballo promete unha ruta \u201cde ida e volta de 21 kil\u00f3metros\u201d nas d\u00faas beiras do Mi\u00f1o - Grupo Municipal Partido Popular de Lugo","robots":{"index":"index","follow":"follow","max-snippet":"max-snippet:-1","max-image-preview":"max-image-preview:large","max-video-preview":"max-video-preview:-1"},"canonical":"https:\/\/www.ppdelugo.com\/es\/carballo-promete-una-ruta-de-ida-y-vuelta-de-21-kilometros-en-las-dos-orillas-del-mino\/","og_locale":"es_ES","og_type":"article","og_title":"Carballo promete unha ruta \u201cde ida e volta de 21 kil\u00f3metros\u201d nas d\u00faas beiras do Mi\u00f1o - Grupo Municipal Partido Popular de Lugo","og_description":"O candidato do Partido Popular presentou, a veci\u00f1os e deportistas, unha proposta para crear ao longo do Mi\u00f1o unha ruta de ida e volta \u201cqueremos acondicionar un novo sendeiro de...","og_url":"https:\/\/www.ppdelugo.com\/es\/carballo-promete-una-ruta-de-ida-y-vuelta-de-21-kilometros-en-las-dos-orillas-del-mino\/","og_site_name":"Grupo Municipal Partido Popular de Lugo","article_published_time":"2019-04-03T10:58:05+00:00","article_modified_time":"2019-04-03T11:04:27+00:00","og_image":[{"width":1024,"height":768,"url":"https:\/\/www.ppdelugo.com\/wp-content\/uploads\/2019\/04\/RC1-1-1024x768.jpg","type":"image\/jpeg"}],"author":"ppdelugo","twitter_card":"summary_large_image","twitter_misc":{"Escrito por":"ppdelugo","Tiempo de lectura":"3 minutos"},"schema":{"@context":"https:\/\/schema.org","@graph":[{"@type":"Article","@id":"https:\/\/www.ppdelugo.com\/es\/carballo-promete-una-ruta-de-ida-y-vuelta-de-21-kilometros-en-las-dos-orillas-del-mino\/#article","isPartOf":{"@id":"https:\/\/www.ppdelugo.com\/es\/carballo-promete-una-ruta-de-ida-y-vuelta-de-21-kilometros-en-las-dos-orillas-del-mino\/"},"author":{"name":"ppdelugo","@id":"https:\/\/www.ppdelugo.com\/es\/#\/schema\/person\/4fa17dd371813e2c389a4417775cec48"},"headline":"Carballo promete unha ruta \u201cde ida e volta de 21 kil\u00f3metros\u201d nas d\u00faas beiras do Mi\u00f1o","datePublished":"2019-04-03T10:58:05+00:00","dateModified":"2019-04-03T11:04:27+00:00","mainEntityOfPage":{"@id":"https:\/\/www.ppdelugo.com\/es\/carballo-promete-una-ruta-de-ida-y-vuelta-de-21-kilometros-en-las-dos-orillas-del-mino\/"},"wordCount":570,"commentCount":0,"image":{"@id":"https:\/\/www.ppdelugo.com\/es\/carballo-promete-una-ruta-de-ida-y-vuelta-de-21-kilometros-en-las-dos-orillas-del-mino\/#primaryimage"},"thumbnailUrl":"https:\/\/www.ppdelugo.com\/wp-content\/uploads\/2019\/04\/RC1-1.jpg","articleSection":["Lugo en marcha"],"inLanguage":"es","potentialAction":[{"@type":"CommentAction","name":"Comment","target":["https:\/\/www.ppdelugo.com\/es\/carballo-promete-una-ruta-de-ida-y-vuelta-de-21-kilometros-en-las-dos-orillas-del-mino\/#respond"]}]},{"@type":"WebPage","@id":"https:\/\/www.ppdelugo.com\/es\/carballo-promete-una-ruta-de-ida-y-vuelta-de-21-kilometros-en-las-dos-orillas-del-mino\/","url":"https:\/\/www.ppdelugo.com\/es\/carballo-promete-una-ruta-de-ida-y-vuelta-de-21-kilometros-en-las-dos-orillas-del-mino\/","name":"Carballo promete unha ruta \u201cde ida e volta de 21 kil\u00f3metros\u201d nas d\u00faas beiras do Mi\u00f1o - Grupo Municipal Partido Popular de Lugo","isPartOf":{"@id":"https:\/\/www.ppdelugo.com\/es\/#website"},"primaryImageOfPage":{"@id":"https:\/\/www.ppdelugo.com\/es\/carballo-promete-una-ruta-de-ida-y-vuelta-de-21-kilometros-en-las-dos-orillas-del-mino\/#primaryimage"},"image":{"@id":"https:\/\/www.ppdelugo.com\/es\/carballo-promete-una-ruta-de-ida-y-vuelta-de-21-kilometros-en-las-dos-orillas-del-mino\/#primaryimage"},"thumbnailUrl":"https:\/\/www.ppdelugo.com\/wp-content\/uploads\/2019\/04\/RC1-1.jpg","datePublished":"2019-04-03T10:58:05+00:00","dateModified":"2019-04-03T11:04:27+00:00","author":{"@id":"https:\/\/www.ppdelugo.com\/es\/#\/schema\/person\/4fa17dd371813e2c389a4417775cec48"},"breadcrumb":{"@id":"https:\/\/www.ppdelugo.com\/es\/carballo-promete-una-ruta-de-ida-y-vuelta-de-21-kilometros-en-las-dos-orillas-del-mino\/#breadcrumb"},"inLanguage":"es","potentialAction":[{"@type":"ReadAction","target":["https:\/\/www.ppdelugo.com\/es\/carballo-promete-una-ruta-de-ida-y-vuelta-de-21-kilometros-en-las-dos-orillas-del-mino\/"]}]},{"@type":"ImageObject","inLanguage":"es","@id":"https:\/\/www.ppdelugo.com\/es\/carballo-promete-una-ruta-de-ida-y-vuelta-de-21-kilometros-en-las-dos-orillas-del-mino\/#primaryimage","url":"https:\/\/www.ppdelugo.com\/wp-content\/uploads\/2019\/04\/RC1-1.jpg","contentUrl":"https:\/\/www.ppdelugo.com\/wp-content\/uploads\/2019\/04\/RC1-1.jpg","width":4000,"height":3000},{"@type":"BreadcrumbList","@id":"https:\/\/www.ppdelugo.com\/es\/carballo-promete-una-ruta-de-ida-y-vuelta-de-21-kilometros-en-las-dos-orillas-del-mino\/#breadcrumb","itemListElement":[{"@type":"ListItem","position":1,"name":"Portada","item":"https:\/\/www.ppdelugo.com\/es\/"},{"@type":"ListItem","position":2,"name":"Carballo promete unha ruta \u201cde ida e volta de 21 kil\u00f3metros\u201d nas d\u00faas beiras do Mi\u00f1o"}]},{"@type":"WebSite","@id":"https:\/\/www.ppdelugo.com\/es\/#website","url":"https:\/\/www.ppdelugo.com\/es\/","name":"Grupo Municipal Partido Popular de Lugo","description":"Web del Grupo Municipal del Partido Popular en el Ayuntamiento de Lugo, con informaci\u00f3n sobre Lugo y fomento de la participaci\u00f3n ciudadana","potentialAction":[{"@type":"SearchAction","target":{"@type":"EntryPoint","urlTemplate":"https:\/\/www.ppdelugo.com\/es\/?s={search_term_string}"},"query-input":{"@type":"PropertyValueSpecification","valueRequired":true,"valueName":"search_term_string"}}],"inLanguage":"es"},{"@type":"Person","@id":"https:\/\/www.ppdelugo.com\/es\/#\/schema\/person\/4fa17dd371813e2c389a4417775cec48","name":"ppdelugo","url":"https:\/\/www.ppdelugo.com\/es\/author\/admin-2\/"}]}},"_links":{"self":[{"href":"https:\/\/www.ppdelugo.com\/es\/wp-json\/wp\/v2\/posts\/9825","targetHints":{"allow":["GET"]}}],"collection":[{"href":"https:\/\/www.ppdelugo.com\/es\/wp-json\/wp\/v2\/posts"}],"about":[{"href":"https:\/\/www.ppdelugo.com\/es\/wp-json\/wp\/v2\/types\/post"}],"author":[{"embeddable":true,"href":"https:\/\/www.ppdelugo.com\/es\/wp-json\/wp\/v2\/users\/8"}],"replies":[{"embeddable":true,"href":"https:\/\/www.ppdelugo.com\/es\/wp-json\/wp\/v2\/comments?post=9825"}],"version-history":[{"count":0,"href":"https:\/\/www.ppdelugo.com\/es\/wp-json\/wp\/v2\/posts\/9825\/revisions"}],"wp:featuredmedia":[{"embeddable":true,"href":"https:\/\/www.ppdelugo.com\/es\/wp-json\/wp\/v2\/media\/9823"}],"wp:attachment":[{"href":"https:\/\/www.ppdelugo.com\/es\/wp-json\/wp\/v2\/media?parent=9825"}],"wp:term":[{"taxonomy":"category","embeddable":true,"href":"https:\/\/www.ppdelugo.com\/es\/wp-json\/wp\/v2\/categories?post=9825"},{"taxonomy":"post_tag","embeddable":true,"href":"https:\/\/www.ppdelugo.com\/es\/wp-json\/wp\/v2\/tags?post=9825"}],"curies":[{"name":"wp","href":"https:\/\/api.w.org\/{rel}","templated":true}]}}