{"id":9337,"date":"2019-01-30T08:25:15","date_gmt":"2019-01-30T08:25:15","guid":{"rendered":"http:\/\/www.ppdelugo.com\/carballo-propone-una-campana-de-promocion-de-los-poligonos-industriales-para-impulsar-la-economia-y-el-empleo-local\/"},"modified":"2019-01-30T08:26:22","modified_gmt":"2019-01-30T08:26:22","slug":"carballo-propone-una-campana-de-promocion-de-los-poligonos-industriales-para-impulsar-la-economia-y-el-empleo-local","status":"publish","type":"post","link":"https:\/\/www.ppdelugo.com\/es\/carballo-propone-una-campana-de-promocion-de-los-poligonos-industriales-para-impulsar-la-economia-y-el-empleo-local\/","title":{"rendered":"Carballo prop\u00f3n unha campa\u00f1a de promoci\u00f3n dos pol\u00edgonos industriais para impulsar a econom\u00eda e o emprego local"},"content":{"rendered":"<p>El candidato del Partido Popular ha anunciado que si es alcalde pondr\u00e1 en marcha un <strong>Plan de revitalizaci\u00f3n e mantenimiento de los pol\u00edgonos industriales<\/strong>. Ram\u00f3n Carballo desgran\u00f3 los ejes de este programa durante una reuni\u00f3n con una treintena de \u00a0empresarios del pol\u00edgono de As G\u00e1ndaras<\/p>\n<p>Carballo afirma que la administraci\u00f3n local tiene la obligaci\u00f3n de \u201cfacilitar y agilizar\u00a0 la tramitaci\u00f3n de licencias para reducir la excesiva burocracia\u201d y, en ese sentido, anunci\u00f3 un paquete de incentivos fiscales para atraer nuevas empresas generadoras de empleo y bonificaciones para las licencias de apertura, obras y en el impuesto de actividades econ\u00f3micas.<\/p>\n<p>El candidato popular avanz\u00f3 que \u201cteniendo pol\u00edgonos cinco estrellas como el de As G\u00e1ndaras hay que prestarle un apoyo decido\u201d y, en ese sentido, propone \u201cimpulsar una campa\u00f1a de captaci\u00f3n de empresas e inversores, tanto en ferias internacionales como nacionales, para atraer negocios a trav\u00e9s de campa\u00f1as de difusi\u00f3n que coloquen a Lugo como un lugar de referencia para invertir y crear empresas\u201d.<\/p>\n<p>Entre las medidas que se comprometi\u00f3 a estudiar destac\u00f3 el \u00a0programa de recogida de residuos \u201cpuerta a puerta\u201d en los pol\u00edgonos industriales del municipio as\u00ed como implantar islas para recogida selectiva (vidrio, papel\u2026). El alcaldable explic\u00f3 que \u201csomos conscientes de la problem\u00e1tica de la gesti\u00f3n de los residuos en pol\u00edgonos industriales\u201d lamentando que \u201cLugo sufre un estancamiento en cuanto a la recogida selectiva desde hace a\u00f1os y esta situaci\u00f3n hay que revertirla\u201d. \u201cEs vergonzoso que en esta zona industrial no hay ni un solo contenedor para recogida selectiva en todo el pol\u00edgono de nueva creaci\u00f3n y la \u00fanica opci\u00f3n que se les brinda es que compren sus propios contenedores\u201d.<\/p>\n<p>Ram\u00f3n Carballo tambi\u00e9n abog\u00f3 por impulsar el transporte p\u00fablico ya que \u201cen todos los pol\u00edgonos industriales el servicio es deficitario y \u00a0no se adapta a las rutinas de sus trabajadores y usuarios\u201d. En la zona industrial de As G\u00e1ndaras llegan los buses gracias a una reclamaci\u00f3n que hizo, en su d\u00eda, el Partido Popular pero las frecuencias siguen siendo escasas (un autob\u00fas por hora) adaptarse a los horarios de salida y entrada de los trabajadores, no hay marquesinas ni ning\u00fan poste informativo, y tan s\u00f3lo hay una parada en toda la zona industrial que no est\u00e1 centrada y deja sin servicio a la mayor parte de las empresas. \u201cNuestra propuesta es mejorar frecuencias, adecuar horarios al funcionamiento de la zona industrial, incrementar paradas y colocar alguna marquesina con elementos de informaci\u00f3n\u201d resumi\u00f3 Carballo.<\/p>\n<p>Otra de las prioridades del Partido Popular es la de mejorar la seguridad as\u00ed como resolver problemas de movilidad,\u00a0 se\u00f1alizaci\u00f3n, pavimentaci\u00f3n \u2026 \u00a0que hay en las zonas industriales del municipio. Para el alcaldable hay que conseguir que Lugo tenga unos pol\u00edgonos \u201ccuidados y \u00a0seguros ya que as\u00ed son m\u00e1s atractivos y c\u00f3modos para invertir, para trabajar y tambi\u00e9n para comprar\u201d.<\/p>\n<p>Ram\u00f3n Carballo quien tambi\u00e9n coincidi\u00f3 con los empresarios de As G\u00e1ndaras en que hay que realizar un mantenimiento peri\u00f3dico de las medianas de las avenidas, zonas verdes y del parque de pol\u00edgono \u201cno tiene sentido que el Ayuntamiento en junio de 2011 \u00a0exigiese a la Xunta un tipo de c\u00e9sped espec\u00edfico y la instalaci\u00f3n de riego autom\u00e1tico en el que se invirti\u00f3 1Mill\u00f3n de euros y que, ahora, permita que la maleza campe a sus anchas\u201d.<\/p>\n","protected":false},"excerpt":{"rendered":"<p>El candidato del Partido Popular ha anunciado que si es alcalde pondr\u00e1 en marcha un Plan de revitalizaci\u00f3n e mantenimiento de los pol\u00edgonos industriales. Ram\u00f3n Carballo desgran\u00f3 los ejes de&#8230;<\/p>\n","protected":false},"author":8,"featured_media":9335,"comment_status":"open","ping_status":"closed","sticky":false,"template":"","format":"standard","meta":{"footnotes":""},"categories":[94],"tags":[],"class_list":{"0":"post-9337","1":"post","2":"type-post","3":"status-publish","4":"format-standard","5":"has-post-thumbnail","7":"category-lugoen-marca"},"yoast_head":"<!-- This site is optimized with the Yoast SEO plugin v27.5 - https:\/\/yoast.com\/product\/yoast-seo-wordpress\/ -->\n<title>Carballo prop\u00f3n unha campa\u00f1a de promoci\u00f3n dos pol\u00edgonos industriais para impulsar a econom\u00eda e o emprego local - Grupo Municipal Partido Popular de Lugo<\/title>\n<meta name=\"robots\" content=\"index, follow, max-snippet:-1, max-image-preview:large, max-video-preview:-1\" \/>\n<link rel=\"canonical\" href=\"https:\/\/www.ppdelugo.com\/es\/carballo-propone-una-campana-de-promocion-de-los-poligonos-industriales-para-impulsar-la-economia-y-el-empleo-local\/\" \/>\n<meta property=\"og:locale\" content=\"es_ES\" \/>\n<meta property=\"og:type\" content=\"article\" \/>\n<meta property=\"og:title\" content=\"Carballo prop\u00f3n unha campa\u00f1a de promoci\u00f3n dos pol\u00edgonos industriais para impulsar a econom\u00eda e o emprego local - Grupo Municipal Partido Popular de Lugo\" \/>\n<meta property=\"og:description\" content=\"El candidato del Partido Popular ha anunciado que si es alcalde pondr\u00e1 en marcha un Plan de revitalizaci\u00f3n e mantenimiento de los pol\u00edgonos industriales. Ram\u00f3n Carballo desgran\u00f3 los ejes de...\" \/>\n<meta property=\"og:url\" content=\"https:\/\/www.ppdelugo.com\/es\/carballo-propone-una-campana-de-promocion-de-los-poligonos-industriales-para-impulsar-la-economia-y-el-empleo-local\/\" \/>\n<meta property=\"og:site_name\" content=\"Grupo Municipal Partido Popular de Lugo\" \/>\n<meta property=\"article:published_time\" content=\"2019-01-30T08:25:15+00:00\" \/>\n<meta property=\"article:modified_time\" content=\"2019-01-30T08:26:22+00:00\" \/>\n<meta property=\"og:image\" content=\"https:\/\/www.ppdelugo.com\/wp-content\/uploads\/2019\/01\/RC-Empresarios-G\u00e1ndaras-1-1024x768.jpg\" \/>\n\t<meta property=\"og:image:width\" content=\"1024\" \/>\n\t<meta property=\"og:image:height\" content=\"768\" \/>\n\t<meta property=\"og:image:type\" content=\"image\/jpeg\" \/>\n<meta name=\"author\" content=\"ppdelugo\" \/>\n<meta name=\"twitter:card\" content=\"summary_large_image\" \/>\n<meta name=\"twitter:label1\" content=\"Escrito por\" \/>\n\t<meta name=\"twitter:data1\" content=\"ppdelugo\" \/>\n\t<meta name=\"twitter:label2\" content=\"Tiempo de lectura\" \/>\n\t<meta name=\"twitter:data2\" content=\"3 minutos\" \/>\n<script type=\"application\/ld+json\" class=\"yoast-schema-graph\">{\"@context\":\"https:\\\/\\\/schema.org\",\"@graph\":[{\"@type\":\"Article\",\"@id\":\"https:\\\/\\\/www.ppdelugo.com\\\/es\\\/carballo-propone-una-campana-de-promocion-de-los-poligonos-industriales-para-impulsar-la-economia-y-el-empleo-local\\\/#article\",\"isPartOf\":{\"@id\":\"https:\\\/\\\/www.ppdelugo.com\\\/es\\\/carballo-propone-una-campana-de-promocion-de-los-poligonos-industriales-para-impulsar-la-economia-y-el-empleo-local\\\/\"},\"author\":{\"name\":\"ppdelugo\",\"@id\":\"https:\\\/\\\/www.ppdelugo.com\\\/es\\\/#\\\/schema\\\/person\\\/4fa17dd371813e2c389a4417775cec48\"},\"headline\":\"Carballo prop\u00f3n unha campa\u00f1a de promoci\u00f3n dos pol\u00edgonos industriais para impulsar a econom\u00eda e o emprego local\",\"datePublished\":\"2019-01-30T08:25:15+00:00\",\"dateModified\":\"2019-01-30T08:26:22+00:00\",\"mainEntityOfPage\":{\"@id\":\"https:\\\/\\\/www.ppdelugo.com\\\/es\\\/carballo-propone-una-campana-de-promocion-de-los-poligonos-industriales-para-impulsar-la-economia-y-el-empleo-local\\\/\"},\"wordCount\":614,\"commentCount\":0,\"image\":{\"@id\":\"https:\\\/\\\/www.ppdelugo.com\\\/es\\\/carballo-propone-una-campana-de-promocion-de-los-poligonos-industriales-para-impulsar-la-economia-y-el-empleo-local\\\/#primaryimage\"},\"thumbnailUrl\":\"https:\\\/\\\/www.ppdelugo.com\\\/wp-content\\\/uploads\\\/2019\\\/01\\\/RC-Empresarios-G\u00e1ndaras-1.jpg\",\"articleSection\":[\"Lugo en marcha\"],\"inLanguage\":\"es\",\"potentialAction\":[{\"@type\":\"CommentAction\",\"name\":\"Comment\",\"target\":[\"https:\\\/\\\/www.ppdelugo.com\\\/es\\\/carballo-propone-una-campana-de-promocion-de-los-poligonos-industriales-para-impulsar-la-economia-y-el-empleo-local\\\/#respond\"]}]},{\"@type\":\"WebPage\",\"@id\":\"https:\\\/\\\/www.ppdelugo.com\\\/es\\\/carballo-propone-una-campana-de-promocion-de-los-poligonos-industriales-para-impulsar-la-economia-y-el-empleo-local\\\/\",\"url\":\"https:\\\/\\\/www.ppdelugo.com\\\/es\\\/carballo-propone-una-campana-de-promocion-de-los-poligonos-industriales-para-impulsar-la-economia-y-el-empleo-local\\\/\",\"name\":\"Carballo prop\u00f3n unha campa\u00f1a de promoci\u00f3n dos pol\u00edgonos industriais para impulsar a econom\u00eda e o emprego local - Grupo Municipal Partido Popular de Lugo\",\"isPartOf\":{\"@id\":\"https:\\\/\\\/www.ppdelugo.com\\\/es\\\/#website\"},\"primaryImageOfPage\":{\"@id\":\"https:\\\/\\\/www.ppdelugo.com\\\/es\\\/carballo-propone-una-campana-de-promocion-de-los-poligonos-industriales-para-impulsar-la-economia-y-el-empleo-local\\\/#primaryimage\"},\"image\":{\"@id\":\"https:\\\/\\\/www.ppdelugo.com\\\/es\\\/carballo-propone-una-campana-de-promocion-de-los-poligonos-industriales-para-impulsar-la-economia-y-el-empleo-local\\\/#primaryimage\"},\"thumbnailUrl\":\"https:\\\/\\\/www.ppdelugo.com\\\/wp-content\\\/uploads\\\/2019\\\/01\\\/RC-Empresarios-G\u00e1ndaras-1.jpg\",\"datePublished\":\"2019-01-30T08:25:15+00:00\",\"dateModified\":\"2019-01-30T08:26:22+00:00\",\"author\":{\"@id\":\"https:\\\/\\\/www.ppdelugo.com\\\/es\\\/#\\\/schema\\\/person\\\/4fa17dd371813e2c389a4417775cec48\"},\"breadcrumb\":{\"@id\":\"https:\\\/\\\/www.ppdelugo.com\\\/es\\\/carballo-propone-una-campana-de-promocion-de-los-poligonos-industriales-para-impulsar-la-economia-y-el-empleo-local\\\/#breadcrumb\"},\"inLanguage\":\"es\",\"potentialAction\":[{\"@type\":\"ReadAction\",\"target\":[\"https:\\\/\\\/www.ppdelugo.com\\\/es\\\/carballo-propone-una-campana-de-promocion-de-los-poligonos-industriales-para-impulsar-la-economia-y-el-empleo-local\\\/\"]}]},{\"@type\":\"ImageObject\",\"inLanguage\":\"es\",\"@id\":\"https:\\\/\\\/www.ppdelugo.com\\\/es\\\/carballo-propone-una-campana-de-promocion-de-los-poligonos-industriales-para-impulsar-la-economia-y-el-empleo-local\\\/#primaryimage\",\"url\":\"https:\\\/\\\/www.ppdelugo.com\\\/wp-content\\\/uploads\\\/2019\\\/01\\\/RC-Empresarios-G\u00e1ndaras-1.jpg\",\"contentUrl\":\"https:\\\/\\\/www.ppdelugo.com\\\/wp-content\\\/uploads\\\/2019\\\/01\\\/RC-Empresarios-G\u00e1ndaras-1.jpg\",\"width\":4000,\"height\":3000},{\"@type\":\"BreadcrumbList\",\"@id\":\"https:\\\/\\\/www.ppdelugo.com\\\/es\\\/carballo-propone-una-campana-de-promocion-de-los-poligonos-industriales-para-impulsar-la-economia-y-el-empleo-local\\\/#breadcrumb\",\"itemListElement\":[{\"@type\":\"ListItem\",\"position\":1,\"name\":\"Portada\",\"item\":\"https:\\\/\\\/www.ppdelugo.com\\\/es\\\/\"},{\"@type\":\"ListItem\",\"position\":2,\"name\":\"Carballo prop\u00f3n unha campa\u00f1a de promoci\u00f3n dos pol\u00edgonos industriais para impulsar a econom\u00eda e o emprego local\"}]},{\"@type\":\"WebSite\",\"@id\":\"https:\\\/\\\/www.ppdelugo.com\\\/es\\\/#website\",\"url\":\"https:\\\/\\\/www.ppdelugo.com\\\/es\\\/\",\"name\":\"Grupo Municipal Partido Popular de Lugo\",\"description\":\"Web del Grupo Municipal del Partido Popular en el Ayuntamiento de Lugo, con informaci\u00f3n sobre Lugo y fomento de la participaci\u00f3n ciudadana\",\"potentialAction\":[{\"@type\":\"SearchAction\",\"target\":{\"@type\":\"EntryPoint\",\"urlTemplate\":\"https:\\\/\\\/www.ppdelugo.com\\\/es\\\/?s={search_term_string}\"},\"query-input\":{\"@type\":\"PropertyValueSpecification\",\"valueRequired\":true,\"valueName\":\"search_term_string\"}}],\"inLanguage\":\"es\"},{\"@type\":\"Person\",\"@id\":\"https:\\\/\\\/www.ppdelugo.com\\\/es\\\/#\\\/schema\\\/person\\\/4fa17dd371813e2c389a4417775cec48\",\"name\":\"ppdelugo\",\"url\":\"https:\\\/\\\/www.ppdelugo.com\\\/es\\\/author\\\/admin-2\\\/\"}]}<\/script>\n<!-- \/ Yoast SEO plugin. -->","yoast_head_json":{"title":"Carballo prop\u00f3n unha campa\u00f1a de promoci\u00f3n dos pol\u00edgonos industriais para impulsar a econom\u00eda e o emprego local - Grupo Municipal Partido Popular de Lugo","robots":{"index":"index","follow":"follow","max-snippet":"max-snippet:-1","max-image-preview":"max-image-preview:large","max-video-preview":"max-video-preview:-1"},"canonical":"https:\/\/www.ppdelugo.com\/es\/carballo-propone-una-campana-de-promocion-de-los-poligonos-industriales-para-impulsar-la-economia-y-el-empleo-local\/","og_locale":"es_ES","og_type":"article","og_title":"Carballo prop\u00f3n unha campa\u00f1a de promoci\u00f3n dos pol\u00edgonos industriais para impulsar a econom\u00eda e o emprego local - Grupo Municipal Partido Popular de Lugo","og_description":"El candidato del Partido Popular ha anunciado que si es alcalde pondr\u00e1 en marcha un Plan de revitalizaci\u00f3n e mantenimiento de los pol\u00edgonos industriales. Ram\u00f3n Carballo desgran\u00f3 los ejes de...","og_url":"https:\/\/www.ppdelugo.com\/es\/carballo-propone-una-campana-de-promocion-de-los-poligonos-industriales-para-impulsar-la-economia-y-el-empleo-local\/","og_site_name":"Grupo Municipal Partido Popular de Lugo","article_published_time":"2019-01-30T08:25:15+00:00","article_modified_time":"2019-01-30T08:26:22+00:00","og_image":[{"width":1024,"height":768,"url":"https:\/\/www.ppdelugo.com\/wp-content\/uploads\/2019\/01\/RC-Empresarios-G\u00e1ndaras-1-1024x768.jpg","type":"image\/jpeg"}],"author":"ppdelugo","twitter_card":"summary_large_image","twitter_misc":{"Escrito por":"ppdelugo","Tiempo de lectura":"3 minutos"},"schema":{"@context":"https:\/\/schema.org","@graph":[{"@type":"Article","@id":"https:\/\/www.ppdelugo.com\/es\/carballo-propone-una-campana-de-promocion-de-los-poligonos-industriales-para-impulsar-la-economia-y-el-empleo-local\/#article","isPartOf":{"@id":"https:\/\/www.ppdelugo.com\/es\/carballo-propone-una-campana-de-promocion-de-los-poligonos-industriales-para-impulsar-la-economia-y-el-empleo-local\/"},"author":{"name":"ppdelugo","@id":"https:\/\/www.ppdelugo.com\/es\/#\/schema\/person\/4fa17dd371813e2c389a4417775cec48"},"headline":"Carballo prop\u00f3n unha campa\u00f1a de promoci\u00f3n dos pol\u00edgonos industriais para impulsar a econom\u00eda e o emprego local","datePublished":"2019-01-30T08:25:15+00:00","dateModified":"2019-01-30T08:26:22+00:00","mainEntityOfPage":{"@id":"https:\/\/www.ppdelugo.com\/es\/carballo-propone-una-campana-de-promocion-de-los-poligonos-industriales-para-impulsar-la-economia-y-el-empleo-local\/"},"wordCount":614,"commentCount":0,"image":{"@id":"https:\/\/www.ppdelugo.com\/es\/carballo-propone-una-campana-de-promocion-de-los-poligonos-industriales-para-impulsar-la-economia-y-el-empleo-local\/#primaryimage"},"thumbnailUrl":"https:\/\/www.ppdelugo.com\/wp-content\/uploads\/2019\/01\/RC-Empresarios-G\u00e1ndaras-1.jpg","articleSection":["Lugo en marcha"],"inLanguage":"es","potentialAction":[{"@type":"CommentAction","name":"Comment","target":["https:\/\/www.ppdelugo.com\/es\/carballo-propone-una-campana-de-promocion-de-los-poligonos-industriales-para-impulsar-la-economia-y-el-empleo-local\/#respond"]}]},{"@type":"WebPage","@id":"https:\/\/www.ppdelugo.com\/es\/carballo-propone-una-campana-de-promocion-de-los-poligonos-industriales-para-impulsar-la-economia-y-el-empleo-local\/","url":"https:\/\/www.ppdelugo.com\/es\/carballo-propone-una-campana-de-promocion-de-los-poligonos-industriales-para-impulsar-la-economia-y-el-empleo-local\/","name":"Carballo prop\u00f3n unha campa\u00f1a de promoci\u00f3n dos pol\u00edgonos industriais para impulsar a econom\u00eda e o emprego local - Grupo Municipal Partido Popular de Lugo","isPartOf":{"@id":"https:\/\/www.ppdelugo.com\/es\/#website"},"primaryImageOfPage":{"@id":"https:\/\/www.ppdelugo.com\/es\/carballo-propone-una-campana-de-promocion-de-los-poligonos-industriales-para-impulsar-la-economia-y-el-empleo-local\/#primaryimage"},"image":{"@id":"https:\/\/www.ppdelugo.com\/es\/carballo-propone-una-campana-de-promocion-de-los-poligonos-industriales-para-impulsar-la-economia-y-el-empleo-local\/#primaryimage"},"thumbnailUrl":"https:\/\/www.ppdelugo.com\/wp-content\/uploads\/2019\/01\/RC-Empresarios-G\u00e1ndaras-1.jpg","datePublished":"2019-01-30T08:25:15+00:00","dateModified":"2019-01-30T08:26:22+00:00","author":{"@id":"https:\/\/www.ppdelugo.com\/es\/#\/schema\/person\/4fa17dd371813e2c389a4417775cec48"},"breadcrumb":{"@id":"https:\/\/www.ppdelugo.com\/es\/carballo-propone-una-campana-de-promocion-de-los-poligonos-industriales-para-impulsar-la-economia-y-el-empleo-local\/#breadcrumb"},"inLanguage":"es","potentialAction":[{"@type":"ReadAction","target":["https:\/\/www.ppdelugo.com\/es\/carballo-propone-una-campana-de-promocion-de-los-poligonos-industriales-para-impulsar-la-economia-y-el-empleo-local\/"]}]},{"@type":"ImageObject","inLanguage":"es","@id":"https:\/\/www.ppdelugo.com\/es\/carballo-propone-una-campana-de-promocion-de-los-poligonos-industriales-para-impulsar-la-economia-y-el-empleo-local\/#primaryimage","url":"https:\/\/www.ppdelugo.com\/wp-content\/uploads\/2019\/01\/RC-Empresarios-G\u00e1ndaras-1.jpg","contentUrl":"https:\/\/www.ppdelugo.com\/wp-content\/uploads\/2019\/01\/RC-Empresarios-G\u00e1ndaras-1.jpg","width":4000,"height":3000},{"@type":"BreadcrumbList","@id":"https:\/\/www.ppdelugo.com\/es\/carballo-propone-una-campana-de-promocion-de-los-poligonos-industriales-para-impulsar-la-economia-y-el-empleo-local\/#breadcrumb","itemListElement":[{"@type":"ListItem","position":1,"name":"Portada","item":"https:\/\/www.ppdelugo.com\/es\/"},{"@type":"ListItem","position":2,"name":"Carballo prop\u00f3n unha campa\u00f1a de promoci\u00f3n dos pol\u00edgonos industriais para impulsar a econom\u00eda e o emprego local"}]},{"@type":"WebSite","@id":"https:\/\/www.ppdelugo.com\/es\/#website","url":"https:\/\/www.ppdelugo.com\/es\/","name":"Grupo Municipal Partido Popular de Lugo","description":"Web del Grupo Municipal del Partido Popular en el Ayuntamiento de Lugo, con informaci\u00f3n sobre Lugo y fomento de la participaci\u00f3n ciudadana","potentialAction":[{"@type":"SearchAction","target":{"@type":"EntryPoint","urlTemplate":"https:\/\/www.ppdelugo.com\/es\/?s={search_term_string}"},"query-input":{"@type":"PropertyValueSpecification","valueRequired":true,"valueName":"search_term_string"}}],"inLanguage":"es"},{"@type":"Person","@id":"https:\/\/www.ppdelugo.com\/es\/#\/schema\/person\/4fa17dd371813e2c389a4417775cec48","name":"ppdelugo","url":"https:\/\/www.ppdelugo.com\/es\/author\/admin-2\/"}]}},"_links":{"self":[{"href":"https:\/\/www.ppdelugo.com\/es\/wp-json\/wp\/v2\/posts\/9337","targetHints":{"allow":["GET"]}}],"collection":[{"href":"https:\/\/www.ppdelugo.com\/es\/wp-json\/wp\/v2\/posts"}],"about":[{"href":"https:\/\/www.ppdelugo.com\/es\/wp-json\/wp\/v2\/types\/post"}],"author":[{"embeddable":true,"href":"https:\/\/www.ppdelugo.com\/es\/wp-json\/wp\/v2\/users\/8"}],"replies":[{"embeddable":true,"href":"https:\/\/www.ppdelugo.com\/es\/wp-json\/wp\/v2\/comments?post=9337"}],"version-history":[{"count":0,"href":"https:\/\/www.ppdelugo.com\/es\/wp-json\/wp\/v2\/posts\/9337\/revisions"}],"wp:featuredmedia":[{"embeddable":true,"href":"https:\/\/www.ppdelugo.com\/es\/wp-json\/wp\/v2\/media\/9335"}],"wp:attachment":[{"href":"https:\/\/www.ppdelugo.com\/es\/wp-json\/wp\/v2\/media?parent=9337"}],"wp:term":[{"taxonomy":"category","embeddable":true,"href":"https:\/\/www.ppdelugo.com\/es\/wp-json\/wp\/v2\/categories?post=9337"},{"taxonomy":"post_tag","embeddable":true,"href":"https:\/\/www.ppdelugo.com\/es\/wp-json\/wp\/v2\/tags?post=9337"}],"curies":[{"name":"wp","href":"https:\/\/api.w.org\/{rel}","templated":true}]}}