{"id":7470,"date":"2018-05-14T10:23:24","date_gmt":"2018-05-14T10:23:24","guid":{"rendered":"http:\/\/www.ppdelugo.com\/pp-pide-aos-socialistas-recapaciten-asfalten-rua-mestre-mendez-na-sua-totalidade\/"},"modified":"2018-05-15T10:38:37","modified_gmt":"2018-05-15T10:38:37","slug":"pp-pide-aos-socialistas-recapaciten-asfalten-rua-mestre-mendez-na-sua-totalidade","status":"publish","type":"post","link":"https:\/\/www.ppdelugo.com\/es\/pp-pide-aos-socialistas-recapaciten-asfalten-rua-mestre-mendez-na-sua-totalidade\/","title":{"rendered":"El PP pide a los socialistas que recapaciten y asfalten la calle Mestre M\u00e9ndez en su totalidad"},"content":{"rendered":"<p>El portavoz del Grupo Municipal del PP Antonio Ameijide explic\u00f3 que el gobierno de Lara M\u00e9ndez piensa dejar sin asfaltar un tramo de la calle Mestre M\u00e9ndez en el que hai\u00a0cinco viviendas al alegar que se trata de una v\u00eda privada, a pesar de que el propio gobierno local dot\u00f3 a estos vecinos de los servicios b\u00e1sicos de alumbrado, saneamiento y abastecimiento, y de que en el a\u00f1o 2006 concedieron una licencia de primera ocupaci\u00f3n al propietario de una de las viviendas ahora afectadas algo que \u201centendemos\u201d no podr\u00edan hacer si no se considerase en ese momento v\u00eda p\u00fablica<!--more--><\/p>\n<audio class=\"wp-audio-shortcode\" id=\"audio-7470-1\" preload=\"none\" style=\"width: 100%;\" controls=\"controls\"><source type=\"audio\/mpeg\" src=\"http:\/\/www.ppdelugo.com\/wp-content\/uploads\/2018\/05\/Corte-Ameijide-r\u00faa-Mestre-M\u00e9ndez.mp3?_=1\" \/><a href=\"http:\/\/www.ppdelugo.com\/wp-content\/uploads\/2018\/05\/Corte-Ameijide-r\u00faa-Mestre-M\u00e9ndez.mp3\">http:\/\/www.ppdelugo.com\/wp-content\/uploads\/2018\/05\/Corte-Ameijide-r\u00faa-Mestre-M\u00e9ndez.mp3<\/a><\/audio>\n<p>O voceiro do Grupo Municipal do Partido Popular no Concello de Lugo, Antonio Ameijide, lamentou a decisi\u00f3n tomada polo goberno local, que decidiu deixar sen asfaltar a metade da r\u00faa Mestre M\u00e9ndez, no barrio de Cas\u00e1s, polo que o voceiro popular pide aos socialistas que \u201crecapaciten\u201d e cambien a s\u00faa decisi\u00f3n.<\/p>\n<p>Antonio Ameijide explicou que, dentro dun plan de reasfaltado de r\u00faas do Concello de Lugo, a r\u00faa Mestre M\u00e9ndez pretenden asfaltala so nun treito. Os socialistas escudan o abandono a estes veci\u00f1os en que \u00e9 unha v\u00eda privada.<\/p>\n<p>O popular non comprende como o goberno socialista de Lugo toma esta decisi\u00f3n e deixa sen asfaltar un treito \u201cque non chega nin a 80 metros\u201d. Ademais, Ameijide asegura que \u201c\u00e9 imposible entender\u201d a escusa que da agora Lara M\u00e9ndez e o seu equipo, ao dicir que \u00e9 unha v\u00eda privada, xa que no treito que deixaron sen arranxar os veci\u00f1os te\u00f1en \u201ctodos os servizos municipais\u201d (alumeado p\u00fablico, saneamento e abastecemento), mesmo a un dos veci\u00f1os se lle concedeu a licenza de obra e, no ano 2006, a licenza de primeira ocupaci\u00f3n para unha das casas agora afectadas, algo que \u201centendemos\u201d non poder\u00edan facer \u201cse este treito non se considerase v\u00eda p\u00fablica\u201d.<\/p>\n<p>Ameijide explica que nas vivendas afectadas \u201chai familias con nenos pequenos e persoas maiores\u201d que notan o desgaste producido nos \u00faltimos anos no asfalto e, agora, \u201cos socialistas non poden desentenderse destes cidad\u00e1ns cando antes lles deron servizos p\u00fablicos\u201d. Ademais, o voceiro popular engade que \u201co custe de pavimentar o treito que queda sen asfaltar \u00e9 totalmente asumible\u201d.<\/p>\n<p>Antonio Ameijide e \u00c1ngel Trabada reun\u00edronse cos veci\u00f1os afectados para tentar atopar algunha soluci\u00f3n e as\u00ed paliar os efectos da decisi\u00f3n dos socialistas, que o que pretenden facer \u00e9 asfaltar so o primeiro treito desta r\u00faa, unha decisi\u00f3n \u201csen sentido\u201d xa que arranxaron o acceso \u00e1s vivendas, pero non queren asfaltar o treito que hai diante das mesmas, o que \u201c\u00e9 froito dun falta total de traballo, do desco\u00f1ecemento da cidade e dunha toma de decisi\u00f3ns por impulsos\u201d.<\/p>\n<p>Por iso, os populares presentaron un rogo \u00e1 comisi\u00f3n de Infraestruturas para que o equipo de goberno adopte as medidas oportunas para que se ampl\u00ede o proxecto de obra e a r\u00faa Mestre M\u00e9ndez sexa pavimentada na s\u00faa totalidade, xa que o proxecto no que vai contratada esta obra incl\u00fae varias r\u00faas da zona e conta cun orzamento de 72.404,49\u20ac.<\/p>\n","protected":false},"excerpt":{"rendered":"<p>El portavoz del Grupo Municipal del PP Antonio Ameijide explic\u00f3 que el gobierno de Lara M\u00e9ndez piensa dejar sin asfaltar un tramo de la calle Mestre M\u00e9ndez en el que&#8230;<\/p>\n","protected":false},"author":8,"featured_media":7468,"comment_status":"open","ping_status":"closed","sticky":false,"template":"","format":"standard","meta":{"footnotes":""},"categories":[42],"tags":[],"class_list":{"0":"post-7470","1":"post","2":"type-post","3":"status-publish","4":"format-standard","5":"has-post-thumbnail","7":"category-urbanismo-es"},"yoast_head":"<!-- This site is optimized with the Yoast SEO plugin v27.4 - https:\/\/yoast.com\/product\/yoast-seo-wordpress\/ -->\n<title>El PP pide a los socialistas que recapaciten y asfalten la calle Mestre M\u00e9ndez en su totalidad - Grupo Municipal Partido Popular de Lugo<\/title>\n<meta name=\"robots\" content=\"index, follow, max-snippet:-1, max-image-preview:large, max-video-preview:-1\" \/>\n<link rel=\"canonical\" href=\"https:\/\/www.ppdelugo.com\/es\/pp-pide-aos-socialistas-recapaciten-asfalten-rua-mestre-mendez-na-sua-totalidade\/\" \/>\n<meta property=\"og:locale\" content=\"es_ES\" \/>\n<meta property=\"og:type\" content=\"article\" \/>\n<meta property=\"og:title\" content=\"El PP pide a los socialistas que recapaciten y asfalten la calle Mestre M\u00e9ndez en su totalidad - Grupo Municipal Partido Popular de Lugo\" \/>\n<meta property=\"og:description\" content=\"El portavoz del Grupo Municipal del PP Antonio Ameijide explic\u00f3 que el gobierno de Lara M\u00e9ndez piensa dejar sin asfaltar un tramo de la calle Mestre M\u00e9ndez en el que...\" \/>\n<meta property=\"og:url\" content=\"https:\/\/www.ppdelugo.com\/es\/pp-pide-aos-socialistas-recapaciten-asfalten-rua-mestre-mendez-na-sua-totalidade\/\" \/>\n<meta property=\"og:site_name\" content=\"Grupo Municipal Partido Popular de Lugo\" \/>\n<meta property=\"article:published_time\" content=\"2018-05-14T10:23:24+00:00\" \/>\n<meta property=\"article:modified_time\" content=\"2018-05-15T10:38:37+00:00\" \/>\n<meta property=\"og:image\" content=\"https:\/\/www.ppdelugo.com\/wp-content\/uploads\/2018\/05\/R\u00faa-Mestre-M\u00e9ndez-con-veci\u00f1os-1024x768.jpg\" \/>\n\t<meta property=\"og:image:width\" content=\"1024\" \/>\n\t<meta property=\"og:image:height\" content=\"768\" \/>\n\t<meta property=\"og:image:type\" content=\"image\/jpeg\" \/>\n<meta name=\"author\" content=\"ppdelugo\" \/>\n<meta name=\"twitter:card\" content=\"summary_large_image\" \/>\n<meta name=\"twitter:label1\" content=\"Escrito por\" \/>\n\t<meta name=\"twitter:data1\" content=\"ppdelugo\" \/>\n\t<meta name=\"twitter:label2\" content=\"Tiempo de lectura\" \/>\n\t<meta name=\"twitter:data2\" content=\"3 minutos\" \/>\n<script type=\"application\/ld+json\" class=\"yoast-schema-graph\">{\"@context\":\"https:\\\/\\\/schema.org\",\"@graph\":[{\"@type\":\"Article\",\"@id\":\"https:\\\/\\\/www.ppdelugo.com\\\/es\\\/pp-pide-aos-socialistas-recapaciten-asfalten-rua-mestre-mendez-na-sua-totalidade\\\/#article\",\"isPartOf\":{\"@id\":\"https:\\\/\\\/www.ppdelugo.com\\\/es\\\/pp-pide-aos-socialistas-recapaciten-asfalten-rua-mestre-mendez-na-sua-totalidade\\\/\"},\"author\":{\"name\":\"ppdelugo\",\"@id\":\"https:\\\/\\\/www.ppdelugo.com\\\/es\\\/#\\\/schema\\\/person\\\/4fa17dd371813e2c389a4417775cec48\"},\"headline\":\"El PP pide a los socialistas que recapaciten y asfalten la calle Mestre M\u00e9ndez en su totalidad\",\"datePublished\":\"2018-05-14T10:23:24+00:00\",\"dateModified\":\"2018-05-15T10:38:37+00:00\",\"mainEntityOfPage\":{\"@id\":\"https:\\\/\\\/www.ppdelugo.com\\\/es\\\/pp-pide-aos-socialistas-recapaciten-asfalten-rua-mestre-mendez-na-sua-totalidade\\\/\"},\"wordCount\":565,\"commentCount\":0,\"image\":{\"@id\":\"https:\\\/\\\/www.ppdelugo.com\\\/es\\\/pp-pide-aos-socialistas-recapaciten-asfalten-rua-mestre-mendez-na-sua-totalidade\\\/#primaryimage\"},\"thumbnailUrl\":\"https:\\\/\\\/www.ppdelugo.com\\\/wp-content\\\/uploads\\\/2018\\\/05\\\/R\u00faa-Mestre-M\u00e9ndez-con-veci\u00f1os.jpg\",\"articleSection\":[\"Urbanismo\"],\"inLanguage\":\"es\",\"potentialAction\":[{\"@type\":\"CommentAction\",\"name\":\"Comment\",\"target\":[\"https:\\\/\\\/www.ppdelugo.com\\\/es\\\/pp-pide-aos-socialistas-recapaciten-asfalten-rua-mestre-mendez-na-sua-totalidade\\\/#respond\"]}]},{\"@type\":\"WebPage\",\"@id\":\"https:\\\/\\\/www.ppdelugo.com\\\/es\\\/pp-pide-aos-socialistas-recapaciten-asfalten-rua-mestre-mendez-na-sua-totalidade\\\/\",\"url\":\"https:\\\/\\\/www.ppdelugo.com\\\/es\\\/pp-pide-aos-socialistas-recapaciten-asfalten-rua-mestre-mendez-na-sua-totalidade\\\/\",\"name\":\"El PP pide a los socialistas que recapaciten y asfalten la calle Mestre M\u00e9ndez en su totalidad - Grupo Municipal Partido Popular de Lugo\",\"isPartOf\":{\"@id\":\"https:\\\/\\\/www.ppdelugo.com\\\/es\\\/#website\"},\"primaryImageOfPage\":{\"@id\":\"https:\\\/\\\/www.ppdelugo.com\\\/es\\\/pp-pide-aos-socialistas-recapaciten-asfalten-rua-mestre-mendez-na-sua-totalidade\\\/#primaryimage\"},\"image\":{\"@id\":\"https:\\\/\\\/www.ppdelugo.com\\\/es\\\/pp-pide-aos-socialistas-recapaciten-asfalten-rua-mestre-mendez-na-sua-totalidade\\\/#primaryimage\"},\"thumbnailUrl\":\"https:\\\/\\\/www.ppdelugo.com\\\/wp-content\\\/uploads\\\/2018\\\/05\\\/R\u00faa-Mestre-M\u00e9ndez-con-veci\u00f1os.jpg\",\"datePublished\":\"2018-05-14T10:23:24+00:00\",\"dateModified\":\"2018-05-15T10:38:37+00:00\",\"author\":{\"@id\":\"https:\\\/\\\/www.ppdelugo.com\\\/es\\\/#\\\/schema\\\/person\\\/4fa17dd371813e2c389a4417775cec48\"},\"breadcrumb\":{\"@id\":\"https:\\\/\\\/www.ppdelugo.com\\\/es\\\/pp-pide-aos-socialistas-recapaciten-asfalten-rua-mestre-mendez-na-sua-totalidade\\\/#breadcrumb\"},\"inLanguage\":\"es\",\"potentialAction\":[{\"@type\":\"ReadAction\",\"target\":[\"https:\\\/\\\/www.ppdelugo.com\\\/es\\\/pp-pide-aos-socialistas-recapaciten-asfalten-rua-mestre-mendez-na-sua-totalidade\\\/\"]}]},{\"@type\":\"ImageObject\",\"inLanguage\":\"es\",\"@id\":\"https:\\\/\\\/www.ppdelugo.com\\\/es\\\/pp-pide-aos-socialistas-recapaciten-asfalten-rua-mestre-mendez-na-sua-totalidade\\\/#primaryimage\",\"url\":\"https:\\\/\\\/www.ppdelugo.com\\\/wp-content\\\/uploads\\\/2018\\\/05\\\/R\u00faa-Mestre-M\u00e9ndez-con-veci\u00f1os.jpg\",\"contentUrl\":\"https:\\\/\\\/www.ppdelugo.com\\\/wp-content\\\/uploads\\\/2018\\\/05\\\/R\u00faa-Mestre-M\u00e9ndez-con-veci\u00f1os.jpg\",\"width\":4032,\"height\":3024},{\"@type\":\"BreadcrumbList\",\"@id\":\"https:\\\/\\\/www.ppdelugo.com\\\/es\\\/pp-pide-aos-socialistas-recapaciten-asfalten-rua-mestre-mendez-na-sua-totalidade\\\/#breadcrumb\",\"itemListElement\":[{\"@type\":\"ListItem\",\"position\":1,\"name\":\"Portada\",\"item\":\"https:\\\/\\\/www.ppdelugo.com\\\/es\\\/\"},{\"@type\":\"ListItem\",\"position\":2,\"name\":\"El PP pide a los socialistas que recapaciten y asfalten la calle Mestre M\u00e9ndez en su totalidad\"}]},{\"@type\":\"WebSite\",\"@id\":\"https:\\\/\\\/www.ppdelugo.com\\\/es\\\/#website\",\"url\":\"https:\\\/\\\/www.ppdelugo.com\\\/es\\\/\",\"name\":\"Grupo Municipal Partido Popular de Lugo\",\"description\":\"Web del Grupo Municipal del Partido Popular en el Ayuntamiento de Lugo, con informaci\u00f3n sobre Lugo y fomento de la participaci\u00f3n ciudadana\",\"potentialAction\":[{\"@type\":\"SearchAction\",\"target\":{\"@type\":\"EntryPoint\",\"urlTemplate\":\"https:\\\/\\\/www.ppdelugo.com\\\/es\\\/?s={search_term_string}\"},\"query-input\":{\"@type\":\"PropertyValueSpecification\",\"valueRequired\":true,\"valueName\":\"search_term_string\"}}],\"inLanguage\":\"es\"},{\"@type\":\"Person\",\"@id\":\"https:\\\/\\\/www.ppdelugo.com\\\/es\\\/#\\\/schema\\\/person\\\/4fa17dd371813e2c389a4417775cec48\",\"name\":\"ppdelugo\",\"url\":\"https:\\\/\\\/www.ppdelugo.com\\\/es\\\/author\\\/admin-2\\\/\"}]}<\/script>\n<!-- \/ Yoast SEO plugin. -->","yoast_head_json":{"title":"El PP pide a los socialistas que recapaciten y asfalten la calle Mestre M\u00e9ndez en su totalidad - Grupo Municipal Partido Popular de Lugo","robots":{"index":"index","follow":"follow","max-snippet":"max-snippet:-1","max-image-preview":"max-image-preview:large","max-video-preview":"max-video-preview:-1"},"canonical":"https:\/\/www.ppdelugo.com\/es\/pp-pide-aos-socialistas-recapaciten-asfalten-rua-mestre-mendez-na-sua-totalidade\/","og_locale":"es_ES","og_type":"article","og_title":"El PP pide a los socialistas que recapaciten y asfalten la calle Mestre M\u00e9ndez en su totalidad - Grupo Municipal Partido Popular de Lugo","og_description":"El portavoz del Grupo Municipal del PP Antonio Ameijide explic\u00f3 que el gobierno de Lara M\u00e9ndez piensa dejar sin asfaltar un tramo de la calle Mestre M\u00e9ndez en el que...","og_url":"https:\/\/www.ppdelugo.com\/es\/pp-pide-aos-socialistas-recapaciten-asfalten-rua-mestre-mendez-na-sua-totalidade\/","og_site_name":"Grupo Municipal Partido Popular de Lugo","article_published_time":"2018-05-14T10:23:24+00:00","article_modified_time":"2018-05-15T10:38:37+00:00","og_image":[{"width":1024,"height":768,"url":"https:\/\/www.ppdelugo.com\/wp-content\/uploads\/2018\/05\/R\u00faa-Mestre-M\u00e9ndez-con-veci\u00f1os-1024x768.jpg","type":"image\/jpeg"}],"author":"ppdelugo","twitter_card":"summary_large_image","twitter_misc":{"Escrito por":"ppdelugo","Tiempo de lectura":"3 minutos"},"schema":{"@context":"https:\/\/schema.org","@graph":[{"@type":"Article","@id":"https:\/\/www.ppdelugo.com\/es\/pp-pide-aos-socialistas-recapaciten-asfalten-rua-mestre-mendez-na-sua-totalidade\/#article","isPartOf":{"@id":"https:\/\/www.ppdelugo.com\/es\/pp-pide-aos-socialistas-recapaciten-asfalten-rua-mestre-mendez-na-sua-totalidade\/"},"author":{"name":"ppdelugo","@id":"https:\/\/www.ppdelugo.com\/es\/#\/schema\/person\/4fa17dd371813e2c389a4417775cec48"},"headline":"El PP pide a los socialistas que recapaciten y asfalten la calle Mestre M\u00e9ndez en su totalidad","datePublished":"2018-05-14T10:23:24+00:00","dateModified":"2018-05-15T10:38:37+00:00","mainEntityOfPage":{"@id":"https:\/\/www.ppdelugo.com\/es\/pp-pide-aos-socialistas-recapaciten-asfalten-rua-mestre-mendez-na-sua-totalidade\/"},"wordCount":565,"commentCount":0,"image":{"@id":"https:\/\/www.ppdelugo.com\/es\/pp-pide-aos-socialistas-recapaciten-asfalten-rua-mestre-mendez-na-sua-totalidade\/#primaryimage"},"thumbnailUrl":"https:\/\/www.ppdelugo.com\/wp-content\/uploads\/2018\/05\/R\u00faa-Mestre-M\u00e9ndez-con-veci\u00f1os.jpg","articleSection":["Urbanismo"],"inLanguage":"es","potentialAction":[{"@type":"CommentAction","name":"Comment","target":["https:\/\/www.ppdelugo.com\/es\/pp-pide-aos-socialistas-recapaciten-asfalten-rua-mestre-mendez-na-sua-totalidade\/#respond"]}]},{"@type":"WebPage","@id":"https:\/\/www.ppdelugo.com\/es\/pp-pide-aos-socialistas-recapaciten-asfalten-rua-mestre-mendez-na-sua-totalidade\/","url":"https:\/\/www.ppdelugo.com\/es\/pp-pide-aos-socialistas-recapaciten-asfalten-rua-mestre-mendez-na-sua-totalidade\/","name":"El PP pide a los socialistas que recapaciten y asfalten la calle Mestre M\u00e9ndez en su totalidad - Grupo Municipal Partido Popular de Lugo","isPartOf":{"@id":"https:\/\/www.ppdelugo.com\/es\/#website"},"primaryImageOfPage":{"@id":"https:\/\/www.ppdelugo.com\/es\/pp-pide-aos-socialistas-recapaciten-asfalten-rua-mestre-mendez-na-sua-totalidade\/#primaryimage"},"image":{"@id":"https:\/\/www.ppdelugo.com\/es\/pp-pide-aos-socialistas-recapaciten-asfalten-rua-mestre-mendez-na-sua-totalidade\/#primaryimage"},"thumbnailUrl":"https:\/\/www.ppdelugo.com\/wp-content\/uploads\/2018\/05\/R\u00faa-Mestre-M\u00e9ndez-con-veci\u00f1os.jpg","datePublished":"2018-05-14T10:23:24+00:00","dateModified":"2018-05-15T10:38:37+00:00","author":{"@id":"https:\/\/www.ppdelugo.com\/es\/#\/schema\/person\/4fa17dd371813e2c389a4417775cec48"},"breadcrumb":{"@id":"https:\/\/www.ppdelugo.com\/es\/pp-pide-aos-socialistas-recapaciten-asfalten-rua-mestre-mendez-na-sua-totalidade\/#breadcrumb"},"inLanguage":"es","potentialAction":[{"@type":"ReadAction","target":["https:\/\/www.ppdelugo.com\/es\/pp-pide-aos-socialistas-recapaciten-asfalten-rua-mestre-mendez-na-sua-totalidade\/"]}]},{"@type":"ImageObject","inLanguage":"es","@id":"https:\/\/www.ppdelugo.com\/es\/pp-pide-aos-socialistas-recapaciten-asfalten-rua-mestre-mendez-na-sua-totalidade\/#primaryimage","url":"https:\/\/www.ppdelugo.com\/wp-content\/uploads\/2018\/05\/R\u00faa-Mestre-M\u00e9ndez-con-veci\u00f1os.jpg","contentUrl":"https:\/\/www.ppdelugo.com\/wp-content\/uploads\/2018\/05\/R\u00faa-Mestre-M\u00e9ndez-con-veci\u00f1os.jpg","width":4032,"height":3024},{"@type":"BreadcrumbList","@id":"https:\/\/www.ppdelugo.com\/es\/pp-pide-aos-socialistas-recapaciten-asfalten-rua-mestre-mendez-na-sua-totalidade\/#breadcrumb","itemListElement":[{"@type":"ListItem","position":1,"name":"Portada","item":"https:\/\/www.ppdelugo.com\/es\/"},{"@type":"ListItem","position":2,"name":"El PP pide a los socialistas que recapaciten y asfalten la calle Mestre M\u00e9ndez en su totalidad"}]},{"@type":"WebSite","@id":"https:\/\/www.ppdelugo.com\/es\/#website","url":"https:\/\/www.ppdelugo.com\/es\/","name":"Grupo Municipal Partido Popular de Lugo","description":"Web del Grupo Municipal del Partido Popular en el Ayuntamiento de Lugo, con informaci\u00f3n sobre Lugo y fomento de la participaci\u00f3n ciudadana","potentialAction":[{"@type":"SearchAction","target":{"@type":"EntryPoint","urlTemplate":"https:\/\/www.ppdelugo.com\/es\/?s={search_term_string}"},"query-input":{"@type":"PropertyValueSpecification","valueRequired":true,"valueName":"search_term_string"}}],"inLanguage":"es"},{"@type":"Person","@id":"https:\/\/www.ppdelugo.com\/es\/#\/schema\/person\/4fa17dd371813e2c389a4417775cec48","name":"ppdelugo","url":"https:\/\/www.ppdelugo.com\/es\/author\/admin-2\/"}]}},"_links":{"self":[{"href":"https:\/\/www.ppdelugo.com\/es\/wp-json\/wp\/v2\/posts\/7470","targetHints":{"allow":["GET"]}}],"collection":[{"href":"https:\/\/www.ppdelugo.com\/es\/wp-json\/wp\/v2\/posts"}],"about":[{"href":"https:\/\/www.ppdelugo.com\/es\/wp-json\/wp\/v2\/types\/post"}],"author":[{"embeddable":true,"href":"https:\/\/www.ppdelugo.com\/es\/wp-json\/wp\/v2\/users\/8"}],"replies":[{"embeddable":true,"href":"https:\/\/www.ppdelugo.com\/es\/wp-json\/wp\/v2\/comments?post=7470"}],"version-history":[{"count":0,"href":"https:\/\/www.ppdelugo.com\/es\/wp-json\/wp\/v2\/posts\/7470\/revisions"}],"wp:featuredmedia":[{"embeddable":true,"href":"https:\/\/www.ppdelugo.com\/es\/wp-json\/wp\/v2\/media\/7468"}],"wp:attachment":[{"href":"https:\/\/www.ppdelugo.com\/es\/wp-json\/wp\/v2\/media?parent=7470"}],"wp:term":[{"taxonomy":"category","embeddable":true,"href":"https:\/\/www.ppdelugo.com\/es\/wp-json\/wp\/v2\/categories?post=7470"},{"taxonomy":"post_tag","embeddable":true,"href":"https:\/\/www.ppdelugo.com\/es\/wp-json\/wp\/v2\/tags?post=7470"}],"curies":[{"name":"wp","href":"https:\/\/api.w.org\/{rel}","templated":true}]}}