{"id":7463,"date":"2018-05-14T12:31:51","date_gmt":"2018-05-14T12:31:51","guid":{"rendered":"http:\/\/www.ppdelugo.com\/pp-acusa-mendez-de-recuperar-promesas-incumpridas-doutras-campanas-ano-das-eleccions\/"},"modified":"2018-05-14T12:35:10","modified_gmt":"2018-05-14T12:35:10","slug":"pp-acusa-mendez-de-recuperar-promesas-incumpridas-doutras-campanas-ano-das-eleccions","status":"publish","type":"post","link":"https:\/\/www.ppdelugo.com\/es\/pp-acusa-mendez-de-recuperar-promesas-incumpridas-doutras-campanas-ano-das-eleccions\/","title":{"rendered":"El PP acusa a M\u00e9ndez de recuperar promesas incumplidas, de otras campa\u00f1as, a un a\u00f1o de las elecciones"},"content":{"rendered":"[vc_row type=\u00bbin_container\u00bb scene_position=\u00bbcenter\u00bb text_color=\u00bbdark\u00bb text_align=\u00bbleft\u00bb top_padding=\u00bb-10&#8243; overlay_strength=\u00bb0.3&#8243;][vc_column column_padding=\u00bbno-extra-padding\u00bb column_padding_position=\u00bball\u00bb background_color_opacity=\u00bb1&#8243; background_hover_color_opacity=\u00bb1&#8243; width=\u00bb1\/1&#8243;][vc_column_text]El portavoz popular Antonio Ameijide manifest\u00f3 su escepticismo delante del anuncio del proyecto del aparcamiento gratu\u00edto del Hula ya que \u201ceste leiraparking lo prometieron sus padrinos pol\u00edticos en el a\u00f1o 2011 y no lo cumpriron; luego lo prometi\u00f3 la alcaldesa, hace tres a\u00f1os, y tambi\u00e9n fue incapaz de cumplir, a estas alturas, con su compromiso\u201d<\/p>\n<p><!--more--><\/p>\n<p>O Partido Popular acusa \u00e1 alcaldesa de Lugo de iniciar \u201cunha campa\u00f1a de cara \u00e1 galer\u00eda para tapar a par\u00e1lise do seu goberno\u201d e critica que \u201cpara montar esta cortina de fume recupere promesas incumpridas doutras campa\u00f1as\u201d.<\/p>\n<p>Deste xeito, o voceiro do Grupo Popular valoraba os \u00faltimos anuncios feitos por Lara M\u00e9ndez. No caso do leiraparking os populares amosan o seu escepticismo de que se cumpran os prazos xa que \u201cestamos falando do terceiro anuncio da construci\u00f3n desta zona de estacionamento p\u00fablico e gratu\u00edto situado nuns terreos municipais fronte ao Hula\u201d.<\/p>\n<p>Antonio Ameijide preg\u00fantase se \u201cser\u00e1 esta a promesa definitiva\u201d\u00a0 puntualizando que \u201cforon os padri\u00f1os pol\u00edticos da alcaldesa os que en 2011 anunciaban a obra en plena campa\u00f1a . \u201cNo 2011, en v\u00e9speras de elecci\u00f3ns, Orozco e Besteiro instalan un cartel prometendo o\u00a0 leiraparking e, sete anos despois,\u00a0 non hai nin aparcamento gratu\u00edto, nin cartel, e os padri\u00f1os da alcaldesa est\u00e1n desaparecidos pol\u00edticamente\u201d matizando que \u201cagardemos que desta volta non pase o mesmo, eu se fose a alcaldesa estar\u00eda preocupado\u201d.<\/p>\n<p>O voceiro do PP tam\u00e9n recordou como, en \u00a0marzo de 2016, dende o Grupo Popular se lles advertiu de que a entrada en vigor da nova Lei do Solo xa lles permit\u00eda a construci\u00f3n dun aparcamento p\u00fablico no entorno do Hula. Ameijide explicou que \u201co urbanizable municipal que linda co complexo hospitalario pasou a considerarse solo r\u00fastico polo que se autorizaba a habilitar\u00a0 una zona de estacionamento ao aire libre\u201d. O voceiro popular destacou que \u201ccoa nova lexislaci\u00f3n este espazo deixou de ter as limitaci\u00f3ns como suelo urbanizable de protecci\u00f3n de infraestructuras no cal non se permit\u00eda o uso de aparcadoiro\u201d.<\/p>\n<p>Malia esta advertencia \u201cos socialistas seguiron na mesma t\u00f3nica de espiral de promesas incumpridas sen aproveitar a oportunidade que lles brindaba a nova lei do solo\u201d. \u201cSeguiu pasando o tempo sen que os lucenses, pola inoperancia do PSOE, podamos utilizar esta zona de aparcamento gratu\u00edta fronte ao Hospital\u201d conclu\u00edu.<\/p>\n<p><strong>\u00a0<\/strong>Con respecto ao anuncio do ascensor de Fonti\u00f1as amosou a s\u00faa satisfacci\u00f3n porque logo de anos de insistencia do Partido Popular, con iniciativas de pleno favorables, por fin o PSOE se da conta da necesidade de acometer o proxecto do ascensor de Fonti\u00f1as \u201ctan demandado polos cidad\u00e1ns e tan reclamado polo PP\u201d. \u00a0Ameijide tam\u00e9n expresou o seu desexo de que este elevador \u201cnon sexa outra nova mentira m\u00e1is dos socialistas e sega o mesmo cami\u00f1o co do Sagrado Coraz\u00f3n\u201d lembrando como os veci\u00f1os levan xa 11 anos agardando por esta dotaci\u00f3n prometida tam\u00e9n en campa\u00f1a electoral.[\/vc_column_text][\/vc_column][\/vc_row][vc_row type=\u00bbin_container\u00bb scene_position=\u00bbcenter\u00bb text_color=\u00bbdark\u00bb text_align=\u00bbleft\u00bb overlay_strength=\u00bb0.3&#8243;][vc_column column_padding=\u00bbno-extra-padding\u00bb column_padding_position=\u00bball\u00bb background_color_opacity=\u00bb1&#8243; background_hover_color_opacity=\u00bb1&#8243; width=\u00bb1\/1&#8243;][\/vc_column][\/vc_row]\n","protected":false},"excerpt":{"rendered":"<p>[vc_row type=\u00bbin_container\u00bb scene_position=\u00bbcenter\u00bb text_color=\u00bbdark\u00bb text_align=\u00bbleft\u00bb top_padding=\u00bb-10&#8243; overlay_strength=\u00bb0.3&#8243;][vc_column column_padding=\u00bbno-extra-padding\u00bb column_padding_position=\u00bball\u00bb background_color_opacity=\u00bb1&#8243; background_hover_color_opacity=\u00bb1&#8243; width=\u00bb1\/1&#8243;][vc_column_text]El portavoz popular Antonio Ameijide manifest\u00f3 su escepticismo delante del anuncio del proyecto del aparcamiento gratu\u00edto del Hula ya&#8230;<\/p>\n","protected":false},"author":8,"featured_media":2099,"comment_status":"open","ping_status":"closed","sticky":false,"template":"","format":"standard","meta":{"footnotes":""},"categories":[42],"tags":[],"class_list":{"0":"post-7463","1":"post","2":"type-post","3":"status-publish","4":"format-standard","5":"has-post-thumbnail","7":"category-urbanismo-es"},"yoast_head":"<!-- This site is optimized with the Yoast SEO plugin v27.4 - https:\/\/yoast.com\/product\/yoast-seo-wordpress\/ -->\n<title>El PP acusa a M\u00e9ndez de recuperar promesas incumplidas, de otras campa\u00f1as, a un a\u00f1o de las elecciones - Grupo Municipal Partido Popular de Lugo<\/title>\n<meta name=\"robots\" content=\"index, follow, max-snippet:-1, max-image-preview:large, max-video-preview:-1\" \/>\n<link rel=\"canonical\" href=\"https:\/\/www.ppdelugo.com\/es\/pp-acusa-mendez-de-recuperar-promesas-incumpridas-doutras-campanas-ano-das-eleccions\/\" \/>\n<meta property=\"og:locale\" content=\"es_ES\" \/>\n<meta property=\"og:type\" content=\"article\" \/>\n<meta property=\"og:title\" content=\"El PP acusa a M\u00e9ndez de recuperar promesas incumplidas, de otras campa\u00f1as, a un a\u00f1o de las elecciones - Grupo Municipal Partido Popular de Lugo\" \/>\n<meta property=\"og:description\" content=\"[vc_row type=\u00bbin_container\u00bb scene_position=\u00bbcenter\u00bb text_color=\u00bbdark\u00bb text_align=\u00bbleft\u00bb top_padding=\u00bb-10&#8243; overlay_strength=\u00bb0.3&#8243;][vc_column column_padding=\u00bbno-extra-padding\u00bb column_padding_position=\u00bball\u00bb background_color_opacity=\u00bb1&#8243; background_hover_color_opacity=\u00bb1&#8243; width=\u00bb1\/1&#8243;][vc_column_text]El portavoz popular Antonio Ameijide manifest\u00f3 su escepticismo delante del anuncio del proyecto del aparcamiento gratu\u00edto del Hula ya...\" \/>\n<meta property=\"og:url\" content=\"https:\/\/www.ppdelugo.com\/es\/pp-acusa-mendez-de-recuperar-promesas-incumpridas-doutras-campanas-ano-das-eleccions\/\" \/>\n<meta property=\"og:site_name\" content=\"Grupo Municipal Partido Popular de Lugo\" \/>\n<meta property=\"article:published_time\" content=\"2018-05-14T12:31:51+00:00\" \/>\n<meta property=\"article:modified_time\" content=\"2018-05-14T12:35:10+00:00\" \/>\n<meta property=\"og:image\" content=\"https:\/\/www.ppdelugo.com\/wp-content\/uploads\/2015\/11\/Leiraparking-1.png\" \/>\n\t<meta property=\"og:image:width\" content=\"1216\" \/>\n\t<meta property=\"og:image:height\" content=\"551\" \/>\n\t<meta property=\"og:image:type\" content=\"image\/png\" \/>\n<meta name=\"author\" content=\"ppdelugo\" \/>\n<meta name=\"twitter:card\" content=\"summary_large_image\" \/>\n<meta name=\"twitter:label1\" content=\"Escrito por\" \/>\n\t<meta name=\"twitter:data1\" content=\"ppdelugo\" \/>\n\t<meta name=\"twitter:label2\" content=\"Tiempo de lectura\" \/>\n\t<meta name=\"twitter:data2\" content=\"3 minutos\" \/>\n<script type=\"application\/ld+json\" class=\"yoast-schema-graph\">{\"@context\":\"https:\\\/\\\/schema.org\",\"@graph\":[{\"@type\":\"Article\",\"@id\":\"https:\\\/\\\/www.ppdelugo.com\\\/es\\\/pp-acusa-mendez-de-recuperar-promesas-incumpridas-doutras-campanas-ano-das-eleccions\\\/#article\",\"isPartOf\":{\"@id\":\"https:\\\/\\\/www.ppdelugo.com\\\/es\\\/pp-acusa-mendez-de-recuperar-promesas-incumpridas-doutras-campanas-ano-das-eleccions\\\/\"},\"author\":{\"name\":\"ppdelugo\",\"@id\":\"https:\\\/\\\/www.ppdelugo.com\\\/es\\\/#\\\/schema\\\/person\\\/4fa17dd371813e2c389a4417775cec48\"},\"headline\":\"El PP acusa a M\u00e9ndez de recuperar promesas incumplidas, de otras campa\u00f1as, a un a\u00f1o de las elecciones\",\"datePublished\":\"2018-05-14T12:31:51+00:00\",\"dateModified\":\"2018-05-14T12:35:10+00:00\",\"mainEntityOfPage\":{\"@id\":\"https:\\\/\\\/www.ppdelugo.com\\\/es\\\/pp-acusa-mendez-de-recuperar-promesas-incumpridas-doutras-campanas-ano-das-eleccions\\\/\"},\"wordCount\":616,\"commentCount\":0,\"image\":{\"@id\":\"https:\\\/\\\/www.ppdelugo.com\\\/es\\\/pp-acusa-mendez-de-recuperar-promesas-incumpridas-doutras-campanas-ano-das-eleccions\\\/#primaryimage\"},\"thumbnailUrl\":\"https:\\\/\\\/www.ppdelugo.com\\\/wp-content\\\/uploads\\\/2015\\\/11\\\/Leiraparking-1.png\",\"articleSection\":[\"Urbanismo\"],\"inLanguage\":\"es\",\"potentialAction\":[{\"@type\":\"CommentAction\",\"name\":\"Comment\",\"target\":[\"https:\\\/\\\/www.ppdelugo.com\\\/es\\\/pp-acusa-mendez-de-recuperar-promesas-incumpridas-doutras-campanas-ano-das-eleccions\\\/#respond\"]}]},{\"@type\":\"WebPage\",\"@id\":\"https:\\\/\\\/www.ppdelugo.com\\\/es\\\/pp-acusa-mendez-de-recuperar-promesas-incumpridas-doutras-campanas-ano-das-eleccions\\\/\",\"url\":\"https:\\\/\\\/www.ppdelugo.com\\\/es\\\/pp-acusa-mendez-de-recuperar-promesas-incumpridas-doutras-campanas-ano-das-eleccions\\\/\",\"name\":\"El PP acusa a M\u00e9ndez de recuperar promesas incumplidas, de otras campa\u00f1as, a un a\u00f1o de las elecciones - Grupo Municipal Partido Popular de Lugo\",\"isPartOf\":{\"@id\":\"https:\\\/\\\/www.ppdelugo.com\\\/es\\\/#website\"},\"primaryImageOfPage\":{\"@id\":\"https:\\\/\\\/www.ppdelugo.com\\\/es\\\/pp-acusa-mendez-de-recuperar-promesas-incumpridas-doutras-campanas-ano-das-eleccions\\\/#primaryimage\"},\"image\":{\"@id\":\"https:\\\/\\\/www.ppdelugo.com\\\/es\\\/pp-acusa-mendez-de-recuperar-promesas-incumpridas-doutras-campanas-ano-das-eleccions\\\/#primaryimage\"},\"thumbnailUrl\":\"https:\\\/\\\/www.ppdelugo.com\\\/wp-content\\\/uploads\\\/2015\\\/11\\\/Leiraparking-1.png\",\"datePublished\":\"2018-05-14T12:31:51+00:00\",\"dateModified\":\"2018-05-14T12:35:10+00:00\",\"author\":{\"@id\":\"https:\\\/\\\/www.ppdelugo.com\\\/es\\\/#\\\/schema\\\/person\\\/4fa17dd371813e2c389a4417775cec48\"},\"breadcrumb\":{\"@id\":\"https:\\\/\\\/www.ppdelugo.com\\\/es\\\/pp-acusa-mendez-de-recuperar-promesas-incumpridas-doutras-campanas-ano-das-eleccions\\\/#breadcrumb\"},\"inLanguage\":\"es\",\"potentialAction\":[{\"@type\":\"ReadAction\",\"target\":[\"https:\\\/\\\/www.ppdelugo.com\\\/es\\\/pp-acusa-mendez-de-recuperar-promesas-incumpridas-doutras-campanas-ano-das-eleccions\\\/\"]}]},{\"@type\":\"ImageObject\",\"inLanguage\":\"es\",\"@id\":\"https:\\\/\\\/www.ppdelugo.com\\\/es\\\/pp-acusa-mendez-de-recuperar-promesas-incumpridas-doutras-campanas-ano-das-eleccions\\\/#primaryimage\",\"url\":\"https:\\\/\\\/www.ppdelugo.com\\\/wp-content\\\/uploads\\\/2015\\\/11\\\/Leiraparking-1.png\",\"contentUrl\":\"https:\\\/\\\/www.ppdelugo.com\\\/wp-content\\\/uploads\\\/2015\\\/11\\\/Leiraparking-1.png\",\"width\":1216,\"height\":551},{\"@type\":\"BreadcrumbList\",\"@id\":\"https:\\\/\\\/www.ppdelugo.com\\\/es\\\/pp-acusa-mendez-de-recuperar-promesas-incumpridas-doutras-campanas-ano-das-eleccions\\\/#breadcrumb\",\"itemListElement\":[{\"@type\":\"ListItem\",\"position\":1,\"name\":\"Portada\",\"item\":\"https:\\\/\\\/www.ppdelugo.com\\\/es\\\/\"},{\"@type\":\"ListItem\",\"position\":2,\"name\":\"El PP acusa a M\u00e9ndez de recuperar promesas incumplidas, de otras campa\u00f1as, a un a\u00f1o de las elecciones\"}]},{\"@type\":\"WebSite\",\"@id\":\"https:\\\/\\\/www.ppdelugo.com\\\/es\\\/#website\",\"url\":\"https:\\\/\\\/www.ppdelugo.com\\\/es\\\/\",\"name\":\"Grupo Municipal Partido Popular de Lugo\",\"description\":\"Web del Grupo Municipal del Partido Popular en el Ayuntamiento de Lugo, con informaci\u00f3n sobre Lugo y fomento de la participaci\u00f3n ciudadana\",\"potentialAction\":[{\"@type\":\"SearchAction\",\"target\":{\"@type\":\"EntryPoint\",\"urlTemplate\":\"https:\\\/\\\/www.ppdelugo.com\\\/es\\\/?s={search_term_string}\"},\"query-input\":{\"@type\":\"PropertyValueSpecification\",\"valueRequired\":true,\"valueName\":\"search_term_string\"}}],\"inLanguage\":\"es\"},{\"@type\":\"Person\",\"@id\":\"https:\\\/\\\/www.ppdelugo.com\\\/es\\\/#\\\/schema\\\/person\\\/4fa17dd371813e2c389a4417775cec48\",\"name\":\"ppdelugo\",\"url\":\"https:\\\/\\\/www.ppdelugo.com\\\/es\\\/author\\\/admin-2\\\/\"}]}<\/script>\n<!-- \/ Yoast SEO plugin. -->","yoast_head_json":{"title":"El PP acusa a M\u00e9ndez de recuperar promesas incumplidas, de otras campa\u00f1as, a un a\u00f1o de las elecciones - Grupo Municipal Partido Popular de Lugo","robots":{"index":"index","follow":"follow","max-snippet":"max-snippet:-1","max-image-preview":"max-image-preview:large","max-video-preview":"max-video-preview:-1"},"canonical":"https:\/\/www.ppdelugo.com\/es\/pp-acusa-mendez-de-recuperar-promesas-incumpridas-doutras-campanas-ano-das-eleccions\/","og_locale":"es_ES","og_type":"article","og_title":"El PP acusa a M\u00e9ndez de recuperar promesas incumplidas, de otras campa\u00f1as, a un a\u00f1o de las elecciones - Grupo Municipal Partido Popular de Lugo","og_description":"[vc_row type=\u00bbin_container\u00bb scene_position=\u00bbcenter\u00bb text_color=\u00bbdark\u00bb text_align=\u00bbleft\u00bb top_padding=\u00bb-10&#8243; overlay_strength=\u00bb0.3&#8243;][vc_column column_padding=\u00bbno-extra-padding\u00bb column_padding_position=\u00bball\u00bb background_color_opacity=\u00bb1&#8243; background_hover_color_opacity=\u00bb1&#8243; width=\u00bb1\/1&#8243;][vc_column_text]El portavoz popular Antonio Ameijide manifest\u00f3 su escepticismo delante del anuncio del proyecto del aparcamiento gratu\u00edto del Hula ya...","og_url":"https:\/\/www.ppdelugo.com\/es\/pp-acusa-mendez-de-recuperar-promesas-incumpridas-doutras-campanas-ano-das-eleccions\/","og_site_name":"Grupo Municipal Partido Popular de Lugo","article_published_time":"2018-05-14T12:31:51+00:00","article_modified_time":"2018-05-14T12:35:10+00:00","og_image":[{"width":1216,"height":551,"url":"https:\/\/www.ppdelugo.com\/wp-content\/uploads\/2015\/11\/Leiraparking-1.png","type":"image\/png"}],"author":"ppdelugo","twitter_card":"summary_large_image","twitter_misc":{"Escrito por":"ppdelugo","Tiempo de lectura":"3 minutos"},"schema":{"@context":"https:\/\/schema.org","@graph":[{"@type":"Article","@id":"https:\/\/www.ppdelugo.com\/es\/pp-acusa-mendez-de-recuperar-promesas-incumpridas-doutras-campanas-ano-das-eleccions\/#article","isPartOf":{"@id":"https:\/\/www.ppdelugo.com\/es\/pp-acusa-mendez-de-recuperar-promesas-incumpridas-doutras-campanas-ano-das-eleccions\/"},"author":{"name":"ppdelugo","@id":"https:\/\/www.ppdelugo.com\/es\/#\/schema\/person\/4fa17dd371813e2c389a4417775cec48"},"headline":"El PP acusa a M\u00e9ndez de recuperar promesas incumplidas, de otras campa\u00f1as, a un a\u00f1o de las elecciones","datePublished":"2018-05-14T12:31:51+00:00","dateModified":"2018-05-14T12:35:10+00:00","mainEntityOfPage":{"@id":"https:\/\/www.ppdelugo.com\/es\/pp-acusa-mendez-de-recuperar-promesas-incumpridas-doutras-campanas-ano-das-eleccions\/"},"wordCount":616,"commentCount":0,"image":{"@id":"https:\/\/www.ppdelugo.com\/es\/pp-acusa-mendez-de-recuperar-promesas-incumpridas-doutras-campanas-ano-das-eleccions\/#primaryimage"},"thumbnailUrl":"https:\/\/www.ppdelugo.com\/wp-content\/uploads\/2015\/11\/Leiraparking-1.png","articleSection":["Urbanismo"],"inLanguage":"es","potentialAction":[{"@type":"CommentAction","name":"Comment","target":["https:\/\/www.ppdelugo.com\/es\/pp-acusa-mendez-de-recuperar-promesas-incumpridas-doutras-campanas-ano-das-eleccions\/#respond"]}]},{"@type":"WebPage","@id":"https:\/\/www.ppdelugo.com\/es\/pp-acusa-mendez-de-recuperar-promesas-incumpridas-doutras-campanas-ano-das-eleccions\/","url":"https:\/\/www.ppdelugo.com\/es\/pp-acusa-mendez-de-recuperar-promesas-incumpridas-doutras-campanas-ano-das-eleccions\/","name":"El PP acusa a M\u00e9ndez de recuperar promesas incumplidas, de otras campa\u00f1as, a un a\u00f1o de las elecciones - Grupo Municipal Partido Popular de Lugo","isPartOf":{"@id":"https:\/\/www.ppdelugo.com\/es\/#website"},"primaryImageOfPage":{"@id":"https:\/\/www.ppdelugo.com\/es\/pp-acusa-mendez-de-recuperar-promesas-incumpridas-doutras-campanas-ano-das-eleccions\/#primaryimage"},"image":{"@id":"https:\/\/www.ppdelugo.com\/es\/pp-acusa-mendez-de-recuperar-promesas-incumpridas-doutras-campanas-ano-das-eleccions\/#primaryimage"},"thumbnailUrl":"https:\/\/www.ppdelugo.com\/wp-content\/uploads\/2015\/11\/Leiraparking-1.png","datePublished":"2018-05-14T12:31:51+00:00","dateModified":"2018-05-14T12:35:10+00:00","author":{"@id":"https:\/\/www.ppdelugo.com\/es\/#\/schema\/person\/4fa17dd371813e2c389a4417775cec48"},"breadcrumb":{"@id":"https:\/\/www.ppdelugo.com\/es\/pp-acusa-mendez-de-recuperar-promesas-incumpridas-doutras-campanas-ano-das-eleccions\/#breadcrumb"},"inLanguage":"es","potentialAction":[{"@type":"ReadAction","target":["https:\/\/www.ppdelugo.com\/es\/pp-acusa-mendez-de-recuperar-promesas-incumpridas-doutras-campanas-ano-das-eleccions\/"]}]},{"@type":"ImageObject","inLanguage":"es","@id":"https:\/\/www.ppdelugo.com\/es\/pp-acusa-mendez-de-recuperar-promesas-incumpridas-doutras-campanas-ano-das-eleccions\/#primaryimage","url":"https:\/\/www.ppdelugo.com\/wp-content\/uploads\/2015\/11\/Leiraparking-1.png","contentUrl":"https:\/\/www.ppdelugo.com\/wp-content\/uploads\/2015\/11\/Leiraparking-1.png","width":1216,"height":551},{"@type":"BreadcrumbList","@id":"https:\/\/www.ppdelugo.com\/es\/pp-acusa-mendez-de-recuperar-promesas-incumpridas-doutras-campanas-ano-das-eleccions\/#breadcrumb","itemListElement":[{"@type":"ListItem","position":1,"name":"Portada","item":"https:\/\/www.ppdelugo.com\/es\/"},{"@type":"ListItem","position":2,"name":"El PP acusa a M\u00e9ndez de recuperar promesas incumplidas, de otras campa\u00f1as, a un a\u00f1o de las elecciones"}]},{"@type":"WebSite","@id":"https:\/\/www.ppdelugo.com\/es\/#website","url":"https:\/\/www.ppdelugo.com\/es\/","name":"Grupo Municipal Partido Popular de Lugo","description":"Web del Grupo Municipal del Partido Popular en el Ayuntamiento de Lugo, con informaci\u00f3n sobre Lugo y fomento de la participaci\u00f3n ciudadana","potentialAction":[{"@type":"SearchAction","target":{"@type":"EntryPoint","urlTemplate":"https:\/\/www.ppdelugo.com\/es\/?s={search_term_string}"},"query-input":{"@type":"PropertyValueSpecification","valueRequired":true,"valueName":"search_term_string"}}],"inLanguage":"es"},{"@type":"Person","@id":"https:\/\/www.ppdelugo.com\/es\/#\/schema\/person\/4fa17dd371813e2c389a4417775cec48","name":"ppdelugo","url":"https:\/\/www.ppdelugo.com\/es\/author\/admin-2\/"}]}},"_links":{"self":[{"href":"https:\/\/www.ppdelugo.com\/es\/wp-json\/wp\/v2\/posts\/7463","targetHints":{"allow":["GET"]}}],"collection":[{"href":"https:\/\/www.ppdelugo.com\/es\/wp-json\/wp\/v2\/posts"}],"about":[{"href":"https:\/\/www.ppdelugo.com\/es\/wp-json\/wp\/v2\/types\/post"}],"author":[{"embeddable":true,"href":"https:\/\/www.ppdelugo.com\/es\/wp-json\/wp\/v2\/users\/8"}],"replies":[{"embeddable":true,"href":"https:\/\/www.ppdelugo.com\/es\/wp-json\/wp\/v2\/comments?post=7463"}],"version-history":[{"count":0,"href":"https:\/\/www.ppdelugo.com\/es\/wp-json\/wp\/v2\/posts\/7463\/revisions"}],"wp:featuredmedia":[{"embeddable":true,"href":"https:\/\/www.ppdelugo.com\/es\/wp-json\/wp\/v2\/media\/2099"}],"wp:attachment":[{"href":"https:\/\/www.ppdelugo.com\/es\/wp-json\/wp\/v2\/media?parent=7463"}],"wp:term":[{"taxonomy":"category","embeddable":true,"href":"https:\/\/www.ppdelugo.com\/es\/wp-json\/wp\/v2\/categories?post=7463"},{"taxonomy":"post_tag","embeddable":true,"href":"https:\/\/www.ppdelugo.com\/es\/wp-json\/wp\/v2\/tags?post=7463"}],"curies":[{"name":"wp","href":"https:\/\/api.w.org\/{rel}","templated":true}]}}