{"id":7341,"date":"2018-04-22T10:40:52","date_gmt":"2018-04-22T10:40:52","guid":{"rendered":"http:\/\/www.ppdelugo.com\/pp-propon-desenar-plan-de-comunicacion-interno-mellorar-funcionamento-concello\/"},"modified":"2018-04-23T10:43:58","modified_gmt":"2018-04-23T10:43:58","slug":"pp-propon-desenar-plan-de-comunicacion-interno-mellorar-funcionamento-concello","status":"publish","type":"post","link":"https:\/\/www.ppdelugo.com\/es\/pp-propon-desenar-plan-de-comunicacion-interno-mellorar-funcionamento-concello\/","title":{"rendered":"El PP prop\u00f3ne dise\u00f1ar un plan de comunicaci\u00f3n interno para mejorar el funcionamento del Concello"},"content":{"rendered":"<p>El portavoz del Grupo Popular Antonio Ameijide asegura que el desgobierno de Lara M\u00e9ndez desprestigia, cada d\u00eda m\u00e1s, a la administraci\u00f3n local y deteriora la imagen de sus trabajadores por lo que pide que se implante esta herramienta para cambiar esta idea preconcebida<\/p>\n<p><!--more--><\/p>\n<p>O Partido Popular prop\u00f3n dese\u00f1ar un Plan de Comunicaci\u00f3n Interno para mellorar o funcionamento do Concello. O voceiro popular Antonio Ameijide asegura que \u201co caos que se vive en Lugo, a conta da falta de direcci\u00f3n pol\u00edtica de \u00a0Lara M\u00e9ndez, desprestixia cada d\u00eda m\u00e1is \u00e1 administraci\u00f3n local deteriorando a imaxe dos seus traballadores e da propia instituci\u00f3n\u201d. \u201cPor este motivo cremos que \u00e9 necesario se implante esta ferramenta para que o Concello recupere o seu prestixio de cara \u00e1 cidadan\u00eda \u201d.<\/p>\n<p>Os populares explican que a distribuci\u00f3n dos 700 traballadores municipais nos 133 centros de traballo non favorece a comunicaci\u00f3n entre os empregados e a propia direcci\u00f3n do Concello matizando que \u201ceste marco propicia a dificultade primeiro, de identificar as persoas dos diferentes departamentos e, segundo, provoca situaci\u00f3ns de desinformaci\u00f3n que derivan en desmotivaci\u00f3n e falta de implicaci\u00f3n dos traballadores\u201d.<\/p>\n<p>O voceiro popular afirma que \u201co dese\u00f1o deste plan de comunicaci\u00f3n traducirase na mellora da eficiencia da organizaci\u00f3n xa que grazas \u00e1 correcta transmisi\u00f3n de informaci\u00f3n o equipo humano sentirase m\u00e1is integrado aumentando a motivaci\u00f3n e o compromiso\u201d. Antonio Ameijide indicou que con este modelo de traballo, no que a informaci\u00f3n circula de xeito bidireccional, se conseguir\u00e1 mellorar a rendibilidade e acadar obxectivos concretos en situaci\u00f3ns de cambio ou conflictivas.<\/p>\n<p>O Plan de Comunicaci\u00f3n Interna que prop\u00f3n o PP poder\u00eda dividirse en tres bloques fundamentais de actuaci\u00f3n: a creaci\u00f3n dunha nova identidade corporativa, escoita activa dos traballadores, e a ampliaci\u00f3n e mellora das canles de comunicaci\u00f3n, todo elo coa finalidade de incrementar o sentimento de pertenza \u00e1 organizaci\u00f3n.<\/p>\n<p>O popular puxo un exemplo de d\u00e9ficit de comunicaci\u00f3n interna como \u00e9 o caso da Intranet que no Concello de Lugo \u00e9 moi b\u00e1sico indicando que funciona para comunicar notificaciones sen ofrecer nada m\u00e1is. Ameijide explica que se poder\u00eda utilizar para \u201ccomunicar informaci\u00f3n sobre formaci\u00f3n, fomentar a participaci\u00f3n, traslado de queixas ou suxesti\u00f3ns para mellorar o sistema\u2026\u201d.<\/p>\n<p>O popular tam\u00e9n explicou que a curto prazo haber\u00eda que establecer un Plan de acollida para que os novos empregados que se incorporen ao cadro de persoal se familiaricen coa imaxe, os valores, misi\u00f3n e obxectivos da entidade.<\/p>\n","protected":false},"excerpt":{"rendered":"<p>El portavoz del Grupo Popular Antonio Ameijide asegura que el desgobierno de Lara M\u00e9ndez desprestigia, cada d\u00eda m\u00e1s, a la administraci\u00f3n local y deteriora la imagen de sus trabajadores por&#8230;<\/p>\n","protected":false},"author":8,"featured_media":6236,"comment_status":"open","ping_status":"closed","sticky":false,"template":"","format":"standard","meta":{"footnotes":""},"categories":[35,39],"tags":[],"class_list":{"0":"post-7341","1":"post","2":"type-post","3":"status-publish","4":"format-standard","5":"has-post-thumbnail","7":"category-personal","8":"category-transparencia-es"},"yoast_head":"<!-- This site is optimized with the Yoast SEO plugin v27.5 - https:\/\/yoast.com\/product\/yoast-seo-wordpress\/ -->\n<title>El PP prop\u00f3ne dise\u00f1ar un plan de comunicaci\u00f3n interno para mejorar el funcionamento del Concello - Grupo Municipal Partido Popular de Lugo<\/title>\n<meta name=\"robots\" content=\"index, follow, max-snippet:-1, max-image-preview:large, max-video-preview:-1\" \/>\n<link rel=\"canonical\" href=\"https:\/\/www.ppdelugo.com\/es\/pp-propon-desenar-plan-de-comunicacion-interno-mellorar-funcionamento-concello\/\" \/>\n<meta property=\"og:locale\" content=\"es_ES\" \/>\n<meta property=\"og:type\" content=\"article\" \/>\n<meta property=\"og:title\" content=\"El PP prop\u00f3ne dise\u00f1ar un plan de comunicaci\u00f3n interno para mejorar el funcionamento del Concello - Grupo Municipal Partido Popular de Lugo\" \/>\n<meta property=\"og:description\" content=\"El portavoz del Grupo Popular Antonio Ameijide asegura que el desgobierno de Lara M\u00e9ndez desprestigia, cada d\u00eda m\u00e1s, a la administraci\u00f3n local y deteriora la imagen de sus trabajadores por...\" \/>\n<meta property=\"og:url\" content=\"https:\/\/www.ppdelugo.com\/es\/pp-propon-desenar-plan-de-comunicacion-interno-mellorar-funcionamento-concello\/\" \/>\n<meta property=\"og:site_name\" content=\"Grupo Municipal Partido Popular de Lugo\" \/>\n<meta property=\"article:published_time\" content=\"2018-04-22T10:40:52+00:00\" \/>\n<meta property=\"article:modified_time\" content=\"2018-04-23T10:43:58+00:00\" \/>\n<meta property=\"og:image\" content=\"https:\/\/www.ppdelugo.com\/wp-content\/uploads\/2017\/11\/Antonio-Ameijide-1-1024x768.jpg\" \/>\n\t<meta property=\"og:image:width\" content=\"1024\" \/>\n\t<meta property=\"og:image:height\" content=\"768\" \/>\n\t<meta property=\"og:image:type\" content=\"image\/jpeg\" \/>\n<meta name=\"author\" content=\"ppdelugo\" \/>\n<meta name=\"twitter:card\" content=\"summary_large_image\" \/>\n<meta name=\"twitter:label1\" content=\"Escrito por\" \/>\n\t<meta name=\"twitter:data1\" content=\"ppdelugo\" \/>\n\t<meta name=\"twitter:label2\" content=\"Tiempo de lectura\" \/>\n\t<meta name=\"twitter:data2\" content=\"2 minutos\" \/>\n<script type=\"application\/ld+json\" class=\"yoast-schema-graph\">{\"@context\":\"https:\\\/\\\/schema.org\",\"@graph\":[{\"@type\":\"Article\",\"@id\":\"https:\\\/\\\/www.ppdelugo.com\\\/es\\\/pp-propon-desenar-plan-de-comunicacion-interno-mellorar-funcionamento-concello\\\/#article\",\"isPartOf\":{\"@id\":\"https:\\\/\\\/www.ppdelugo.com\\\/es\\\/pp-propon-desenar-plan-de-comunicacion-interno-mellorar-funcionamento-concello\\\/\"},\"author\":{\"name\":\"ppdelugo\",\"@id\":\"https:\\\/\\\/www.ppdelugo.com\\\/es\\\/#\\\/schema\\\/person\\\/4fa17dd371813e2c389a4417775cec48\"},\"headline\":\"El PP prop\u00f3ne dise\u00f1ar un plan de comunicaci\u00f3n interno para mejorar el funcionamento del Concello\",\"datePublished\":\"2018-04-22T10:40:52+00:00\",\"dateModified\":\"2018-04-23T10:43:58+00:00\",\"mainEntityOfPage\":{\"@id\":\"https:\\\/\\\/www.ppdelugo.com\\\/es\\\/pp-propon-desenar-plan-de-comunicacion-interno-mellorar-funcionamento-concello\\\/\"},\"wordCount\":455,\"commentCount\":0,\"image\":{\"@id\":\"https:\\\/\\\/www.ppdelugo.com\\\/es\\\/pp-propon-desenar-plan-de-comunicacion-interno-mellorar-funcionamento-concello\\\/#primaryimage\"},\"thumbnailUrl\":\"https:\\\/\\\/www.ppdelugo.com\\\/wp-content\\\/uploads\\\/2017\\\/11\\\/Antonio-Ameijide-1.jpg\",\"articleSection\":[\"Personal\",\"transparencia\"],\"inLanguage\":\"es\",\"potentialAction\":[{\"@type\":\"CommentAction\",\"name\":\"Comment\",\"target\":[\"https:\\\/\\\/www.ppdelugo.com\\\/es\\\/pp-propon-desenar-plan-de-comunicacion-interno-mellorar-funcionamento-concello\\\/#respond\"]}]},{\"@type\":\"WebPage\",\"@id\":\"https:\\\/\\\/www.ppdelugo.com\\\/es\\\/pp-propon-desenar-plan-de-comunicacion-interno-mellorar-funcionamento-concello\\\/\",\"url\":\"https:\\\/\\\/www.ppdelugo.com\\\/es\\\/pp-propon-desenar-plan-de-comunicacion-interno-mellorar-funcionamento-concello\\\/\",\"name\":\"El PP prop\u00f3ne dise\u00f1ar un plan de comunicaci\u00f3n interno para mejorar el funcionamento del Concello - Grupo Municipal Partido Popular de Lugo\",\"isPartOf\":{\"@id\":\"https:\\\/\\\/www.ppdelugo.com\\\/es\\\/#website\"},\"primaryImageOfPage\":{\"@id\":\"https:\\\/\\\/www.ppdelugo.com\\\/es\\\/pp-propon-desenar-plan-de-comunicacion-interno-mellorar-funcionamento-concello\\\/#primaryimage\"},\"image\":{\"@id\":\"https:\\\/\\\/www.ppdelugo.com\\\/es\\\/pp-propon-desenar-plan-de-comunicacion-interno-mellorar-funcionamento-concello\\\/#primaryimage\"},\"thumbnailUrl\":\"https:\\\/\\\/www.ppdelugo.com\\\/wp-content\\\/uploads\\\/2017\\\/11\\\/Antonio-Ameijide-1.jpg\",\"datePublished\":\"2018-04-22T10:40:52+00:00\",\"dateModified\":\"2018-04-23T10:43:58+00:00\",\"author\":{\"@id\":\"https:\\\/\\\/www.ppdelugo.com\\\/es\\\/#\\\/schema\\\/person\\\/4fa17dd371813e2c389a4417775cec48\"},\"breadcrumb\":{\"@id\":\"https:\\\/\\\/www.ppdelugo.com\\\/es\\\/pp-propon-desenar-plan-de-comunicacion-interno-mellorar-funcionamento-concello\\\/#breadcrumb\"},\"inLanguage\":\"es\",\"potentialAction\":[{\"@type\":\"ReadAction\",\"target\":[\"https:\\\/\\\/www.ppdelugo.com\\\/es\\\/pp-propon-desenar-plan-de-comunicacion-interno-mellorar-funcionamento-concello\\\/\"]}]},{\"@type\":\"ImageObject\",\"inLanguage\":\"es\",\"@id\":\"https:\\\/\\\/www.ppdelugo.com\\\/es\\\/pp-propon-desenar-plan-de-comunicacion-interno-mellorar-funcionamento-concello\\\/#primaryimage\",\"url\":\"https:\\\/\\\/www.ppdelugo.com\\\/wp-content\\\/uploads\\\/2017\\\/11\\\/Antonio-Ameijide-1.jpg\",\"contentUrl\":\"https:\\\/\\\/www.ppdelugo.com\\\/wp-content\\\/uploads\\\/2017\\\/11\\\/Antonio-Ameijide-1.jpg\",\"width\":4000,\"height\":3000},{\"@type\":\"BreadcrumbList\",\"@id\":\"https:\\\/\\\/www.ppdelugo.com\\\/es\\\/pp-propon-desenar-plan-de-comunicacion-interno-mellorar-funcionamento-concello\\\/#breadcrumb\",\"itemListElement\":[{\"@type\":\"ListItem\",\"position\":1,\"name\":\"Portada\",\"item\":\"https:\\\/\\\/www.ppdelugo.com\\\/es\\\/\"},{\"@type\":\"ListItem\",\"position\":2,\"name\":\"El PP prop\u00f3ne dise\u00f1ar un plan de comunicaci\u00f3n interno para mejorar el funcionamento del Concello\"}]},{\"@type\":\"WebSite\",\"@id\":\"https:\\\/\\\/www.ppdelugo.com\\\/es\\\/#website\",\"url\":\"https:\\\/\\\/www.ppdelugo.com\\\/es\\\/\",\"name\":\"Grupo Municipal Partido Popular de Lugo\",\"description\":\"Web del Grupo Municipal del Partido Popular en el Ayuntamiento de Lugo, con informaci\u00f3n sobre Lugo y fomento de la participaci\u00f3n ciudadana\",\"potentialAction\":[{\"@type\":\"SearchAction\",\"target\":{\"@type\":\"EntryPoint\",\"urlTemplate\":\"https:\\\/\\\/www.ppdelugo.com\\\/es\\\/?s={search_term_string}\"},\"query-input\":{\"@type\":\"PropertyValueSpecification\",\"valueRequired\":true,\"valueName\":\"search_term_string\"}}],\"inLanguage\":\"es\"},{\"@type\":\"Person\",\"@id\":\"https:\\\/\\\/www.ppdelugo.com\\\/es\\\/#\\\/schema\\\/person\\\/4fa17dd371813e2c389a4417775cec48\",\"name\":\"ppdelugo\",\"url\":\"https:\\\/\\\/www.ppdelugo.com\\\/es\\\/author\\\/admin-2\\\/\"}]}<\/script>\n<!-- \/ Yoast SEO plugin. -->","yoast_head_json":{"title":"El PP prop\u00f3ne dise\u00f1ar un plan de comunicaci\u00f3n interno para mejorar el funcionamento del Concello - Grupo Municipal Partido Popular de Lugo","robots":{"index":"index","follow":"follow","max-snippet":"max-snippet:-1","max-image-preview":"max-image-preview:large","max-video-preview":"max-video-preview:-1"},"canonical":"https:\/\/www.ppdelugo.com\/es\/pp-propon-desenar-plan-de-comunicacion-interno-mellorar-funcionamento-concello\/","og_locale":"es_ES","og_type":"article","og_title":"El PP prop\u00f3ne dise\u00f1ar un plan de comunicaci\u00f3n interno para mejorar el funcionamento del Concello - Grupo Municipal Partido Popular de Lugo","og_description":"El portavoz del Grupo Popular Antonio Ameijide asegura que el desgobierno de Lara M\u00e9ndez desprestigia, cada d\u00eda m\u00e1s, a la administraci\u00f3n local y deteriora la imagen de sus trabajadores por...","og_url":"https:\/\/www.ppdelugo.com\/es\/pp-propon-desenar-plan-de-comunicacion-interno-mellorar-funcionamento-concello\/","og_site_name":"Grupo Municipal Partido Popular de Lugo","article_published_time":"2018-04-22T10:40:52+00:00","article_modified_time":"2018-04-23T10:43:58+00:00","og_image":[{"width":1024,"height":768,"url":"https:\/\/www.ppdelugo.com\/wp-content\/uploads\/2017\/11\/Antonio-Ameijide-1-1024x768.jpg","type":"image\/jpeg"}],"author":"ppdelugo","twitter_card":"summary_large_image","twitter_misc":{"Escrito por":"ppdelugo","Tiempo de lectura":"2 minutos"},"schema":{"@context":"https:\/\/schema.org","@graph":[{"@type":"Article","@id":"https:\/\/www.ppdelugo.com\/es\/pp-propon-desenar-plan-de-comunicacion-interno-mellorar-funcionamento-concello\/#article","isPartOf":{"@id":"https:\/\/www.ppdelugo.com\/es\/pp-propon-desenar-plan-de-comunicacion-interno-mellorar-funcionamento-concello\/"},"author":{"name":"ppdelugo","@id":"https:\/\/www.ppdelugo.com\/es\/#\/schema\/person\/4fa17dd371813e2c389a4417775cec48"},"headline":"El PP prop\u00f3ne dise\u00f1ar un plan de comunicaci\u00f3n interno para mejorar el funcionamento del Concello","datePublished":"2018-04-22T10:40:52+00:00","dateModified":"2018-04-23T10:43:58+00:00","mainEntityOfPage":{"@id":"https:\/\/www.ppdelugo.com\/es\/pp-propon-desenar-plan-de-comunicacion-interno-mellorar-funcionamento-concello\/"},"wordCount":455,"commentCount":0,"image":{"@id":"https:\/\/www.ppdelugo.com\/es\/pp-propon-desenar-plan-de-comunicacion-interno-mellorar-funcionamento-concello\/#primaryimage"},"thumbnailUrl":"https:\/\/www.ppdelugo.com\/wp-content\/uploads\/2017\/11\/Antonio-Ameijide-1.jpg","articleSection":["Personal","transparencia"],"inLanguage":"es","potentialAction":[{"@type":"CommentAction","name":"Comment","target":["https:\/\/www.ppdelugo.com\/es\/pp-propon-desenar-plan-de-comunicacion-interno-mellorar-funcionamento-concello\/#respond"]}]},{"@type":"WebPage","@id":"https:\/\/www.ppdelugo.com\/es\/pp-propon-desenar-plan-de-comunicacion-interno-mellorar-funcionamento-concello\/","url":"https:\/\/www.ppdelugo.com\/es\/pp-propon-desenar-plan-de-comunicacion-interno-mellorar-funcionamento-concello\/","name":"El PP prop\u00f3ne dise\u00f1ar un plan de comunicaci\u00f3n interno para mejorar el funcionamento del Concello - Grupo Municipal Partido Popular de Lugo","isPartOf":{"@id":"https:\/\/www.ppdelugo.com\/es\/#website"},"primaryImageOfPage":{"@id":"https:\/\/www.ppdelugo.com\/es\/pp-propon-desenar-plan-de-comunicacion-interno-mellorar-funcionamento-concello\/#primaryimage"},"image":{"@id":"https:\/\/www.ppdelugo.com\/es\/pp-propon-desenar-plan-de-comunicacion-interno-mellorar-funcionamento-concello\/#primaryimage"},"thumbnailUrl":"https:\/\/www.ppdelugo.com\/wp-content\/uploads\/2017\/11\/Antonio-Ameijide-1.jpg","datePublished":"2018-04-22T10:40:52+00:00","dateModified":"2018-04-23T10:43:58+00:00","author":{"@id":"https:\/\/www.ppdelugo.com\/es\/#\/schema\/person\/4fa17dd371813e2c389a4417775cec48"},"breadcrumb":{"@id":"https:\/\/www.ppdelugo.com\/es\/pp-propon-desenar-plan-de-comunicacion-interno-mellorar-funcionamento-concello\/#breadcrumb"},"inLanguage":"es","potentialAction":[{"@type":"ReadAction","target":["https:\/\/www.ppdelugo.com\/es\/pp-propon-desenar-plan-de-comunicacion-interno-mellorar-funcionamento-concello\/"]}]},{"@type":"ImageObject","inLanguage":"es","@id":"https:\/\/www.ppdelugo.com\/es\/pp-propon-desenar-plan-de-comunicacion-interno-mellorar-funcionamento-concello\/#primaryimage","url":"https:\/\/www.ppdelugo.com\/wp-content\/uploads\/2017\/11\/Antonio-Ameijide-1.jpg","contentUrl":"https:\/\/www.ppdelugo.com\/wp-content\/uploads\/2017\/11\/Antonio-Ameijide-1.jpg","width":4000,"height":3000},{"@type":"BreadcrumbList","@id":"https:\/\/www.ppdelugo.com\/es\/pp-propon-desenar-plan-de-comunicacion-interno-mellorar-funcionamento-concello\/#breadcrumb","itemListElement":[{"@type":"ListItem","position":1,"name":"Portada","item":"https:\/\/www.ppdelugo.com\/es\/"},{"@type":"ListItem","position":2,"name":"El PP prop\u00f3ne dise\u00f1ar un plan de comunicaci\u00f3n interno para mejorar el funcionamento del Concello"}]},{"@type":"WebSite","@id":"https:\/\/www.ppdelugo.com\/es\/#website","url":"https:\/\/www.ppdelugo.com\/es\/","name":"Grupo Municipal Partido Popular de Lugo","description":"Web del Grupo Municipal del Partido Popular en el Ayuntamiento de Lugo, con informaci\u00f3n sobre Lugo y fomento de la participaci\u00f3n ciudadana","potentialAction":[{"@type":"SearchAction","target":{"@type":"EntryPoint","urlTemplate":"https:\/\/www.ppdelugo.com\/es\/?s={search_term_string}"},"query-input":{"@type":"PropertyValueSpecification","valueRequired":true,"valueName":"search_term_string"}}],"inLanguage":"es"},{"@type":"Person","@id":"https:\/\/www.ppdelugo.com\/es\/#\/schema\/person\/4fa17dd371813e2c389a4417775cec48","name":"ppdelugo","url":"https:\/\/www.ppdelugo.com\/es\/author\/admin-2\/"}]}},"_links":{"self":[{"href":"https:\/\/www.ppdelugo.com\/es\/wp-json\/wp\/v2\/posts\/7341","targetHints":{"allow":["GET"]}}],"collection":[{"href":"https:\/\/www.ppdelugo.com\/es\/wp-json\/wp\/v2\/posts"}],"about":[{"href":"https:\/\/www.ppdelugo.com\/es\/wp-json\/wp\/v2\/types\/post"}],"author":[{"embeddable":true,"href":"https:\/\/www.ppdelugo.com\/es\/wp-json\/wp\/v2\/users\/8"}],"replies":[{"embeddable":true,"href":"https:\/\/www.ppdelugo.com\/es\/wp-json\/wp\/v2\/comments?post=7341"}],"version-history":[{"count":0,"href":"https:\/\/www.ppdelugo.com\/es\/wp-json\/wp\/v2\/posts\/7341\/revisions"}],"wp:featuredmedia":[{"embeddable":true,"href":"https:\/\/www.ppdelugo.com\/es\/wp-json\/wp\/v2\/media\/6236"}],"wp:attachment":[{"href":"https:\/\/www.ppdelugo.com\/es\/wp-json\/wp\/v2\/media?parent=7341"}],"wp:term":[{"taxonomy":"category","embeddable":true,"href":"https:\/\/www.ppdelugo.com\/es\/wp-json\/wp\/v2\/categories?post=7341"},{"taxonomy":"post_tag","embeddable":true,"href":"https:\/\/www.ppdelugo.com\/es\/wp-json\/wp\/v2\/tags?post=7341"}],"curies":[{"name":"wp","href":"https:\/\/api.w.org\/{rel}","templated":true}]}}