{"id":6764,"date":"2018-02-12T12:27:12","date_gmt":"2018-02-12T12:27:12","guid":{"rendered":"http:\/\/www.ppdelugo.com\/pp-pedira-ao-pleno-sinatura-dun-convenio-coa-asociacion-galega-de-animais-exoticos\/"},"modified":"2018-02-12T12:32:39","modified_gmt":"2018-02-12T12:32:39","slug":"pp-pedira-ao-pleno-sinatura-dun-convenio-coa-asociacion-galega-de-animais-exoticos","status":"publish","type":"post","link":"https:\/\/www.ppdelugo.com\/es\/pp-pedira-ao-pleno-sinatura-dun-convenio-coa-asociacion-galega-de-animais-exoticos\/","title":{"rendered":"El PP pedir\u00e1 al pleno la firma sinatura de un convenio con la asociaci\u00f3n gallega de animales ex\u00f3ticos"},"content":{"rendered":"<p>El portavoz del Grupo Municipal del PP Antonio Ameijide asegura que ante \u201cel aumento de casos de abandono de animales ex\u00f3ticos\u201d como pueden ser reptiles, aves, mam\u00edferos de determinadas especies o tortugas, entre otros animales, \u201ces necesario dar una respuesta a las necesidades especiales\u201d que tienen este tipo de animales y sus propietarios<!--more--><\/p>\n<audio class=\"wp-audio-shortcode\" id=\"audio-6764-1\" preload=\"none\" style=\"width: 100%;\" controls=\"controls\"><source type=\"audio\/mpeg\" src=\"http:\/\/www.ppdelugo.com\/wp-content\/uploads\/2018\/02\/Corte-Antonio-Ameijide-animales-exo\u0301ticos.mp3?_=1\" \/><a href=\"http:\/\/www.ppdelugo.com\/wp-content\/uploads\/2018\/02\/Corte-Antonio-Ameijide-animales-exo\u0301ticos.mp3\">http:\/\/www.ppdelugo.com\/wp-content\/uploads\/2018\/02\/Corte-Antonio-Ameijide-animales-exo\u0301ticos.mp3<\/a><\/audio>\n<p>O Grupo Municipal do Partido Popular no Concello de Lugo pedir\u00e1 no pleno ordinario de febreiro que o Concello de Lugo asine un convenio coa Protectora de Animais Ex\u00f3ticos (Paexga) para o asesoramento, informaci\u00f3n, recollida e recolocaci\u00f3n de animais ex\u00f3ticos ante o aumento deste tipo de animais en Lugo.<\/p>\n<p>Cada vez son m\u00e1is os cidad\u00e1ns que optan por ter un animal de compa\u00f1\u00eda diferente a un can ou un gato, unha tendencia que vai en aumento, polo que resulta sinxelo atopar numerosos casos de animais ex\u00f3ticos, como poden ser tartarugas, r\u00e9ptiles, tar\u00e1ntulas, aves ou mesmo mam\u00edferos como fur\u00f3ns, que se mercan como mascotas. \u201cEstamos a falar de especies que polas s\u00faas caracter\u00edsticas e rareza volv\u00e9ronse moi atractivas\u201d, explicou Antonio Ameijide.<\/p>\n<p>Ante o aumento no n\u00famero de abandonos que sofren este tipo de animais ex\u00f3ticos, \u201cdende o Concello temos a responsabilidade de colaborar na procura dunha soluci\u00f3n ou, cando menos, de canalizar os medios para atallalo, sobre todo se temo sen conta que en Lugo non hai ningunha asociaci\u00f3n nin entidade que solucione este problema\u201d. Ademais, Ameijide engade que todo isto ten que \u201cestar amparado polos profesionais con co\u00f1ecementos na materia para dar garant\u00eda de seguridade\u201d.<\/p>\n<p>O voceiro popular presentou a iniciativa que defender\u00e1 o seu grupo no pleno no parque Rosal\u00eda de Castro, acompa\u00f1ado da vicevoceira popular Ana L\u00f3pez Pombo. Ameijide explicou que coa sinatura deste convenio os populares queren que se atalle un problema creciente en Lugo, xa que non hai ningunha entidade, salvo Paexga, que se faga cargo dos animais ex\u00f3ticos abandonados.<\/p>\n<p>O popular destaca a importancia de que o Concello colabora cunha asociaci\u00f3n de expertos neste tipo de animais, sobre todo, para informar e asesorar \u00e1 cidadan\u00eda antes de facerse cun animal desta \u00edndole, xa que \u201cnon \u00e9 o mesmo coidar dun can ou dun gato, que facelo dunha serpe ou dunha tar\u00e1ntula\u201d polo que os coidados espec\u00edficos que precisa cada unha destas especies animais son desco\u00f1ecidos para a maior\u00eda de cidad\u00e1ns.<\/p>\n<p>Outro eido moi importante \u201c\u00e9 que a maior parte destas especies invasoras\u201d, polo \u201cnon est\u00e1n adaptadas ao entorno de Lugo nin o entorno a elas\u201d. Ameijide fai esta reflexi\u00f3n porque \u201cpor desgraza\u201d moitos destes animais \u201ctam\u00e9n acaban abandonados\u201d polo que \u201cna maior parte dos casos o abandono non s\u00f3 \u00e9 unha condea a morte, sen\u00f3n que tam\u00e9n \u00e9 un perigo para o entorno\u201d.<\/p>\n<p>Neste senso, os populares destacan a importancia de asinar o convenio de colaboraci\u00f3n coa Asociaci\u00f3n Protectora de Animais Ex\u00f3ticos de Galicia, ou alg\u00fan outro organismo vencellado a este tipo de animais, xa que a trav\u00e9s da colaboraci\u00f3n entre estas entidades poder\u00eda acordarse a cesi\u00f3n temporal de locais municipais para desenvolver as actividades formativas \u00e1 cidadan\u00eda e tam\u00e9n a recollida de animais ex\u00f3ticos que son abandonados para avaliar o seu estado e proceder a s\u00faa recolocaci\u00f3n noutro fogar de acollida ou nun lugar habilitado para este tipo de animais ou, incluso, atender as persoas que non se poden seguir facendo cargo deste tipo de animais e que precisan de axuda para reubicar a este tipo de animais.<\/p>\n","protected":false},"excerpt":{"rendered":"<p>El portavoz del Grupo Municipal del PP Antonio Ameijide asegura que ante \u201cel aumento de casos de abandono de animales ex\u00f3ticos\u201d como pueden ser reptiles, aves, mam\u00edferos de determinadas especies&#8230;<\/p>\n","protected":false},"author":8,"featured_media":6762,"comment_status":"open","ping_status":"closed","sticky":false,"template":"","format":"standard","meta":{"footnotes":""},"categories":[33],"tags":[],"class_list":{"0":"post-6764","1":"post","2":"type-post","3":"status-publish","4":"format-standard","5":"has-post-thumbnail","7":"category-medioambiente"},"yoast_head":"<!-- This site is optimized with the Yoast SEO plugin v27.4 - https:\/\/yoast.com\/product\/yoast-seo-wordpress\/ -->\n<title>El PP pedir\u00e1 al pleno la firma sinatura de un convenio con la asociaci\u00f3n gallega de animales ex\u00f3ticos - Grupo Municipal Partido Popular de Lugo<\/title>\n<meta name=\"robots\" content=\"index, follow, max-snippet:-1, max-image-preview:large, max-video-preview:-1\" \/>\n<link rel=\"canonical\" href=\"https:\/\/www.ppdelugo.com\/es\/pp-pedira-ao-pleno-sinatura-dun-convenio-coa-asociacion-galega-de-animais-exoticos\/\" \/>\n<meta property=\"og:locale\" content=\"es_ES\" \/>\n<meta property=\"og:type\" content=\"article\" \/>\n<meta property=\"og:title\" content=\"El PP pedir\u00e1 al pleno la firma sinatura de un convenio con la asociaci\u00f3n gallega de animales ex\u00f3ticos - Grupo Municipal Partido Popular de Lugo\" \/>\n<meta property=\"og:description\" content=\"El portavoz del Grupo Municipal del PP Antonio Ameijide asegura que ante \u201cel aumento de casos de abandono de animales ex\u00f3ticos\u201d como pueden ser reptiles, aves, mam\u00edferos de determinadas especies...\" \/>\n<meta property=\"og:url\" content=\"https:\/\/www.ppdelugo.com\/es\/pp-pedira-ao-pleno-sinatura-dun-convenio-coa-asociacion-galega-de-animais-exoticos\/\" \/>\n<meta property=\"og:site_name\" content=\"Grupo Municipal Partido Popular de Lugo\" \/>\n<meta property=\"article:published_time\" content=\"2018-02-12T12:27:12+00:00\" \/>\n<meta property=\"article:modified_time\" content=\"2018-02-12T12:32:39+00:00\" \/>\n<meta property=\"og:image\" content=\"https:\/\/www.ppdelugo.com\/wp-content\/uploads\/2018\/02\/Foto-proposici\u00f3n-animais-ex\u00f3ticos-1024x768.jpg\" \/>\n\t<meta property=\"og:image:width\" content=\"1024\" \/>\n\t<meta property=\"og:image:height\" content=\"768\" \/>\n\t<meta property=\"og:image:type\" content=\"image\/jpeg\" \/>\n<meta name=\"author\" content=\"ppdelugo\" \/>\n<meta name=\"twitter:card\" content=\"summary_large_image\" \/>\n<meta name=\"twitter:label1\" content=\"Escrito por\" \/>\n\t<meta name=\"twitter:data1\" content=\"ppdelugo\" \/>\n\t<meta name=\"twitter:label2\" content=\"Tiempo de lectura\" \/>\n\t<meta name=\"twitter:data2\" content=\"3 minutos\" \/>\n<script type=\"application\/ld+json\" class=\"yoast-schema-graph\">{\"@context\":\"https:\\\/\\\/schema.org\",\"@graph\":[{\"@type\":\"Article\",\"@id\":\"https:\\\/\\\/www.ppdelugo.com\\\/es\\\/pp-pedira-ao-pleno-sinatura-dun-convenio-coa-asociacion-galega-de-animais-exoticos\\\/#article\",\"isPartOf\":{\"@id\":\"https:\\\/\\\/www.ppdelugo.com\\\/es\\\/pp-pedira-ao-pleno-sinatura-dun-convenio-coa-asociacion-galega-de-animais-exoticos\\\/\"},\"author\":{\"name\":\"ppdelugo\",\"@id\":\"https:\\\/\\\/www.ppdelugo.com\\\/es\\\/#\\\/schema\\\/person\\\/4fa17dd371813e2c389a4417775cec48\"},\"headline\":\"El PP pedir\u00e1 al pleno la firma sinatura de un convenio con la asociaci\u00f3n gallega de animales ex\u00f3ticos\",\"datePublished\":\"2018-02-12T12:27:12+00:00\",\"dateModified\":\"2018-02-12T12:32:39+00:00\",\"mainEntityOfPage\":{\"@id\":\"https:\\\/\\\/www.ppdelugo.com\\\/es\\\/pp-pedira-ao-pleno-sinatura-dun-convenio-coa-asociacion-galega-de-animais-exoticos\\\/\"},\"wordCount\":635,\"commentCount\":0,\"image\":{\"@id\":\"https:\\\/\\\/www.ppdelugo.com\\\/es\\\/pp-pedira-ao-pleno-sinatura-dun-convenio-coa-asociacion-galega-de-animais-exoticos\\\/#primaryimage\"},\"thumbnailUrl\":\"https:\\\/\\\/www.ppdelugo.com\\\/wp-content\\\/uploads\\\/2018\\\/02\\\/Foto-proposici\u00f3n-animais-ex\u00f3ticos.jpg\",\"articleSection\":[\"Medio Ambiente\"],\"inLanguage\":\"es\",\"potentialAction\":[{\"@type\":\"CommentAction\",\"name\":\"Comment\",\"target\":[\"https:\\\/\\\/www.ppdelugo.com\\\/es\\\/pp-pedira-ao-pleno-sinatura-dun-convenio-coa-asociacion-galega-de-animais-exoticos\\\/#respond\"]}]},{\"@type\":\"WebPage\",\"@id\":\"https:\\\/\\\/www.ppdelugo.com\\\/es\\\/pp-pedira-ao-pleno-sinatura-dun-convenio-coa-asociacion-galega-de-animais-exoticos\\\/\",\"url\":\"https:\\\/\\\/www.ppdelugo.com\\\/es\\\/pp-pedira-ao-pleno-sinatura-dun-convenio-coa-asociacion-galega-de-animais-exoticos\\\/\",\"name\":\"El PP pedir\u00e1 al pleno la firma sinatura de un convenio con la asociaci\u00f3n gallega de animales ex\u00f3ticos - Grupo Municipal Partido Popular de Lugo\",\"isPartOf\":{\"@id\":\"https:\\\/\\\/www.ppdelugo.com\\\/es\\\/#website\"},\"primaryImageOfPage\":{\"@id\":\"https:\\\/\\\/www.ppdelugo.com\\\/es\\\/pp-pedira-ao-pleno-sinatura-dun-convenio-coa-asociacion-galega-de-animais-exoticos\\\/#primaryimage\"},\"image\":{\"@id\":\"https:\\\/\\\/www.ppdelugo.com\\\/es\\\/pp-pedira-ao-pleno-sinatura-dun-convenio-coa-asociacion-galega-de-animais-exoticos\\\/#primaryimage\"},\"thumbnailUrl\":\"https:\\\/\\\/www.ppdelugo.com\\\/wp-content\\\/uploads\\\/2018\\\/02\\\/Foto-proposici\u00f3n-animais-ex\u00f3ticos.jpg\",\"datePublished\":\"2018-02-12T12:27:12+00:00\",\"dateModified\":\"2018-02-12T12:32:39+00:00\",\"author\":{\"@id\":\"https:\\\/\\\/www.ppdelugo.com\\\/es\\\/#\\\/schema\\\/person\\\/4fa17dd371813e2c389a4417775cec48\"},\"breadcrumb\":{\"@id\":\"https:\\\/\\\/www.ppdelugo.com\\\/es\\\/pp-pedira-ao-pleno-sinatura-dun-convenio-coa-asociacion-galega-de-animais-exoticos\\\/#breadcrumb\"},\"inLanguage\":\"es\",\"potentialAction\":[{\"@type\":\"ReadAction\",\"target\":[\"https:\\\/\\\/www.ppdelugo.com\\\/es\\\/pp-pedira-ao-pleno-sinatura-dun-convenio-coa-asociacion-galega-de-animais-exoticos\\\/\"]}]},{\"@type\":\"ImageObject\",\"inLanguage\":\"es\",\"@id\":\"https:\\\/\\\/www.ppdelugo.com\\\/es\\\/pp-pedira-ao-pleno-sinatura-dun-convenio-coa-asociacion-galega-de-animais-exoticos\\\/#primaryimage\",\"url\":\"https:\\\/\\\/www.ppdelugo.com\\\/wp-content\\\/uploads\\\/2018\\\/02\\\/Foto-proposici\u00f3n-animais-ex\u00f3ticos.jpg\",\"contentUrl\":\"https:\\\/\\\/www.ppdelugo.com\\\/wp-content\\\/uploads\\\/2018\\\/02\\\/Foto-proposici\u00f3n-animais-ex\u00f3ticos.jpg\",\"width\":4000,\"height\":3000},{\"@type\":\"BreadcrumbList\",\"@id\":\"https:\\\/\\\/www.ppdelugo.com\\\/es\\\/pp-pedira-ao-pleno-sinatura-dun-convenio-coa-asociacion-galega-de-animais-exoticos\\\/#breadcrumb\",\"itemListElement\":[{\"@type\":\"ListItem\",\"position\":1,\"name\":\"Portada\",\"item\":\"https:\\\/\\\/www.ppdelugo.com\\\/es\\\/\"},{\"@type\":\"ListItem\",\"position\":2,\"name\":\"El PP pedir\u00e1 al pleno la firma sinatura de un convenio con la asociaci\u00f3n gallega de animales ex\u00f3ticos\"}]},{\"@type\":\"WebSite\",\"@id\":\"https:\\\/\\\/www.ppdelugo.com\\\/es\\\/#website\",\"url\":\"https:\\\/\\\/www.ppdelugo.com\\\/es\\\/\",\"name\":\"Grupo Municipal Partido Popular de Lugo\",\"description\":\"Web del Grupo Municipal del Partido Popular en el Ayuntamiento de Lugo, con informaci\u00f3n sobre Lugo y fomento de la participaci\u00f3n ciudadana\",\"potentialAction\":[{\"@type\":\"SearchAction\",\"target\":{\"@type\":\"EntryPoint\",\"urlTemplate\":\"https:\\\/\\\/www.ppdelugo.com\\\/es\\\/?s={search_term_string}\"},\"query-input\":{\"@type\":\"PropertyValueSpecification\",\"valueRequired\":true,\"valueName\":\"search_term_string\"}}],\"inLanguage\":\"es\"},{\"@type\":\"Person\",\"@id\":\"https:\\\/\\\/www.ppdelugo.com\\\/es\\\/#\\\/schema\\\/person\\\/4fa17dd371813e2c389a4417775cec48\",\"name\":\"ppdelugo\",\"url\":\"https:\\\/\\\/www.ppdelugo.com\\\/es\\\/author\\\/admin-2\\\/\"}]}<\/script>\n<!-- \/ Yoast SEO plugin. -->","yoast_head_json":{"title":"El PP pedir\u00e1 al pleno la firma sinatura de un convenio con la asociaci\u00f3n gallega de animales ex\u00f3ticos - Grupo Municipal Partido Popular de Lugo","robots":{"index":"index","follow":"follow","max-snippet":"max-snippet:-1","max-image-preview":"max-image-preview:large","max-video-preview":"max-video-preview:-1"},"canonical":"https:\/\/www.ppdelugo.com\/es\/pp-pedira-ao-pleno-sinatura-dun-convenio-coa-asociacion-galega-de-animais-exoticos\/","og_locale":"es_ES","og_type":"article","og_title":"El PP pedir\u00e1 al pleno la firma sinatura de un convenio con la asociaci\u00f3n gallega de animales ex\u00f3ticos - Grupo Municipal Partido Popular de Lugo","og_description":"El portavoz del Grupo Municipal del PP Antonio Ameijide asegura que ante \u201cel aumento de casos de abandono de animales ex\u00f3ticos\u201d como pueden ser reptiles, aves, mam\u00edferos de determinadas especies...","og_url":"https:\/\/www.ppdelugo.com\/es\/pp-pedira-ao-pleno-sinatura-dun-convenio-coa-asociacion-galega-de-animais-exoticos\/","og_site_name":"Grupo Municipal Partido Popular de Lugo","article_published_time":"2018-02-12T12:27:12+00:00","article_modified_time":"2018-02-12T12:32:39+00:00","og_image":[{"width":1024,"height":768,"url":"https:\/\/www.ppdelugo.com\/wp-content\/uploads\/2018\/02\/Foto-proposici\u00f3n-animais-ex\u00f3ticos-1024x768.jpg","type":"image\/jpeg"}],"author":"ppdelugo","twitter_card":"summary_large_image","twitter_misc":{"Escrito por":"ppdelugo","Tiempo de lectura":"3 minutos"},"schema":{"@context":"https:\/\/schema.org","@graph":[{"@type":"Article","@id":"https:\/\/www.ppdelugo.com\/es\/pp-pedira-ao-pleno-sinatura-dun-convenio-coa-asociacion-galega-de-animais-exoticos\/#article","isPartOf":{"@id":"https:\/\/www.ppdelugo.com\/es\/pp-pedira-ao-pleno-sinatura-dun-convenio-coa-asociacion-galega-de-animais-exoticos\/"},"author":{"name":"ppdelugo","@id":"https:\/\/www.ppdelugo.com\/es\/#\/schema\/person\/4fa17dd371813e2c389a4417775cec48"},"headline":"El PP pedir\u00e1 al pleno la firma sinatura de un convenio con la asociaci\u00f3n gallega de animales ex\u00f3ticos","datePublished":"2018-02-12T12:27:12+00:00","dateModified":"2018-02-12T12:32:39+00:00","mainEntityOfPage":{"@id":"https:\/\/www.ppdelugo.com\/es\/pp-pedira-ao-pleno-sinatura-dun-convenio-coa-asociacion-galega-de-animais-exoticos\/"},"wordCount":635,"commentCount":0,"image":{"@id":"https:\/\/www.ppdelugo.com\/es\/pp-pedira-ao-pleno-sinatura-dun-convenio-coa-asociacion-galega-de-animais-exoticos\/#primaryimage"},"thumbnailUrl":"https:\/\/www.ppdelugo.com\/wp-content\/uploads\/2018\/02\/Foto-proposici\u00f3n-animais-ex\u00f3ticos.jpg","articleSection":["Medio Ambiente"],"inLanguage":"es","potentialAction":[{"@type":"CommentAction","name":"Comment","target":["https:\/\/www.ppdelugo.com\/es\/pp-pedira-ao-pleno-sinatura-dun-convenio-coa-asociacion-galega-de-animais-exoticos\/#respond"]}]},{"@type":"WebPage","@id":"https:\/\/www.ppdelugo.com\/es\/pp-pedira-ao-pleno-sinatura-dun-convenio-coa-asociacion-galega-de-animais-exoticos\/","url":"https:\/\/www.ppdelugo.com\/es\/pp-pedira-ao-pleno-sinatura-dun-convenio-coa-asociacion-galega-de-animais-exoticos\/","name":"El PP pedir\u00e1 al pleno la firma sinatura de un convenio con la asociaci\u00f3n gallega de animales ex\u00f3ticos - Grupo Municipal Partido Popular de Lugo","isPartOf":{"@id":"https:\/\/www.ppdelugo.com\/es\/#website"},"primaryImageOfPage":{"@id":"https:\/\/www.ppdelugo.com\/es\/pp-pedira-ao-pleno-sinatura-dun-convenio-coa-asociacion-galega-de-animais-exoticos\/#primaryimage"},"image":{"@id":"https:\/\/www.ppdelugo.com\/es\/pp-pedira-ao-pleno-sinatura-dun-convenio-coa-asociacion-galega-de-animais-exoticos\/#primaryimage"},"thumbnailUrl":"https:\/\/www.ppdelugo.com\/wp-content\/uploads\/2018\/02\/Foto-proposici\u00f3n-animais-ex\u00f3ticos.jpg","datePublished":"2018-02-12T12:27:12+00:00","dateModified":"2018-02-12T12:32:39+00:00","author":{"@id":"https:\/\/www.ppdelugo.com\/es\/#\/schema\/person\/4fa17dd371813e2c389a4417775cec48"},"breadcrumb":{"@id":"https:\/\/www.ppdelugo.com\/es\/pp-pedira-ao-pleno-sinatura-dun-convenio-coa-asociacion-galega-de-animais-exoticos\/#breadcrumb"},"inLanguage":"es","potentialAction":[{"@type":"ReadAction","target":["https:\/\/www.ppdelugo.com\/es\/pp-pedira-ao-pleno-sinatura-dun-convenio-coa-asociacion-galega-de-animais-exoticos\/"]}]},{"@type":"ImageObject","inLanguage":"es","@id":"https:\/\/www.ppdelugo.com\/es\/pp-pedira-ao-pleno-sinatura-dun-convenio-coa-asociacion-galega-de-animais-exoticos\/#primaryimage","url":"https:\/\/www.ppdelugo.com\/wp-content\/uploads\/2018\/02\/Foto-proposici\u00f3n-animais-ex\u00f3ticos.jpg","contentUrl":"https:\/\/www.ppdelugo.com\/wp-content\/uploads\/2018\/02\/Foto-proposici\u00f3n-animais-ex\u00f3ticos.jpg","width":4000,"height":3000},{"@type":"BreadcrumbList","@id":"https:\/\/www.ppdelugo.com\/es\/pp-pedira-ao-pleno-sinatura-dun-convenio-coa-asociacion-galega-de-animais-exoticos\/#breadcrumb","itemListElement":[{"@type":"ListItem","position":1,"name":"Portada","item":"https:\/\/www.ppdelugo.com\/es\/"},{"@type":"ListItem","position":2,"name":"El PP pedir\u00e1 al pleno la firma sinatura de un convenio con la asociaci\u00f3n gallega de animales ex\u00f3ticos"}]},{"@type":"WebSite","@id":"https:\/\/www.ppdelugo.com\/es\/#website","url":"https:\/\/www.ppdelugo.com\/es\/","name":"Grupo Municipal Partido Popular de Lugo","description":"Web del Grupo Municipal del Partido Popular en el Ayuntamiento de Lugo, con informaci\u00f3n sobre Lugo y fomento de la participaci\u00f3n ciudadana","potentialAction":[{"@type":"SearchAction","target":{"@type":"EntryPoint","urlTemplate":"https:\/\/www.ppdelugo.com\/es\/?s={search_term_string}"},"query-input":{"@type":"PropertyValueSpecification","valueRequired":true,"valueName":"search_term_string"}}],"inLanguage":"es"},{"@type":"Person","@id":"https:\/\/www.ppdelugo.com\/es\/#\/schema\/person\/4fa17dd371813e2c389a4417775cec48","name":"ppdelugo","url":"https:\/\/www.ppdelugo.com\/es\/author\/admin-2\/"}]}},"_links":{"self":[{"href":"https:\/\/www.ppdelugo.com\/es\/wp-json\/wp\/v2\/posts\/6764","targetHints":{"allow":["GET"]}}],"collection":[{"href":"https:\/\/www.ppdelugo.com\/es\/wp-json\/wp\/v2\/posts"}],"about":[{"href":"https:\/\/www.ppdelugo.com\/es\/wp-json\/wp\/v2\/types\/post"}],"author":[{"embeddable":true,"href":"https:\/\/www.ppdelugo.com\/es\/wp-json\/wp\/v2\/users\/8"}],"replies":[{"embeddable":true,"href":"https:\/\/www.ppdelugo.com\/es\/wp-json\/wp\/v2\/comments?post=6764"}],"version-history":[{"count":0,"href":"https:\/\/www.ppdelugo.com\/es\/wp-json\/wp\/v2\/posts\/6764\/revisions"}],"wp:featuredmedia":[{"embeddable":true,"href":"https:\/\/www.ppdelugo.com\/es\/wp-json\/wp\/v2\/media\/6762"}],"wp:attachment":[{"href":"https:\/\/www.ppdelugo.com\/es\/wp-json\/wp\/v2\/media?parent=6764"}],"wp:term":[{"taxonomy":"category","embeddable":true,"href":"https:\/\/www.ppdelugo.com\/es\/wp-json\/wp\/v2\/categories?post=6764"},{"taxonomy":"post_tag","embeddable":true,"href":"https:\/\/www.ppdelugo.com\/es\/wp-json\/wp\/v2\/tags?post=6764"}],"curies":[{"name":"wp","href":"https:\/\/api.w.org\/{rel}","templated":true}]}}