{"id":4597,"date":"2017-03-07T11:55:29","date_gmt":"2017-03-07T11:55:29","guid":{"rendered":"http:\/\/www.ppdelugo.com\/es\/?p=4597"},"modified":"2017-03-07T11:55:29","modified_gmt":"2017-03-07T11:55:29","slug":"el-pp-denuncia-pagos-en-un-mes-empresas-sin-contrato-por-13-millones","status":"publish","type":"post","link":"https:\/\/www.ppdelugo.com\/es\/el-pp-denuncia-pagos-en-un-mes-empresas-sin-contrato-por-13-millones\/","title":{"rendered":"El PP denuncia pagos en un mes a empresas sin contrato por 1,3 millones"},"content":{"rendered":"[vc_row type=\u00bbin_container\u00bb scene_position=\u00bbcenter\u00bb text_color=\u00bbdark\u00bb text_align=\u00bbleft\u00bb top_padding=\u00bb-10&#8243; overlay_strength=\u00bb0.3&#8243;][vc_column column_padding=\u00bbno-extra-padding\u00bb column_padding_position=\u00bball\u00bb background_color_opacity=\u00bb1&#8243; background_hover_color_opacity=\u00bb1&#8243; width=\u00bb1\/1&#8243;][vc_column_text]\u00a0La edil popular Isabel Devesa afirma que \u201clos pagos con reparos de legalidad de intervenci\u00f3n por 23 servicios\u201d certifican el \u201cfracaso\u201d absoluto de la \u201cruinosa\u201d gesti\u00f3n econ\u00f3mica de la alcaldesa Lara M\u00e9ndez<\/p>\n<p><!--more--><\/p>\n<p>La concejala del Grupo Municipal del Partido Popular Isabel Devesa denuncia esta ma\u00f1ana que el Ayuntamiento de Lugo ha pagado en apenas un mes un total de 1.308.520,93 euros en facturas con reparos de legalidad.<\/p>\n<p>Tal como explica la popular, la alcaldesa levant\u00f3 los reparos de legalidad que interpuso la intervenci\u00f3n municipal por la prestaci\u00f3n de 23 servicios en los que, seg\u00fan consta en el decreto de autorizaci\u00f3n de pagos, se considera \u201cnecesaria la tramitaci\u00f3n administrativa del corresponidente expediente, as\u00ed como la garant\u00eda de la verificaci\u00f3n de la adecuaci\u00f3n de los precios al mercado\u201d al resultar de condiciones ofertadas en los procedimientos de licitaci\u00f3n que han derivado de contratos finalizados algunos desde hace m\u00e1s de un mandato.<\/p>\n<p>A este respecto, la edil popular critica que \u201cmientras que la alcaldesa sigue reduciendo el cap\u00edtulo de inversiones a m\u00ednimos hist\u00f3ricos, se contin\u00faa disparando este importe que se paga por trabajos sin contrato\u201d, pese a las reiteradas advertencias de la intervenci\u00f3n municipal.<\/p>\n<p>Isabel Devesa asegura que \u201cen la pr\u00e1ctica, la alcaldesa pretende validar una situaci\u00f3n que continuamente le estamos advirtiendo de que deber\u00eda ser una circunstancia excepcional, en lugar de la norma habitual\u201d. \u201cHay que tener en cuenta que, cuando ya va por la mitad de su mandato, no movi\u00f3 ni un solo papel en contratos como el del mantenimiento de la Estaci\u00f3n Depuradora de Aguas Residuales (EDAR) o el de la Estaci\u00f3n de Tratamiento de Agua Potable (ETAP), el del alumbrado p\u00fablico o el de la atenci\u00f3n a los museos\u201d, se\u00f1ala, al tiempo que incide en que \u201calguno de estos contratos lleva m\u00e1s de seis a\u00f1os arrastrando los mismos reparos sin que ni primero L\u00f3pez Orozco ni ahora Lara M\u00e9ndez se hayan preocupado por legalizar una situaci\u00f3n en la que se han pagado m\u00e1s de 20 millones de euros\u201d.<\/p>\n<p><span style=\"line-height: 1.5;\">Finalmente, la edil popular puntualiza que \u201cesta elevada cifra viene a sumarse a los 1,9 millones de euros que la alcaldesa pretend\u00eda hace 15 d\u00edas que el pleno validase pese a no contar con los preceptivos informes favorables\u201d, en alusi\u00f3n al reconocimiento extrajudicial de cr\u00e9dito que traslad\u00f3. A este respecto, Devesa insta a los socialistas a llevar al pr\u00f3ximo pleno todas estas facturas pendientes \u201cdebidamente conformadas y con las comprobaciones que aseguren que esos servicios efectivamente se prestaron en las condiciones indicadas para que los proveedores puedan cobrar los trabajos que realizaron\u201d, en lugar del \u201csinsentido que pretend\u00eda el gobierno de primero pagar y luego comprobar\u201d. \u201cEs comprensible que haya empresas o aut\u00f3nomos que consideran que trabajar para el Ayuntamiento de Lugo es todo un riesgo porque no se sabe cu\u00e1ndo van a cobrar a pesar de que la administraci\u00f3n local dispone de liquidez\u201d, concluye. \/vc_column_text][\/vc_column][\/vc_row][vc_row type=\u00bbin_container\u00bb scene_position=\u00bbcenter\u00bb text_color=\u00bbdark\u00bb text_align=\u00bbleft\u00bb overlay_strength=\u00bb0.3&#8243;][vc_column column_padding=\u00bbno-extra-padding\u00bb column_padding_position=\u00bball\u00bb background_color_opacity=\u00bb1&#8243; background_hover_color_opacity=\u00bb1&#8243; width=\u00bb1\/1&#8243;][vc_column_text]<\/span><\/p>\n<audio class=\"wp-audio-shortcode\" id=\"audio-4597-1\" preload=\"none\" style=\"width: 100%;\" controls=\"controls\"><source type=\"audio\/mpeg\" src=\"http:\/\/www.ppdelugo.com\/wp-content\/uploads\/2017\/03\/CORTE-DEVESA-REPAROS-LEGALIDAD-2017-07-03-17.mp3?_=1\" \/><a href=\"http:\/\/www.ppdelugo.com\/wp-content\/uploads\/2017\/03\/CORTE-DEVESA-REPAROS-LEGALIDAD-2017-07-03-17.mp3\">http:\/\/www.ppdelugo.com\/wp-content\/uploads\/2017\/03\/CORTE-DEVESA-REPAROS-LEGALIDAD-2017-07-03-17.mp3<\/a><\/audio>\n[\/vc_column_text][\/vc_column][\/vc_row]\n","protected":false},"excerpt":{"rendered":"<p>[vc_row type=\u00bbin_container\u00bb scene_position=\u00bbcenter\u00bb text_color=\u00bbdark\u00bb text_align=\u00bbleft\u00bb top_padding=\u00bb-10&#8243; overlay_strength=\u00bb0.3&#8243;][vc_column column_padding=\u00bbno-extra-padding\u00bb column_padding_position=\u00bball\u00bb background_color_opacity=\u00bb1&#8243; background_hover_color_opacity=\u00bb1&#8243; width=\u00bb1\/1&#8243;][vc_column_text]\u00a0La edil popular Isabel Devesa afirma que \u201clos pagos con reparos de legalidad de intervenci\u00f3n por 23 servicios\u201d certifican&#8230;<\/p>\n","protected":false},"author":8,"featured_media":4599,"comment_status":"open","ping_status":"closed","sticky":false,"template":"","format":"standard","meta":{"footnotes":""},"categories":[31],"tags":[],"class_list":{"0":"post-4597","1":"post","2":"type-post","3":"status-publish","4":"format-standard","5":"has-post-thumbnail","7":"category-economia-es"},"yoast_head":"<!-- This site is optimized with the Yoast SEO plugin v27.4 - https:\/\/yoast.com\/product\/yoast-seo-wordpress\/ -->\n<title>El PP denuncia pagos en un mes a empresas sin contrato por 1,3 millones - Grupo Municipal Partido Popular de Lugo<\/title>\n<meta name=\"robots\" content=\"index, follow, max-snippet:-1, max-image-preview:large, max-video-preview:-1\" \/>\n<link rel=\"canonical\" href=\"https:\/\/www.ppdelugo.com\/es\/el-pp-denuncia-pagos-en-un-mes-empresas-sin-contrato-por-13-millones\/\" \/>\n<meta property=\"og:locale\" content=\"es_ES\" \/>\n<meta property=\"og:type\" content=\"article\" \/>\n<meta property=\"og:title\" content=\"El PP denuncia pagos en un mes a empresas sin contrato por 1,3 millones - Grupo Municipal Partido Popular de Lugo\" \/>\n<meta property=\"og:description\" content=\"[vc_row type=\u00bbin_container\u00bb scene_position=\u00bbcenter\u00bb text_color=\u00bbdark\u00bb text_align=\u00bbleft\u00bb top_padding=\u00bb-10&#8243; overlay_strength=\u00bb0.3&#8243;][vc_column column_padding=\u00bbno-extra-padding\u00bb column_padding_position=\u00bball\u00bb background_color_opacity=\u00bb1&#8243; background_hover_color_opacity=\u00bb1&#8243; width=\u00bb1\/1&#8243;][vc_column_text]\u00a0La edil popular Isabel Devesa afirma que \u201clos pagos con reparos de legalidad de intervenci\u00f3n por 23 servicios\u201d certifican...\" \/>\n<meta property=\"og:url\" content=\"https:\/\/www.ppdelugo.com\/es\/el-pp-denuncia-pagos-en-un-mes-empresas-sin-contrato-por-13-millones\/\" \/>\n<meta property=\"og:site_name\" content=\"Grupo Municipal Partido Popular de Lugo\" \/>\n<meta property=\"article:published_time\" content=\"2017-03-07T11:55:29+00:00\" \/>\n<meta property=\"og:image\" content=\"https:\/\/www.ppdelugo.com\/wp-content\/uploads\/2017\/03\/DSC06995-1024x768.jpg\" \/>\n\t<meta property=\"og:image:width\" content=\"1024\" \/>\n\t<meta property=\"og:image:height\" content=\"768\" \/>\n\t<meta property=\"og:image:type\" content=\"image\/jpeg\" \/>\n<meta name=\"author\" content=\"ppdelugo\" \/>\n<meta name=\"twitter:card\" content=\"summary_large_image\" \/>\n<meta name=\"twitter:label1\" content=\"Escrito por\" \/>\n\t<meta name=\"twitter:data1\" content=\"ppdelugo\" \/>\n\t<meta name=\"twitter:label2\" content=\"Tiempo de lectura\" \/>\n\t<meta name=\"twitter:data2\" content=\"3 minutos\" \/>\n<script type=\"application\/ld+json\" class=\"yoast-schema-graph\">{\"@context\":\"https:\\\/\\\/schema.org\",\"@graph\":[{\"@type\":\"Article\",\"@id\":\"https:\\\/\\\/www.ppdelugo.com\\\/es\\\/el-pp-denuncia-pagos-en-un-mes-empresas-sin-contrato-por-13-millones\\\/#article\",\"isPartOf\":{\"@id\":\"https:\\\/\\\/www.ppdelugo.com\\\/es\\\/el-pp-denuncia-pagos-en-un-mes-empresas-sin-contrato-por-13-millones\\\/\"},\"author\":{\"name\":\"ppdelugo\",\"@id\":\"https:\\\/\\\/www.ppdelugo.com\\\/es\\\/#\\\/schema\\\/person\\\/4fa17dd371813e2c389a4417775cec48\"},\"headline\":\"El PP denuncia pagos en un mes a empresas sin contrato por 1,3 millones\",\"datePublished\":\"2017-03-07T11:55:29+00:00\",\"mainEntityOfPage\":{\"@id\":\"https:\\\/\\\/www.ppdelugo.com\\\/es\\\/el-pp-denuncia-pagos-en-un-mes-empresas-sin-contrato-por-13-millones\\\/\"},\"wordCount\":627,\"commentCount\":0,\"image\":{\"@id\":\"https:\\\/\\\/www.ppdelugo.com\\\/es\\\/el-pp-denuncia-pagos-en-un-mes-empresas-sin-contrato-por-13-millones\\\/#primaryimage\"},\"thumbnailUrl\":\"https:\\\/\\\/www.ppdelugo.com\\\/wp-content\\\/uploads\\\/2017\\\/03\\\/DSC06995.jpg\",\"articleSection\":[\"Econom\u00eda\"],\"inLanguage\":\"es\",\"potentialAction\":[{\"@type\":\"CommentAction\",\"name\":\"Comment\",\"target\":[\"https:\\\/\\\/www.ppdelugo.com\\\/es\\\/el-pp-denuncia-pagos-en-un-mes-empresas-sin-contrato-por-13-millones\\\/#respond\"]}]},{\"@type\":\"WebPage\",\"@id\":\"https:\\\/\\\/www.ppdelugo.com\\\/es\\\/el-pp-denuncia-pagos-en-un-mes-empresas-sin-contrato-por-13-millones\\\/\",\"url\":\"https:\\\/\\\/www.ppdelugo.com\\\/es\\\/el-pp-denuncia-pagos-en-un-mes-empresas-sin-contrato-por-13-millones\\\/\",\"name\":\"El PP denuncia pagos en un mes a empresas sin contrato por 1,3 millones - Grupo Municipal Partido Popular de Lugo\",\"isPartOf\":{\"@id\":\"https:\\\/\\\/www.ppdelugo.com\\\/es\\\/#website\"},\"primaryImageOfPage\":{\"@id\":\"https:\\\/\\\/www.ppdelugo.com\\\/es\\\/el-pp-denuncia-pagos-en-un-mes-empresas-sin-contrato-por-13-millones\\\/#primaryimage\"},\"image\":{\"@id\":\"https:\\\/\\\/www.ppdelugo.com\\\/es\\\/el-pp-denuncia-pagos-en-un-mes-empresas-sin-contrato-por-13-millones\\\/#primaryimage\"},\"thumbnailUrl\":\"https:\\\/\\\/www.ppdelugo.com\\\/wp-content\\\/uploads\\\/2017\\\/03\\\/DSC06995.jpg\",\"datePublished\":\"2017-03-07T11:55:29+00:00\",\"author\":{\"@id\":\"https:\\\/\\\/www.ppdelugo.com\\\/es\\\/#\\\/schema\\\/person\\\/4fa17dd371813e2c389a4417775cec48\"},\"breadcrumb\":{\"@id\":\"https:\\\/\\\/www.ppdelugo.com\\\/es\\\/el-pp-denuncia-pagos-en-un-mes-empresas-sin-contrato-por-13-millones\\\/#breadcrumb\"},\"inLanguage\":\"es\",\"potentialAction\":[{\"@type\":\"ReadAction\",\"target\":[\"https:\\\/\\\/www.ppdelugo.com\\\/es\\\/el-pp-denuncia-pagos-en-un-mes-empresas-sin-contrato-por-13-millones\\\/\"]}]},{\"@type\":\"ImageObject\",\"inLanguage\":\"es\",\"@id\":\"https:\\\/\\\/www.ppdelugo.com\\\/es\\\/el-pp-denuncia-pagos-en-un-mes-empresas-sin-contrato-por-13-millones\\\/#primaryimage\",\"url\":\"https:\\\/\\\/www.ppdelugo.com\\\/wp-content\\\/uploads\\\/2017\\\/03\\\/DSC06995.jpg\",\"contentUrl\":\"https:\\\/\\\/www.ppdelugo.com\\\/wp-content\\\/uploads\\\/2017\\\/03\\\/DSC06995.jpg\",\"width\":3648,\"height\":2736},{\"@type\":\"BreadcrumbList\",\"@id\":\"https:\\\/\\\/www.ppdelugo.com\\\/es\\\/el-pp-denuncia-pagos-en-un-mes-empresas-sin-contrato-por-13-millones\\\/#breadcrumb\",\"itemListElement\":[{\"@type\":\"ListItem\",\"position\":1,\"name\":\"Portada\",\"item\":\"https:\\\/\\\/www.ppdelugo.com\\\/es\\\/\"},{\"@type\":\"ListItem\",\"position\":2,\"name\":\"El PP denuncia pagos en un mes a empresas sin contrato por 1,3 millones\"}]},{\"@type\":\"WebSite\",\"@id\":\"https:\\\/\\\/www.ppdelugo.com\\\/es\\\/#website\",\"url\":\"https:\\\/\\\/www.ppdelugo.com\\\/es\\\/\",\"name\":\"Grupo Municipal Partido Popular de Lugo\",\"description\":\"Web del Grupo Municipal del Partido Popular en el Ayuntamiento de Lugo, con informaci\u00f3n sobre Lugo y fomento de la participaci\u00f3n ciudadana\",\"potentialAction\":[{\"@type\":\"SearchAction\",\"target\":{\"@type\":\"EntryPoint\",\"urlTemplate\":\"https:\\\/\\\/www.ppdelugo.com\\\/es\\\/?s={search_term_string}\"},\"query-input\":{\"@type\":\"PropertyValueSpecification\",\"valueRequired\":true,\"valueName\":\"search_term_string\"}}],\"inLanguage\":\"es\"},{\"@type\":\"Person\",\"@id\":\"https:\\\/\\\/www.ppdelugo.com\\\/es\\\/#\\\/schema\\\/person\\\/4fa17dd371813e2c389a4417775cec48\",\"name\":\"ppdelugo\",\"url\":\"https:\\\/\\\/www.ppdelugo.com\\\/es\\\/author\\\/admin-2\\\/\"}]}<\/script>\n<!-- \/ Yoast SEO plugin. -->","yoast_head_json":{"title":"El PP denuncia pagos en un mes a empresas sin contrato por 1,3 millones - Grupo Municipal Partido Popular de Lugo","robots":{"index":"index","follow":"follow","max-snippet":"max-snippet:-1","max-image-preview":"max-image-preview:large","max-video-preview":"max-video-preview:-1"},"canonical":"https:\/\/www.ppdelugo.com\/es\/el-pp-denuncia-pagos-en-un-mes-empresas-sin-contrato-por-13-millones\/","og_locale":"es_ES","og_type":"article","og_title":"El PP denuncia pagos en un mes a empresas sin contrato por 1,3 millones - Grupo Municipal Partido Popular de Lugo","og_description":"[vc_row type=\u00bbin_container\u00bb scene_position=\u00bbcenter\u00bb text_color=\u00bbdark\u00bb text_align=\u00bbleft\u00bb top_padding=\u00bb-10&#8243; overlay_strength=\u00bb0.3&#8243;][vc_column column_padding=\u00bbno-extra-padding\u00bb column_padding_position=\u00bball\u00bb background_color_opacity=\u00bb1&#8243; background_hover_color_opacity=\u00bb1&#8243; width=\u00bb1\/1&#8243;][vc_column_text]\u00a0La edil popular Isabel Devesa afirma que \u201clos pagos con reparos de legalidad de intervenci\u00f3n por 23 servicios\u201d certifican...","og_url":"https:\/\/www.ppdelugo.com\/es\/el-pp-denuncia-pagos-en-un-mes-empresas-sin-contrato-por-13-millones\/","og_site_name":"Grupo Municipal Partido Popular de Lugo","article_published_time":"2017-03-07T11:55:29+00:00","og_image":[{"width":1024,"height":768,"url":"https:\/\/www.ppdelugo.com\/wp-content\/uploads\/2017\/03\/DSC06995-1024x768.jpg","type":"image\/jpeg"}],"author":"ppdelugo","twitter_card":"summary_large_image","twitter_misc":{"Escrito por":"ppdelugo","Tiempo de lectura":"3 minutos"},"schema":{"@context":"https:\/\/schema.org","@graph":[{"@type":"Article","@id":"https:\/\/www.ppdelugo.com\/es\/el-pp-denuncia-pagos-en-un-mes-empresas-sin-contrato-por-13-millones\/#article","isPartOf":{"@id":"https:\/\/www.ppdelugo.com\/es\/el-pp-denuncia-pagos-en-un-mes-empresas-sin-contrato-por-13-millones\/"},"author":{"name":"ppdelugo","@id":"https:\/\/www.ppdelugo.com\/es\/#\/schema\/person\/4fa17dd371813e2c389a4417775cec48"},"headline":"El PP denuncia pagos en un mes a empresas sin contrato por 1,3 millones","datePublished":"2017-03-07T11:55:29+00:00","mainEntityOfPage":{"@id":"https:\/\/www.ppdelugo.com\/es\/el-pp-denuncia-pagos-en-un-mes-empresas-sin-contrato-por-13-millones\/"},"wordCount":627,"commentCount":0,"image":{"@id":"https:\/\/www.ppdelugo.com\/es\/el-pp-denuncia-pagos-en-un-mes-empresas-sin-contrato-por-13-millones\/#primaryimage"},"thumbnailUrl":"https:\/\/www.ppdelugo.com\/wp-content\/uploads\/2017\/03\/DSC06995.jpg","articleSection":["Econom\u00eda"],"inLanguage":"es","potentialAction":[{"@type":"CommentAction","name":"Comment","target":["https:\/\/www.ppdelugo.com\/es\/el-pp-denuncia-pagos-en-un-mes-empresas-sin-contrato-por-13-millones\/#respond"]}]},{"@type":"WebPage","@id":"https:\/\/www.ppdelugo.com\/es\/el-pp-denuncia-pagos-en-un-mes-empresas-sin-contrato-por-13-millones\/","url":"https:\/\/www.ppdelugo.com\/es\/el-pp-denuncia-pagos-en-un-mes-empresas-sin-contrato-por-13-millones\/","name":"El PP denuncia pagos en un mes a empresas sin contrato por 1,3 millones - Grupo Municipal Partido Popular de Lugo","isPartOf":{"@id":"https:\/\/www.ppdelugo.com\/es\/#website"},"primaryImageOfPage":{"@id":"https:\/\/www.ppdelugo.com\/es\/el-pp-denuncia-pagos-en-un-mes-empresas-sin-contrato-por-13-millones\/#primaryimage"},"image":{"@id":"https:\/\/www.ppdelugo.com\/es\/el-pp-denuncia-pagos-en-un-mes-empresas-sin-contrato-por-13-millones\/#primaryimage"},"thumbnailUrl":"https:\/\/www.ppdelugo.com\/wp-content\/uploads\/2017\/03\/DSC06995.jpg","datePublished":"2017-03-07T11:55:29+00:00","author":{"@id":"https:\/\/www.ppdelugo.com\/es\/#\/schema\/person\/4fa17dd371813e2c389a4417775cec48"},"breadcrumb":{"@id":"https:\/\/www.ppdelugo.com\/es\/el-pp-denuncia-pagos-en-un-mes-empresas-sin-contrato-por-13-millones\/#breadcrumb"},"inLanguage":"es","potentialAction":[{"@type":"ReadAction","target":["https:\/\/www.ppdelugo.com\/es\/el-pp-denuncia-pagos-en-un-mes-empresas-sin-contrato-por-13-millones\/"]}]},{"@type":"ImageObject","inLanguage":"es","@id":"https:\/\/www.ppdelugo.com\/es\/el-pp-denuncia-pagos-en-un-mes-empresas-sin-contrato-por-13-millones\/#primaryimage","url":"https:\/\/www.ppdelugo.com\/wp-content\/uploads\/2017\/03\/DSC06995.jpg","contentUrl":"https:\/\/www.ppdelugo.com\/wp-content\/uploads\/2017\/03\/DSC06995.jpg","width":3648,"height":2736},{"@type":"BreadcrumbList","@id":"https:\/\/www.ppdelugo.com\/es\/el-pp-denuncia-pagos-en-un-mes-empresas-sin-contrato-por-13-millones\/#breadcrumb","itemListElement":[{"@type":"ListItem","position":1,"name":"Portada","item":"https:\/\/www.ppdelugo.com\/es\/"},{"@type":"ListItem","position":2,"name":"El PP denuncia pagos en un mes a empresas sin contrato por 1,3 millones"}]},{"@type":"WebSite","@id":"https:\/\/www.ppdelugo.com\/es\/#website","url":"https:\/\/www.ppdelugo.com\/es\/","name":"Grupo Municipal Partido Popular de Lugo","description":"Web del Grupo Municipal del Partido Popular en el Ayuntamiento de Lugo, con informaci\u00f3n sobre Lugo y fomento de la participaci\u00f3n ciudadana","potentialAction":[{"@type":"SearchAction","target":{"@type":"EntryPoint","urlTemplate":"https:\/\/www.ppdelugo.com\/es\/?s={search_term_string}"},"query-input":{"@type":"PropertyValueSpecification","valueRequired":true,"valueName":"search_term_string"}}],"inLanguage":"es"},{"@type":"Person","@id":"https:\/\/www.ppdelugo.com\/es\/#\/schema\/person\/4fa17dd371813e2c389a4417775cec48","name":"ppdelugo","url":"https:\/\/www.ppdelugo.com\/es\/author\/admin-2\/"}]}},"_links":{"self":[{"href":"https:\/\/www.ppdelugo.com\/es\/wp-json\/wp\/v2\/posts\/4597","targetHints":{"allow":["GET"]}}],"collection":[{"href":"https:\/\/www.ppdelugo.com\/es\/wp-json\/wp\/v2\/posts"}],"about":[{"href":"https:\/\/www.ppdelugo.com\/es\/wp-json\/wp\/v2\/types\/post"}],"author":[{"embeddable":true,"href":"https:\/\/www.ppdelugo.com\/es\/wp-json\/wp\/v2\/users\/8"}],"replies":[{"embeddable":true,"href":"https:\/\/www.ppdelugo.com\/es\/wp-json\/wp\/v2\/comments?post=4597"}],"version-history":[{"count":0,"href":"https:\/\/www.ppdelugo.com\/es\/wp-json\/wp\/v2\/posts\/4597\/revisions"}],"wp:featuredmedia":[{"embeddable":true,"href":"https:\/\/www.ppdelugo.com\/es\/wp-json\/wp\/v2\/media\/4599"}],"wp:attachment":[{"href":"https:\/\/www.ppdelugo.com\/es\/wp-json\/wp\/v2\/media?parent=4597"}],"wp:term":[{"taxonomy":"category","embeddable":true,"href":"https:\/\/www.ppdelugo.com\/es\/wp-json\/wp\/v2\/categories?post=4597"},{"taxonomy":"post_tag","embeddable":true,"href":"https:\/\/www.ppdelugo.com\/es\/wp-json\/wp\/v2\/tags?post=4597"}],"curies":[{"name":"wp","href":"https:\/\/api.w.org\/{rel}","templated":true}]}}