{"id":4582,"date":"2017-03-07T08:54:58","date_gmt":"2017-03-07T08:54:58","guid":{"rendered":"http:\/\/www.ppdelugo.com\/es\/o-pp-lamenta-improvisacion-coa-que-se-implanta-zona-30-na-muralla\/"},"modified":"2017-03-07T09:41:42","modified_gmt":"2017-03-07T09:41:42","slug":"o-pp-lamenta-improvisacion-coa-que-se-implanta-zona-30-na-muralla","status":"publish","type":"post","link":"https:\/\/www.ppdelugo.com\/es\/o-pp-lamenta-improvisacion-coa-que-se-implanta-zona-30-na-muralla\/","title":{"rendered":"El PP lamenta la improvisaci\u00f3n con la que se implanta la zona 30 en la Ronda de la Muralla"},"content":{"rendered":"[vc_row type=\u00bbin_container\u00bb scene_position=\u00bbcenter\u00bb text_color=\u00bbdark\u00bb text_align=\u00bbleft\u00bb top_padding=\u00bb-10&#8243; overlay_strength=\u00bb0.3&#8243;][vc_column column_padding=\u00bbno-extra-padding\u00bb column_padding_position=\u00bball\u00bb background_color_opacity=\u00bb1&#8243; background_hover_color_opacity=\u00bb1&#8243; width=\u00bb1\/1&#8243;][vc_column_text]El viceportavoz popular Antonio Ameijide afirma que la pol\u00edtica de parches delata la nefasta gesti\u00f3n del tr\u00e1fico en Lugo e interpreta esta medida como una estrategia de la alcaldesa para comprar los votos de otros grupos para sacar adelante los presupuestos.<\/p>\n<p><!--more--><\/p>\n<p>O PP acusa a alcaldesa de Lugo de po\u00f1er en pr\u00e1ctica unha pol\u00edtica de parches con actuaci\u00f3ns improvisadas como a implantaci\u00f3n hoxe da zona 30 na ronda da muralla. \u201cEstamos ante unha soluci\u00f3n illada e curta de miras que non resolve os problemas reais da mobilidade na cidade. Seguimos con caos no tr\u00e1fico e no estacionamento, seguimos sen ter un transporte p\u00fablico atractivo e de calidade e sen contar cunha sinalizaci\u00f3n e mantemento de v\u00edas axeitados para mellorar a seguridade viaria\u201d, reflexionou Ameijide.<\/p>\n<p>Para o vicevoceiro popular Antonio Ameijide \u201cesta forma de actuar pon en evidencia\u00a0 a nula capacidade de xesti\u00f3n dos socialistas en materia de tr\u00e1fico no que leva de mandato\u201d. \u201cEstamos diante doutra corti\u00f1a de fume para tapar as s\u00faas vergo\u00f1as e a s\u00faa ineficacia\u201d.<\/p>\n<p>O vicevoceiro popular interpreta este novo paso como unha estratexia da alcaldesa para comprar os votos doutros partidos para sacar adiante os orzamentos que segue sen presentar e que ao paso que imos parece que ainda tardar\u00e1n.<\/p>\n<p>Antonio Ameijide tam\u00e9n ironizou coa forma coa que a alcaldesa anuncia unha medida de tanto calado como esta e que \u201cafecta\u00a0 a unha das principais arterias que vertebran o tr\u00e1fico de Lugo\u201d engadindo que \u201c\u00e9 ins\u00f3lito que organicen un acto p\u00fablico para colocar un cox\u00edn redutor de velocidade e que no caso da implantaci\u00f3n da zona 30 da Ronda sexa unha total improvisaci\u00f3n\u201d.[\/vc_column_text][\/vc_column][\/vc_row][vc_row type=\u00bbin_container\u00bb scene_position=\u00bbcenter\u00bb text_color=\u00bbdark\u00bb text_align=\u00bbleft\u00bb overlay_strength=\u00bb0.3&#8243;][vc_column column_padding=\u00bbno-extra-padding\u00bb column_padding_position=\u00bball\u00bb background_color_opacity=\u00bb1&#8243; background_hover_color_opacity=\u00bb1&#8243; width=\u00bb1\/1&#8243;][vc_column_text]\n<audio class=\"wp-audio-shortcode\" id=\"audio-4582-1\" preload=\"none\" style=\"width: 100%;\" controls=\"controls\"><source type=\"audio\/mpeg\" src=\"http:\/\/www.ppdelugo.com\/wp-content\/uploads\/2017\/03\/CORTE-AMEIJIDE-SOBRE-CORTINA-FUME-ZONA30-06-03-17.mp3?_=1\" \/><a href=\"http:\/\/www.ppdelugo.com\/wp-content\/uploads\/2017\/03\/CORTE-AMEIJIDE-SOBRE-CORTINA-FUME-ZONA30-06-03-17.mp3\">http:\/\/www.ppdelugo.com\/wp-content\/uploads\/2017\/03\/CORTE-AMEIJIDE-SOBRE-CORTINA-FUME-ZONA30-06-03-17.mp3<\/a><\/audio>\n[\/vc_column_text][\/vc_column][\/vc_row]\n","protected":false},"excerpt":{"rendered":"<p>[vc_row type=\u00bbin_container\u00bb scene_position=\u00bbcenter\u00bb text_color=\u00bbdark\u00bb text_align=\u00bbleft\u00bb top_padding=\u00bb-10&#8243; overlay_strength=\u00bb0.3&#8243;][vc_column column_padding=\u00bbno-extra-padding\u00bb column_padding_position=\u00bball\u00bb background_color_opacity=\u00bb1&#8243; background_hover_color_opacity=\u00bb1&#8243; width=\u00bb1\/1&#8243;][vc_column_text]El viceportavoz popular Antonio Ameijide afirma que la pol\u00edtica de parches delata la nefasta gesti\u00f3n del tr\u00e1fico en Lugo&#8230;<\/p>\n","protected":false},"author":8,"featured_media":4594,"comment_status":"open","ping_status":"closed","sticky":false,"template":"","format":"standard","meta":{"footnotes":""},"categories":[38],"tags":[],"class_list":{"0":"post-4582","1":"post","2":"type-post","3":"status-publish","4":"format-standard","5":"has-post-thumbnail","7":"category-trafico-es"},"yoast_head":"<!-- This site is optimized with the Yoast SEO plugin v27.4 - https:\/\/yoast.com\/product\/yoast-seo-wordpress\/ -->\n<title>El PP lamenta la improvisaci\u00f3n con la que se implanta la zona 30 en la Ronda de la Muralla - Grupo Municipal Partido Popular de Lugo<\/title>\n<meta name=\"robots\" content=\"index, follow, max-snippet:-1, max-image-preview:large, max-video-preview:-1\" \/>\n<link rel=\"canonical\" href=\"https:\/\/www.ppdelugo.com\/es\/o-pp-lamenta-improvisacion-coa-que-se-implanta-zona-30-na-muralla\/\" \/>\n<meta property=\"og:locale\" content=\"es_ES\" \/>\n<meta property=\"og:type\" content=\"article\" \/>\n<meta property=\"og:title\" content=\"El PP lamenta la improvisaci\u00f3n con la que se implanta la zona 30 en la Ronda de la Muralla - Grupo Municipal Partido Popular de Lugo\" \/>\n<meta property=\"og:description\" content=\"[vc_row type=\u00bbin_container\u00bb scene_position=\u00bbcenter\u00bb text_color=\u00bbdark\u00bb text_align=\u00bbleft\u00bb top_padding=\u00bb-10&#8243; overlay_strength=\u00bb0.3&#8243;][vc_column column_padding=\u00bbno-extra-padding\u00bb column_padding_position=\u00bball\u00bb background_color_opacity=\u00bb1&#8243; background_hover_color_opacity=\u00bb1&#8243; width=\u00bb1\/1&#8243;][vc_column_text]El viceportavoz popular Antonio Ameijide afirma que la pol\u00edtica de parches delata la nefasta gesti\u00f3n del tr\u00e1fico en Lugo...\" \/>\n<meta property=\"og:url\" content=\"https:\/\/www.ppdelugo.com\/es\/o-pp-lamenta-improvisacion-coa-que-se-implanta-zona-30-na-muralla\/\" \/>\n<meta property=\"og:site_name\" content=\"Grupo Municipal Partido Popular de Lugo\" \/>\n<meta property=\"article:published_time\" content=\"2017-03-07T08:54:58+00:00\" \/>\n<meta property=\"article:modified_time\" content=\"2017-03-07T09:41:42+00:00\" \/>\n<meta property=\"og:image\" content=\"https:\/\/www.ppdelugo.com\/wp-content\/uploads\/2017\/03\/zona-30.jpg\" \/>\n\t<meta property=\"og:image:width\" content=\"1200\" \/>\n\t<meta property=\"og:image:height\" content=\"1600\" \/>\n\t<meta property=\"og:image:type\" content=\"image\/jpeg\" \/>\n<meta name=\"author\" content=\"ppdelugo\" \/>\n<meta name=\"twitter:card\" content=\"summary_large_image\" \/>\n<meta name=\"twitter:label1\" content=\"Escrito por\" \/>\n\t<meta name=\"twitter:data1\" content=\"ppdelugo\" \/>\n\t<meta name=\"twitter:label2\" content=\"Tiempo de lectura\" \/>\n\t<meta name=\"twitter:data2\" content=\"2 minutos\" \/>\n<script type=\"application\/ld+json\" class=\"yoast-schema-graph\">{\"@context\":\"https:\\\/\\\/schema.org\",\"@graph\":[{\"@type\":\"Article\",\"@id\":\"https:\\\/\\\/www.ppdelugo.com\\\/es\\\/o-pp-lamenta-improvisacion-coa-que-se-implanta-zona-30-na-muralla\\\/#article\",\"isPartOf\":{\"@id\":\"https:\\\/\\\/www.ppdelugo.com\\\/es\\\/o-pp-lamenta-improvisacion-coa-que-se-implanta-zona-30-na-muralla\\\/\"},\"author\":{\"name\":\"ppdelugo\",\"@id\":\"https:\\\/\\\/www.ppdelugo.com\\\/es\\\/#\\\/schema\\\/person\\\/4fa17dd371813e2c389a4417775cec48\"},\"headline\":\"El PP lamenta la improvisaci\u00f3n con la que se implanta la zona 30 en la Ronda de la Muralla\",\"datePublished\":\"2017-03-07T08:54:58+00:00\",\"dateModified\":\"2017-03-07T09:41:42+00:00\",\"mainEntityOfPage\":{\"@id\":\"https:\\\/\\\/www.ppdelugo.com\\\/es\\\/o-pp-lamenta-improvisacion-coa-que-se-implanta-zona-30-na-muralla\\\/\"},\"wordCount\":414,\"commentCount\":0,\"image\":{\"@id\":\"https:\\\/\\\/www.ppdelugo.com\\\/es\\\/o-pp-lamenta-improvisacion-coa-que-se-implanta-zona-30-na-muralla\\\/#primaryimage\"},\"thumbnailUrl\":\"https:\\\/\\\/www.ppdelugo.com\\\/wp-content\\\/uploads\\\/2017\\\/03\\\/zona-30.jpg\",\"articleSection\":[\"Tr\u00e1fico\"],\"inLanguage\":\"es\",\"potentialAction\":[{\"@type\":\"CommentAction\",\"name\":\"Comment\",\"target\":[\"https:\\\/\\\/www.ppdelugo.com\\\/es\\\/o-pp-lamenta-improvisacion-coa-que-se-implanta-zona-30-na-muralla\\\/#respond\"]}]},{\"@type\":\"WebPage\",\"@id\":\"https:\\\/\\\/www.ppdelugo.com\\\/es\\\/o-pp-lamenta-improvisacion-coa-que-se-implanta-zona-30-na-muralla\\\/\",\"url\":\"https:\\\/\\\/www.ppdelugo.com\\\/es\\\/o-pp-lamenta-improvisacion-coa-que-se-implanta-zona-30-na-muralla\\\/\",\"name\":\"El PP lamenta la improvisaci\u00f3n con la que se implanta la zona 30 en la Ronda de la Muralla - Grupo Municipal Partido Popular de Lugo\",\"isPartOf\":{\"@id\":\"https:\\\/\\\/www.ppdelugo.com\\\/es\\\/#website\"},\"primaryImageOfPage\":{\"@id\":\"https:\\\/\\\/www.ppdelugo.com\\\/es\\\/o-pp-lamenta-improvisacion-coa-que-se-implanta-zona-30-na-muralla\\\/#primaryimage\"},\"image\":{\"@id\":\"https:\\\/\\\/www.ppdelugo.com\\\/es\\\/o-pp-lamenta-improvisacion-coa-que-se-implanta-zona-30-na-muralla\\\/#primaryimage\"},\"thumbnailUrl\":\"https:\\\/\\\/www.ppdelugo.com\\\/wp-content\\\/uploads\\\/2017\\\/03\\\/zona-30.jpg\",\"datePublished\":\"2017-03-07T08:54:58+00:00\",\"dateModified\":\"2017-03-07T09:41:42+00:00\",\"author\":{\"@id\":\"https:\\\/\\\/www.ppdelugo.com\\\/es\\\/#\\\/schema\\\/person\\\/4fa17dd371813e2c389a4417775cec48\"},\"breadcrumb\":{\"@id\":\"https:\\\/\\\/www.ppdelugo.com\\\/es\\\/o-pp-lamenta-improvisacion-coa-que-se-implanta-zona-30-na-muralla\\\/#breadcrumb\"},\"inLanguage\":\"es\",\"potentialAction\":[{\"@type\":\"ReadAction\",\"target\":[\"https:\\\/\\\/www.ppdelugo.com\\\/es\\\/o-pp-lamenta-improvisacion-coa-que-se-implanta-zona-30-na-muralla\\\/\"]}]},{\"@type\":\"ImageObject\",\"inLanguage\":\"es\",\"@id\":\"https:\\\/\\\/www.ppdelugo.com\\\/es\\\/o-pp-lamenta-improvisacion-coa-que-se-implanta-zona-30-na-muralla\\\/#primaryimage\",\"url\":\"https:\\\/\\\/www.ppdelugo.com\\\/wp-content\\\/uploads\\\/2017\\\/03\\\/zona-30.jpg\",\"contentUrl\":\"https:\\\/\\\/www.ppdelugo.com\\\/wp-content\\\/uploads\\\/2017\\\/03\\\/zona-30.jpg\",\"width\":1200,\"height\":1600},{\"@type\":\"BreadcrumbList\",\"@id\":\"https:\\\/\\\/www.ppdelugo.com\\\/es\\\/o-pp-lamenta-improvisacion-coa-que-se-implanta-zona-30-na-muralla\\\/#breadcrumb\",\"itemListElement\":[{\"@type\":\"ListItem\",\"position\":1,\"name\":\"Portada\",\"item\":\"https:\\\/\\\/www.ppdelugo.com\\\/es\\\/\"},{\"@type\":\"ListItem\",\"position\":2,\"name\":\"El PP lamenta la improvisaci\u00f3n con la que se implanta la zona 30 en la Ronda de la Muralla\"}]},{\"@type\":\"WebSite\",\"@id\":\"https:\\\/\\\/www.ppdelugo.com\\\/es\\\/#website\",\"url\":\"https:\\\/\\\/www.ppdelugo.com\\\/es\\\/\",\"name\":\"Grupo Municipal Partido Popular de Lugo\",\"description\":\"Web del Grupo Municipal del Partido Popular en el Ayuntamiento de Lugo, con informaci\u00f3n sobre Lugo y fomento de la participaci\u00f3n ciudadana\",\"potentialAction\":[{\"@type\":\"SearchAction\",\"target\":{\"@type\":\"EntryPoint\",\"urlTemplate\":\"https:\\\/\\\/www.ppdelugo.com\\\/es\\\/?s={search_term_string}\"},\"query-input\":{\"@type\":\"PropertyValueSpecification\",\"valueRequired\":true,\"valueName\":\"search_term_string\"}}],\"inLanguage\":\"es\"},{\"@type\":\"Person\",\"@id\":\"https:\\\/\\\/www.ppdelugo.com\\\/es\\\/#\\\/schema\\\/person\\\/4fa17dd371813e2c389a4417775cec48\",\"name\":\"ppdelugo\",\"url\":\"https:\\\/\\\/www.ppdelugo.com\\\/es\\\/author\\\/admin-2\\\/\"}]}<\/script>\n<!-- \/ Yoast SEO plugin. -->","yoast_head_json":{"title":"El PP lamenta la improvisaci\u00f3n con la que se implanta la zona 30 en la Ronda de la Muralla - Grupo Municipal Partido Popular de Lugo","robots":{"index":"index","follow":"follow","max-snippet":"max-snippet:-1","max-image-preview":"max-image-preview:large","max-video-preview":"max-video-preview:-1"},"canonical":"https:\/\/www.ppdelugo.com\/es\/o-pp-lamenta-improvisacion-coa-que-se-implanta-zona-30-na-muralla\/","og_locale":"es_ES","og_type":"article","og_title":"El PP lamenta la improvisaci\u00f3n con la que se implanta la zona 30 en la Ronda de la Muralla - Grupo Municipal Partido Popular de Lugo","og_description":"[vc_row type=\u00bbin_container\u00bb scene_position=\u00bbcenter\u00bb text_color=\u00bbdark\u00bb text_align=\u00bbleft\u00bb top_padding=\u00bb-10&#8243; overlay_strength=\u00bb0.3&#8243;][vc_column column_padding=\u00bbno-extra-padding\u00bb column_padding_position=\u00bball\u00bb background_color_opacity=\u00bb1&#8243; background_hover_color_opacity=\u00bb1&#8243; width=\u00bb1\/1&#8243;][vc_column_text]El viceportavoz popular Antonio Ameijide afirma que la pol\u00edtica de parches delata la nefasta gesti\u00f3n del tr\u00e1fico en Lugo...","og_url":"https:\/\/www.ppdelugo.com\/es\/o-pp-lamenta-improvisacion-coa-que-se-implanta-zona-30-na-muralla\/","og_site_name":"Grupo Municipal Partido Popular de Lugo","article_published_time":"2017-03-07T08:54:58+00:00","article_modified_time":"2017-03-07T09:41:42+00:00","og_image":[{"width":1200,"height":1600,"url":"https:\/\/www.ppdelugo.com\/wp-content\/uploads\/2017\/03\/zona-30.jpg","type":"image\/jpeg"}],"author":"ppdelugo","twitter_card":"summary_large_image","twitter_misc":{"Escrito por":"ppdelugo","Tiempo de lectura":"2 minutos"},"schema":{"@context":"https:\/\/schema.org","@graph":[{"@type":"Article","@id":"https:\/\/www.ppdelugo.com\/es\/o-pp-lamenta-improvisacion-coa-que-se-implanta-zona-30-na-muralla\/#article","isPartOf":{"@id":"https:\/\/www.ppdelugo.com\/es\/o-pp-lamenta-improvisacion-coa-que-se-implanta-zona-30-na-muralla\/"},"author":{"name":"ppdelugo","@id":"https:\/\/www.ppdelugo.com\/es\/#\/schema\/person\/4fa17dd371813e2c389a4417775cec48"},"headline":"El PP lamenta la improvisaci\u00f3n con la que se implanta la zona 30 en la Ronda de la Muralla","datePublished":"2017-03-07T08:54:58+00:00","dateModified":"2017-03-07T09:41:42+00:00","mainEntityOfPage":{"@id":"https:\/\/www.ppdelugo.com\/es\/o-pp-lamenta-improvisacion-coa-que-se-implanta-zona-30-na-muralla\/"},"wordCount":414,"commentCount":0,"image":{"@id":"https:\/\/www.ppdelugo.com\/es\/o-pp-lamenta-improvisacion-coa-que-se-implanta-zona-30-na-muralla\/#primaryimage"},"thumbnailUrl":"https:\/\/www.ppdelugo.com\/wp-content\/uploads\/2017\/03\/zona-30.jpg","articleSection":["Tr\u00e1fico"],"inLanguage":"es","potentialAction":[{"@type":"CommentAction","name":"Comment","target":["https:\/\/www.ppdelugo.com\/es\/o-pp-lamenta-improvisacion-coa-que-se-implanta-zona-30-na-muralla\/#respond"]}]},{"@type":"WebPage","@id":"https:\/\/www.ppdelugo.com\/es\/o-pp-lamenta-improvisacion-coa-que-se-implanta-zona-30-na-muralla\/","url":"https:\/\/www.ppdelugo.com\/es\/o-pp-lamenta-improvisacion-coa-que-se-implanta-zona-30-na-muralla\/","name":"El PP lamenta la improvisaci\u00f3n con la que se implanta la zona 30 en la Ronda de la Muralla - Grupo Municipal Partido Popular de Lugo","isPartOf":{"@id":"https:\/\/www.ppdelugo.com\/es\/#website"},"primaryImageOfPage":{"@id":"https:\/\/www.ppdelugo.com\/es\/o-pp-lamenta-improvisacion-coa-que-se-implanta-zona-30-na-muralla\/#primaryimage"},"image":{"@id":"https:\/\/www.ppdelugo.com\/es\/o-pp-lamenta-improvisacion-coa-que-se-implanta-zona-30-na-muralla\/#primaryimage"},"thumbnailUrl":"https:\/\/www.ppdelugo.com\/wp-content\/uploads\/2017\/03\/zona-30.jpg","datePublished":"2017-03-07T08:54:58+00:00","dateModified":"2017-03-07T09:41:42+00:00","author":{"@id":"https:\/\/www.ppdelugo.com\/es\/#\/schema\/person\/4fa17dd371813e2c389a4417775cec48"},"breadcrumb":{"@id":"https:\/\/www.ppdelugo.com\/es\/o-pp-lamenta-improvisacion-coa-que-se-implanta-zona-30-na-muralla\/#breadcrumb"},"inLanguage":"es","potentialAction":[{"@type":"ReadAction","target":["https:\/\/www.ppdelugo.com\/es\/o-pp-lamenta-improvisacion-coa-que-se-implanta-zona-30-na-muralla\/"]}]},{"@type":"ImageObject","inLanguage":"es","@id":"https:\/\/www.ppdelugo.com\/es\/o-pp-lamenta-improvisacion-coa-que-se-implanta-zona-30-na-muralla\/#primaryimage","url":"https:\/\/www.ppdelugo.com\/wp-content\/uploads\/2017\/03\/zona-30.jpg","contentUrl":"https:\/\/www.ppdelugo.com\/wp-content\/uploads\/2017\/03\/zona-30.jpg","width":1200,"height":1600},{"@type":"BreadcrumbList","@id":"https:\/\/www.ppdelugo.com\/es\/o-pp-lamenta-improvisacion-coa-que-se-implanta-zona-30-na-muralla\/#breadcrumb","itemListElement":[{"@type":"ListItem","position":1,"name":"Portada","item":"https:\/\/www.ppdelugo.com\/es\/"},{"@type":"ListItem","position":2,"name":"El PP lamenta la improvisaci\u00f3n con la que se implanta la zona 30 en la Ronda de la Muralla"}]},{"@type":"WebSite","@id":"https:\/\/www.ppdelugo.com\/es\/#website","url":"https:\/\/www.ppdelugo.com\/es\/","name":"Grupo Municipal Partido Popular de Lugo","description":"Web del Grupo Municipal del Partido Popular en el Ayuntamiento de Lugo, con informaci\u00f3n sobre Lugo y fomento de la participaci\u00f3n ciudadana","potentialAction":[{"@type":"SearchAction","target":{"@type":"EntryPoint","urlTemplate":"https:\/\/www.ppdelugo.com\/es\/?s={search_term_string}"},"query-input":{"@type":"PropertyValueSpecification","valueRequired":true,"valueName":"search_term_string"}}],"inLanguage":"es"},{"@type":"Person","@id":"https:\/\/www.ppdelugo.com\/es\/#\/schema\/person\/4fa17dd371813e2c389a4417775cec48","name":"ppdelugo","url":"https:\/\/www.ppdelugo.com\/es\/author\/admin-2\/"}]}},"_links":{"self":[{"href":"https:\/\/www.ppdelugo.com\/es\/wp-json\/wp\/v2\/posts\/4582","targetHints":{"allow":["GET"]}}],"collection":[{"href":"https:\/\/www.ppdelugo.com\/es\/wp-json\/wp\/v2\/posts"}],"about":[{"href":"https:\/\/www.ppdelugo.com\/es\/wp-json\/wp\/v2\/types\/post"}],"author":[{"embeddable":true,"href":"https:\/\/www.ppdelugo.com\/es\/wp-json\/wp\/v2\/users\/8"}],"replies":[{"embeddable":true,"href":"https:\/\/www.ppdelugo.com\/es\/wp-json\/wp\/v2\/comments?post=4582"}],"version-history":[{"count":0,"href":"https:\/\/www.ppdelugo.com\/es\/wp-json\/wp\/v2\/posts\/4582\/revisions"}],"wp:featuredmedia":[{"embeddable":true,"href":"https:\/\/www.ppdelugo.com\/es\/wp-json\/wp\/v2\/media\/4594"}],"wp:attachment":[{"href":"https:\/\/www.ppdelugo.com\/es\/wp-json\/wp\/v2\/media?parent=4582"}],"wp:term":[{"taxonomy":"category","embeddable":true,"href":"https:\/\/www.ppdelugo.com\/es\/wp-json\/wp\/v2\/categories?post=4582"},{"taxonomy":"post_tag","embeddable":true,"href":"https:\/\/www.ppdelugo.com\/es\/wp-json\/wp\/v2\/tags?post=4582"}],"curies":[{"name":"wp","href":"https:\/\/api.w.org\/{rel}","templated":true}]}}