{"id":4575,"date":"2017-03-06T11:51:16","date_gmt":"2017-03-06T11:51:16","guid":{"rendered":"http:\/\/www.ppdelugo.com\/es\/o-pp-ve-o-acondicionamento-entorno-anxo-carro-outro-escorial-psoe\/"},"modified":"2017-03-06T11:56:01","modified_gmt":"2017-03-06T11:56:01","slug":"o-pp-ve-o-acondicionamento-entorno-anxo-carro-outro-escorial-psoe","status":"publish","type":"post","link":"https:\/\/www.ppdelugo.com\/es\/o-pp-ve-o-acondicionamento-entorno-anxo-carro-outro-escorial-psoe\/","title":{"rendered":"El PP ve el acondicionamiento del entorno del Anxo Carro \u201cotro Escorial\u201d del PSOE"},"content":{"rendered":"[vc_row type=\u00bbin_container\u00bb scene_position=\u00bbcenter\u00bb text_color=\u00bbdark\u00bb text_align=\u00bbleft\u00bb top_padding=\u00bb-10&#8243; overlay_strength=\u00bb0.3&#8243;][vc_column column_padding=\u00bbno-extra-padding\u00bb column_padding_position=\u00bball\u00bb background_color_opacity=\u00bb1&#8243; background_hover_color_opacity=\u00bb1&#8243; width=\u00bb1\/1&#8243;][vc_column_text] El viceportavoz popular Antonio Ameijide critica que \u201cen tres a\u00f1os ni el gobierno de Orozco ni el de M\u00e9ndez hayan encontrado el momento de cumplir con lo que pactaron con el PP en el Plan de Inversiones para intervenir en las inmediaciones del estadio del CD Lugo\u201d<\/p>\n<p><!--more--><\/p>\n<p>O vicevoceiro do Grupo Municipal do Partido Popular, Antonio Ameijide, lamenta que o acondicionamento do paso soterrado ao Anxo Carro vaia cami\u00f1o de converterse \u201cnoutro Escorial m\u00e1is deste goberno local\u201d, seguindo a estela doutras intervenci\u00f3ns pendentes, \u201cgardadas nun caix\u00f3n e parece que cunha chave extraviada\u201d. Nesa li\u00f1a, o popular detalla que \u201co \u00fanico que esiximos \u00e9 que se cumpra o que xa est\u00e1 aprobado no Plan de Investimentos que o PP e o PSOE de L\u00f3pez Orozco acordamos en 2014\u201d, xa que \u201ctendo en conta que esta alcaldesa \u00e9 tan dada a vivir desas rendas, que menos que pedirlle que acabe de executar o que, tres anos despois, contin\u00faa sen ser realidade\u201d. \u201cEspecialmente con casos cun custe econ\u00f3mico tan reducido coma este e cun beneficio tan notable\u201d, no que o que se reclama \u00e9 que se acondicionen a entrada e a sa\u00edda deste punto \u201ctanto dende a entrada da cidade (ben dende A Cheda ou dende a Calzada da Ponte) como na sa\u00edda cara ao Paseo do Mi\u00f1o e cara ao Pazo de Feiras e o Anxo Carro\u201d.<\/p>\n<p>En opini\u00f3n dos populares, c\u00f3mpre, paralelamente, realizar o acondicionamento dos sendeiros cara a este estadio de f\u00fatbol dende a explanada do Pazo de Feiras, para o que haber\u00eda que estudar a posibilidade de dotalos de varandas e dun mellor pavimento. \u201cTanto no caso do paso soterrado como neste sendeiro, o peor non \u00e9 o esvaradizos que se volven sen\u00f3n o risco de resbal\u00f3ns e ca\u00eddas que implican, ademais da evidente mellora de seguridade que promover\u00eda o feito de evitar a N-VI co perigo de atropelos que conleva\u201d, reitera Ameijide, quen subli\u00f1a que \u201cesta intervenci\u00f3n tan sinxela poder\u00eda dar servizo ao Anxo Carro, ao Paseo do Mi\u00f1o e ao Pazo de Feiras e Exposici\u00f3ns\u201d. \u201cTal \u00e9 o estado de abandono que presentan estes pasos que o propio Ministerio de Fomento instou ao goberno municipal a sinalizar os itinerarios peon\u00eds de acceso ao estadio, dende a cidade ata os dous pasos inferiores existentes\u201d, revela a popular en alusi\u00f3n a \u201cunha intervenci\u00f3n ben sinxela, cun custe econ\u00f3mico rid\u00edculo, que evitar\u00eda que, malia \u00e1s medidas que adoptou o goberno central ao instalar un valado a ambos os dous lados da N-VI, siga habendo persoas que a atravesen, co enorme perigo que implica\u201d.<\/p>\n<p><strong>Programa de est\u00edmulo para o entorno do Anxo Carro.-<\/strong><\/p>\n<p>Ademais, os populares propo\u00f1en a creaci\u00f3n dun programa de est\u00edmulos para o entorno do Anxo Carro que, sumado \u00e1s d\u00faas iniciativas anteriores, incorpore o estudo da creaci\u00f3n de zonas de estacionamento gratu\u00edto conveniadas con propietarios de terreos do entorno, a mellora na informaci\u00f3n na web do Concello dos horarios dos autobuses urbanos os d\u00edas de partido, a sinalizaci\u00f3n dos itinerarios de chegada dende o centro e outros puntos de interese e a mellora no acceso dende a r\u00faa Pousadela ao estadio, medidas das qu se beneficiar\u00edan lugueses e visitantes.<\/p>\n<p>Finalmente, os populares avogan pola \u201coportunidade\u201d de proceder \u00e1 peonalizaci\u00f3n da Calzada da Ponte de xeito \u201cconsensuado con veci\u00f1os e comerciantes, con alternativas que non provoquen o mesmo estrangulamento que a da ponte romana\u201d. \u201cO PP foi o primeiro en levar esta medida ao pleno al\u00f3 por 2012 e pensamos que \u00e9 hora de recuperala e situala na axenda municipal, estudando a posibilidade mixta de restrinxir a circulaci\u00f3n en determinados horarios e datas\u201d, puntualiza.\u00a0<span style=\"line-height: 1.5;\">[\/vc_column_text][\/vc_column][\/vc_row][vc_row type=\u00bbin_container\u00bb scene_position=\u00bbcenter\u00bb text_color=\u00bbdark\u00bb text_align=\u00bbleft\u00bb overlay_strength=\u00bb0.3&#8243;][vc_column column_padding=\u00bbno-extra-padding\u00bb column_padding_position=\u00bball\u00bb background_color_opacity=\u00bb1&#8243; background_hover_color_opacity=\u00bb1&#8243; width=\u00bb1\/1&#8243;][vc_column_text]<\/span><\/p>\n<audio class=\"wp-audio-shortcode\" id=\"audio-4575-1\" preload=\"none\" style=\"width: 100%;\" controls=\"controls\"><source type=\"audio\/mpeg\" src=\"http:\/\/www.ppdelugo.com\/wp-content\/uploads\/2017\/03\/CORTE-AMEIJIDE-ENTORNO-ANXO-CARRO-06-03-17.mp3?_=1\" \/><a href=\"http:\/\/www.ppdelugo.com\/wp-content\/uploads\/2017\/03\/CORTE-AMEIJIDE-ENTORNO-ANXO-CARRO-06-03-17.mp3\">http:\/\/www.ppdelugo.com\/wp-content\/uploads\/2017\/03\/CORTE-AMEIJIDE-ENTORNO-ANXO-CARRO-06-03-17.mp3<\/a><\/audio>\n[\/vc_column_text][\/vc_column][\/vc_row]\n","protected":false},"excerpt":{"rendered":"<p>[vc_row type=\u00bbin_container\u00bb scene_position=\u00bbcenter\u00bb text_color=\u00bbdark\u00bb text_align=\u00bbleft\u00bb top_padding=\u00bb-10&#8243; overlay_strength=\u00bb0.3&#8243;][vc_column column_padding=\u00bbno-extra-padding\u00bb column_padding_position=\u00bball\u00bb background_color_opacity=\u00bb1&#8243; background_hover_color_opacity=\u00bb1&#8243; width=\u00bb1\/1&#8243;][vc_column_text] El viceportavoz popular Antonio Ameijide critica que \u201cen tres a\u00f1os ni el gobierno de Orozco ni el de&#8230;<\/p>\n","protected":false},"author":8,"featured_media":4573,"comment_status":"open","ping_status":"closed","sticky":false,"template":"","format":"standard","meta":{"footnotes":""},"categories":[51,34],"tags":[],"class_list":{"0":"post-4575","1":"post","2":"type-post","3":"status-publish","4":"format-standard","5":"has-post-thumbnail","7":"category-deportes","8":"category-obras-es"},"yoast_head":"<!-- This site is optimized with the Yoast SEO plugin v27.4 - https:\/\/yoast.com\/product\/yoast-seo-wordpress\/ -->\n<title>El PP ve el acondicionamiento del entorno del Anxo Carro \u201cotro Escorial\u201d del PSOE - Grupo Municipal Partido Popular de Lugo<\/title>\n<meta name=\"robots\" content=\"index, follow, max-snippet:-1, max-image-preview:large, max-video-preview:-1\" \/>\n<link rel=\"canonical\" href=\"https:\/\/www.ppdelugo.com\/es\/o-pp-ve-o-acondicionamento-entorno-anxo-carro-outro-escorial-psoe\/\" \/>\n<meta property=\"og:locale\" content=\"es_ES\" \/>\n<meta property=\"og:type\" content=\"article\" \/>\n<meta property=\"og:title\" content=\"El PP ve el acondicionamiento del entorno del Anxo Carro \u201cotro Escorial\u201d del PSOE - Grupo Municipal Partido Popular de Lugo\" \/>\n<meta property=\"og:description\" content=\"[vc_row type=\u00bbin_container\u00bb scene_position=\u00bbcenter\u00bb text_color=\u00bbdark\u00bb text_align=\u00bbleft\u00bb top_padding=\u00bb-10&#8243; overlay_strength=\u00bb0.3&#8243;][vc_column column_padding=\u00bbno-extra-padding\u00bb column_padding_position=\u00bball\u00bb background_color_opacity=\u00bb1&#8243; background_hover_color_opacity=\u00bb1&#8243; width=\u00bb1\/1&#8243;][vc_column_text] El viceportavoz popular Antonio Ameijide critica que \u201cen tres a\u00f1os ni el gobierno de Orozco ni el de...\" \/>\n<meta property=\"og:url\" content=\"https:\/\/www.ppdelugo.com\/es\/o-pp-ve-o-acondicionamento-entorno-anxo-carro-outro-escorial-psoe\/\" \/>\n<meta property=\"og:site_name\" content=\"Grupo Municipal Partido Popular de Lugo\" \/>\n<meta property=\"article:published_time\" content=\"2017-03-06T11:51:16+00:00\" \/>\n<meta property=\"article:modified_time\" content=\"2017-03-06T11:56:01+00:00\" \/>\n<meta property=\"og:image\" content=\"https:\/\/www.ppdelugo.com\/wp-content\/uploads\/2017\/03\/Foto-Paso-soterrado-Anxo-Carro-Voz-de-Galicia-1-1024x702.jpg\" \/>\n\t<meta property=\"og:image:width\" content=\"1024\" \/>\n\t<meta property=\"og:image:height\" content=\"702\" \/>\n\t<meta property=\"og:image:type\" content=\"image\/jpeg\" \/>\n<meta name=\"author\" content=\"ppdelugo\" \/>\n<meta name=\"twitter:card\" content=\"summary_large_image\" \/>\n<meta name=\"twitter:label1\" content=\"Escrito por\" \/>\n\t<meta name=\"twitter:data1\" content=\"ppdelugo\" \/>\n\t<meta name=\"twitter:label2\" content=\"Tiempo de lectura\" \/>\n\t<meta name=\"twitter:data2\" content=\"4 minutos\" \/>\n<script type=\"application\/ld+json\" class=\"yoast-schema-graph\">{\"@context\":\"https:\\\/\\\/schema.org\",\"@graph\":[{\"@type\":\"Article\",\"@id\":\"https:\\\/\\\/www.ppdelugo.com\\\/es\\\/o-pp-ve-o-acondicionamento-entorno-anxo-carro-outro-escorial-psoe\\\/#article\",\"isPartOf\":{\"@id\":\"https:\\\/\\\/www.ppdelugo.com\\\/es\\\/o-pp-ve-o-acondicionamento-entorno-anxo-carro-outro-escorial-psoe\\\/\"},\"author\":{\"name\":\"ppdelugo\",\"@id\":\"https:\\\/\\\/www.ppdelugo.com\\\/es\\\/#\\\/schema\\\/person\\\/4fa17dd371813e2c389a4417775cec48\"},\"headline\":\"El PP ve el acondicionamiento del entorno del Anxo Carro \u201cotro Escorial\u201d del PSOE\",\"datePublished\":\"2017-03-06T11:51:16+00:00\",\"dateModified\":\"2017-03-06T11:56:01+00:00\",\"mainEntityOfPage\":{\"@id\":\"https:\\\/\\\/www.ppdelugo.com\\\/es\\\/o-pp-ve-o-acondicionamento-entorno-anxo-carro-outro-escorial-psoe\\\/\"},\"wordCount\":750,\"commentCount\":0,\"image\":{\"@id\":\"https:\\\/\\\/www.ppdelugo.com\\\/es\\\/o-pp-ve-o-acondicionamento-entorno-anxo-carro-outro-escorial-psoe\\\/#primaryimage\"},\"thumbnailUrl\":\"https:\\\/\\\/www.ppdelugo.com\\\/wp-content\\\/uploads\\\/2017\\\/03\\\/Foto-Paso-soterrado-Anxo-Carro-Voz-de-Galicia-1.jpg\",\"articleSection\":[\"Deportes\",\"Obras\"],\"inLanguage\":\"es\",\"potentialAction\":[{\"@type\":\"CommentAction\",\"name\":\"Comment\",\"target\":[\"https:\\\/\\\/www.ppdelugo.com\\\/es\\\/o-pp-ve-o-acondicionamento-entorno-anxo-carro-outro-escorial-psoe\\\/#respond\"]}]},{\"@type\":\"WebPage\",\"@id\":\"https:\\\/\\\/www.ppdelugo.com\\\/es\\\/o-pp-ve-o-acondicionamento-entorno-anxo-carro-outro-escorial-psoe\\\/\",\"url\":\"https:\\\/\\\/www.ppdelugo.com\\\/es\\\/o-pp-ve-o-acondicionamento-entorno-anxo-carro-outro-escorial-psoe\\\/\",\"name\":\"El PP ve el acondicionamiento del entorno del Anxo Carro \u201cotro Escorial\u201d del PSOE - Grupo Municipal Partido Popular de Lugo\",\"isPartOf\":{\"@id\":\"https:\\\/\\\/www.ppdelugo.com\\\/es\\\/#website\"},\"primaryImageOfPage\":{\"@id\":\"https:\\\/\\\/www.ppdelugo.com\\\/es\\\/o-pp-ve-o-acondicionamento-entorno-anxo-carro-outro-escorial-psoe\\\/#primaryimage\"},\"image\":{\"@id\":\"https:\\\/\\\/www.ppdelugo.com\\\/es\\\/o-pp-ve-o-acondicionamento-entorno-anxo-carro-outro-escorial-psoe\\\/#primaryimage\"},\"thumbnailUrl\":\"https:\\\/\\\/www.ppdelugo.com\\\/wp-content\\\/uploads\\\/2017\\\/03\\\/Foto-Paso-soterrado-Anxo-Carro-Voz-de-Galicia-1.jpg\",\"datePublished\":\"2017-03-06T11:51:16+00:00\",\"dateModified\":\"2017-03-06T11:56:01+00:00\",\"author\":{\"@id\":\"https:\\\/\\\/www.ppdelugo.com\\\/es\\\/#\\\/schema\\\/person\\\/4fa17dd371813e2c389a4417775cec48\"},\"breadcrumb\":{\"@id\":\"https:\\\/\\\/www.ppdelugo.com\\\/es\\\/o-pp-ve-o-acondicionamento-entorno-anxo-carro-outro-escorial-psoe\\\/#breadcrumb\"},\"inLanguage\":\"es\",\"potentialAction\":[{\"@type\":\"ReadAction\",\"target\":[\"https:\\\/\\\/www.ppdelugo.com\\\/es\\\/o-pp-ve-o-acondicionamento-entorno-anxo-carro-outro-escorial-psoe\\\/\"]}]},{\"@type\":\"ImageObject\",\"inLanguage\":\"es\",\"@id\":\"https:\\\/\\\/www.ppdelugo.com\\\/es\\\/o-pp-ve-o-acondicionamento-entorno-anxo-carro-outro-escorial-psoe\\\/#primaryimage\",\"url\":\"https:\\\/\\\/www.ppdelugo.com\\\/wp-content\\\/uploads\\\/2017\\\/03\\\/Foto-Paso-soterrado-Anxo-Carro-Voz-de-Galicia-1.jpg\",\"contentUrl\":\"https:\\\/\\\/www.ppdelugo.com\\\/wp-content\\\/uploads\\\/2017\\\/03\\\/Foto-Paso-soterrado-Anxo-Carro-Voz-de-Galicia-1.jpg\",\"width\":3443,\"height\":2359},{\"@type\":\"BreadcrumbList\",\"@id\":\"https:\\\/\\\/www.ppdelugo.com\\\/es\\\/o-pp-ve-o-acondicionamento-entorno-anxo-carro-outro-escorial-psoe\\\/#breadcrumb\",\"itemListElement\":[{\"@type\":\"ListItem\",\"position\":1,\"name\":\"Portada\",\"item\":\"https:\\\/\\\/www.ppdelugo.com\\\/es\\\/\"},{\"@type\":\"ListItem\",\"position\":2,\"name\":\"El PP ve el acondicionamiento del entorno del Anxo Carro \u201cotro Escorial\u201d del PSOE\"}]},{\"@type\":\"WebSite\",\"@id\":\"https:\\\/\\\/www.ppdelugo.com\\\/es\\\/#website\",\"url\":\"https:\\\/\\\/www.ppdelugo.com\\\/es\\\/\",\"name\":\"Grupo Municipal Partido Popular de Lugo\",\"description\":\"Web del Grupo Municipal del Partido Popular en el Ayuntamiento de Lugo, con informaci\u00f3n sobre Lugo y fomento de la participaci\u00f3n ciudadana\",\"potentialAction\":[{\"@type\":\"SearchAction\",\"target\":{\"@type\":\"EntryPoint\",\"urlTemplate\":\"https:\\\/\\\/www.ppdelugo.com\\\/es\\\/?s={search_term_string}\"},\"query-input\":{\"@type\":\"PropertyValueSpecification\",\"valueRequired\":true,\"valueName\":\"search_term_string\"}}],\"inLanguage\":\"es\"},{\"@type\":\"Person\",\"@id\":\"https:\\\/\\\/www.ppdelugo.com\\\/es\\\/#\\\/schema\\\/person\\\/4fa17dd371813e2c389a4417775cec48\",\"name\":\"ppdelugo\",\"url\":\"https:\\\/\\\/www.ppdelugo.com\\\/es\\\/author\\\/admin-2\\\/\"}]}<\/script>\n<!-- \/ Yoast SEO plugin. -->","yoast_head_json":{"title":"El PP ve el acondicionamiento del entorno del Anxo Carro \u201cotro Escorial\u201d del PSOE - Grupo Municipal Partido Popular de Lugo","robots":{"index":"index","follow":"follow","max-snippet":"max-snippet:-1","max-image-preview":"max-image-preview:large","max-video-preview":"max-video-preview:-1"},"canonical":"https:\/\/www.ppdelugo.com\/es\/o-pp-ve-o-acondicionamento-entorno-anxo-carro-outro-escorial-psoe\/","og_locale":"es_ES","og_type":"article","og_title":"El PP ve el acondicionamiento del entorno del Anxo Carro \u201cotro Escorial\u201d del PSOE - Grupo Municipal Partido Popular de Lugo","og_description":"[vc_row type=\u00bbin_container\u00bb scene_position=\u00bbcenter\u00bb text_color=\u00bbdark\u00bb text_align=\u00bbleft\u00bb top_padding=\u00bb-10&#8243; overlay_strength=\u00bb0.3&#8243;][vc_column column_padding=\u00bbno-extra-padding\u00bb column_padding_position=\u00bball\u00bb background_color_opacity=\u00bb1&#8243; background_hover_color_opacity=\u00bb1&#8243; width=\u00bb1\/1&#8243;][vc_column_text] El viceportavoz popular Antonio Ameijide critica que \u201cen tres a\u00f1os ni el gobierno de Orozco ni el de...","og_url":"https:\/\/www.ppdelugo.com\/es\/o-pp-ve-o-acondicionamento-entorno-anxo-carro-outro-escorial-psoe\/","og_site_name":"Grupo Municipal Partido Popular de Lugo","article_published_time":"2017-03-06T11:51:16+00:00","article_modified_time":"2017-03-06T11:56:01+00:00","og_image":[{"width":1024,"height":702,"url":"https:\/\/www.ppdelugo.com\/wp-content\/uploads\/2017\/03\/Foto-Paso-soterrado-Anxo-Carro-Voz-de-Galicia-1-1024x702.jpg","type":"image\/jpeg"}],"author":"ppdelugo","twitter_card":"summary_large_image","twitter_misc":{"Escrito por":"ppdelugo","Tiempo de lectura":"4 minutos"},"schema":{"@context":"https:\/\/schema.org","@graph":[{"@type":"Article","@id":"https:\/\/www.ppdelugo.com\/es\/o-pp-ve-o-acondicionamento-entorno-anxo-carro-outro-escorial-psoe\/#article","isPartOf":{"@id":"https:\/\/www.ppdelugo.com\/es\/o-pp-ve-o-acondicionamento-entorno-anxo-carro-outro-escorial-psoe\/"},"author":{"name":"ppdelugo","@id":"https:\/\/www.ppdelugo.com\/es\/#\/schema\/person\/4fa17dd371813e2c389a4417775cec48"},"headline":"El PP ve el acondicionamiento del entorno del Anxo Carro \u201cotro Escorial\u201d del PSOE","datePublished":"2017-03-06T11:51:16+00:00","dateModified":"2017-03-06T11:56:01+00:00","mainEntityOfPage":{"@id":"https:\/\/www.ppdelugo.com\/es\/o-pp-ve-o-acondicionamento-entorno-anxo-carro-outro-escorial-psoe\/"},"wordCount":750,"commentCount":0,"image":{"@id":"https:\/\/www.ppdelugo.com\/es\/o-pp-ve-o-acondicionamento-entorno-anxo-carro-outro-escorial-psoe\/#primaryimage"},"thumbnailUrl":"https:\/\/www.ppdelugo.com\/wp-content\/uploads\/2017\/03\/Foto-Paso-soterrado-Anxo-Carro-Voz-de-Galicia-1.jpg","articleSection":["Deportes","Obras"],"inLanguage":"es","potentialAction":[{"@type":"CommentAction","name":"Comment","target":["https:\/\/www.ppdelugo.com\/es\/o-pp-ve-o-acondicionamento-entorno-anxo-carro-outro-escorial-psoe\/#respond"]}]},{"@type":"WebPage","@id":"https:\/\/www.ppdelugo.com\/es\/o-pp-ve-o-acondicionamento-entorno-anxo-carro-outro-escorial-psoe\/","url":"https:\/\/www.ppdelugo.com\/es\/o-pp-ve-o-acondicionamento-entorno-anxo-carro-outro-escorial-psoe\/","name":"El PP ve el acondicionamiento del entorno del Anxo Carro \u201cotro Escorial\u201d del PSOE - Grupo Municipal Partido Popular de Lugo","isPartOf":{"@id":"https:\/\/www.ppdelugo.com\/es\/#website"},"primaryImageOfPage":{"@id":"https:\/\/www.ppdelugo.com\/es\/o-pp-ve-o-acondicionamento-entorno-anxo-carro-outro-escorial-psoe\/#primaryimage"},"image":{"@id":"https:\/\/www.ppdelugo.com\/es\/o-pp-ve-o-acondicionamento-entorno-anxo-carro-outro-escorial-psoe\/#primaryimage"},"thumbnailUrl":"https:\/\/www.ppdelugo.com\/wp-content\/uploads\/2017\/03\/Foto-Paso-soterrado-Anxo-Carro-Voz-de-Galicia-1.jpg","datePublished":"2017-03-06T11:51:16+00:00","dateModified":"2017-03-06T11:56:01+00:00","author":{"@id":"https:\/\/www.ppdelugo.com\/es\/#\/schema\/person\/4fa17dd371813e2c389a4417775cec48"},"breadcrumb":{"@id":"https:\/\/www.ppdelugo.com\/es\/o-pp-ve-o-acondicionamento-entorno-anxo-carro-outro-escorial-psoe\/#breadcrumb"},"inLanguage":"es","potentialAction":[{"@type":"ReadAction","target":["https:\/\/www.ppdelugo.com\/es\/o-pp-ve-o-acondicionamento-entorno-anxo-carro-outro-escorial-psoe\/"]}]},{"@type":"ImageObject","inLanguage":"es","@id":"https:\/\/www.ppdelugo.com\/es\/o-pp-ve-o-acondicionamento-entorno-anxo-carro-outro-escorial-psoe\/#primaryimage","url":"https:\/\/www.ppdelugo.com\/wp-content\/uploads\/2017\/03\/Foto-Paso-soterrado-Anxo-Carro-Voz-de-Galicia-1.jpg","contentUrl":"https:\/\/www.ppdelugo.com\/wp-content\/uploads\/2017\/03\/Foto-Paso-soterrado-Anxo-Carro-Voz-de-Galicia-1.jpg","width":3443,"height":2359},{"@type":"BreadcrumbList","@id":"https:\/\/www.ppdelugo.com\/es\/o-pp-ve-o-acondicionamento-entorno-anxo-carro-outro-escorial-psoe\/#breadcrumb","itemListElement":[{"@type":"ListItem","position":1,"name":"Portada","item":"https:\/\/www.ppdelugo.com\/es\/"},{"@type":"ListItem","position":2,"name":"El PP ve el acondicionamiento del entorno del Anxo Carro \u201cotro Escorial\u201d del PSOE"}]},{"@type":"WebSite","@id":"https:\/\/www.ppdelugo.com\/es\/#website","url":"https:\/\/www.ppdelugo.com\/es\/","name":"Grupo Municipal Partido Popular de Lugo","description":"Web del Grupo Municipal del Partido Popular en el Ayuntamiento de Lugo, con informaci\u00f3n sobre Lugo y fomento de la participaci\u00f3n ciudadana","potentialAction":[{"@type":"SearchAction","target":{"@type":"EntryPoint","urlTemplate":"https:\/\/www.ppdelugo.com\/es\/?s={search_term_string}"},"query-input":{"@type":"PropertyValueSpecification","valueRequired":true,"valueName":"search_term_string"}}],"inLanguage":"es"},{"@type":"Person","@id":"https:\/\/www.ppdelugo.com\/es\/#\/schema\/person\/4fa17dd371813e2c389a4417775cec48","name":"ppdelugo","url":"https:\/\/www.ppdelugo.com\/es\/author\/admin-2\/"}]}},"_links":{"self":[{"href":"https:\/\/www.ppdelugo.com\/es\/wp-json\/wp\/v2\/posts\/4575","targetHints":{"allow":["GET"]}}],"collection":[{"href":"https:\/\/www.ppdelugo.com\/es\/wp-json\/wp\/v2\/posts"}],"about":[{"href":"https:\/\/www.ppdelugo.com\/es\/wp-json\/wp\/v2\/types\/post"}],"author":[{"embeddable":true,"href":"https:\/\/www.ppdelugo.com\/es\/wp-json\/wp\/v2\/users\/8"}],"replies":[{"embeddable":true,"href":"https:\/\/www.ppdelugo.com\/es\/wp-json\/wp\/v2\/comments?post=4575"}],"version-history":[{"count":0,"href":"https:\/\/www.ppdelugo.com\/es\/wp-json\/wp\/v2\/posts\/4575\/revisions"}],"wp:featuredmedia":[{"embeddable":true,"href":"https:\/\/www.ppdelugo.com\/es\/wp-json\/wp\/v2\/media\/4573"}],"wp:attachment":[{"href":"https:\/\/www.ppdelugo.com\/es\/wp-json\/wp\/v2\/media?parent=4575"}],"wp:term":[{"taxonomy":"category","embeddable":true,"href":"https:\/\/www.ppdelugo.com\/es\/wp-json\/wp\/v2\/categories?post=4575"},{"taxonomy":"post_tag","embeddable":true,"href":"https:\/\/www.ppdelugo.com\/es\/wp-json\/wp\/v2\/tags?post=4575"}],"curies":[{"name":"wp","href":"https:\/\/api.w.org\/{rel}","templated":true}]}}