{"id":4004,"date":"2016-12-22T17:30:16","date_gmt":"2016-12-22T17:30:16","guid":{"rendered":"http:\/\/www.ppdelugo.com\/es\/castineira-afirma-que-no-ano-e-medio-de-lara-seguimos-deriva-improvisando-e-perdendo-oportunidades\/"},"modified":"2016-12-22T12:22:02","modified_gmt":"2016-12-22T12:22:02","slug":"castineira-afirma-que-no-ano-e-medio-de-lara-seguimos-deriva-improvisando-e-perdendo-oportunidades","status":"publish","type":"post","link":"https:\/\/www.ppdelugo.com\/es\/castineira-afirma-que-no-ano-e-medio-de-lara-seguimos-deriva-improvisando-e-perdendo-oportunidades\/","title":{"rendered":"Casti\u00f1eira afirma que en el a\u00f1o e medio de Lara seguimos \u201ca la deriva, improvisando y perdiendo oportunidades\u201d"},"content":{"rendered":"[vc_row type=\u00bbin_container\u00bb scene_position=\u00bbcenter\u00bb text_color=\u00bbdark\u00bb text_align=\u00bbleft\u00bb top_padding=\u00bb-10&#8243; overlay_strength=\u00bb0.3&#8243;][vc_column column_padding=\u00bbno-extra-padding\u00bb column_padding_position=\u00bball\u00bb background_color_opacity=\u00bb1&#8243; background_hover_color_opacity=\u00bb1&#8243; width=\u00bb1\/1&#8243;][vc_column_text]El portavoz popular present\u00f3, durante el Debate del Estado de la Ciudad, una bater\u00eda de propuestas de modelo de ciudad enmarcadas en el programa\u00a0<strong>Reactiva Lugo<\/strong> \u201csituando como eje de esta intervenci\u00f3n el parque periurbano Mi\u00f1o Rato y el trazado de itinerarios peatonales que crucen el casco urbano de norte a sur y de este a oeste\u201d<\/p>\n<p><!--more--><\/p>\n<p>O voceiro do Grupo Popular Jaime Casti\u00f1eira cualificou esta tarde no Debate do Estado da Cidade de \u201ctempo perdido e de seguir a deriva\u201d en alusi\u00f3n ao ano e medio do equipo socialista do Concello de Lugo. O popular salientou que \u201ccando un non sabe a onde ir \u00e9 dif\u00edcil chegar \u00e1 meta\u201d matizando que\u00a0 \u201ciso \u00e9 o que lle pasa ao goberno de Lara, non ten un modelo de cidade e toma decisi\u00f3ns a golpe de improvisaci\u00f3n, perdendo oportunidades para situar a Lugo no lugar que merece\u201d.<\/p>\n<p><strong>\u00a0<\/strong>No seu discurso Casti\u00f1eira puxo o acento na situaci\u00f3n de desgoberno que hai no Concello onde \u201c<strong><u>urxe unha reorganizaci\u00f3n e reestructuraci\u00f3n dos servizos municipais<\/u><\/strong>\u201d. \u201c\u00c9 preocupante que cada vez haxa m\u00e1is desconfianza cara a administraci\u00f3n local e motivos non lles fallan\u201d aludindo \u201cos 10 anos que levan agardando os veci\u00f1os do Sagrado Coraz\u00f3n polo ascensor; os 17 anos para que o Concello entregue aos veci\u00f1os da Croa as escrituras das s\u00faas vivendas; o ano e medio de media de espera por un vado; o ano para que os proxectos de obra maior pasen a primeira revisi\u00f3n ou os cheques sen fondos de emerxencia social\u201d<\/p>\n<p>O voceiro dos populares ironizou coa cantinela da alcaldesa de \u201cculpar a Montoro ata da ausencia de campa\u00f1as de desratizaci\u00f3n\u00a0 en Lugo\u201d. Casti\u00f1eira pediu autocr\u00edtica \u00e1 alcaldesa xa que \u201c<strong><u>o furor privatizador do seu antecesor, ao que vostede non puxo coto est\u00e1 pasando factura aos lucenses<\/u><\/strong> que pagan por servizos deficitarios como o da gr\u00faa\u201d. Outra consecuencia da falta de xesti\u00f3n son as numerosas empresas que traballan para o Concello sen contrarto en vigor, as\u00ed como o desmantelamento progresivo dalg\u00fans servizos como o de augas e o electromec\u00e1nico\u201d. Casti\u00f1eira subli\u00f1ou que \u201cnon pararon ata asfixiar a estes departamentos provocando o caos na lectura de contadores e os retrasos en pago de facturas que acabaron en cortes de luz en edificios p\u00fablicos\u201d.\u00a0 \u201cAqu\u00ed o que hai \u00e9 un d\u00e9ficit de xesti\u00f3n e non un d\u00e9ficit econ\u00f3mico\u201d conclu\u00edu Casti\u00f1eira.<\/p>\n<p><strong>\u00a0<\/strong>Jaime Casti\u00f1eira incidiu esta tarde durante o Debate do Estado do Municipio <strong><u>na par\u00e1lise<\/u><\/strong> na que est\u00e1 inmersa o\u00a0 Concello de Lugo \u201ccon actuaci\u00f3ns que un ano m\u00e1is seguen pendentes\u201d. \u201cO novo modelo de transporte segue a ser un espexismo e tampouco chegan as soluci\u00f3n saos problemas de aparcamento da cidade\u201d, matizou.<\/p>\n<p>Durante o seu discurso o popular tam\u00e9n aludiu \u00e1 <strong><u>falta de avances<\/u><\/strong> <strong><u>proxectos urban\u00edsticos<\/u><\/strong> que seguen bloqueados. \u201cNon sabemos nada do PEPRI, nin dos Plans Especiais de Ordenaci\u00f3n de N\u00facleos Rurais,\u00a0 nin do desenvolvemento de urbanizables como o do entorno do Hula ou a Louzaneta. E xa non digamos do eterno PXOM.\u00a0 \u00c9 sorprendente que desco\u00f1ezamos as posibilidades para evitar que tengamos que asumir indemnizaci\u00f3ns polas licenzas que concedeu o PSOE para a urbanizaci\u00f3n do Gara\u00f1\u00f3n. Se nos imos ao barrio da Piringalla al\u00ed segue oxid\u00e1ndose o esqueleto da prometida biblioteca; pasan os anos e nin ascensor do Sagrado Coraz\u00f3n, nin ascensor de Fonti\u00f1as e por nin que dicir sobre os retrasos que acumulan as obras do Plan Urban. Nin tan sequera foron capaces de adquirir nin un s\u00f3 metro cadrado para completar o parque urbano Mi\u00f1o Rato e xa vai para o seu terceiro ver\u00e1n e nada se sabe da prometida praia fluvial\u201d.<\/p>\n<p>O voceiro popular tam\u00e9n presentou unha bater\u00eda de propostas englobadas no <strong><u>programa \u201creactiva Lugo\u201d<\/u><\/strong>\u00a0 para que 2017 sexa un ano distinto. Os populares queren \u00a0achegar \u00e1 cidade ao Mi\u00f1o e colocar o parque periurbano Mi\u00f1o Rato como\u00a0 eixo de oportunidade e de actividade sociocultural para elo propo\u00f1en dar uso aos edificios abandonados polo goberno como a vella potabilizadora, a vella EDAR as\u00ed como crear unha zona de multideporte no entorno da Feira Exposici\u00f3n, instalar bases para bicicletas. Tam\u00e9n incidiu en dese\u00f1ar intervenci\u00f3ns que vinculen f\u00edsicamente o casco urbano co Mi\u00f1o dese\u00f1ando <strong><u>itinerarios peon\u00eds<\/u><\/strong> e carr\u00eds bici ao longo do municipio. A creaci\u00f3n dunha rede de espazos verdes que contemplen non s\u00f3 os equipamentos existentes senon tam\u00e9n o acondicionamento de parcelas municipais en desuso para o disfrute dos lucenses; impulsar intervenci\u00f3ns que permitan usar dotaci\u00f3ns p\u00fablicas durante todo o ano (a cuberta da piscina exterior Frigsa, cobertura dos parque infantil de Augas F\u00e9rreas e Agro do Rolo). A posta en valor do patrimonio lucense con proxectos de mellora ambiental no entorno da muralla e do cami\u00f1o primitivo. \u00a0En materia de <strong><u>Servizos Sociais<\/u><\/strong> propo\u00f1emos un pacto contra a exclusi\u00f3n e a pobreza e un paquete de actuaci\u00f3ns en materia de accesibilidade, maiores e dependencia.<\/p>\n<p>Casti\u00f1eira rematou reclamando ao goberno socialista \u201cprudencia para non arruinar o presente con decisi\u00f3ns improvisadas e consenso\u00a0 para encarar o futuro e conseguir que en 2017 haxa un cambio radical que devolva a confianza dos lucenses na administraci\u00f3n m\u00e1s cercana\u201d.[\/vc_column_text][\/vc_column][\/vc_row][vc_row type=\u00bbin_container\u00bb scene_position=\u00bbcenter\u00bb text_color=\u00bbdark\u00bb text_align=\u00bbleft\u00bb overlay_strength=\u00bb0.3&#8243;][vc_column column_padding=\u00bbno-extra-padding\u00bb column_padding_position=\u00bball\u00bb background_color_opacity=\u00bb1&#8243; background_hover_color_opacity=\u00bb1&#8243; width=\u00bb1\/1&#8243;][vc_column_text][\/vc_column_text][\/vc_column][\/vc_row]\n","protected":false},"excerpt":{"rendered":"<p>[vc_row type=\u00bbin_container\u00bb scene_position=\u00bbcenter\u00bb text_color=\u00bbdark\u00bb text_align=\u00bbleft\u00bb top_padding=\u00bb-10&#8243; overlay_strength=\u00bb0.3&#8243;][vc_column column_padding=\u00bbno-extra-padding\u00bb column_padding_position=\u00bball\u00bb background_color_opacity=\u00bb1&#8243; background_hover_color_opacity=\u00bb1&#8243; width=\u00bb1\/1&#8243;][vc_column_text]El portavoz popular present\u00f3, durante el Debate del Estado de la Ciudad, una bater\u00eda de propuestas de modelo de&#8230;<\/p>\n","protected":false},"author":8,"featured_media":4008,"comment_status":"open","ping_status":"closed","sticky":false,"template":"","format":"standard","meta":{"footnotes":""},"categories":[1,39],"tags":[],"class_list":{"0":"post-4004","1":"post","2":"type-post","3":"status-publish","4":"format-standard","5":"has-post-thumbnail","7":"category-sin-categoria","8":"category-transparencia-es"},"yoast_head":"<!-- This site is optimized with the Yoast SEO plugin v27.5 - https:\/\/yoast.com\/product\/yoast-seo-wordpress\/ -->\n<title>Casti\u00f1eira afirma que en el a\u00f1o e medio de Lara seguimos \u201ca la deriva, improvisando y perdiendo oportunidades\u201d - Grupo Municipal Partido Popular de Lugo<\/title>\n<meta name=\"robots\" content=\"index, follow, max-snippet:-1, max-image-preview:large, max-video-preview:-1\" \/>\n<link rel=\"canonical\" href=\"https:\/\/www.ppdelugo.com\/es\/castineira-afirma-que-no-ano-e-medio-de-lara-seguimos-deriva-improvisando-e-perdendo-oportunidades\/\" \/>\n<meta property=\"og:locale\" content=\"es_ES\" \/>\n<meta property=\"og:type\" content=\"article\" \/>\n<meta property=\"og:title\" content=\"Casti\u00f1eira afirma que en el a\u00f1o e medio de Lara seguimos \u201ca la deriva, improvisando y perdiendo oportunidades\u201d - Grupo Municipal Partido Popular de Lugo\" \/>\n<meta property=\"og:description\" content=\"[vc_row type=\u00bbin_container\u00bb scene_position=\u00bbcenter\u00bb text_color=\u00bbdark\u00bb text_align=\u00bbleft\u00bb top_padding=\u00bb-10&#8243; overlay_strength=\u00bb0.3&#8243;][vc_column column_padding=\u00bbno-extra-padding\u00bb column_padding_position=\u00bball\u00bb background_color_opacity=\u00bb1&#8243; background_hover_color_opacity=\u00bb1&#8243; width=\u00bb1\/1&#8243;][vc_column_text]El portavoz popular present\u00f3, durante el Debate del Estado de la Ciudad, una bater\u00eda de propuestas de modelo de...\" \/>\n<meta property=\"og:url\" content=\"https:\/\/www.ppdelugo.com\/es\/castineira-afirma-que-no-ano-e-medio-de-lara-seguimos-deriva-improvisando-e-perdendo-oportunidades\/\" \/>\n<meta property=\"og:site_name\" content=\"Grupo Municipal Partido Popular de Lugo\" \/>\n<meta property=\"article:published_time\" content=\"2016-12-22T17:30:16+00:00\" \/>\n<meta property=\"og:image\" content=\"https:\/\/www.ppdelugo.com\/wp-content\/uploads\/2016\/12\/Casti\u00f1eira-pleno-2.jpg\" \/>\n\t<meta property=\"og:image:width\" content=\"1782\" \/>\n\t<meta property=\"og:image:height\" content=\"2089\" \/>\n\t<meta property=\"og:image:type\" content=\"image\/jpeg\" \/>\n<meta name=\"author\" content=\"ppdelugo\" \/>\n<meta name=\"twitter:card\" content=\"summary_large_image\" \/>\n<meta name=\"twitter:label1\" content=\"Escrito por\" \/>\n\t<meta name=\"twitter:data1\" content=\"ppdelugo\" \/>\n\t<meta name=\"twitter:label2\" content=\"Tiempo de lectura\" \/>\n\t<meta name=\"twitter:data2\" content=\"5 minutos\" \/>\n<script type=\"application\/ld+json\" class=\"yoast-schema-graph\">{\"@context\":\"https:\\\/\\\/schema.org\",\"@graph\":[{\"@type\":\"Article\",\"@id\":\"https:\\\/\\\/www.ppdelugo.com\\\/es\\\/castineira-afirma-que-no-ano-e-medio-de-lara-seguimos-deriva-improvisando-e-perdendo-oportunidades\\\/#article\",\"isPartOf\":{\"@id\":\"https:\\\/\\\/www.ppdelugo.com\\\/es\\\/castineira-afirma-que-no-ano-e-medio-de-lara-seguimos-deriva-improvisando-e-perdendo-oportunidades\\\/\"},\"author\":{\"name\":\"ppdelugo\",\"@id\":\"https:\\\/\\\/www.ppdelugo.com\\\/es\\\/#\\\/schema\\\/person\\\/4fa17dd371813e2c389a4417775cec48\"},\"headline\":\"Casti\u00f1eira afirma que en el a\u00f1o e medio de Lara seguimos \u201ca la deriva, improvisando y perdiendo oportunidades\u201d\",\"datePublished\":\"2016-12-22T17:30:16+00:00\",\"mainEntityOfPage\":{\"@id\":\"https:\\\/\\\/www.ppdelugo.com\\\/es\\\/castineira-afirma-que-no-ano-e-medio-de-lara-seguimos-deriva-improvisando-e-perdendo-oportunidades\\\/\"},\"wordCount\":1012,\"commentCount\":0,\"image\":{\"@id\":\"https:\\\/\\\/www.ppdelugo.com\\\/es\\\/castineira-afirma-que-no-ano-e-medio-de-lara-seguimos-deriva-improvisando-e-perdendo-oportunidades\\\/#primaryimage\"},\"thumbnailUrl\":\"https:\\\/\\\/www.ppdelugo.com\\\/wp-content\\\/uploads\\\/2016\\\/12\\\/Casti\u00f1eira-pleno-2.jpg\",\"articleSection\":{\"1\":\"transparencia\"},\"inLanguage\":\"es\",\"potentialAction\":[{\"@type\":\"CommentAction\",\"name\":\"Comment\",\"target\":[\"https:\\\/\\\/www.ppdelugo.com\\\/es\\\/castineira-afirma-que-no-ano-e-medio-de-lara-seguimos-deriva-improvisando-e-perdendo-oportunidades\\\/#respond\"]}]},{\"@type\":\"WebPage\",\"@id\":\"https:\\\/\\\/www.ppdelugo.com\\\/es\\\/castineira-afirma-que-no-ano-e-medio-de-lara-seguimos-deriva-improvisando-e-perdendo-oportunidades\\\/\",\"url\":\"https:\\\/\\\/www.ppdelugo.com\\\/es\\\/castineira-afirma-que-no-ano-e-medio-de-lara-seguimos-deriva-improvisando-e-perdendo-oportunidades\\\/\",\"name\":\"Casti\u00f1eira afirma que en el a\u00f1o e medio de Lara seguimos \u201ca la deriva, improvisando y perdiendo oportunidades\u201d - Grupo Municipal Partido Popular de Lugo\",\"isPartOf\":{\"@id\":\"https:\\\/\\\/www.ppdelugo.com\\\/es\\\/#website\"},\"primaryImageOfPage\":{\"@id\":\"https:\\\/\\\/www.ppdelugo.com\\\/es\\\/castineira-afirma-que-no-ano-e-medio-de-lara-seguimos-deriva-improvisando-e-perdendo-oportunidades\\\/#primaryimage\"},\"image\":{\"@id\":\"https:\\\/\\\/www.ppdelugo.com\\\/es\\\/castineira-afirma-que-no-ano-e-medio-de-lara-seguimos-deriva-improvisando-e-perdendo-oportunidades\\\/#primaryimage\"},\"thumbnailUrl\":\"https:\\\/\\\/www.ppdelugo.com\\\/wp-content\\\/uploads\\\/2016\\\/12\\\/Casti\u00f1eira-pleno-2.jpg\",\"datePublished\":\"2016-12-22T17:30:16+00:00\",\"author\":{\"@id\":\"https:\\\/\\\/www.ppdelugo.com\\\/es\\\/#\\\/schema\\\/person\\\/4fa17dd371813e2c389a4417775cec48\"},\"breadcrumb\":{\"@id\":\"https:\\\/\\\/www.ppdelugo.com\\\/es\\\/castineira-afirma-que-no-ano-e-medio-de-lara-seguimos-deriva-improvisando-e-perdendo-oportunidades\\\/#breadcrumb\"},\"inLanguage\":\"es\",\"potentialAction\":[{\"@type\":\"ReadAction\",\"target\":[\"https:\\\/\\\/www.ppdelugo.com\\\/es\\\/castineira-afirma-que-no-ano-e-medio-de-lara-seguimos-deriva-improvisando-e-perdendo-oportunidades\\\/\"]}]},{\"@type\":\"ImageObject\",\"inLanguage\":\"es\",\"@id\":\"https:\\\/\\\/www.ppdelugo.com\\\/es\\\/castineira-afirma-que-no-ano-e-medio-de-lara-seguimos-deriva-improvisando-e-perdendo-oportunidades\\\/#primaryimage\",\"url\":\"https:\\\/\\\/www.ppdelugo.com\\\/wp-content\\\/uploads\\\/2016\\\/12\\\/Casti\u00f1eira-pleno-2.jpg\",\"contentUrl\":\"https:\\\/\\\/www.ppdelugo.com\\\/wp-content\\\/uploads\\\/2016\\\/12\\\/Casti\u00f1eira-pleno-2.jpg\",\"width\":1782,\"height\":2089},{\"@type\":\"BreadcrumbList\",\"@id\":\"https:\\\/\\\/www.ppdelugo.com\\\/es\\\/castineira-afirma-que-no-ano-e-medio-de-lara-seguimos-deriva-improvisando-e-perdendo-oportunidades\\\/#breadcrumb\",\"itemListElement\":[{\"@type\":\"ListItem\",\"position\":1,\"name\":\"Portada\",\"item\":\"https:\\\/\\\/www.ppdelugo.com\\\/es\\\/\"},{\"@type\":\"ListItem\",\"position\":2,\"name\":\"Casti\u00f1eira afirma que en el a\u00f1o e medio de Lara seguimos \u201ca la deriva, improvisando y perdiendo oportunidades\u201d\"}]},{\"@type\":\"WebSite\",\"@id\":\"https:\\\/\\\/www.ppdelugo.com\\\/es\\\/#website\",\"url\":\"https:\\\/\\\/www.ppdelugo.com\\\/es\\\/\",\"name\":\"Grupo Municipal Partido Popular de Lugo\",\"description\":\"Web del Grupo Municipal del Partido Popular en el Ayuntamiento de Lugo, con informaci\u00f3n sobre Lugo y fomento de la participaci\u00f3n ciudadana\",\"potentialAction\":[{\"@type\":\"SearchAction\",\"target\":{\"@type\":\"EntryPoint\",\"urlTemplate\":\"https:\\\/\\\/www.ppdelugo.com\\\/es\\\/?s={search_term_string}\"},\"query-input\":{\"@type\":\"PropertyValueSpecification\",\"valueRequired\":true,\"valueName\":\"search_term_string\"}}],\"inLanguage\":\"es\"},{\"@type\":\"Person\",\"@id\":\"https:\\\/\\\/www.ppdelugo.com\\\/es\\\/#\\\/schema\\\/person\\\/4fa17dd371813e2c389a4417775cec48\",\"name\":\"ppdelugo\",\"url\":\"https:\\\/\\\/www.ppdelugo.com\\\/es\\\/author\\\/admin-2\\\/\"}]}<\/script>\n<!-- \/ Yoast SEO plugin. -->","yoast_head_json":{"title":"Casti\u00f1eira afirma que en el a\u00f1o e medio de Lara seguimos \u201ca la deriva, improvisando y perdiendo oportunidades\u201d - Grupo Municipal Partido Popular de Lugo","robots":{"index":"index","follow":"follow","max-snippet":"max-snippet:-1","max-image-preview":"max-image-preview:large","max-video-preview":"max-video-preview:-1"},"canonical":"https:\/\/www.ppdelugo.com\/es\/castineira-afirma-que-no-ano-e-medio-de-lara-seguimos-deriva-improvisando-e-perdendo-oportunidades\/","og_locale":"es_ES","og_type":"article","og_title":"Casti\u00f1eira afirma que en el a\u00f1o e medio de Lara seguimos \u201ca la deriva, improvisando y perdiendo oportunidades\u201d - Grupo Municipal Partido Popular de Lugo","og_description":"[vc_row type=\u00bbin_container\u00bb scene_position=\u00bbcenter\u00bb text_color=\u00bbdark\u00bb text_align=\u00bbleft\u00bb top_padding=\u00bb-10&#8243; overlay_strength=\u00bb0.3&#8243;][vc_column column_padding=\u00bbno-extra-padding\u00bb column_padding_position=\u00bball\u00bb background_color_opacity=\u00bb1&#8243; background_hover_color_opacity=\u00bb1&#8243; width=\u00bb1\/1&#8243;][vc_column_text]El portavoz popular present\u00f3, durante el Debate del Estado de la Ciudad, una bater\u00eda de propuestas de modelo de...","og_url":"https:\/\/www.ppdelugo.com\/es\/castineira-afirma-que-no-ano-e-medio-de-lara-seguimos-deriva-improvisando-e-perdendo-oportunidades\/","og_site_name":"Grupo Municipal Partido Popular de Lugo","article_published_time":"2016-12-22T17:30:16+00:00","og_image":[{"width":1782,"height":2089,"url":"https:\/\/www.ppdelugo.com\/wp-content\/uploads\/2016\/12\/Casti\u00f1eira-pleno-2.jpg","type":"image\/jpeg"}],"author":"ppdelugo","twitter_card":"summary_large_image","twitter_misc":{"Escrito por":"ppdelugo","Tiempo de lectura":"5 minutos"},"schema":{"@context":"https:\/\/schema.org","@graph":[{"@type":"Article","@id":"https:\/\/www.ppdelugo.com\/es\/castineira-afirma-que-no-ano-e-medio-de-lara-seguimos-deriva-improvisando-e-perdendo-oportunidades\/#article","isPartOf":{"@id":"https:\/\/www.ppdelugo.com\/es\/castineira-afirma-que-no-ano-e-medio-de-lara-seguimos-deriva-improvisando-e-perdendo-oportunidades\/"},"author":{"name":"ppdelugo","@id":"https:\/\/www.ppdelugo.com\/es\/#\/schema\/person\/4fa17dd371813e2c389a4417775cec48"},"headline":"Casti\u00f1eira afirma que en el a\u00f1o e medio de Lara seguimos \u201ca la deriva, improvisando y perdiendo oportunidades\u201d","datePublished":"2016-12-22T17:30:16+00:00","mainEntityOfPage":{"@id":"https:\/\/www.ppdelugo.com\/es\/castineira-afirma-que-no-ano-e-medio-de-lara-seguimos-deriva-improvisando-e-perdendo-oportunidades\/"},"wordCount":1012,"commentCount":0,"image":{"@id":"https:\/\/www.ppdelugo.com\/es\/castineira-afirma-que-no-ano-e-medio-de-lara-seguimos-deriva-improvisando-e-perdendo-oportunidades\/#primaryimage"},"thumbnailUrl":"https:\/\/www.ppdelugo.com\/wp-content\/uploads\/2016\/12\/Casti\u00f1eira-pleno-2.jpg","articleSection":{"1":"transparencia"},"inLanguage":"es","potentialAction":[{"@type":"CommentAction","name":"Comment","target":["https:\/\/www.ppdelugo.com\/es\/castineira-afirma-que-no-ano-e-medio-de-lara-seguimos-deriva-improvisando-e-perdendo-oportunidades\/#respond"]}]},{"@type":"WebPage","@id":"https:\/\/www.ppdelugo.com\/es\/castineira-afirma-que-no-ano-e-medio-de-lara-seguimos-deriva-improvisando-e-perdendo-oportunidades\/","url":"https:\/\/www.ppdelugo.com\/es\/castineira-afirma-que-no-ano-e-medio-de-lara-seguimos-deriva-improvisando-e-perdendo-oportunidades\/","name":"Casti\u00f1eira afirma que en el a\u00f1o e medio de Lara seguimos \u201ca la deriva, improvisando y perdiendo oportunidades\u201d - Grupo Municipal Partido Popular de Lugo","isPartOf":{"@id":"https:\/\/www.ppdelugo.com\/es\/#website"},"primaryImageOfPage":{"@id":"https:\/\/www.ppdelugo.com\/es\/castineira-afirma-que-no-ano-e-medio-de-lara-seguimos-deriva-improvisando-e-perdendo-oportunidades\/#primaryimage"},"image":{"@id":"https:\/\/www.ppdelugo.com\/es\/castineira-afirma-que-no-ano-e-medio-de-lara-seguimos-deriva-improvisando-e-perdendo-oportunidades\/#primaryimage"},"thumbnailUrl":"https:\/\/www.ppdelugo.com\/wp-content\/uploads\/2016\/12\/Casti\u00f1eira-pleno-2.jpg","datePublished":"2016-12-22T17:30:16+00:00","author":{"@id":"https:\/\/www.ppdelugo.com\/es\/#\/schema\/person\/4fa17dd371813e2c389a4417775cec48"},"breadcrumb":{"@id":"https:\/\/www.ppdelugo.com\/es\/castineira-afirma-que-no-ano-e-medio-de-lara-seguimos-deriva-improvisando-e-perdendo-oportunidades\/#breadcrumb"},"inLanguage":"es","potentialAction":[{"@type":"ReadAction","target":["https:\/\/www.ppdelugo.com\/es\/castineira-afirma-que-no-ano-e-medio-de-lara-seguimos-deriva-improvisando-e-perdendo-oportunidades\/"]}]},{"@type":"ImageObject","inLanguage":"es","@id":"https:\/\/www.ppdelugo.com\/es\/castineira-afirma-que-no-ano-e-medio-de-lara-seguimos-deriva-improvisando-e-perdendo-oportunidades\/#primaryimage","url":"https:\/\/www.ppdelugo.com\/wp-content\/uploads\/2016\/12\/Casti\u00f1eira-pleno-2.jpg","contentUrl":"https:\/\/www.ppdelugo.com\/wp-content\/uploads\/2016\/12\/Casti\u00f1eira-pleno-2.jpg","width":1782,"height":2089},{"@type":"BreadcrumbList","@id":"https:\/\/www.ppdelugo.com\/es\/castineira-afirma-que-no-ano-e-medio-de-lara-seguimos-deriva-improvisando-e-perdendo-oportunidades\/#breadcrumb","itemListElement":[{"@type":"ListItem","position":1,"name":"Portada","item":"https:\/\/www.ppdelugo.com\/es\/"},{"@type":"ListItem","position":2,"name":"Casti\u00f1eira afirma que en el a\u00f1o e medio de Lara seguimos \u201ca la deriva, improvisando y perdiendo oportunidades\u201d"}]},{"@type":"WebSite","@id":"https:\/\/www.ppdelugo.com\/es\/#website","url":"https:\/\/www.ppdelugo.com\/es\/","name":"Grupo Municipal Partido Popular de Lugo","description":"Web del Grupo Municipal del Partido Popular en el Ayuntamiento de Lugo, con informaci\u00f3n sobre Lugo y fomento de la participaci\u00f3n ciudadana","potentialAction":[{"@type":"SearchAction","target":{"@type":"EntryPoint","urlTemplate":"https:\/\/www.ppdelugo.com\/es\/?s={search_term_string}"},"query-input":{"@type":"PropertyValueSpecification","valueRequired":true,"valueName":"search_term_string"}}],"inLanguage":"es"},{"@type":"Person","@id":"https:\/\/www.ppdelugo.com\/es\/#\/schema\/person\/4fa17dd371813e2c389a4417775cec48","name":"ppdelugo","url":"https:\/\/www.ppdelugo.com\/es\/author\/admin-2\/"}]}},"_links":{"self":[{"href":"https:\/\/www.ppdelugo.com\/es\/wp-json\/wp\/v2\/posts\/4004","targetHints":{"allow":["GET"]}}],"collection":[{"href":"https:\/\/www.ppdelugo.com\/es\/wp-json\/wp\/v2\/posts"}],"about":[{"href":"https:\/\/www.ppdelugo.com\/es\/wp-json\/wp\/v2\/types\/post"}],"author":[{"embeddable":true,"href":"https:\/\/www.ppdelugo.com\/es\/wp-json\/wp\/v2\/users\/8"}],"replies":[{"embeddable":true,"href":"https:\/\/www.ppdelugo.com\/es\/wp-json\/wp\/v2\/comments?post=4004"}],"version-history":[{"count":0,"href":"https:\/\/www.ppdelugo.com\/es\/wp-json\/wp\/v2\/posts\/4004\/revisions"}],"wp:featuredmedia":[{"embeddable":true,"href":"https:\/\/www.ppdelugo.com\/es\/wp-json\/wp\/v2\/media\/4008"}],"wp:attachment":[{"href":"https:\/\/www.ppdelugo.com\/es\/wp-json\/wp\/v2\/media?parent=4004"}],"wp:term":[{"taxonomy":"category","embeddable":true,"href":"https:\/\/www.ppdelugo.com\/es\/wp-json\/wp\/v2\/categories?post=4004"},{"taxonomy":"post_tag","embeddable":true,"href":"https:\/\/www.ppdelugo.com\/es\/wp-json\/wp\/v2\/tags?post=4004"}],"curies":[{"name":"wp","href":"https:\/\/api.w.org\/{rel}","templated":true}]}}