{"id":3118,"date":"2016-08-18T08:02:13","date_gmt":"2016-08-18T08:02:13","guid":{"rendered":"http:\/\/www.ppdelugo.com\/es\/o-pp-pide-alcaldesa-que-non-caia-na-baixeza-de-usar-electoralmente-o-plan-de-emprego-municipal\/"},"modified":"2016-08-22T08:08:29","modified_gmt":"2016-08-22T08:08:29","slug":"o-pp-pide-alcaldesa-que-non-caia-na-baixeza-de-usar-electoralmente-o-plan-de-emprego-municipal","status":"publish","type":"post","link":"https:\/\/www.ppdelugo.com\/es\/o-pp-pide-alcaldesa-que-non-caia-na-baixeza-de-usar-electoralmente-o-plan-de-emprego-municipal\/","title":{"rendered":"El PP pide a la alcaldesa que \u201cno caiga en la bajeza\u201d de usar electoralmente el Plan de Empleo Municipal"},"content":{"rendered":"[vc_row type=\u00bbin_container\u00bb scene_position=\u00bbcenter\u00bb text_color=\u00bbdark\u00bb text_align=\u00bbleft\u00bb top_padding=\u00bb-10&#8243; overlay_strength=\u00bb0.3&#8243;][vc_column column_padding=\u00bbno-extra-padding\u00bb column_padding_position=\u00bball\u00bb background_color_opacity=\u00bb1&#8243; background_hover_color_opacity=\u00bb1&#8243; width=\u00bb1\/1&#8243;][vc_column_text] El viceportavoz\u00a0popular Antonio Ameijide considera \u201clamentable\u201d que \u201ccuando\u00a0falta poco para entrar en el \u00faltimo trimestre del a\u00f1o\u201d todav\u00eda \u201cno se sepa nada\u201d del Plan de Empleo que los socialistas pretenden ejecutar con los presupuestos de 2016<\/p>\n<p><!--more--><\/p>\n<p>O vicevoceiro do Grupo Municipal do Partido Popular no Concello de Lugo, Antonio Ameijide, recl\u00e1malle \u00e1 alcaldesa socialista \u201cdecencia pol\u00edtica\u201d para que \u201cnon caia na baixeza\u201d de empregar con \u201cfins electoralistas e partidistas\u201d o Plan de Emprego Municipal, val\u00e9ndose \u201cda situaci\u00f3n dalg\u00fans lugueses para ara\u00f1ar uns cantos votos\u201d.<\/p>\n<p>\u201cA ningu\u00e9n se lle escapa que estamos a piques de entrar xa no \u00faltimo trimestre do ano 2016 e nada se sabe da posta en marcha deste proxecto\u201d, apunta Ameijide, quen lembra que na Comisi\u00f3n de Contas celebrada \u201chai case dous meses\u201d, o 23 de xu\u00f1o, a edil de Econom\u00eda e Emprego do goberno respondera a preguntas do Grupo Municipal do Partido Popular sobre esta cuesti\u00f3n compromet\u00e9ndose a que o plan de emprego xa estar\u00eda comezado o 15 de xullo. \u201cPasou m\u00e1is dun mes dende esa data sen que te\u00f1amos ningunha novidade ao respecto e agardemos que os socialistas non caian na tentaci\u00f3n de presentalo \u00e1s carreiras e improvisando s\u00f3 porque se achegan a cita electoral do 25 de setembro\u201d, subli\u00f1a.<\/p>\n<p>Nese senso, o vicevoceiro popular afonda en que \u201cser\u00eda de moi mal gusto e outra mostra de total falta de \u00e9tica deste goberno que se servisen de fondos p\u00fablicos para facerlle a campa\u00f1a ao que foi o seu compa\u00f1eiro no Concello de Lugo ata hai ben pouco\u201d. \u201cOs lugueses te\u00f1en boa memoria e saben moi ben que o que o PSOE lugu\u00e9s lles ofrece \u00e9 un dos m\u00e1ximos responsables de que a d\u00eda de hoxe Lugo siga sen Plan Xeral e de que Lugo protagonizara d\u00eda si d\u00eda tam\u00e9n os informativos nacionais pola folga de lixo m\u00e1is longa da historia\u201d, apunta Ameijide en referencia a Lu\u00eds \u00c1lvarez.<\/p>\n<p>As\u00ed mesmo, o popular incide en que \u201cse hoxe non temos xa a un centenar de veci\u00f1os traballando dende hai meses, as\u00ed como un centenar de entidades sociais, asociaci\u00f3ns ou empresas benefici\u00e1ndose, \u00e9 simplemente porque o goberno local non quere\u201d, dado que \u201cten fondos econ\u00f3micos, orzamentos que dean soporte e todas as ferramentas ao seu alcance\u201d. \u201c\u00c9 outra mostra m\u00e1is da desconexi\u00f3n total que hai entre as verdadeiras preocupaci\u00f3ns dos lugueses e a actitude e o comportamento dos socialistas\u201d, sentencia.<\/p>\n<p><strong>Un plan \u201ccon sombras\u201d dende o comezo.-<\/strong><\/p>\n<p>Por outra banda, c\u00f3mpre lembrar que dende os primeiros momentos pesaron moitas sospeitas sobre a posibilidade de que no Concello se reproduzan as pr\u00e1cticas do Ben Empregado da Deputaci\u00f3n, posto que como denunciara publicamente o voceiro do PP, Jaime Casti\u00f1eira, a mediados de xu\u00f1o, poder\u00edase estar proporcionando dende o goberno municipal informaci\u00f3n privilexiada para que persoas af\u00edns ao PSOE e aos seus socios no Concello puideran acceder \u00e1s prazas inclu\u00eddas no plan, segundo algunhas testemu\u00f1as, de xeito que ter\u00edan recibido indicaci\u00f3ns de c\u00f3digos espec\u00edficos cos que apuntarse na Oficina de Emprego.\u00a0[\/vc_column_text][\/vc_column][\/vc_row][vc_row type=\u00bbin_container\u00bb scene_position=\u00bbcenter\u00bb text_color=\u00bbdark\u00bb text_align=\u00bbleft\u00bb overlay_strength=\u00bb0.3&#8243;][vc_column column_padding=\u00bbno-extra-padding\u00bb column_padding_position=\u00bball\u00bb background_color_opacity=\u00bb1&#8243; background_hover_color_opacity=\u00bb1&#8243; width=\u00bb1\/1&#8243;][vc_column_text]\n<audio class=\"wp-audio-shortcode\" id=\"audio-3118-1\" preload=\"none\" style=\"width: 100%;\" controls=\"controls\"><source type=\"audio\/mpeg\" src=\"http:\/\/www.ppdelugo.com\/wp-content\/uploads\/2016\/08\/CORTE-AMEIJIDE-PLAN-DE-EMPREGO-MUNICIPAL-18-8-16.mp3?_=1\" \/><a href=\"http:\/\/www.ppdelugo.com\/wp-content\/uploads\/2016\/08\/CORTE-AMEIJIDE-PLAN-DE-EMPREGO-MUNICIPAL-18-8-16.mp3\">http:\/\/www.ppdelugo.com\/wp-content\/uploads\/2016\/08\/CORTE-AMEIJIDE-PLAN-DE-EMPREGO-MUNICIPAL-18-8-16.mp3<\/a><\/audio>\n[\/vc_column_text][\/vc_column][\/vc_row]\n","protected":false},"excerpt":{"rendered":"<p>[vc_row type=\u00bbin_container\u00bb scene_position=\u00bbcenter\u00bb text_color=\u00bbdark\u00bb text_align=\u00bbleft\u00bb top_padding=\u00bb-10&#8243; overlay_strength=\u00bb0.3&#8243;][vc_column column_padding=\u00bbno-extra-padding\u00bb column_padding_position=\u00bball\u00bb background_color_opacity=\u00bb1&#8243; background_hover_color_opacity=\u00bb1&#8243; width=\u00bb1\/1&#8243;][vc_column_text] El viceportavoz\u00a0popular Antonio Ameijide considera \u201clamentable\u201d que \u201ccuando\u00a0falta poco para entrar en el \u00faltimo trimestre del a\u00f1o\u201d todav\u00eda&#8230;<\/p>\n","protected":false},"author":8,"featured_media":3108,"comment_status":"open","ping_status":"closed","sticky":false,"template":"","format":"standard","meta":{"footnotes":""},"categories":[31],"tags":[],"class_list":{"0":"post-3118","1":"post","2":"type-post","3":"status-publish","4":"format-standard","5":"has-post-thumbnail","7":"category-economia-es"},"yoast_head":"<!-- This site is optimized with the Yoast SEO plugin v27.4 - https:\/\/yoast.com\/product\/yoast-seo-wordpress\/ -->\n<title>El PP pide a la alcaldesa que \u201cno caiga en la bajeza\u201d de usar electoralmente el Plan de Empleo Municipal - Grupo Municipal Partido Popular de Lugo<\/title>\n<meta name=\"robots\" content=\"index, follow, max-snippet:-1, max-image-preview:large, max-video-preview:-1\" \/>\n<link rel=\"canonical\" href=\"https:\/\/www.ppdelugo.com\/es\/o-pp-pide-alcaldesa-que-non-caia-na-baixeza-de-usar-electoralmente-o-plan-de-emprego-municipal\/\" \/>\n<meta property=\"og:locale\" content=\"es_ES\" \/>\n<meta property=\"og:type\" content=\"article\" \/>\n<meta property=\"og:title\" content=\"El PP pide a la alcaldesa que \u201cno caiga en la bajeza\u201d de usar electoralmente el Plan de Empleo Municipal - Grupo Municipal Partido Popular de Lugo\" \/>\n<meta property=\"og:description\" content=\"[vc_row type=\u00bbin_container\u00bb scene_position=\u00bbcenter\u00bb text_color=\u00bbdark\u00bb text_align=\u00bbleft\u00bb top_padding=\u00bb-10&#8243; overlay_strength=\u00bb0.3&#8243;][vc_column column_padding=\u00bbno-extra-padding\u00bb column_padding_position=\u00bball\u00bb background_color_opacity=\u00bb1&#8243; background_hover_color_opacity=\u00bb1&#8243; width=\u00bb1\/1&#8243;][vc_column_text] El viceportavoz\u00a0popular Antonio Ameijide considera \u201clamentable\u201d que \u201ccuando\u00a0falta poco para entrar en el \u00faltimo trimestre del a\u00f1o\u201d todav\u00eda...\" \/>\n<meta property=\"og:url\" content=\"https:\/\/www.ppdelugo.com\/es\/o-pp-pide-alcaldesa-que-non-caia-na-baixeza-de-usar-electoralmente-o-plan-de-emprego-municipal\/\" \/>\n<meta property=\"og:site_name\" content=\"Grupo Municipal Partido Popular de Lugo\" \/>\n<meta property=\"article:published_time\" content=\"2016-08-18T08:02:13+00:00\" \/>\n<meta property=\"article:modified_time\" content=\"2016-08-22T08:08:29+00:00\" \/>\n<meta property=\"og:image\" content=\"https:\/\/www.ppdelugo.com\/wp-content\/uploads\/2016\/08\/paconieto.jpg\" \/>\n\t<meta property=\"og:image:width\" content=\"1024\" \/>\n\t<meta property=\"og:image:height\" content=\"768\" \/>\n\t<meta property=\"og:image:type\" content=\"image\/jpeg\" \/>\n<meta name=\"author\" content=\"ppdelugo\" \/>\n<meta name=\"twitter:card\" content=\"summary_large_image\" \/>\n<meta name=\"twitter:label1\" content=\"Escrito por\" \/>\n\t<meta name=\"twitter:data1\" content=\"ppdelugo\" \/>\n\t<meta name=\"twitter:label2\" content=\"Tiempo de lectura\" \/>\n\t<meta name=\"twitter:data2\" content=\"3 minutos\" \/>\n<script type=\"application\/ld+json\" class=\"yoast-schema-graph\">{\"@context\":\"https:\\\/\\\/schema.org\",\"@graph\":[{\"@type\":\"Article\",\"@id\":\"https:\\\/\\\/www.ppdelugo.com\\\/es\\\/o-pp-pide-alcaldesa-que-non-caia-na-baixeza-de-usar-electoralmente-o-plan-de-emprego-municipal\\\/#article\",\"isPartOf\":{\"@id\":\"https:\\\/\\\/www.ppdelugo.com\\\/es\\\/o-pp-pide-alcaldesa-que-non-caia-na-baixeza-de-usar-electoralmente-o-plan-de-emprego-municipal\\\/\"},\"author\":{\"name\":\"ppdelugo\",\"@id\":\"https:\\\/\\\/www.ppdelugo.com\\\/es\\\/#\\\/schema\\\/person\\\/4fa17dd371813e2c389a4417775cec48\"},\"headline\":\"El PP pide a la alcaldesa que \u201cno caiga en la bajeza\u201d de usar electoralmente el Plan de Empleo Municipal\",\"datePublished\":\"2016-08-18T08:02:13+00:00\",\"dateModified\":\"2016-08-22T08:08:29+00:00\",\"mainEntityOfPage\":{\"@id\":\"https:\\\/\\\/www.ppdelugo.com\\\/es\\\/o-pp-pide-alcaldesa-que-non-caia-na-baixeza-de-usar-electoralmente-o-plan-de-emprego-municipal\\\/\"},\"wordCount\":659,\"commentCount\":0,\"image\":{\"@id\":\"https:\\\/\\\/www.ppdelugo.com\\\/es\\\/o-pp-pide-alcaldesa-que-non-caia-na-baixeza-de-usar-electoralmente-o-plan-de-emprego-municipal\\\/#primaryimage\"},\"thumbnailUrl\":\"https:\\\/\\\/www.ppdelugo.com\\\/wp-content\\\/uploads\\\/2016\\\/08\\\/paconieto.jpg\",\"articleSection\":[\"Econom\u00eda\"],\"inLanguage\":\"es\",\"potentialAction\":[{\"@type\":\"CommentAction\",\"name\":\"Comment\",\"target\":[\"https:\\\/\\\/www.ppdelugo.com\\\/es\\\/o-pp-pide-alcaldesa-que-non-caia-na-baixeza-de-usar-electoralmente-o-plan-de-emprego-municipal\\\/#respond\"]}]},{\"@type\":\"WebPage\",\"@id\":\"https:\\\/\\\/www.ppdelugo.com\\\/es\\\/o-pp-pide-alcaldesa-que-non-caia-na-baixeza-de-usar-electoralmente-o-plan-de-emprego-municipal\\\/\",\"url\":\"https:\\\/\\\/www.ppdelugo.com\\\/es\\\/o-pp-pide-alcaldesa-que-non-caia-na-baixeza-de-usar-electoralmente-o-plan-de-emprego-municipal\\\/\",\"name\":\"El PP pide a la alcaldesa que \u201cno caiga en la bajeza\u201d de usar electoralmente el Plan de Empleo Municipal - Grupo Municipal Partido Popular de Lugo\",\"isPartOf\":{\"@id\":\"https:\\\/\\\/www.ppdelugo.com\\\/es\\\/#website\"},\"primaryImageOfPage\":{\"@id\":\"https:\\\/\\\/www.ppdelugo.com\\\/es\\\/o-pp-pide-alcaldesa-que-non-caia-na-baixeza-de-usar-electoralmente-o-plan-de-emprego-municipal\\\/#primaryimage\"},\"image\":{\"@id\":\"https:\\\/\\\/www.ppdelugo.com\\\/es\\\/o-pp-pide-alcaldesa-que-non-caia-na-baixeza-de-usar-electoralmente-o-plan-de-emprego-municipal\\\/#primaryimage\"},\"thumbnailUrl\":\"https:\\\/\\\/www.ppdelugo.com\\\/wp-content\\\/uploads\\\/2016\\\/08\\\/paconieto.jpg\",\"datePublished\":\"2016-08-18T08:02:13+00:00\",\"dateModified\":\"2016-08-22T08:08:29+00:00\",\"author\":{\"@id\":\"https:\\\/\\\/www.ppdelugo.com\\\/es\\\/#\\\/schema\\\/person\\\/4fa17dd371813e2c389a4417775cec48\"},\"breadcrumb\":{\"@id\":\"https:\\\/\\\/www.ppdelugo.com\\\/es\\\/o-pp-pide-alcaldesa-que-non-caia-na-baixeza-de-usar-electoralmente-o-plan-de-emprego-municipal\\\/#breadcrumb\"},\"inLanguage\":\"es\",\"potentialAction\":[{\"@type\":\"ReadAction\",\"target\":[\"https:\\\/\\\/www.ppdelugo.com\\\/es\\\/o-pp-pide-alcaldesa-que-non-caia-na-baixeza-de-usar-electoralmente-o-plan-de-emprego-municipal\\\/\"]}]},{\"@type\":\"ImageObject\",\"inLanguage\":\"es\",\"@id\":\"https:\\\/\\\/www.ppdelugo.com\\\/es\\\/o-pp-pide-alcaldesa-que-non-caia-na-baixeza-de-usar-electoralmente-o-plan-de-emprego-municipal\\\/#primaryimage\",\"url\":\"https:\\\/\\\/www.ppdelugo.com\\\/wp-content\\\/uploads\\\/2016\\\/08\\\/paconieto.jpg\",\"contentUrl\":\"https:\\\/\\\/www.ppdelugo.com\\\/wp-content\\\/uploads\\\/2016\\\/08\\\/paconieto.jpg\",\"width\":1024,\"height\":768},{\"@type\":\"BreadcrumbList\",\"@id\":\"https:\\\/\\\/www.ppdelugo.com\\\/es\\\/o-pp-pide-alcaldesa-que-non-caia-na-baixeza-de-usar-electoralmente-o-plan-de-emprego-municipal\\\/#breadcrumb\",\"itemListElement\":[{\"@type\":\"ListItem\",\"position\":1,\"name\":\"Portada\",\"item\":\"https:\\\/\\\/www.ppdelugo.com\\\/es\\\/\"},{\"@type\":\"ListItem\",\"position\":2,\"name\":\"El PP pide a la alcaldesa que \u201cno caiga en la bajeza\u201d de usar electoralmente el Plan de Empleo Municipal\"}]},{\"@type\":\"WebSite\",\"@id\":\"https:\\\/\\\/www.ppdelugo.com\\\/es\\\/#website\",\"url\":\"https:\\\/\\\/www.ppdelugo.com\\\/es\\\/\",\"name\":\"Grupo Municipal Partido Popular de Lugo\",\"description\":\"Web del Grupo Municipal del Partido Popular en el Ayuntamiento de Lugo, con informaci\u00f3n sobre Lugo y fomento de la participaci\u00f3n ciudadana\",\"potentialAction\":[{\"@type\":\"SearchAction\",\"target\":{\"@type\":\"EntryPoint\",\"urlTemplate\":\"https:\\\/\\\/www.ppdelugo.com\\\/es\\\/?s={search_term_string}\"},\"query-input\":{\"@type\":\"PropertyValueSpecification\",\"valueRequired\":true,\"valueName\":\"search_term_string\"}}],\"inLanguage\":\"es\"},{\"@type\":\"Person\",\"@id\":\"https:\\\/\\\/www.ppdelugo.com\\\/es\\\/#\\\/schema\\\/person\\\/4fa17dd371813e2c389a4417775cec48\",\"name\":\"ppdelugo\",\"url\":\"https:\\\/\\\/www.ppdelugo.com\\\/es\\\/author\\\/admin-2\\\/\"}]}<\/script>\n<!-- \/ Yoast SEO plugin. -->","yoast_head_json":{"title":"El PP pide a la alcaldesa que \u201cno caiga en la bajeza\u201d de usar electoralmente el Plan de Empleo Municipal - Grupo Municipal Partido Popular de Lugo","robots":{"index":"index","follow":"follow","max-snippet":"max-snippet:-1","max-image-preview":"max-image-preview:large","max-video-preview":"max-video-preview:-1"},"canonical":"https:\/\/www.ppdelugo.com\/es\/o-pp-pide-alcaldesa-que-non-caia-na-baixeza-de-usar-electoralmente-o-plan-de-emprego-municipal\/","og_locale":"es_ES","og_type":"article","og_title":"El PP pide a la alcaldesa que \u201cno caiga en la bajeza\u201d de usar electoralmente el Plan de Empleo Municipal - Grupo Municipal Partido Popular de Lugo","og_description":"[vc_row type=\u00bbin_container\u00bb scene_position=\u00bbcenter\u00bb text_color=\u00bbdark\u00bb text_align=\u00bbleft\u00bb top_padding=\u00bb-10&#8243; overlay_strength=\u00bb0.3&#8243;][vc_column column_padding=\u00bbno-extra-padding\u00bb column_padding_position=\u00bball\u00bb background_color_opacity=\u00bb1&#8243; background_hover_color_opacity=\u00bb1&#8243; width=\u00bb1\/1&#8243;][vc_column_text] El viceportavoz\u00a0popular Antonio Ameijide considera \u201clamentable\u201d que \u201ccuando\u00a0falta poco para entrar en el \u00faltimo trimestre del a\u00f1o\u201d todav\u00eda...","og_url":"https:\/\/www.ppdelugo.com\/es\/o-pp-pide-alcaldesa-que-non-caia-na-baixeza-de-usar-electoralmente-o-plan-de-emprego-municipal\/","og_site_name":"Grupo Municipal Partido Popular de Lugo","article_published_time":"2016-08-18T08:02:13+00:00","article_modified_time":"2016-08-22T08:08:29+00:00","og_image":[{"width":1024,"height":768,"url":"https:\/\/www.ppdelugo.com\/wp-content\/uploads\/2016\/08\/paconieto.jpg","type":"image\/jpeg"}],"author":"ppdelugo","twitter_card":"summary_large_image","twitter_misc":{"Escrito por":"ppdelugo","Tiempo de lectura":"3 minutos"},"schema":{"@context":"https:\/\/schema.org","@graph":[{"@type":"Article","@id":"https:\/\/www.ppdelugo.com\/es\/o-pp-pide-alcaldesa-que-non-caia-na-baixeza-de-usar-electoralmente-o-plan-de-emprego-municipal\/#article","isPartOf":{"@id":"https:\/\/www.ppdelugo.com\/es\/o-pp-pide-alcaldesa-que-non-caia-na-baixeza-de-usar-electoralmente-o-plan-de-emprego-municipal\/"},"author":{"name":"ppdelugo","@id":"https:\/\/www.ppdelugo.com\/es\/#\/schema\/person\/4fa17dd371813e2c389a4417775cec48"},"headline":"El PP pide a la alcaldesa que \u201cno caiga en la bajeza\u201d de usar electoralmente el Plan de Empleo Municipal","datePublished":"2016-08-18T08:02:13+00:00","dateModified":"2016-08-22T08:08:29+00:00","mainEntityOfPage":{"@id":"https:\/\/www.ppdelugo.com\/es\/o-pp-pide-alcaldesa-que-non-caia-na-baixeza-de-usar-electoralmente-o-plan-de-emprego-municipal\/"},"wordCount":659,"commentCount":0,"image":{"@id":"https:\/\/www.ppdelugo.com\/es\/o-pp-pide-alcaldesa-que-non-caia-na-baixeza-de-usar-electoralmente-o-plan-de-emprego-municipal\/#primaryimage"},"thumbnailUrl":"https:\/\/www.ppdelugo.com\/wp-content\/uploads\/2016\/08\/paconieto.jpg","articleSection":["Econom\u00eda"],"inLanguage":"es","potentialAction":[{"@type":"CommentAction","name":"Comment","target":["https:\/\/www.ppdelugo.com\/es\/o-pp-pide-alcaldesa-que-non-caia-na-baixeza-de-usar-electoralmente-o-plan-de-emprego-municipal\/#respond"]}]},{"@type":"WebPage","@id":"https:\/\/www.ppdelugo.com\/es\/o-pp-pide-alcaldesa-que-non-caia-na-baixeza-de-usar-electoralmente-o-plan-de-emprego-municipal\/","url":"https:\/\/www.ppdelugo.com\/es\/o-pp-pide-alcaldesa-que-non-caia-na-baixeza-de-usar-electoralmente-o-plan-de-emprego-municipal\/","name":"El PP pide a la alcaldesa que \u201cno caiga en la bajeza\u201d de usar electoralmente el Plan de Empleo Municipal - Grupo Municipal Partido Popular de Lugo","isPartOf":{"@id":"https:\/\/www.ppdelugo.com\/es\/#website"},"primaryImageOfPage":{"@id":"https:\/\/www.ppdelugo.com\/es\/o-pp-pide-alcaldesa-que-non-caia-na-baixeza-de-usar-electoralmente-o-plan-de-emprego-municipal\/#primaryimage"},"image":{"@id":"https:\/\/www.ppdelugo.com\/es\/o-pp-pide-alcaldesa-que-non-caia-na-baixeza-de-usar-electoralmente-o-plan-de-emprego-municipal\/#primaryimage"},"thumbnailUrl":"https:\/\/www.ppdelugo.com\/wp-content\/uploads\/2016\/08\/paconieto.jpg","datePublished":"2016-08-18T08:02:13+00:00","dateModified":"2016-08-22T08:08:29+00:00","author":{"@id":"https:\/\/www.ppdelugo.com\/es\/#\/schema\/person\/4fa17dd371813e2c389a4417775cec48"},"breadcrumb":{"@id":"https:\/\/www.ppdelugo.com\/es\/o-pp-pide-alcaldesa-que-non-caia-na-baixeza-de-usar-electoralmente-o-plan-de-emprego-municipal\/#breadcrumb"},"inLanguage":"es","potentialAction":[{"@type":"ReadAction","target":["https:\/\/www.ppdelugo.com\/es\/o-pp-pide-alcaldesa-que-non-caia-na-baixeza-de-usar-electoralmente-o-plan-de-emprego-municipal\/"]}]},{"@type":"ImageObject","inLanguage":"es","@id":"https:\/\/www.ppdelugo.com\/es\/o-pp-pide-alcaldesa-que-non-caia-na-baixeza-de-usar-electoralmente-o-plan-de-emprego-municipal\/#primaryimage","url":"https:\/\/www.ppdelugo.com\/wp-content\/uploads\/2016\/08\/paconieto.jpg","contentUrl":"https:\/\/www.ppdelugo.com\/wp-content\/uploads\/2016\/08\/paconieto.jpg","width":1024,"height":768},{"@type":"BreadcrumbList","@id":"https:\/\/www.ppdelugo.com\/es\/o-pp-pide-alcaldesa-que-non-caia-na-baixeza-de-usar-electoralmente-o-plan-de-emprego-municipal\/#breadcrumb","itemListElement":[{"@type":"ListItem","position":1,"name":"Portada","item":"https:\/\/www.ppdelugo.com\/es\/"},{"@type":"ListItem","position":2,"name":"El PP pide a la alcaldesa que \u201cno caiga en la bajeza\u201d de usar electoralmente el Plan de Empleo Municipal"}]},{"@type":"WebSite","@id":"https:\/\/www.ppdelugo.com\/es\/#website","url":"https:\/\/www.ppdelugo.com\/es\/","name":"Grupo Municipal Partido Popular de Lugo","description":"Web del Grupo Municipal del Partido Popular en el Ayuntamiento de Lugo, con informaci\u00f3n sobre Lugo y fomento de la participaci\u00f3n ciudadana","potentialAction":[{"@type":"SearchAction","target":{"@type":"EntryPoint","urlTemplate":"https:\/\/www.ppdelugo.com\/es\/?s={search_term_string}"},"query-input":{"@type":"PropertyValueSpecification","valueRequired":true,"valueName":"search_term_string"}}],"inLanguage":"es"},{"@type":"Person","@id":"https:\/\/www.ppdelugo.com\/es\/#\/schema\/person\/4fa17dd371813e2c389a4417775cec48","name":"ppdelugo","url":"https:\/\/www.ppdelugo.com\/es\/author\/admin-2\/"}]}},"_links":{"self":[{"href":"https:\/\/www.ppdelugo.com\/es\/wp-json\/wp\/v2\/posts\/3118","targetHints":{"allow":["GET"]}}],"collection":[{"href":"https:\/\/www.ppdelugo.com\/es\/wp-json\/wp\/v2\/posts"}],"about":[{"href":"https:\/\/www.ppdelugo.com\/es\/wp-json\/wp\/v2\/types\/post"}],"author":[{"embeddable":true,"href":"https:\/\/www.ppdelugo.com\/es\/wp-json\/wp\/v2\/users\/8"}],"replies":[{"embeddable":true,"href":"https:\/\/www.ppdelugo.com\/es\/wp-json\/wp\/v2\/comments?post=3118"}],"version-history":[{"count":0,"href":"https:\/\/www.ppdelugo.com\/es\/wp-json\/wp\/v2\/posts\/3118\/revisions"}],"wp:featuredmedia":[{"embeddable":true,"href":"https:\/\/www.ppdelugo.com\/es\/wp-json\/wp\/v2\/media\/3108"}],"wp:attachment":[{"href":"https:\/\/www.ppdelugo.com\/es\/wp-json\/wp\/v2\/media?parent=3118"}],"wp:term":[{"taxonomy":"category","embeddable":true,"href":"https:\/\/www.ppdelugo.com\/es\/wp-json\/wp\/v2\/categories?post=3118"},{"taxonomy":"post_tag","embeddable":true,"href":"https:\/\/www.ppdelugo.com\/es\/wp-json\/wp\/v2\/tags?post=3118"}],"curies":[{"name":"wp","href":"https:\/\/api.w.org\/{rel}","templated":true}]}}