{"id":2427,"date":"2016-04-29T11:40:49","date_gmt":"2016-04-29T11:40:49","guid":{"rendered":"http:\/\/www.ppdelugo.com\/es\/2391\/"},"modified":"2016-05-02T08:52:39","modified_gmt":"2016-05-02T08:52:39","slug":"2391","status":"publish","type":"post","link":"https:\/\/www.ppdelugo.com\/es\/2391\/","title":{"rendered":"Puesta en valor 3 Patrimonios Humanidad Lugo\/ 28.04.16"},"content":{"rendered":"[vc_row type=\u00bbfull_width_background\u00bb scene_position=\u00bbcenter\u00bb text_color=\u00bbdark\u00bb text_align=\u00bbleft\u00bb top_padding=\u00bb30&#8243; bottom_padding=\u00bb50&#8243;][vc_column column_padding=\u00bbno-extra-padding\u00bb column_padding_position=\u00bball\u00bb background_color_opacity=\u00bb1&#8243; background_hover_color_opacity=\u00bb1&#8243; width=\u00bb1\/1&#8243;][vc_column_text]\n<h4 style=\"text-align: left;\">Pese a los votos en contra de PSOE y BNG conseguimos que el resto de los grupos apoyen crear un \u00f3rgano para potenciar los tres bienes que tenemos en Lugo Patrimonio de la Humanidad.<\/h4>\n[\/vc_column_text][vc_column_text][toggles accordion=\u00bbfalse\u00bb] [toggle title=\u00bbTexto Completo\u00bb color=\u00bbAccent-Color\u00bb id=\u00bbb1&#8243;]\n<div class=\"col span_6\" data-animation=\"\" data-delay=\"0\"><\/div>A cidade de Lugo conta con tres declaraci\u00f3ns Patrimonio da Humanidade, a Muralla Romana, a Catedral, e o Cami\u00f1o Primitivo, esta tripla distinci\u00f3n conv\u00e9rtea nun dos Concellos m\u00e1is distinguidos de Espa\u00f1a, o que obriga \u00e1s instituci\u00f3ns p\u00fablicas a\u00ednda m\u00e1is se cabe, a reforzar as tarefas de vixilancia, conservaci\u00f3n, protecci\u00f3n e fomento do seu estudo.<\/p>\n<p>Unha forma de po\u00f1er en valor os tres bens Patrimonio da Humanidade ser\u00eda a trav\u00e9s da creaci\u00f3n dunha Mesa de Traballo formada por representantes de diferentes Administraci\u00f3ns P\u00fablicas, as\u00ed como por persoas expertas na materia, entre outros, os investigadores Don Ricardo Pol\u00edn e Don Adolfo de Abel Vilela que realizaron valiosas traballos sobre o noso patrimonio como por exemplo sobre o Cami\u00f1o Primitivo.<\/p>\n<p><img loading=\"lazy\" decoding=\"async\" class=\"aligncenter wp-image-2393 size-large\" src=\"http:\/\/www.ppdelugo.com\/wp-content\/uploads\/2016\/04\/fondo-Cami\u00f1o-1024x768.jpg\" alt=\"\" width=\"1024\" height=\"768\" \/><\/p>\n<p>Esta Mesa de Traballo ter\u00eda diversas funci\u00f3ns como son as de expor as medidas necesarias para a s\u00faa conservaci\u00f3n e mantemento, executar as acci\u00f3ns necesarias para a restauraci\u00f3n ou rehabilitaci\u00f3n dos diferentes elementos patrimoniais establecendo prioridades e normas ou supervisando actuaci\u00f3ns, fomentar a investigaci\u00f3n nas distintas manifestaci\u00f3ns do patrimonio, ademais da difusi\u00f3n destes traballos para achegar o co\u00f1ecemento do patrimonio hist\u00f3rico \u00e1 sociedade no seu conxunto.<\/p>\n<p>Por todo elo o Grupo Municipal del Partido Popular considera de interese municipal que o Pleno da Corporaci\u00f3n Municipal ACORDE:<\/p>\n<p>Crear unha Mesa de Traballo na que se invite a participar a representantes da Xunta de Galicia, Deputaci\u00f3n Provincial, Obispado de Lugo, Universidade de Santiago de Compostela, expertos na materia como Don Ricardo Pol\u00edn e Don Adolfo de Abel Vilela, e Asociaci\u00f3ns como a de Amigos do Cami\u00f1o de Santiago na provincia de Lugo, para coordinar os traballos de recuperaci\u00f3n, mantemento e posta en valor dos tres bens Patrimonio da Humanidade como son a Muralla Romana, a Catedral e o Cami\u00f1o Primitivo no tramo do Concello de Lugo.<\/p>\n[\/toggle] [\/toggles][\/vc_column_text][divider line_type=\u00bbNo Line\u00bb custom_height=\u00bb20px\u00bb][vc_column_text]\n<p style=\"text-align: left;\"><a class=\"nectar-button n-sc-button medium accent-color regular-button\"  href=\"\" data-color-override=\"#00aeff\" data-hover-color-override=\"false\" data-hover-text-color-override=\"#fff\"><span>Aprobada<\/span><\/a>\n[\/vc_column_text][\/vc_column][\/vc_row]\n","protected":false},"excerpt":{"rendered":"<p>[vc_row type=\u00bbfull_width_background\u00bb scene_position=\u00bbcenter\u00bb text_color=\u00bbdark\u00bb text_align=\u00bbleft\u00bb top_padding=\u00bb30&#8243; bottom_padding=\u00bb50&#8243;][vc_column column_padding=\u00bbno-extra-padding\u00bb column_padding_position=\u00bball\u00bb background_color_opacity=\u00bb1&#8243; background_hover_color_opacity=\u00bb1&#8243; width=\u00bb1\/1&#8243;][vc_column_text] Pese a los votos en contra de PSOE y BNG conseguimos que el resto de los grupos apoyen&#8230;<\/p>\n","protected":false},"author":8,"featured_media":2355,"comment_status":"open","ping_status":"closed","sticky":false,"template":"","format":"standard","meta":{"footnotes":""},"categories":[50],"tags":[],"class_list":{"0":"post-2427","1":"post","2":"type-post","3":"status-publish","4":"format-standard","5":"has-post-thumbnail","7":"category-proposiciones"},"yoast_head":"<!-- This site is optimized with the Yoast SEO plugin v27.4 - https:\/\/yoast.com\/product\/yoast-seo-wordpress\/ -->\n<title>Puesta en valor 3 Patrimonios Humanidad Lugo\/ 28.04.16 - Grupo Municipal Partido Popular de Lugo<\/title>\n<meta name=\"robots\" content=\"index, follow, max-snippet:-1, max-image-preview:large, max-video-preview:-1\" \/>\n<link rel=\"canonical\" href=\"https:\/\/www.ppdelugo.com\/es\/2391\/\" \/>\n<meta property=\"og:locale\" content=\"es_ES\" \/>\n<meta property=\"og:type\" content=\"article\" \/>\n<meta property=\"og:title\" content=\"Puesta en valor 3 Patrimonios Humanidad Lugo\/ 28.04.16 - Grupo Municipal Partido Popular de Lugo\" \/>\n<meta property=\"og:description\" content=\"[vc_row type=\u00bbfull_width_background\u00bb scene_position=\u00bbcenter\u00bb text_color=\u00bbdark\u00bb text_align=\u00bbleft\u00bb top_padding=\u00bb30&#8243; bottom_padding=\u00bb50&#8243;][vc_column column_padding=\u00bbno-extra-padding\u00bb column_padding_position=\u00bball\u00bb background_color_opacity=\u00bb1&#8243; background_hover_color_opacity=\u00bb1&#8243; width=\u00bb1\/1&#8243;][vc_column_text] Pese a los votos en contra de PSOE y BNG conseguimos que el resto de los grupos apoyen...\" \/>\n<meta property=\"og:url\" content=\"https:\/\/www.ppdelugo.com\/es\/2391\/\" \/>\n<meta property=\"og:site_name\" content=\"Grupo Municipal Partido Popular de Lugo\" \/>\n<meta property=\"article:published_time\" content=\"2016-04-29T11:40:49+00:00\" \/>\n<meta property=\"article:modified_time\" content=\"2016-05-02T08:52:39+00:00\" \/>\n<meta property=\"og:image\" content=\"https:\/\/www.ppdelugo.com\/wp-content\/uploads\/2016\/04\/Imagen-027-e1464857653235.jpg\" \/>\n\t<meta property=\"og:image:width\" content=\"1008\" \/>\n\t<meta property=\"og:image:height\" content=\"670\" \/>\n\t<meta property=\"og:image:type\" content=\"image\/jpeg\" \/>\n<meta name=\"author\" content=\"ppdelugo\" \/>\n<meta name=\"twitter:card\" content=\"summary_large_image\" \/>\n<meta name=\"twitter:label1\" content=\"Escrito por\" \/>\n\t<meta name=\"twitter:data1\" content=\"ppdelugo\" \/>\n\t<meta name=\"twitter:label2\" content=\"Tiempo de lectura\" \/>\n\t<meta name=\"twitter:data2\" content=\"2 minutos\" \/>\n<script type=\"application\/ld+json\" class=\"yoast-schema-graph\">{\"@context\":\"https:\\\/\\\/schema.org\",\"@graph\":[{\"@type\":\"Article\",\"@id\":\"https:\\\/\\\/www.ppdelugo.com\\\/es\\\/2391\\\/#article\",\"isPartOf\":{\"@id\":\"https:\\\/\\\/www.ppdelugo.com\\\/es\\\/2391\\\/\"},\"author\":{\"name\":\"ppdelugo\",\"@id\":\"https:\\\/\\\/www.ppdelugo.com\\\/es\\\/#\\\/schema\\\/person\\\/4fa17dd371813e2c389a4417775cec48\"},\"headline\":\"Puesta en valor 3 Patrimonios Humanidad Lugo\\\/ 28.04.16\",\"datePublished\":\"2016-04-29T11:40:49+00:00\",\"dateModified\":\"2016-05-02T08:52:39+00:00\",\"mainEntityOfPage\":{\"@id\":\"https:\\\/\\\/www.ppdelugo.com\\\/es\\\/2391\\\/\"},\"wordCount\":467,\"commentCount\":0,\"image\":{\"@id\":\"https:\\\/\\\/www.ppdelugo.com\\\/es\\\/2391\\\/#primaryimage\"},\"thumbnailUrl\":\"https:\\\/\\\/www.ppdelugo.com\\\/wp-content\\\/uploads\\\/2016\\\/04\\\/Imagen-027-e1464857653235.jpg\",\"articleSection\":[\"Proposiciones\"],\"inLanguage\":\"es\",\"potentialAction\":[{\"@type\":\"CommentAction\",\"name\":\"Comment\",\"target\":[\"https:\\\/\\\/www.ppdelugo.com\\\/es\\\/2391\\\/#respond\"]}]},{\"@type\":\"WebPage\",\"@id\":\"https:\\\/\\\/www.ppdelugo.com\\\/es\\\/2391\\\/\",\"url\":\"https:\\\/\\\/www.ppdelugo.com\\\/es\\\/2391\\\/\",\"name\":\"Puesta en valor 3 Patrimonios Humanidad Lugo\\\/ 28.04.16 - Grupo Municipal Partido Popular de Lugo\",\"isPartOf\":{\"@id\":\"https:\\\/\\\/www.ppdelugo.com\\\/es\\\/#website\"},\"primaryImageOfPage\":{\"@id\":\"https:\\\/\\\/www.ppdelugo.com\\\/es\\\/2391\\\/#primaryimage\"},\"image\":{\"@id\":\"https:\\\/\\\/www.ppdelugo.com\\\/es\\\/2391\\\/#primaryimage\"},\"thumbnailUrl\":\"https:\\\/\\\/www.ppdelugo.com\\\/wp-content\\\/uploads\\\/2016\\\/04\\\/Imagen-027-e1464857653235.jpg\",\"datePublished\":\"2016-04-29T11:40:49+00:00\",\"dateModified\":\"2016-05-02T08:52:39+00:00\",\"author\":{\"@id\":\"https:\\\/\\\/www.ppdelugo.com\\\/es\\\/#\\\/schema\\\/person\\\/4fa17dd371813e2c389a4417775cec48\"},\"breadcrumb\":{\"@id\":\"https:\\\/\\\/www.ppdelugo.com\\\/es\\\/2391\\\/#breadcrumb\"},\"inLanguage\":\"es\",\"potentialAction\":[{\"@type\":\"ReadAction\",\"target\":[\"https:\\\/\\\/www.ppdelugo.com\\\/es\\\/2391\\\/\"]}]},{\"@type\":\"ImageObject\",\"inLanguage\":\"es\",\"@id\":\"https:\\\/\\\/www.ppdelugo.com\\\/es\\\/2391\\\/#primaryimage\",\"url\":\"https:\\\/\\\/www.ppdelugo.com\\\/wp-content\\\/uploads\\\/2016\\\/04\\\/Imagen-027-e1464857653235.jpg\",\"contentUrl\":\"https:\\\/\\\/www.ppdelugo.com\\\/wp-content\\\/uploads\\\/2016\\\/04\\\/Imagen-027-e1464857653235.jpg\",\"width\":1008,\"height\":670,\"caption\":\"PPLugo, PPdeLugo, Concello de Lugo, Ayuntamiento de Lugo\"},{\"@type\":\"BreadcrumbList\",\"@id\":\"https:\\\/\\\/www.ppdelugo.com\\\/es\\\/2391\\\/#breadcrumb\",\"itemListElement\":[{\"@type\":\"ListItem\",\"position\":1,\"name\":\"Portada\",\"item\":\"https:\\\/\\\/www.ppdelugo.com\\\/es\\\/\"},{\"@type\":\"ListItem\",\"position\":2,\"name\":\"Puesta en valor 3 Patrimonios Humanidad Lugo\\\/ 28.04.16\"}]},{\"@type\":\"WebSite\",\"@id\":\"https:\\\/\\\/www.ppdelugo.com\\\/es\\\/#website\",\"url\":\"https:\\\/\\\/www.ppdelugo.com\\\/es\\\/\",\"name\":\"Grupo Municipal Partido Popular de Lugo\",\"description\":\"Web del Grupo Municipal del Partido Popular en el Ayuntamiento de Lugo, con informaci\u00f3n sobre Lugo y fomento de la participaci\u00f3n ciudadana\",\"potentialAction\":[{\"@type\":\"SearchAction\",\"target\":{\"@type\":\"EntryPoint\",\"urlTemplate\":\"https:\\\/\\\/www.ppdelugo.com\\\/es\\\/?s={search_term_string}\"},\"query-input\":{\"@type\":\"PropertyValueSpecification\",\"valueRequired\":true,\"valueName\":\"search_term_string\"}}],\"inLanguage\":\"es\"},{\"@type\":\"Person\",\"@id\":\"https:\\\/\\\/www.ppdelugo.com\\\/es\\\/#\\\/schema\\\/person\\\/4fa17dd371813e2c389a4417775cec48\",\"name\":\"ppdelugo\",\"url\":\"https:\\\/\\\/www.ppdelugo.com\\\/es\\\/author\\\/admin-2\\\/\"}]}<\/script>\n<!-- \/ Yoast SEO plugin. -->","yoast_head_json":{"title":"Puesta en valor 3 Patrimonios Humanidad Lugo\/ 28.04.16 - Grupo Municipal Partido Popular de Lugo","robots":{"index":"index","follow":"follow","max-snippet":"max-snippet:-1","max-image-preview":"max-image-preview:large","max-video-preview":"max-video-preview:-1"},"canonical":"https:\/\/www.ppdelugo.com\/es\/2391\/","og_locale":"es_ES","og_type":"article","og_title":"Puesta en valor 3 Patrimonios Humanidad Lugo\/ 28.04.16 - Grupo Municipal Partido Popular de Lugo","og_description":"[vc_row type=\u00bbfull_width_background\u00bb scene_position=\u00bbcenter\u00bb text_color=\u00bbdark\u00bb text_align=\u00bbleft\u00bb top_padding=\u00bb30&#8243; bottom_padding=\u00bb50&#8243;][vc_column column_padding=\u00bbno-extra-padding\u00bb column_padding_position=\u00bball\u00bb background_color_opacity=\u00bb1&#8243; background_hover_color_opacity=\u00bb1&#8243; width=\u00bb1\/1&#8243;][vc_column_text] Pese a los votos en contra de PSOE y BNG conseguimos que el resto de los grupos apoyen...","og_url":"https:\/\/www.ppdelugo.com\/es\/2391\/","og_site_name":"Grupo Municipal Partido Popular de Lugo","article_published_time":"2016-04-29T11:40:49+00:00","article_modified_time":"2016-05-02T08:52:39+00:00","og_image":[{"width":1008,"height":670,"url":"https:\/\/www.ppdelugo.com\/wp-content\/uploads\/2016\/04\/Imagen-027-e1464857653235.jpg","type":"image\/jpeg"}],"author":"ppdelugo","twitter_card":"summary_large_image","twitter_misc":{"Escrito por":"ppdelugo","Tiempo de lectura":"2 minutos"},"schema":{"@context":"https:\/\/schema.org","@graph":[{"@type":"Article","@id":"https:\/\/www.ppdelugo.com\/es\/2391\/#article","isPartOf":{"@id":"https:\/\/www.ppdelugo.com\/es\/2391\/"},"author":{"name":"ppdelugo","@id":"https:\/\/www.ppdelugo.com\/es\/#\/schema\/person\/4fa17dd371813e2c389a4417775cec48"},"headline":"Puesta en valor 3 Patrimonios Humanidad Lugo\/ 28.04.16","datePublished":"2016-04-29T11:40:49+00:00","dateModified":"2016-05-02T08:52:39+00:00","mainEntityOfPage":{"@id":"https:\/\/www.ppdelugo.com\/es\/2391\/"},"wordCount":467,"commentCount":0,"image":{"@id":"https:\/\/www.ppdelugo.com\/es\/2391\/#primaryimage"},"thumbnailUrl":"https:\/\/www.ppdelugo.com\/wp-content\/uploads\/2016\/04\/Imagen-027-e1464857653235.jpg","articleSection":["Proposiciones"],"inLanguage":"es","potentialAction":[{"@type":"CommentAction","name":"Comment","target":["https:\/\/www.ppdelugo.com\/es\/2391\/#respond"]}]},{"@type":"WebPage","@id":"https:\/\/www.ppdelugo.com\/es\/2391\/","url":"https:\/\/www.ppdelugo.com\/es\/2391\/","name":"Puesta en valor 3 Patrimonios Humanidad Lugo\/ 28.04.16 - Grupo Municipal Partido Popular de Lugo","isPartOf":{"@id":"https:\/\/www.ppdelugo.com\/es\/#website"},"primaryImageOfPage":{"@id":"https:\/\/www.ppdelugo.com\/es\/2391\/#primaryimage"},"image":{"@id":"https:\/\/www.ppdelugo.com\/es\/2391\/#primaryimage"},"thumbnailUrl":"https:\/\/www.ppdelugo.com\/wp-content\/uploads\/2016\/04\/Imagen-027-e1464857653235.jpg","datePublished":"2016-04-29T11:40:49+00:00","dateModified":"2016-05-02T08:52:39+00:00","author":{"@id":"https:\/\/www.ppdelugo.com\/es\/#\/schema\/person\/4fa17dd371813e2c389a4417775cec48"},"breadcrumb":{"@id":"https:\/\/www.ppdelugo.com\/es\/2391\/#breadcrumb"},"inLanguage":"es","potentialAction":[{"@type":"ReadAction","target":["https:\/\/www.ppdelugo.com\/es\/2391\/"]}]},{"@type":"ImageObject","inLanguage":"es","@id":"https:\/\/www.ppdelugo.com\/es\/2391\/#primaryimage","url":"https:\/\/www.ppdelugo.com\/wp-content\/uploads\/2016\/04\/Imagen-027-e1464857653235.jpg","contentUrl":"https:\/\/www.ppdelugo.com\/wp-content\/uploads\/2016\/04\/Imagen-027-e1464857653235.jpg","width":1008,"height":670,"caption":"PPLugo, PPdeLugo, Concello de Lugo, Ayuntamiento de Lugo"},{"@type":"BreadcrumbList","@id":"https:\/\/www.ppdelugo.com\/es\/2391\/#breadcrumb","itemListElement":[{"@type":"ListItem","position":1,"name":"Portada","item":"https:\/\/www.ppdelugo.com\/es\/"},{"@type":"ListItem","position":2,"name":"Puesta en valor 3 Patrimonios Humanidad Lugo\/ 28.04.16"}]},{"@type":"WebSite","@id":"https:\/\/www.ppdelugo.com\/es\/#website","url":"https:\/\/www.ppdelugo.com\/es\/","name":"Grupo Municipal Partido Popular de Lugo","description":"Web del Grupo Municipal del Partido Popular en el Ayuntamiento de Lugo, con informaci\u00f3n sobre Lugo y fomento de la participaci\u00f3n ciudadana","potentialAction":[{"@type":"SearchAction","target":{"@type":"EntryPoint","urlTemplate":"https:\/\/www.ppdelugo.com\/es\/?s={search_term_string}"},"query-input":{"@type":"PropertyValueSpecification","valueRequired":true,"valueName":"search_term_string"}}],"inLanguage":"es"},{"@type":"Person","@id":"https:\/\/www.ppdelugo.com\/es\/#\/schema\/person\/4fa17dd371813e2c389a4417775cec48","name":"ppdelugo","url":"https:\/\/www.ppdelugo.com\/es\/author\/admin-2\/"}]}},"_links":{"self":[{"href":"https:\/\/www.ppdelugo.com\/es\/wp-json\/wp\/v2\/posts\/2427","targetHints":{"allow":["GET"]}}],"collection":[{"href":"https:\/\/www.ppdelugo.com\/es\/wp-json\/wp\/v2\/posts"}],"about":[{"href":"https:\/\/www.ppdelugo.com\/es\/wp-json\/wp\/v2\/types\/post"}],"author":[{"embeddable":true,"href":"https:\/\/www.ppdelugo.com\/es\/wp-json\/wp\/v2\/users\/8"}],"replies":[{"embeddable":true,"href":"https:\/\/www.ppdelugo.com\/es\/wp-json\/wp\/v2\/comments?post=2427"}],"version-history":[{"count":0,"href":"https:\/\/www.ppdelugo.com\/es\/wp-json\/wp\/v2\/posts\/2427\/revisions"}],"wp:featuredmedia":[{"embeddable":true,"href":"https:\/\/www.ppdelugo.com\/es\/wp-json\/wp\/v2\/media\/2355"}],"wp:attachment":[{"href":"https:\/\/www.ppdelugo.com\/es\/wp-json\/wp\/v2\/media?parent=2427"}],"wp:term":[{"taxonomy":"category","embeddable":true,"href":"https:\/\/www.ppdelugo.com\/es\/wp-json\/wp\/v2\/categories?post=2427"},{"taxonomy":"post_tag","embeddable":true,"href":"https:\/\/www.ppdelugo.com\/es\/wp-json\/wp\/v2\/tags?post=2427"}],"curies":[{"name":"wp","href":"https:\/\/api.w.org\/{rel}","templated":true}]}}