{"id":23746,"date":"2025-07-31T09:46:07","date_gmt":"2025-07-31T09:46:07","guid":{"rendered":"https:\/\/www.ppdelugo.com\/o-pp-de-lugo-defende-a-integracion-da-escola-de-enfermaria-garantindo-a-sua-autonomia-e-aspirando-a-unha-futura-facultade\/"},"modified":"2025-07-31T09:48:34","modified_gmt":"2025-07-31T09:48:34","slug":"o-pp-de-lugo-defende-a-integracion-da-escola-de-enfermaria-garantindo-a-sua-autonomia-e-aspirando-a-unha-futura-facultade","status":"publish","type":"post","link":"https:\/\/www.ppdelugo.com\/es\/o-pp-de-lugo-defende-a-integracion-da-escola-de-enfermaria-garantindo-a-sua-autonomia-e-aspirando-a-unha-futura-facultade\/","title":{"rendered":"El PP de Lugo defiende la integraci\u00f3n de la Escuela de Enfermar\u00eda garantizando su autonom\u00eda y aspirando a una futura facultad"},"content":{"rendered":"<p>Jueves 31 de julio de 2025.- El Grupo Municipal Popular manifest\u00f3 hoy en el Pleno su apoyo a la integraci\u00f3n de la Escuela de Enfermer\u00eda de Lugo, siempre que se asegure el m\u00e1ximo grado de autonom\u00eda para el centro, con el objetivo de que pueda aspirar en un futuro a la creaci\u00f3n de una facultad propia.<\/p>\n<p>Desde el PP lamentamos que PSOE y BNG rechazaran la propuesta que presentamos al alcalde, que ten\u00eda un \u00fanico fin: mejorar la iniciativa que llegaba al Pleno y dar un paso m\u00e1s en esta cuesti\u00f3n.<\/p>\n<p>\u201cNuestra propuesta era constructiva, pensada para que Lugo siga ganando peso en el \u00e1mbito sanitario y universitario. No entendemos la negativa del gobierno local\u201d, se\u00f1alaron los populares.<\/p>\n<p>El PP insiste en que Lugo no puede perder oportunidades para reforzar su oferta universitaria y reclama al gobierno local m\u00e1s ambici\u00f3n y consenso en las decisiones que afectan al futuro de la ciudad.<\/p>\n<p>Adem\u00e1s, desde el PP cuestionamos la falta de palabra y de liderazgo del alcalde de Lugo, que demuestra una gesti\u00f3n basada en la confrontaci\u00f3n y en la improvisaci\u00f3n:<\/p>\n<p>\u201cEs un alcalde provocador, no es cre\u00edble, una persona poco de fiar. Un alcalde que o enga\u00f1a o lo desautorizan: llega a acuerdos a las nueve y desdice a las diez. Un hombre sin palabra y sin liderazgo, incapaz de generar consensos para que Lugo avance\u201d.<\/p>\n","protected":false},"excerpt":{"rendered":"<p>Jueves 31 de julio de 2025.- El Grupo Municipal Popular manifest\u00f3 hoy en el Pleno su apoyo a la integraci\u00f3n de la Escuela de Enfermer\u00eda de Lugo, siempre que se&#8230;<\/p>\n","protected":false},"author":2,"featured_media":23744,"comment_status":"open","ping_status":"closed","sticky":false,"template":"","format":"standard","meta":{"footnotes":""},"categories":[57],"tags":[],"class_list":{"0":"post-23746","1":"post","2":"type-post","3":"status-publish","4":"format-standard","5":"has-post-thumbnail","7":"category-educacion"},"yoast_head":"<!-- This site is optimized with the Yoast SEO plugin v27.4 - https:\/\/yoast.com\/product\/yoast-seo-wordpress\/ -->\n<title>El PP de Lugo defiende la integraci\u00f3n de la Escuela de Enfermar\u00eda garantizando su autonom\u00eda y aspirando a una futura facultad - Grupo Municipal Partido Popular de Lugo<\/title>\n<meta name=\"robots\" content=\"index, follow, max-snippet:-1, max-image-preview:large, max-video-preview:-1\" \/>\n<link rel=\"canonical\" href=\"https:\/\/www.ppdelugo.com\/es\/o-pp-de-lugo-defende-a-integracion-da-escola-de-enfermaria-garantindo-a-sua-autonomia-e-aspirando-a-unha-futura-facultade\/\" \/>\n<meta property=\"og:locale\" content=\"es_ES\" \/>\n<meta property=\"og:type\" content=\"article\" \/>\n<meta property=\"og:title\" content=\"El PP de Lugo defiende la integraci\u00f3n de la Escuela de Enfermar\u00eda garantizando su autonom\u00eda y aspirando a una futura facultad - Grupo Municipal Partido Popular de Lugo\" \/>\n<meta property=\"og:description\" content=\"Jueves 31 de julio de 2025.- El Grupo Municipal Popular manifest\u00f3 hoy en el Pleno su apoyo a la integraci\u00f3n de la Escuela de Enfermer\u00eda de Lugo, siempre que se...\" \/>\n<meta property=\"og:url\" content=\"https:\/\/www.ppdelugo.com\/es\/o-pp-de-lugo-defende-a-integracion-da-escola-de-enfermaria-garantindo-a-sua-autonomia-e-aspirando-a-unha-futura-facultade\/\" \/>\n<meta property=\"og:site_name\" content=\"Grupo Municipal Partido Popular de Lugo\" \/>\n<meta property=\"article:published_time\" content=\"2025-07-31T09:46:07+00:00\" \/>\n<meta property=\"article:modified_time\" content=\"2025-07-31T09:48:34+00:00\" \/>\n<meta property=\"og:image\" content=\"https:\/\/www.ppdelugo.com\/wp-content\/uploads\/2025\/07\/WhatsApp-Image-2025-07-31-at-10.44.36-scaled.jpeg\" \/>\n\t<meta property=\"og:image:width\" content=\"2560\" \/>\n\t<meta property=\"og:image:height\" content=\"1920\" \/>\n\t<meta property=\"og:image:type\" content=\"image\/jpeg\" \/>\n<meta name=\"author\" content=\"PP\" \/>\n<meta name=\"twitter:card\" content=\"summary_large_image\" \/>\n<meta name=\"twitter:image\" content=\"https:\/\/www.ppdelugo.com\/wp-content\/uploads\/2025\/07\/WhatsApp-Image-2025-07-31-at-10.44.36-scaled.jpeg\" \/>\n<meta name=\"twitter:label1\" content=\"Escrito por\" \/>\n\t<meta name=\"twitter:data1\" content=\"PP\" \/>\n\t<meta name=\"twitter:label2\" content=\"Tiempo de lectura\" \/>\n\t<meta name=\"twitter:data2\" content=\"1 minuto\" \/>\n<script type=\"application\/ld+json\" class=\"yoast-schema-graph\">{\"@context\":\"https:\\\/\\\/schema.org\",\"@graph\":[{\"@type\":\"Article\",\"@id\":\"https:\\\/\\\/www.ppdelugo.com\\\/es\\\/o-pp-de-lugo-defende-a-integracion-da-escola-de-enfermaria-garantindo-a-sua-autonomia-e-aspirando-a-unha-futura-facultade\\\/#article\",\"isPartOf\":{\"@id\":\"https:\\\/\\\/www.ppdelugo.com\\\/es\\\/o-pp-de-lugo-defende-a-integracion-da-escola-de-enfermaria-garantindo-a-sua-autonomia-e-aspirando-a-unha-futura-facultade\\\/\"},\"author\":{\"name\":\"PP\",\"@id\":\"https:\\\/\\\/www.ppdelugo.com\\\/es\\\/#\\\/schema\\\/person\\\/a847ea797b54208d374f6a8953571050\"},\"headline\":\"El PP de Lugo defiende la integraci\u00f3n de la Escuela de Enfermar\u00eda garantizando su autonom\u00eda y aspirando a una futura facultad\",\"datePublished\":\"2025-07-31T09:46:07+00:00\",\"dateModified\":\"2025-07-31T09:48:34+00:00\",\"mainEntityOfPage\":{\"@id\":\"https:\\\/\\\/www.ppdelugo.com\\\/es\\\/o-pp-de-lugo-defende-a-integracion-da-escola-de-enfermaria-garantindo-a-sua-autonomia-e-aspirando-a-unha-futura-facultade\\\/\"},\"wordCount\":266,\"commentCount\":0,\"image\":{\"@id\":\"https:\\\/\\\/www.ppdelugo.com\\\/es\\\/o-pp-de-lugo-defende-a-integracion-da-escola-de-enfermaria-garantindo-a-sua-autonomia-e-aspirando-a-unha-futura-facultade\\\/#primaryimage\"},\"thumbnailUrl\":\"https:\\\/\\\/www.ppdelugo.com\\\/wp-content\\\/uploads\\\/2025\\\/07\\\/WhatsApp-Image-2025-07-31-at-10.44.36-scaled.jpeg\",\"articleSection\":[\"Educaci\u00f3n\"],\"inLanguage\":\"es\",\"potentialAction\":[{\"@type\":\"CommentAction\",\"name\":\"Comment\",\"target\":[\"https:\\\/\\\/www.ppdelugo.com\\\/es\\\/o-pp-de-lugo-defende-a-integracion-da-escola-de-enfermaria-garantindo-a-sua-autonomia-e-aspirando-a-unha-futura-facultade\\\/#respond\"]}]},{\"@type\":\"WebPage\",\"@id\":\"https:\\\/\\\/www.ppdelugo.com\\\/es\\\/o-pp-de-lugo-defende-a-integracion-da-escola-de-enfermaria-garantindo-a-sua-autonomia-e-aspirando-a-unha-futura-facultade\\\/\",\"url\":\"https:\\\/\\\/www.ppdelugo.com\\\/es\\\/o-pp-de-lugo-defende-a-integracion-da-escola-de-enfermaria-garantindo-a-sua-autonomia-e-aspirando-a-unha-futura-facultade\\\/\",\"name\":\"El PP de Lugo defiende la integraci\u00f3n de la Escuela de Enfermar\u00eda garantizando su autonom\u00eda y aspirando a una futura facultad - Grupo Municipal Partido Popular de Lugo\",\"isPartOf\":{\"@id\":\"https:\\\/\\\/www.ppdelugo.com\\\/es\\\/#website\"},\"primaryImageOfPage\":{\"@id\":\"https:\\\/\\\/www.ppdelugo.com\\\/es\\\/o-pp-de-lugo-defende-a-integracion-da-escola-de-enfermaria-garantindo-a-sua-autonomia-e-aspirando-a-unha-futura-facultade\\\/#primaryimage\"},\"image\":{\"@id\":\"https:\\\/\\\/www.ppdelugo.com\\\/es\\\/o-pp-de-lugo-defende-a-integracion-da-escola-de-enfermaria-garantindo-a-sua-autonomia-e-aspirando-a-unha-futura-facultade\\\/#primaryimage\"},\"thumbnailUrl\":\"https:\\\/\\\/www.ppdelugo.com\\\/wp-content\\\/uploads\\\/2025\\\/07\\\/WhatsApp-Image-2025-07-31-at-10.44.36-scaled.jpeg\",\"datePublished\":\"2025-07-31T09:46:07+00:00\",\"dateModified\":\"2025-07-31T09:48:34+00:00\",\"author\":{\"@id\":\"https:\\\/\\\/www.ppdelugo.com\\\/es\\\/#\\\/schema\\\/person\\\/a847ea797b54208d374f6a8953571050\"},\"breadcrumb\":{\"@id\":\"https:\\\/\\\/www.ppdelugo.com\\\/es\\\/o-pp-de-lugo-defende-a-integracion-da-escola-de-enfermaria-garantindo-a-sua-autonomia-e-aspirando-a-unha-futura-facultade\\\/#breadcrumb\"},\"inLanguage\":\"es\",\"potentialAction\":[{\"@type\":\"ReadAction\",\"target\":[\"https:\\\/\\\/www.ppdelugo.com\\\/es\\\/o-pp-de-lugo-defende-a-integracion-da-escola-de-enfermaria-garantindo-a-sua-autonomia-e-aspirando-a-unha-futura-facultade\\\/\"]}]},{\"@type\":\"ImageObject\",\"inLanguage\":\"es\",\"@id\":\"https:\\\/\\\/www.ppdelugo.com\\\/es\\\/o-pp-de-lugo-defende-a-integracion-da-escola-de-enfermaria-garantindo-a-sua-autonomia-e-aspirando-a-unha-futura-facultade\\\/#primaryimage\",\"url\":\"https:\\\/\\\/www.ppdelugo.com\\\/wp-content\\\/uploads\\\/2025\\\/07\\\/WhatsApp-Image-2025-07-31-at-10.44.36-scaled.jpeg\",\"contentUrl\":\"https:\\\/\\\/www.ppdelugo.com\\\/wp-content\\\/uploads\\\/2025\\\/07\\\/WhatsApp-Image-2025-07-31-at-10.44.36-scaled.jpeg\",\"width\":2560,\"height\":1920},{\"@type\":\"BreadcrumbList\",\"@id\":\"https:\\\/\\\/www.ppdelugo.com\\\/es\\\/o-pp-de-lugo-defende-a-integracion-da-escola-de-enfermaria-garantindo-a-sua-autonomia-e-aspirando-a-unha-futura-facultade\\\/#breadcrumb\",\"itemListElement\":[{\"@type\":\"ListItem\",\"position\":1,\"name\":\"Portada\",\"item\":\"https:\\\/\\\/www.ppdelugo.com\\\/es\\\/\"},{\"@type\":\"ListItem\",\"position\":2,\"name\":\"El PP de Lugo defiende la integraci\u00f3n de la Escuela de Enfermar\u00eda garantizando su autonom\u00eda y aspirando a una futura facultad\"}]},{\"@type\":\"WebSite\",\"@id\":\"https:\\\/\\\/www.ppdelugo.com\\\/es\\\/#website\",\"url\":\"https:\\\/\\\/www.ppdelugo.com\\\/es\\\/\",\"name\":\"Grupo Municipal Partido Popular de Lugo\",\"description\":\"Web del Grupo Municipal del Partido Popular en el Ayuntamiento de Lugo, con informaci\u00f3n sobre Lugo y fomento de la participaci\u00f3n ciudadana\",\"potentialAction\":[{\"@type\":\"SearchAction\",\"target\":{\"@type\":\"EntryPoint\",\"urlTemplate\":\"https:\\\/\\\/www.ppdelugo.com\\\/es\\\/?s={search_term_string}\"},\"query-input\":{\"@type\":\"PropertyValueSpecification\",\"valueRequired\":true,\"valueName\":\"search_term_string\"}}],\"inLanguage\":\"es\"},{\"@type\":\"Person\",\"@id\":\"https:\\\/\\\/www.ppdelugo.com\\\/es\\\/#\\\/schema\\\/person\\\/a847ea797b54208d374f6a8953571050\",\"name\":\"PP\",\"url\":\"https:\\\/\\\/www.ppdelugo.com\\\/es\\\/author\\\/ppdelugo\\\/\"}]}<\/script>\n<!-- \/ Yoast SEO plugin. -->","yoast_head_json":{"title":"El PP de Lugo defiende la integraci\u00f3n de la Escuela de Enfermar\u00eda garantizando su autonom\u00eda y aspirando a una futura facultad - Grupo Municipal Partido Popular de Lugo","robots":{"index":"index","follow":"follow","max-snippet":"max-snippet:-1","max-image-preview":"max-image-preview:large","max-video-preview":"max-video-preview:-1"},"canonical":"https:\/\/www.ppdelugo.com\/es\/o-pp-de-lugo-defende-a-integracion-da-escola-de-enfermaria-garantindo-a-sua-autonomia-e-aspirando-a-unha-futura-facultade\/","og_locale":"es_ES","og_type":"article","og_title":"El PP de Lugo defiende la integraci\u00f3n de la Escuela de Enfermar\u00eda garantizando su autonom\u00eda y aspirando a una futura facultad - Grupo Municipal Partido Popular de Lugo","og_description":"Jueves 31 de julio de 2025.- El Grupo Municipal Popular manifest\u00f3 hoy en el Pleno su apoyo a la integraci\u00f3n de la Escuela de Enfermer\u00eda de Lugo, siempre que se...","og_url":"https:\/\/www.ppdelugo.com\/es\/o-pp-de-lugo-defende-a-integracion-da-escola-de-enfermaria-garantindo-a-sua-autonomia-e-aspirando-a-unha-futura-facultade\/","og_site_name":"Grupo Municipal Partido Popular de Lugo","article_published_time":"2025-07-31T09:46:07+00:00","article_modified_time":"2025-07-31T09:48:34+00:00","og_image":[{"width":2560,"height":1920,"url":"https:\/\/www.ppdelugo.com\/wp-content\/uploads\/2025\/07\/WhatsApp-Image-2025-07-31-at-10.44.36-scaled.jpeg","type":"image\/jpeg"}],"author":"PP","twitter_card":"summary_large_image","twitter_image":"https:\/\/www.ppdelugo.com\/wp-content\/uploads\/2025\/07\/WhatsApp-Image-2025-07-31-at-10.44.36-scaled.jpeg","twitter_misc":{"Escrito por":"PP","Tiempo de lectura":"1 minuto"},"schema":{"@context":"https:\/\/schema.org","@graph":[{"@type":"Article","@id":"https:\/\/www.ppdelugo.com\/es\/o-pp-de-lugo-defende-a-integracion-da-escola-de-enfermaria-garantindo-a-sua-autonomia-e-aspirando-a-unha-futura-facultade\/#article","isPartOf":{"@id":"https:\/\/www.ppdelugo.com\/es\/o-pp-de-lugo-defende-a-integracion-da-escola-de-enfermaria-garantindo-a-sua-autonomia-e-aspirando-a-unha-futura-facultade\/"},"author":{"name":"PP","@id":"https:\/\/www.ppdelugo.com\/es\/#\/schema\/person\/a847ea797b54208d374f6a8953571050"},"headline":"El PP de Lugo defiende la integraci\u00f3n de la Escuela de Enfermar\u00eda garantizando su autonom\u00eda y aspirando a una futura facultad","datePublished":"2025-07-31T09:46:07+00:00","dateModified":"2025-07-31T09:48:34+00:00","mainEntityOfPage":{"@id":"https:\/\/www.ppdelugo.com\/es\/o-pp-de-lugo-defende-a-integracion-da-escola-de-enfermaria-garantindo-a-sua-autonomia-e-aspirando-a-unha-futura-facultade\/"},"wordCount":266,"commentCount":0,"image":{"@id":"https:\/\/www.ppdelugo.com\/es\/o-pp-de-lugo-defende-a-integracion-da-escola-de-enfermaria-garantindo-a-sua-autonomia-e-aspirando-a-unha-futura-facultade\/#primaryimage"},"thumbnailUrl":"https:\/\/www.ppdelugo.com\/wp-content\/uploads\/2025\/07\/WhatsApp-Image-2025-07-31-at-10.44.36-scaled.jpeg","articleSection":["Educaci\u00f3n"],"inLanguage":"es","potentialAction":[{"@type":"CommentAction","name":"Comment","target":["https:\/\/www.ppdelugo.com\/es\/o-pp-de-lugo-defende-a-integracion-da-escola-de-enfermaria-garantindo-a-sua-autonomia-e-aspirando-a-unha-futura-facultade\/#respond"]}]},{"@type":"WebPage","@id":"https:\/\/www.ppdelugo.com\/es\/o-pp-de-lugo-defende-a-integracion-da-escola-de-enfermaria-garantindo-a-sua-autonomia-e-aspirando-a-unha-futura-facultade\/","url":"https:\/\/www.ppdelugo.com\/es\/o-pp-de-lugo-defende-a-integracion-da-escola-de-enfermaria-garantindo-a-sua-autonomia-e-aspirando-a-unha-futura-facultade\/","name":"El PP de Lugo defiende la integraci\u00f3n de la Escuela de Enfermar\u00eda garantizando su autonom\u00eda y aspirando a una futura facultad - Grupo Municipal Partido Popular de Lugo","isPartOf":{"@id":"https:\/\/www.ppdelugo.com\/es\/#website"},"primaryImageOfPage":{"@id":"https:\/\/www.ppdelugo.com\/es\/o-pp-de-lugo-defende-a-integracion-da-escola-de-enfermaria-garantindo-a-sua-autonomia-e-aspirando-a-unha-futura-facultade\/#primaryimage"},"image":{"@id":"https:\/\/www.ppdelugo.com\/es\/o-pp-de-lugo-defende-a-integracion-da-escola-de-enfermaria-garantindo-a-sua-autonomia-e-aspirando-a-unha-futura-facultade\/#primaryimage"},"thumbnailUrl":"https:\/\/www.ppdelugo.com\/wp-content\/uploads\/2025\/07\/WhatsApp-Image-2025-07-31-at-10.44.36-scaled.jpeg","datePublished":"2025-07-31T09:46:07+00:00","dateModified":"2025-07-31T09:48:34+00:00","author":{"@id":"https:\/\/www.ppdelugo.com\/es\/#\/schema\/person\/a847ea797b54208d374f6a8953571050"},"breadcrumb":{"@id":"https:\/\/www.ppdelugo.com\/es\/o-pp-de-lugo-defende-a-integracion-da-escola-de-enfermaria-garantindo-a-sua-autonomia-e-aspirando-a-unha-futura-facultade\/#breadcrumb"},"inLanguage":"es","potentialAction":[{"@type":"ReadAction","target":["https:\/\/www.ppdelugo.com\/es\/o-pp-de-lugo-defende-a-integracion-da-escola-de-enfermaria-garantindo-a-sua-autonomia-e-aspirando-a-unha-futura-facultade\/"]}]},{"@type":"ImageObject","inLanguage":"es","@id":"https:\/\/www.ppdelugo.com\/es\/o-pp-de-lugo-defende-a-integracion-da-escola-de-enfermaria-garantindo-a-sua-autonomia-e-aspirando-a-unha-futura-facultade\/#primaryimage","url":"https:\/\/www.ppdelugo.com\/wp-content\/uploads\/2025\/07\/WhatsApp-Image-2025-07-31-at-10.44.36-scaled.jpeg","contentUrl":"https:\/\/www.ppdelugo.com\/wp-content\/uploads\/2025\/07\/WhatsApp-Image-2025-07-31-at-10.44.36-scaled.jpeg","width":2560,"height":1920},{"@type":"BreadcrumbList","@id":"https:\/\/www.ppdelugo.com\/es\/o-pp-de-lugo-defende-a-integracion-da-escola-de-enfermaria-garantindo-a-sua-autonomia-e-aspirando-a-unha-futura-facultade\/#breadcrumb","itemListElement":[{"@type":"ListItem","position":1,"name":"Portada","item":"https:\/\/www.ppdelugo.com\/es\/"},{"@type":"ListItem","position":2,"name":"El PP de Lugo defiende la integraci\u00f3n de la Escuela de Enfermar\u00eda garantizando su autonom\u00eda y aspirando a una futura facultad"}]},{"@type":"WebSite","@id":"https:\/\/www.ppdelugo.com\/es\/#website","url":"https:\/\/www.ppdelugo.com\/es\/","name":"Grupo Municipal Partido Popular de Lugo","description":"Web del Grupo Municipal del Partido Popular en el Ayuntamiento de Lugo, con informaci\u00f3n sobre Lugo y fomento de la participaci\u00f3n ciudadana","potentialAction":[{"@type":"SearchAction","target":{"@type":"EntryPoint","urlTemplate":"https:\/\/www.ppdelugo.com\/es\/?s={search_term_string}"},"query-input":{"@type":"PropertyValueSpecification","valueRequired":true,"valueName":"search_term_string"}}],"inLanguage":"es"},{"@type":"Person","@id":"https:\/\/www.ppdelugo.com\/es\/#\/schema\/person\/a847ea797b54208d374f6a8953571050","name":"PP","url":"https:\/\/www.ppdelugo.com\/es\/author\/ppdelugo\/"}]}},"_links":{"self":[{"href":"https:\/\/www.ppdelugo.com\/es\/wp-json\/wp\/v2\/posts\/23746","targetHints":{"allow":["GET"]}}],"collection":[{"href":"https:\/\/www.ppdelugo.com\/es\/wp-json\/wp\/v2\/posts"}],"about":[{"href":"https:\/\/www.ppdelugo.com\/es\/wp-json\/wp\/v2\/types\/post"}],"author":[{"embeddable":true,"href":"https:\/\/www.ppdelugo.com\/es\/wp-json\/wp\/v2\/users\/2"}],"replies":[{"embeddable":true,"href":"https:\/\/www.ppdelugo.com\/es\/wp-json\/wp\/v2\/comments?post=23746"}],"version-history":[{"count":1,"href":"https:\/\/www.ppdelugo.com\/es\/wp-json\/wp\/v2\/posts\/23746\/revisions"}],"predecessor-version":[{"id":23748,"href":"https:\/\/www.ppdelugo.com\/es\/wp-json\/wp\/v2\/posts\/23746\/revisions\/23748"}],"wp:featuredmedia":[{"embeddable":true,"href":"https:\/\/www.ppdelugo.com\/es\/wp-json\/wp\/v2\/media\/23744"}],"wp:attachment":[{"href":"https:\/\/www.ppdelugo.com\/es\/wp-json\/wp\/v2\/media?parent=23746"}],"wp:term":[{"taxonomy":"category","embeddable":true,"href":"https:\/\/www.ppdelugo.com\/es\/wp-json\/wp\/v2\/categories?post=23746"},{"taxonomy":"post_tag","embeddable":true,"href":"https:\/\/www.ppdelugo.com\/es\/wp-json\/wp\/v2\/tags?post=23746"}],"curies":[{"name":"wp","href":"https:\/\/api.w.org\/{rel}","templated":true}]}}