{"id":22917,"date":"2025-01-08T12:58:10","date_gmt":"2025-01-08T12:58:10","guid":{"rendered":"https:\/\/www.ppdelugo.com\/o-pp-esixe-responsabilidades-ante-o-caos-na-reparacion-de-fugas-en-lugo\/"},"modified":"2025-01-08T12:58:10","modified_gmt":"2025-01-08T12:58:10","slug":"o-pp-esixe-responsabilidades-ante-o-caos-na-reparacion-de-fugas-en-lugo","status":"publish","type":"post","link":"https:\/\/www.ppdelugo.com\/es\/o-pp-esixe-responsabilidades-ante-o-caos-na-reparacion-de-fugas-en-lugo\/","title":{"rendered":"O PP esixe responsabilidades ante o caos na reparaci\u00f3n de fugas en Lugo"},"content":{"rendered":"<p style=\"text-align: left;\">O Partido Popular denuncia a grave situaci\u00f3n que est\u00e1n a vivir os<br \/>\nveci\u00f1os de Lugo pola ineficacia do goberno local \u00e1 hora de xestionar o<br \/>\nservizo de reparaci\u00f3n de fugas de auga.<\/p>\n<p style=\"text-align: left;\">Nos \u00faltimos d\u00edas rexistr\u00e1ronse<br \/>\nm\u00faltiples incidencias sen que se adoptasen medidas eficaces para<br \/>\nresolvelas nun prazo razoable, o que sup\u00f3n un novo episodio dun<br \/>\nproblema cr\u00f3nico na cidade.<\/p>\n<p style=\"text-align: left;\">Os populares esixen explicaci\u00f3ns inmediatas sobre as raz\u00f3ns que<br \/>\nlevan a que, malia que o pasado 19 de decembro se adxudicou o<br \/>\ncontrato para a reparaci\u00f3n de avar\u00edas nocturnas e durante festivos e<br \/>\nfins de semana, os atrasos contin\u00faan a ser a norma. Esta situaci\u00f3n<br \/>\nevidencia, segundo o grupo municipal, a incapacidade do goberno local<br \/>\npara garantir un servizo b\u00e1sico e esencial.<\/p>\n<p style=\"text-align: left;\">Desde o PP lembran que o desmantelamento da brigada municipal de<br \/>\naugas marcou o inicio dunha xesti\u00f3n err\u00e1tica, agravada pola<br \/>\nimplantaci\u00f3n dunha soluci\u00f3n temporal que non foi capaz de cumprir cos<br \/>\nobxectivos.<\/p>\n<p style=\"text-align: left;\">\u201cEstamos ante un exemplo claro de mala organizaci\u00f3n e<br \/>\nfalta de previsi\u00f3n, e os veci\u00f1os non poden seguir pagando as<br \/>\nconsecuencias deste desleixo\u201d, sinalan.<\/p>\n<p style=\"text-align: left;\">Urxe, insisten, que o goberno act\u00fae con contundencia para evitar m\u00e1is<br \/>\ndemoras na reparaci\u00f3n de avar\u00edas na rede de abastecemento.<\/p>\n<p style=\"text-align: left;\">A cidade non pode permitirse seguir padecendo un servizo deficiente que<br \/>\nprexudica gravemente o d\u00eda a d\u00eda da veci\u00f1anza.<\/p>\n","protected":false},"excerpt":{"rendered":"<p>O Partido Popular denuncia a grave situaci\u00f3n que est\u00e1n a vivir os veci\u00f1os de Lugo pola ineficacia do goberno local \u00e1 hora de xestionar o servizo de reparaci\u00f3n de fugas&#8230;<\/p>\n","protected":false},"author":2,"featured_media":22915,"comment_status":"open","ping_status":"closed","sticky":false,"template":"","format":"standard","meta":{"footnotes":""},"categories":[132],"tags":[],"class_list":{"0":"post-22917","1":"post","2":"type-post","3":"status-publish","4":"format-standard","5":"has-post-thumbnail","7":"category-sen-categoria-gl-es"},"yoast_head":"<!-- This site is optimized with the Yoast SEO plugin v27.5 - https:\/\/yoast.com\/product\/yoast-seo-wordpress\/ -->\n<title>O PP esixe responsabilidades ante o caos na reparaci\u00f3n de fugas en Lugo - Grupo Municipal Partido Popular de Lugo<\/title>\n<meta name=\"robots\" content=\"index, follow, max-snippet:-1, max-image-preview:large, max-video-preview:-1\" \/>\n<link rel=\"canonical\" href=\"https:\/\/www.ppdelugo.com\/es\/o-pp-esixe-responsabilidades-ante-o-caos-na-reparacion-de-fugas-en-lugo\/\" \/>\n<meta property=\"og:locale\" content=\"es_ES\" \/>\n<meta property=\"og:type\" content=\"article\" \/>\n<meta property=\"og:title\" content=\"O PP esixe responsabilidades ante o caos na reparaci\u00f3n de fugas en Lugo - Grupo Municipal Partido Popular de Lugo\" \/>\n<meta property=\"og:description\" content=\"O Partido Popular denuncia a grave situaci\u00f3n que est\u00e1n a vivir os veci\u00f1os de Lugo pola ineficacia do goberno local \u00e1 hora de xestionar o servizo de reparaci\u00f3n de fugas...\" \/>\n<meta property=\"og:url\" content=\"https:\/\/www.ppdelugo.com\/es\/o-pp-esixe-responsabilidades-ante-o-caos-na-reparacion-de-fugas-en-lugo\/\" \/>\n<meta property=\"og:site_name\" content=\"Grupo Municipal Partido Popular de Lugo\" \/>\n<meta property=\"article:published_time\" content=\"2025-01-08T12:58:10+00:00\" \/>\n<meta name=\"author\" content=\"PP\" \/>\n<meta name=\"twitter:card\" content=\"summary_large_image\" \/>\n<meta name=\"twitter:label1\" content=\"Escrito por\" \/>\n\t<meta name=\"twitter:data1\" content=\"PP\" \/>\n\t<meta name=\"twitter:label2\" content=\"Tiempo de lectura\" \/>\n\t<meta name=\"twitter:data2\" content=\"1 minuto\" \/>\n<script type=\"application\/ld+json\" class=\"yoast-schema-graph\">{\"@context\":\"https:\\\/\\\/schema.org\",\"@graph\":[{\"@type\":\"Article\",\"@id\":\"https:\\\/\\\/www.ppdelugo.com\\\/es\\\/o-pp-esixe-responsabilidades-ante-o-caos-na-reparacion-de-fugas-en-lugo\\\/#article\",\"isPartOf\":{\"@id\":\"https:\\\/\\\/www.ppdelugo.com\\\/es\\\/o-pp-esixe-responsabilidades-ante-o-caos-na-reparacion-de-fugas-en-lugo\\\/\"},\"author\":{\"name\":\"PP\",\"@id\":\"https:\\\/\\\/www.ppdelugo.com\\\/es\\\/#\\\/schema\\\/person\\\/a847ea797b54208d374f6a8953571050\"},\"headline\":\"O PP esixe responsabilidades ante o caos na reparaci\u00f3n de fugas en Lugo\",\"datePublished\":\"2025-01-08T12:58:10+00:00\",\"mainEntityOfPage\":{\"@id\":\"https:\\\/\\\/www.ppdelugo.com\\\/es\\\/o-pp-esixe-responsabilidades-ante-o-caos-na-reparacion-de-fugas-en-lugo\\\/\"},\"wordCount\":259,\"commentCount\":0,\"image\":{\"@id\":\"https:\\\/\\\/www.ppdelugo.com\\\/es\\\/o-pp-esixe-responsabilidades-ante-o-caos-na-reparacion-de-fugas-en-lugo\\\/#primaryimage\"},\"thumbnailUrl\":\"https:\\\/\\\/www.ppdelugo.com\\\/wp-content\\\/uploads\\\/2025\\\/01\\\/d62a0d93-8371-4144-a83a-ab3b99ba58b0.jpeg\",\"articleSection\":[\"Sen categor\u00eda\"],\"inLanguage\":\"es\",\"potentialAction\":[{\"@type\":\"CommentAction\",\"name\":\"Comment\",\"target\":[\"https:\\\/\\\/www.ppdelugo.com\\\/es\\\/o-pp-esixe-responsabilidades-ante-o-caos-na-reparacion-de-fugas-en-lugo\\\/#respond\"]}]},{\"@type\":\"WebPage\",\"@id\":\"https:\\\/\\\/www.ppdelugo.com\\\/es\\\/o-pp-esixe-responsabilidades-ante-o-caos-na-reparacion-de-fugas-en-lugo\\\/\",\"url\":\"https:\\\/\\\/www.ppdelugo.com\\\/es\\\/o-pp-esixe-responsabilidades-ante-o-caos-na-reparacion-de-fugas-en-lugo\\\/\",\"name\":\"O PP esixe responsabilidades ante o caos na reparaci\u00f3n de fugas en Lugo - Grupo Municipal Partido Popular de Lugo\",\"isPartOf\":{\"@id\":\"https:\\\/\\\/www.ppdelugo.com\\\/es\\\/#website\"},\"primaryImageOfPage\":{\"@id\":\"https:\\\/\\\/www.ppdelugo.com\\\/es\\\/o-pp-esixe-responsabilidades-ante-o-caos-na-reparacion-de-fugas-en-lugo\\\/#primaryimage\"},\"image\":{\"@id\":\"https:\\\/\\\/www.ppdelugo.com\\\/es\\\/o-pp-esixe-responsabilidades-ante-o-caos-na-reparacion-de-fugas-en-lugo\\\/#primaryimage\"},\"thumbnailUrl\":\"https:\\\/\\\/www.ppdelugo.com\\\/wp-content\\\/uploads\\\/2025\\\/01\\\/d62a0d93-8371-4144-a83a-ab3b99ba58b0.jpeg\",\"datePublished\":\"2025-01-08T12:58:10+00:00\",\"author\":{\"@id\":\"https:\\\/\\\/www.ppdelugo.com\\\/es\\\/#\\\/schema\\\/person\\\/a847ea797b54208d374f6a8953571050\"},\"breadcrumb\":{\"@id\":\"https:\\\/\\\/www.ppdelugo.com\\\/es\\\/o-pp-esixe-responsabilidades-ante-o-caos-na-reparacion-de-fugas-en-lugo\\\/#breadcrumb\"},\"inLanguage\":\"es\",\"potentialAction\":[{\"@type\":\"ReadAction\",\"target\":[\"https:\\\/\\\/www.ppdelugo.com\\\/es\\\/o-pp-esixe-responsabilidades-ante-o-caos-na-reparacion-de-fugas-en-lugo\\\/\"]}]},{\"@type\":\"ImageObject\",\"inLanguage\":\"es\",\"@id\":\"https:\\\/\\\/www.ppdelugo.com\\\/es\\\/o-pp-esixe-responsabilidades-ante-o-caos-na-reparacion-de-fugas-en-lugo\\\/#primaryimage\",\"url\":\"https:\\\/\\\/www.ppdelugo.com\\\/wp-content\\\/uploads\\\/2025\\\/01\\\/d62a0d93-8371-4144-a83a-ab3b99ba58b0.jpeg\",\"contentUrl\":\"https:\\\/\\\/www.ppdelugo.com\\\/wp-content\\\/uploads\\\/2025\\\/01\\\/d62a0d93-8371-4144-a83a-ab3b99ba58b0.jpeg\",\"width\":2048,\"height\":1536},{\"@type\":\"BreadcrumbList\",\"@id\":\"https:\\\/\\\/www.ppdelugo.com\\\/es\\\/o-pp-esixe-responsabilidades-ante-o-caos-na-reparacion-de-fugas-en-lugo\\\/#breadcrumb\",\"itemListElement\":[{\"@type\":\"ListItem\",\"position\":1,\"name\":\"Portada\",\"item\":\"https:\\\/\\\/www.ppdelugo.com\\\/es\\\/\"},{\"@type\":\"ListItem\",\"position\":2,\"name\":\"O PP esixe responsabilidades ante o caos na reparaci\u00f3n de fugas en Lugo\"}]},{\"@type\":\"WebSite\",\"@id\":\"https:\\\/\\\/www.ppdelugo.com\\\/es\\\/#website\",\"url\":\"https:\\\/\\\/www.ppdelugo.com\\\/es\\\/\",\"name\":\"Grupo Municipal Partido Popular de Lugo\",\"description\":\"Web del Grupo Municipal del Partido Popular en el Ayuntamiento de Lugo, con informaci\u00f3n sobre Lugo y fomento de la participaci\u00f3n ciudadana\",\"potentialAction\":[{\"@type\":\"SearchAction\",\"target\":{\"@type\":\"EntryPoint\",\"urlTemplate\":\"https:\\\/\\\/www.ppdelugo.com\\\/es\\\/?s={search_term_string}\"},\"query-input\":{\"@type\":\"PropertyValueSpecification\",\"valueRequired\":true,\"valueName\":\"search_term_string\"}}],\"inLanguage\":\"es\"},{\"@type\":\"Person\",\"@id\":\"https:\\\/\\\/www.ppdelugo.com\\\/es\\\/#\\\/schema\\\/person\\\/a847ea797b54208d374f6a8953571050\",\"name\":\"PP\",\"url\":\"https:\\\/\\\/www.ppdelugo.com\\\/es\\\/author\\\/ppdelugo\\\/\"}]}<\/script>\n<!-- \/ Yoast SEO plugin. -->","yoast_head_json":{"title":"O PP esixe responsabilidades ante o caos na reparaci\u00f3n de fugas en Lugo - Grupo Municipal Partido Popular de Lugo","robots":{"index":"index","follow":"follow","max-snippet":"max-snippet:-1","max-image-preview":"max-image-preview:large","max-video-preview":"max-video-preview:-1"},"canonical":"https:\/\/www.ppdelugo.com\/es\/o-pp-esixe-responsabilidades-ante-o-caos-na-reparacion-de-fugas-en-lugo\/","og_locale":"es_ES","og_type":"article","og_title":"O PP esixe responsabilidades ante o caos na reparaci\u00f3n de fugas en Lugo - Grupo Municipal Partido Popular de Lugo","og_description":"O Partido Popular denuncia a grave situaci\u00f3n que est\u00e1n a vivir os veci\u00f1os de Lugo pola ineficacia do goberno local \u00e1 hora de xestionar o servizo de reparaci\u00f3n de fugas...","og_url":"https:\/\/www.ppdelugo.com\/es\/o-pp-esixe-responsabilidades-ante-o-caos-na-reparacion-de-fugas-en-lugo\/","og_site_name":"Grupo Municipal Partido Popular de Lugo","article_published_time":"2025-01-08T12:58:10+00:00","author":"PP","twitter_card":"summary_large_image","twitter_misc":{"Escrito por":"PP","Tiempo de lectura":"1 minuto"},"schema":{"@context":"https:\/\/schema.org","@graph":[{"@type":"Article","@id":"https:\/\/www.ppdelugo.com\/es\/o-pp-esixe-responsabilidades-ante-o-caos-na-reparacion-de-fugas-en-lugo\/#article","isPartOf":{"@id":"https:\/\/www.ppdelugo.com\/es\/o-pp-esixe-responsabilidades-ante-o-caos-na-reparacion-de-fugas-en-lugo\/"},"author":{"name":"PP","@id":"https:\/\/www.ppdelugo.com\/es\/#\/schema\/person\/a847ea797b54208d374f6a8953571050"},"headline":"O PP esixe responsabilidades ante o caos na reparaci\u00f3n de fugas en Lugo","datePublished":"2025-01-08T12:58:10+00:00","mainEntityOfPage":{"@id":"https:\/\/www.ppdelugo.com\/es\/o-pp-esixe-responsabilidades-ante-o-caos-na-reparacion-de-fugas-en-lugo\/"},"wordCount":259,"commentCount":0,"image":{"@id":"https:\/\/www.ppdelugo.com\/es\/o-pp-esixe-responsabilidades-ante-o-caos-na-reparacion-de-fugas-en-lugo\/#primaryimage"},"thumbnailUrl":"https:\/\/www.ppdelugo.com\/wp-content\/uploads\/2025\/01\/d62a0d93-8371-4144-a83a-ab3b99ba58b0.jpeg","articleSection":["Sen categor\u00eda"],"inLanguage":"es","potentialAction":[{"@type":"CommentAction","name":"Comment","target":["https:\/\/www.ppdelugo.com\/es\/o-pp-esixe-responsabilidades-ante-o-caos-na-reparacion-de-fugas-en-lugo\/#respond"]}]},{"@type":"WebPage","@id":"https:\/\/www.ppdelugo.com\/es\/o-pp-esixe-responsabilidades-ante-o-caos-na-reparacion-de-fugas-en-lugo\/","url":"https:\/\/www.ppdelugo.com\/es\/o-pp-esixe-responsabilidades-ante-o-caos-na-reparacion-de-fugas-en-lugo\/","name":"O PP esixe responsabilidades ante o caos na reparaci\u00f3n de fugas en Lugo - Grupo Municipal Partido Popular de Lugo","isPartOf":{"@id":"https:\/\/www.ppdelugo.com\/es\/#website"},"primaryImageOfPage":{"@id":"https:\/\/www.ppdelugo.com\/es\/o-pp-esixe-responsabilidades-ante-o-caos-na-reparacion-de-fugas-en-lugo\/#primaryimage"},"image":{"@id":"https:\/\/www.ppdelugo.com\/es\/o-pp-esixe-responsabilidades-ante-o-caos-na-reparacion-de-fugas-en-lugo\/#primaryimage"},"thumbnailUrl":"https:\/\/www.ppdelugo.com\/wp-content\/uploads\/2025\/01\/d62a0d93-8371-4144-a83a-ab3b99ba58b0.jpeg","datePublished":"2025-01-08T12:58:10+00:00","author":{"@id":"https:\/\/www.ppdelugo.com\/es\/#\/schema\/person\/a847ea797b54208d374f6a8953571050"},"breadcrumb":{"@id":"https:\/\/www.ppdelugo.com\/es\/o-pp-esixe-responsabilidades-ante-o-caos-na-reparacion-de-fugas-en-lugo\/#breadcrumb"},"inLanguage":"es","potentialAction":[{"@type":"ReadAction","target":["https:\/\/www.ppdelugo.com\/es\/o-pp-esixe-responsabilidades-ante-o-caos-na-reparacion-de-fugas-en-lugo\/"]}]},{"@type":"ImageObject","inLanguage":"es","@id":"https:\/\/www.ppdelugo.com\/es\/o-pp-esixe-responsabilidades-ante-o-caos-na-reparacion-de-fugas-en-lugo\/#primaryimage","url":"https:\/\/www.ppdelugo.com\/wp-content\/uploads\/2025\/01\/d62a0d93-8371-4144-a83a-ab3b99ba58b0.jpeg","contentUrl":"https:\/\/www.ppdelugo.com\/wp-content\/uploads\/2025\/01\/d62a0d93-8371-4144-a83a-ab3b99ba58b0.jpeg","width":2048,"height":1536},{"@type":"BreadcrumbList","@id":"https:\/\/www.ppdelugo.com\/es\/o-pp-esixe-responsabilidades-ante-o-caos-na-reparacion-de-fugas-en-lugo\/#breadcrumb","itemListElement":[{"@type":"ListItem","position":1,"name":"Portada","item":"https:\/\/www.ppdelugo.com\/es\/"},{"@type":"ListItem","position":2,"name":"O PP esixe responsabilidades ante o caos na reparaci\u00f3n de fugas en Lugo"}]},{"@type":"WebSite","@id":"https:\/\/www.ppdelugo.com\/es\/#website","url":"https:\/\/www.ppdelugo.com\/es\/","name":"Grupo Municipal Partido Popular de Lugo","description":"Web del Grupo Municipal del Partido Popular en el Ayuntamiento de Lugo, con informaci\u00f3n sobre Lugo y fomento de la participaci\u00f3n ciudadana","potentialAction":[{"@type":"SearchAction","target":{"@type":"EntryPoint","urlTemplate":"https:\/\/www.ppdelugo.com\/es\/?s={search_term_string}"},"query-input":{"@type":"PropertyValueSpecification","valueRequired":true,"valueName":"search_term_string"}}],"inLanguage":"es"},{"@type":"Person","@id":"https:\/\/www.ppdelugo.com\/es\/#\/schema\/person\/a847ea797b54208d374f6a8953571050","name":"PP","url":"https:\/\/www.ppdelugo.com\/es\/author\/ppdelugo\/"}]}},"_links":{"self":[{"href":"https:\/\/www.ppdelugo.com\/es\/wp-json\/wp\/v2\/posts\/22917","targetHints":{"allow":["GET"]}}],"collection":[{"href":"https:\/\/www.ppdelugo.com\/es\/wp-json\/wp\/v2\/posts"}],"about":[{"href":"https:\/\/www.ppdelugo.com\/es\/wp-json\/wp\/v2\/types\/post"}],"author":[{"embeddable":true,"href":"https:\/\/www.ppdelugo.com\/es\/wp-json\/wp\/v2\/users\/2"}],"replies":[{"embeddable":true,"href":"https:\/\/www.ppdelugo.com\/es\/wp-json\/wp\/v2\/comments?post=22917"}],"version-history":[{"count":0,"href":"https:\/\/www.ppdelugo.com\/es\/wp-json\/wp\/v2\/posts\/22917\/revisions"}],"wp:featuredmedia":[{"embeddable":true,"href":"https:\/\/www.ppdelugo.com\/es\/wp-json\/wp\/v2\/media\/22915"}],"wp:attachment":[{"href":"https:\/\/www.ppdelugo.com\/es\/wp-json\/wp\/v2\/media?parent=22917"}],"wp:term":[{"taxonomy":"category","embeddable":true,"href":"https:\/\/www.ppdelugo.com\/es\/wp-json\/wp\/v2\/categories?post=22917"},{"taxonomy":"post_tag","embeddable":true,"href":"https:\/\/www.ppdelugo.com\/es\/wp-json\/wp\/v2\/tags?post=22917"}],"curies":[{"name":"wp","href":"https:\/\/api.w.org\/{rel}","templated":true}]}}