{"id":22907,"date":"2025-01-02T14:17:40","date_gmt":"2025-01-02T14:17:40","guid":{"rendered":"https:\/\/www.ppdelugo.com\/a-mala-xestion-do-bng-asfixia-a-mobilidade-en-lugo-mentres-culpa-a-xunta-dos-seus-propios-erros\/"},"modified":"2025-01-02T14:19:00","modified_gmt":"2025-01-02T14:19:00","slug":"a-mala-xestion-do-bng-asfixia-a-mobilidade-en-lugo-mentres-culpa-a-xunta-dos-seus-propios-erros","status":"publish","type":"post","link":"https:\/\/www.ppdelugo.com\/es\/a-mala-xestion-do-bng-asfixia-a-mobilidade-en-lugo-mentres-culpa-a-xunta-dos-seus-propios-erros\/","title":{"rendered":"La mala gesti\u00f3n del BNG asfixia la movilidad en Lugo mientras culpa a la Xunta de sus propios errores."},"content":{"rendered":"<p>El grupo municipal del PP recuerda que la movilidad es una competencia exclusiva del municipio y los problemas de aparcamiento afectan a toda la ciudad.<\/p>\n<p>El grupo municipal del PP de Lugo desmiente las acusaciones del BNG sobre la apertura de aparcamientos y recuerda su disposici\u00f3n para colaborar con el Ayuntamiento.<br \/>\nEl modelo de movilidad impulsado por el BNG genera atascos, elimina plazas de aparcamiento y perjudica a los vecinos y al comercio local en la ciudad.<\/p>\n<p>La concejala, Mar Carballas, record\u00f3 la carta que el delegado de la Xunta de Galicia, Javier Arias, traslad\u00f3 formalmente a la alcaldesa, Paula Alvarellos, el pasado 9 de diciembre, en la que ofrec\u00eda la firma de un convenio para regular el uso de estos aparcamientos fuera del horario lectivo, y en la que subrayaba que es imprescindible plasmar por escrito las condiciones de utilizaci\u00f3n y las responsabilidades que asume cada parte, con el objetivo de garantizar la seguridad jur\u00eddica y el buen funcionamiento de la medida. Por lo tanto, si no est\u00e1n abiertos hoy, es por culpa de la Alcaldesa y de su Concejal de Movilidad, Rub\u00e9n Arroxo.<\/p>\n<p>El PP reitera que es necesario un cambio en las pol\u00edticas de movilidad que Rub\u00e9n Arroxo lleva aplicando desde que est\u00e1 en el gobierno. \u201cPretender que abrir los aparcamientos de los institutos resuelva los problemas de aparcamiento en Lugo es hacer demagogia y simplificar un problema mucho m\u00e1s profundo. Las acusaciones del BNG son un intento descarado de desviar la atenci\u00f3n de sus propios errores de gesti\u00f3n en el Ayuntamiento\u201d, se\u00f1al\u00f3 Carballas.<\/p>\n<p>El modelo de movilidad del BNG: m\u00e1s problemas y menos soluciones<\/p>\n<p>Desde el PP ya se ha denunciado que el modelo de movilidad impulsado por el BNG est\u00e1 provocando graves problemas en Lugo. La peatonalizaci\u00f3n desordenada, la reducci\u00f3n de plazas de aparcamiento y la falta de alternativas efectivas han generado una situaci\u00f3n de caos en la ciudad, perjudicando tanto a los vecinos como al tejido comercial.<\/p>\n<p>\u201cEl BNG est\u00e1 aplicando medidas sin planificaci\u00f3n ni di\u00e1logo con los sectores afectados. Las peatonalizaciones pueden ser positivas, pero no pueden llevarse a cabo a costa de colapsar el tr\u00e1fico, eliminar aparcamientos y crear m\u00e1s problemas de los que se resuelven. Esta es la realidad que hoy sufren los lucenses\u201d, explic\u00f3 la concejala.<\/p>\n<p>El PP apuesta por el consenso y las soluciones pr\u00e1cticas<\/p>\n<p>\u201cEl BNG deber\u00eda asumir la responsabilidad de gobernar en beneficio de la ciudad y no aprovechar los problemas que ellos mismos generan para hacer oposici\u00f3n a la Xunta\u201d, concluy\u00f3 Mar Carballas.<\/p>\n","protected":false},"excerpt":{"rendered":"<p>El grupo municipal del PP recuerda que la movilidad es una competencia exclusiva del municipio y los problemas de aparcamiento afectan a toda la ciudad. El grupo municipal del PP&#8230;<\/p>\n","protected":false},"author":2,"featured_media":22307,"comment_status":"open","ping_status":"closed","sticky":false,"template":"","format":"standard","meta":{"footnotes":""},"categories":[132],"tags":[],"class_list":{"0":"post-22907","1":"post","2":"type-post","3":"status-publish","4":"format-standard","5":"has-post-thumbnail","7":"category-sen-categoria-gl-es"},"yoast_head":"<!-- This site is optimized with the Yoast SEO plugin v27.5 - https:\/\/yoast.com\/product\/yoast-seo-wordpress\/ -->\n<title>La mala gesti\u00f3n del BNG asfixia la movilidad en Lugo mientras culpa a la Xunta de sus propios errores. - Grupo Municipal Partido Popular de Lugo<\/title>\n<meta name=\"robots\" content=\"index, follow, max-snippet:-1, max-image-preview:large, max-video-preview:-1\" \/>\n<link rel=\"canonical\" href=\"https:\/\/www.ppdelugo.com\/es\/a-mala-xestion-do-bng-asfixia-a-mobilidade-en-lugo-mentres-culpa-a-xunta-dos-seus-propios-erros\/\" \/>\n<meta property=\"og:locale\" content=\"es_ES\" \/>\n<meta property=\"og:type\" content=\"article\" \/>\n<meta property=\"og:title\" content=\"La mala gesti\u00f3n del BNG asfixia la movilidad en Lugo mientras culpa a la Xunta de sus propios errores. - Grupo Municipal Partido Popular de Lugo\" \/>\n<meta property=\"og:description\" content=\"El grupo municipal del PP recuerda que la movilidad es una competencia exclusiva del municipio y los problemas de aparcamiento afectan a toda la ciudad. El grupo municipal del PP...\" \/>\n<meta property=\"og:url\" content=\"https:\/\/www.ppdelugo.com\/es\/a-mala-xestion-do-bng-asfixia-a-mobilidade-en-lugo-mentres-culpa-a-xunta-dos-seus-propios-erros\/\" \/>\n<meta property=\"og:site_name\" content=\"Grupo Municipal Partido Popular de Lugo\" \/>\n<meta property=\"article:published_time\" content=\"2025-01-02T14:17:40+00:00\" \/>\n<meta property=\"article:modified_time\" content=\"2025-01-02T14:19:00+00:00\" \/>\n<meta property=\"og:image\" content=\"https:\/\/www.ppdelugo.com\/wp-content\/uploads\/2024\/10\/mar-obras-centro-rp2-scaled.jpg\" \/>\n\t<meta property=\"og:image:width\" content=\"2560\" \/>\n\t<meta property=\"og:image:height\" content=\"1920\" \/>\n\t<meta property=\"og:image:type\" content=\"image\/jpeg\" \/>\n<meta name=\"author\" content=\"PP\" \/>\n<meta name=\"twitter:card\" content=\"summary_large_image\" \/>\n<meta name=\"twitter:image\" content=\"https:\/\/www.ppdelugo.com\/wp-content\/uploads\/2024\/10\/mar-obras-centro-rp2-scaled.jpg\" \/>\n<meta name=\"twitter:label1\" content=\"Escrito por\" \/>\n\t<meta name=\"twitter:data1\" content=\"PP\" \/>\n\t<meta name=\"twitter:label2\" content=\"Tiempo de lectura\" \/>\n\t<meta name=\"twitter:data2\" content=\"3 minutos\" \/>\n<script type=\"application\/ld+json\" class=\"yoast-schema-graph\">{\"@context\":\"https:\\\/\\\/schema.org\",\"@graph\":[{\"@type\":\"Article\",\"@id\":\"https:\\\/\\\/www.ppdelugo.com\\\/es\\\/a-mala-xestion-do-bng-asfixia-a-mobilidade-en-lugo-mentres-culpa-a-xunta-dos-seus-propios-erros\\\/#article\",\"isPartOf\":{\"@id\":\"https:\\\/\\\/www.ppdelugo.com\\\/es\\\/a-mala-xestion-do-bng-asfixia-a-mobilidade-en-lugo-mentres-culpa-a-xunta-dos-seus-propios-erros\\\/\"},\"author\":{\"name\":\"PP\",\"@id\":\"https:\\\/\\\/www.ppdelugo.com\\\/es\\\/#\\\/schema\\\/person\\\/a847ea797b54208d374f6a8953571050\"},\"headline\":\"La mala gesti\u00f3n del BNG asfixia la movilidad en Lugo mientras culpa a la Xunta de sus propios errores.\",\"datePublished\":\"2025-01-02T14:17:40+00:00\",\"dateModified\":\"2025-01-02T14:19:00+00:00\",\"mainEntityOfPage\":{\"@id\":\"https:\\\/\\\/www.ppdelugo.com\\\/es\\\/a-mala-xestion-do-bng-asfixia-a-mobilidade-en-lugo-mentres-culpa-a-xunta-dos-seus-propios-erros\\\/\"},\"wordCount\":459,\"commentCount\":0,\"image\":{\"@id\":\"https:\\\/\\\/www.ppdelugo.com\\\/es\\\/a-mala-xestion-do-bng-asfixia-a-mobilidade-en-lugo-mentres-culpa-a-xunta-dos-seus-propios-erros\\\/#primaryimage\"},\"thumbnailUrl\":\"https:\\\/\\\/www.ppdelugo.com\\\/wp-content\\\/uploads\\\/2024\\\/10\\\/mar-obras-centro-rp2-scaled.jpg\",\"articleSection\":[\"Sen categor\u00eda\"],\"inLanguage\":\"es\",\"potentialAction\":[{\"@type\":\"CommentAction\",\"name\":\"Comment\",\"target\":[\"https:\\\/\\\/www.ppdelugo.com\\\/es\\\/a-mala-xestion-do-bng-asfixia-a-mobilidade-en-lugo-mentres-culpa-a-xunta-dos-seus-propios-erros\\\/#respond\"]}]},{\"@type\":\"WebPage\",\"@id\":\"https:\\\/\\\/www.ppdelugo.com\\\/es\\\/a-mala-xestion-do-bng-asfixia-a-mobilidade-en-lugo-mentres-culpa-a-xunta-dos-seus-propios-erros\\\/\",\"url\":\"https:\\\/\\\/www.ppdelugo.com\\\/es\\\/a-mala-xestion-do-bng-asfixia-a-mobilidade-en-lugo-mentres-culpa-a-xunta-dos-seus-propios-erros\\\/\",\"name\":\"La mala gesti\u00f3n del BNG asfixia la movilidad en Lugo mientras culpa a la Xunta de sus propios errores. - Grupo Municipal Partido Popular de Lugo\",\"isPartOf\":{\"@id\":\"https:\\\/\\\/www.ppdelugo.com\\\/es\\\/#website\"},\"primaryImageOfPage\":{\"@id\":\"https:\\\/\\\/www.ppdelugo.com\\\/es\\\/a-mala-xestion-do-bng-asfixia-a-mobilidade-en-lugo-mentres-culpa-a-xunta-dos-seus-propios-erros\\\/#primaryimage\"},\"image\":{\"@id\":\"https:\\\/\\\/www.ppdelugo.com\\\/es\\\/a-mala-xestion-do-bng-asfixia-a-mobilidade-en-lugo-mentres-culpa-a-xunta-dos-seus-propios-erros\\\/#primaryimage\"},\"thumbnailUrl\":\"https:\\\/\\\/www.ppdelugo.com\\\/wp-content\\\/uploads\\\/2024\\\/10\\\/mar-obras-centro-rp2-scaled.jpg\",\"datePublished\":\"2025-01-02T14:17:40+00:00\",\"dateModified\":\"2025-01-02T14:19:00+00:00\",\"author\":{\"@id\":\"https:\\\/\\\/www.ppdelugo.com\\\/es\\\/#\\\/schema\\\/person\\\/a847ea797b54208d374f6a8953571050\"},\"breadcrumb\":{\"@id\":\"https:\\\/\\\/www.ppdelugo.com\\\/es\\\/a-mala-xestion-do-bng-asfixia-a-mobilidade-en-lugo-mentres-culpa-a-xunta-dos-seus-propios-erros\\\/#breadcrumb\"},\"inLanguage\":\"es\",\"potentialAction\":[{\"@type\":\"ReadAction\",\"target\":[\"https:\\\/\\\/www.ppdelugo.com\\\/es\\\/a-mala-xestion-do-bng-asfixia-a-mobilidade-en-lugo-mentres-culpa-a-xunta-dos-seus-propios-erros\\\/\"]}]},{\"@type\":\"ImageObject\",\"inLanguage\":\"es\",\"@id\":\"https:\\\/\\\/www.ppdelugo.com\\\/es\\\/a-mala-xestion-do-bng-asfixia-a-mobilidade-en-lugo-mentres-culpa-a-xunta-dos-seus-propios-erros\\\/#primaryimage\",\"url\":\"https:\\\/\\\/www.ppdelugo.com\\\/wp-content\\\/uploads\\\/2024\\\/10\\\/mar-obras-centro-rp2-scaled.jpg\",\"contentUrl\":\"https:\\\/\\\/www.ppdelugo.com\\\/wp-content\\\/uploads\\\/2024\\\/10\\\/mar-obras-centro-rp2-scaled.jpg\",\"width\":2560,\"height\":1920},{\"@type\":\"BreadcrumbList\",\"@id\":\"https:\\\/\\\/www.ppdelugo.com\\\/es\\\/a-mala-xestion-do-bng-asfixia-a-mobilidade-en-lugo-mentres-culpa-a-xunta-dos-seus-propios-erros\\\/#breadcrumb\",\"itemListElement\":[{\"@type\":\"ListItem\",\"position\":1,\"name\":\"Portada\",\"item\":\"https:\\\/\\\/www.ppdelugo.com\\\/es\\\/\"},{\"@type\":\"ListItem\",\"position\":2,\"name\":\"La mala gesti\u00f3n del BNG asfixia la movilidad en Lugo mientras culpa a la Xunta de sus propios errores.\"}]},{\"@type\":\"WebSite\",\"@id\":\"https:\\\/\\\/www.ppdelugo.com\\\/es\\\/#website\",\"url\":\"https:\\\/\\\/www.ppdelugo.com\\\/es\\\/\",\"name\":\"Grupo Municipal Partido Popular de Lugo\",\"description\":\"Web del Grupo Municipal del Partido Popular en el Ayuntamiento de Lugo, con informaci\u00f3n sobre Lugo y fomento de la participaci\u00f3n ciudadana\",\"potentialAction\":[{\"@type\":\"SearchAction\",\"target\":{\"@type\":\"EntryPoint\",\"urlTemplate\":\"https:\\\/\\\/www.ppdelugo.com\\\/es\\\/?s={search_term_string}\"},\"query-input\":{\"@type\":\"PropertyValueSpecification\",\"valueRequired\":true,\"valueName\":\"search_term_string\"}}],\"inLanguage\":\"es\"},{\"@type\":\"Person\",\"@id\":\"https:\\\/\\\/www.ppdelugo.com\\\/es\\\/#\\\/schema\\\/person\\\/a847ea797b54208d374f6a8953571050\",\"name\":\"PP\",\"url\":\"https:\\\/\\\/www.ppdelugo.com\\\/es\\\/author\\\/ppdelugo\\\/\"}]}<\/script>\n<!-- \/ Yoast SEO plugin. -->","yoast_head_json":{"title":"La mala gesti\u00f3n del BNG asfixia la movilidad en Lugo mientras culpa a la Xunta de sus propios errores. - Grupo Municipal Partido Popular de Lugo","robots":{"index":"index","follow":"follow","max-snippet":"max-snippet:-1","max-image-preview":"max-image-preview:large","max-video-preview":"max-video-preview:-1"},"canonical":"https:\/\/www.ppdelugo.com\/es\/a-mala-xestion-do-bng-asfixia-a-mobilidade-en-lugo-mentres-culpa-a-xunta-dos-seus-propios-erros\/","og_locale":"es_ES","og_type":"article","og_title":"La mala gesti\u00f3n del BNG asfixia la movilidad en Lugo mientras culpa a la Xunta de sus propios errores. - Grupo Municipal Partido Popular de Lugo","og_description":"El grupo municipal del PP recuerda que la movilidad es una competencia exclusiva del municipio y los problemas de aparcamiento afectan a toda la ciudad. El grupo municipal del PP...","og_url":"https:\/\/www.ppdelugo.com\/es\/a-mala-xestion-do-bng-asfixia-a-mobilidade-en-lugo-mentres-culpa-a-xunta-dos-seus-propios-erros\/","og_site_name":"Grupo Municipal Partido Popular de Lugo","article_published_time":"2025-01-02T14:17:40+00:00","article_modified_time":"2025-01-02T14:19:00+00:00","og_image":[{"width":2560,"height":1920,"url":"https:\/\/www.ppdelugo.com\/wp-content\/uploads\/2024\/10\/mar-obras-centro-rp2-scaled.jpg","type":"image\/jpeg"}],"author":"PP","twitter_card":"summary_large_image","twitter_image":"https:\/\/www.ppdelugo.com\/wp-content\/uploads\/2024\/10\/mar-obras-centro-rp2-scaled.jpg","twitter_misc":{"Escrito por":"PP","Tiempo de lectura":"3 minutos"},"schema":{"@context":"https:\/\/schema.org","@graph":[{"@type":"Article","@id":"https:\/\/www.ppdelugo.com\/es\/a-mala-xestion-do-bng-asfixia-a-mobilidade-en-lugo-mentres-culpa-a-xunta-dos-seus-propios-erros\/#article","isPartOf":{"@id":"https:\/\/www.ppdelugo.com\/es\/a-mala-xestion-do-bng-asfixia-a-mobilidade-en-lugo-mentres-culpa-a-xunta-dos-seus-propios-erros\/"},"author":{"name":"PP","@id":"https:\/\/www.ppdelugo.com\/es\/#\/schema\/person\/a847ea797b54208d374f6a8953571050"},"headline":"La mala gesti\u00f3n del BNG asfixia la movilidad en Lugo mientras culpa a la Xunta de sus propios errores.","datePublished":"2025-01-02T14:17:40+00:00","dateModified":"2025-01-02T14:19:00+00:00","mainEntityOfPage":{"@id":"https:\/\/www.ppdelugo.com\/es\/a-mala-xestion-do-bng-asfixia-a-mobilidade-en-lugo-mentres-culpa-a-xunta-dos-seus-propios-erros\/"},"wordCount":459,"commentCount":0,"image":{"@id":"https:\/\/www.ppdelugo.com\/es\/a-mala-xestion-do-bng-asfixia-a-mobilidade-en-lugo-mentres-culpa-a-xunta-dos-seus-propios-erros\/#primaryimage"},"thumbnailUrl":"https:\/\/www.ppdelugo.com\/wp-content\/uploads\/2024\/10\/mar-obras-centro-rp2-scaled.jpg","articleSection":["Sen categor\u00eda"],"inLanguage":"es","potentialAction":[{"@type":"CommentAction","name":"Comment","target":["https:\/\/www.ppdelugo.com\/es\/a-mala-xestion-do-bng-asfixia-a-mobilidade-en-lugo-mentres-culpa-a-xunta-dos-seus-propios-erros\/#respond"]}]},{"@type":"WebPage","@id":"https:\/\/www.ppdelugo.com\/es\/a-mala-xestion-do-bng-asfixia-a-mobilidade-en-lugo-mentres-culpa-a-xunta-dos-seus-propios-erros\/","url":"https:\/\/www.ppdelugo.com\/es\/a-mala-xestion-do-bng-asfixia-a-mobilidade-en-lugo-mentres-culpa-a-xunta-dos-seus-propios-erros\/","name":"La mala gesti\u00f3n del BNG asfixia la movilidad en Lugo mientras culpa a la Xunta de sus propios errores. - Grupo Municipal Partido Popular de Lugo","isPartOf":{"@id":"https:\/\/www.ppdelugo.com\/es\/#website"},"primaryImageOfPage":{"@id":"https:\/\/www.ppdelugo.com\/es\/a-mala-xestion-do-bng-asfixia-a-mobilidade-en-lugo-mentres-culpa-a-xunta-dos-seus-propios-erros\/#primaryimage"},"image":{"@id":"https:\/\/www.ppdelugo.com\/es\/a-mala-xestion-do-bng-asfixia-a-mobilidade-en-lugo-mentres-culpa-a-xunta-dos-seus-propios-erros\/#primaryimage"},"thumbnailUrl":"https:\/\/www.ppdelugo.com\/wp-content\/uploads\/2024\/10\/mar-obras-centro-rp2-scaled.jpg","datePublished":"2025-01-02T14:17:40+00:00","dateModified":"2025-01-02T14:19:00+00:00","author":{"@id":"https:\/\/www.ppdelugo.com\/es\/#\/schema\/person\/a847ea797b54208d374f6a8953571050"},"breadcrumb":{"@id":"https:\/\/www.ppdelugo.com\/es\/a-mala-xestion-do-bng-asfixia-a-mobilidade-en-lugo-mentres-culpa-a-xunta-dos-seus-propios-erros\/#breadcrumb"},"inLanguage":"es","potentialAction":[{"@type":"ReadAction","target":["https:\/\/www.ppdelugo.com\/es\/a-mala-xestion-do-bng-asfixia-a-mobilidade-en-lugo-mentres-culpa-a-xunta-dos-seus-propios-erros\/"]}]},{"@type":"ImageObject","inLanguage":"es","@id":"https:\/\/www.ppdelugo.com\/es\/a-mala-xestion-do-bng-asfixia-a-mobilidade-en-lugo-mentres-culpa-a-xunta-dos-seus-propios-erros\/#primaryimage","url":"https:\/\/www.ppdelugo.com\/wp-content\/uploads\/2024\/10\/mar-obras-centro-rp2-scaled.jpg","contentUrl":"https:\/\/www.ppdelugo.com\/wp-content\/uploads\/2024\/10\/mar-obras-centro-rp2-scaled.jpg","width":2560,"height":1920},{"@type":"BreadcrumbList","@id":"https:\/\/www.ppdelugo.com\/es\/a-mala-xestion-do-bng-asfixia-a-mobilidade-en-lugo-mentres-culpa-a-xunta-dos-seus-propios-erros\/#breadcrumb","itemListElement":[{"@type":"ListItem","position":1,"name":"Portada","item":"https:\/\/www.ppdelugo.com\/es\/"},{"@type":"ListItem","position":2,"name":"La mala gesti\u00f3n del BNG asfixia la movilidad en Lugo mientras culpa a la Xunta de sus propios errores."}]},{"@type":"WebSite","@id":"https:\/\/www.ppdelugo.com\/es\/#website","url":"https:\/\/www.ppdelugo.com\/es\/","name":"Grupo Municipal Partido Popular de Lugo","description":"Web del Grupo Municipal del Partido Popular en el Ayuntamiento de Lugo, con informaci\u00f3n sobre Lugo y fomento de la participaci\u00f3n ciudadana","potentialAction":[{"@type":"SearchAction","target":{"@type":"EntryPoint","urlTemplate":"https:\/\/www.ppdelugo.com\/es\/?s={search_term_string}"},"query-input":{"@type":"PropertyValueSpecification","valueRequired":true,"valueName":"search_term_string"}}],"inLanguage":"es"},{"@type":"Person","@id":"https:\/\/www.ppdelugo.com\/es\/#\/schema\/person\/a847ea797b54208d374f6a8953571050","name":"PP","url":"https:\/\/www.ppdelugo.com\/es\/author\/ppdelugo\/"}]}},"_links":{"self":[{"href":"https:\/\/www.ppdelugo.com\/es\/wp-json\/wp\/v2\/posts\/22907","targetHints":{"allow":["GET"]}}],"collection":[{"href":"https:\/\/www.ppdelugo.com\/es\/wp-json\/wp\/v2\/posts"}],"about":[{"href":"https:\/\/www.ppdelugo.com\/es\/wp-json\/wp\/v2\/types\/post"}],"author":[{"embeddable":true,"href":"https:\/\/www.ppdelugo.com\/es\/wp-json\/wp\/v2\/users\/2"}],"replies":[{"embeddable":true,"href":"https:\/\/www.ppdelugo.com\/es\/wp-json\/wp\/v2\/comments?post=22907"}],"version-history":[{"count":1,"href":"https:\/\/www.ppdelugo.com\/es\/wp-json\/wp\/v2\/posts\/22907\/revisions"}],"predecessor-version":[{"id":22908,"href":"https:\/\/www.ppdelugo.com\/es\/wp-json\/wp\/v2\/posts\/22907\/revisions\/22908"}],"wp:featuredmedia":[{"embeddable":true,"href":"https:\/\/www.ppdelugo.com\/es\/wp-json\/wp\/v2\/media\/22307"}],"wp:attachment":[{"href":"https:\/\/www.ppdelugo.com\/es\/wp-json\/wp\/v2\/media?parent=22907"}],"wp:term":[{"taxonomy":"category","embeddable":true,"href":"https:\/\/www.ppdelugo.com\/es\/wp-json\/wp\/v2\/categories?post=22907"},{"taxonomy":"post_tag","embeddable":true,"href":"https:\/\/www.ppdelugo.com\/es\/wp-json\/wp\/v2\/tags?post=22907"}],"curies":[{"name":"wp","href":"https:\/\/api.w.org\/{rel}","templated":true}]}}