{"id":22487,"date":"2024-10-22T11:42:44","date_gmt":"2024-10-22T11:42:44","guid":{"rendered":"https:\/\/www.ppdelugo.com\/?p=22487"},"modified":"2024-10-22T11:42:44","modified_gmt":"2024-10-22T11:42:44","slug":"o-pp-di-que-12-dias-despois-do-conflicto-laboral-da-garderia-gregorio-sanz-as-39-familias-afectadas-seguen-igual-sen-informacion-nin-solucion","status":"publish","type":"post","link":"https:\/\/www.ppdelugo.com\/es\/o-pp-di-que-12-dias-despois-do-conflicto-laboral-da-garderia-gregorio-sanz-as-39-familias-afectadas-seguen-igual-sen-informacion-nin-solucion\/","title":{"rendered":"O PP di que \u201c12 d\u00edas despois do conflicto laboral da garder\u00eda Gregorio S\u00e1nz as 39 familias afectadas seguen igual: sen informaci\u00f3n, nin soluci\u00f3n\u201d"},"content":{"rendered":"<ul>\n<li>Mar Carballas explica que \u201ctal e como advertimos hai d\u00faas semanas a situaci\u00f3n da garder\u00eda Gregorio S\u00e1nz \u00a0segue sendo a mesma. Ningu\u00e9n do goberno asume responsabilidades e, 12 d\u00edas despois, seguen sen informar \u00e1s familias sobre o futuro deste servizo\u201d<\/li>\n<\/ul>\n<p>&nbsp;<\/p>\n<ul>\n<li>\u201c\u00c9 vergo\u00f1ento que os pais e nais tiveran que pedir por escrito explicaci\u00f3ns e, incluso, persoarse no concello porque ningu\u00e9n daba a cara\u201d<\/li>\n<\/ul>\n<p>&nbsp;<\/p>\n<ul>\n<li>A popular recalcou que o acordo que PSOE e BNG adoptaron a semana pasada en xunta de goberno non \u00e9 m\u00e1is que un parche temporal<\/li>\n<\/ul>\n<p>&nbsp;<\/p>\n<ul>\n<li>Mar Carballas: \u201cos servizos que dependen do BNG ou ben, acaban con eles como a Escola de M\u00fasica cuxa actividade ti\u00f1a que ter comenzado pero que a estas alturas segue se po\u00f1erse en funcionamento; ou ben os desmantelan como a Praza de Abastos, ou ben asfixian sen medios como, por exemplo, coa falta de conserxes nos centros educativos<\/li>\n<\/ul>\n<p>&nbsp;<\/p>\n<ul>\n<li>Estamos falando dun conflicto laboral que vi\u00f1a do ano 2015, que se agravou no ano 2019, e o goberno local estaba advertido dende o 2 de setembro de que \u00edan haber problemas e o \u00fanico que fixeron foi asinar un contrato menor por urxencia para contratar a unha empresa privada, obviando recurrir \u00e1 bolsa de substituci\u00f3ns.<\/li>\n<\/ul>\n<p>&nbsp;<\/p>\n<ul>\n<li>Os populares presentar\u00e1n unha pregunta a pleno para que se expliquen os motivos polos que <strong>non se cumpriu o acordo do Comit\u00e9 de Acoso adoptado en xullo de 2022 <\/strong>insistindo en que o conflicto laboral que hab\u00eda no Gregorio S\u00e1nz era responsabilidade de persoal e de educaci\u00f3n recrimin\u00e1ndoles que estiveran anos \u201cmiraron a outro lado\u201d<\/li>\n<\/ul>\n<p>&nbsp;<\/p>\n<p><strong>Escola de M\u00fasica Municipal: un servizo en perigo <\/strong><\/p>\n<p>&nbsp;<\/p>\n<ul>\n<li>A falta de xesti\u00f3n e previsi\u00f3n do BNG pon e perigo este servizo sen unha soluci\u00f3n clara no horizonte.<\/li>\n<\/ul>\n<p>&nbsp;<\/p>\n<ul>\n<li>Os populares tam\u00e9n cuestionan o futuro da Escuela de m\u00fasica que a 22 de outubro ainda non se puxo en funcionamento criticando que a falta de xesti\u00f3n dos nacionalistas acabe cun servizo que ti\u00f1a unha gran demanda.<\/li>\n<\/ul>\n<p>&nbsp;<\/p>\n<p>&nbsp;<\/p>\n<ul>\n<li>Os populares explican que se repite a desinformaci\u00f3n aos usuarios, de feito, a Circular Informativa que hai na porta da Escola se pode ler que a previsi\u00f3n \u00e9 iniciar a actividade acad\u00e9mica nos primeiros d\u00edas de outubro.<\/li>\n<\/ul>\n<p><strong>\u00a0<\/strong><\/p>\n<p><strong>Centros escolares sen conserxes<\/strong><\/p>\n<p>&nbsp;<\/p>\n<ul>\n<li>Outro tema que o BNG \u00e9 incapaz de solucionar \u00e9 o da falta de conserxes en centros escolares. Neste momento est\u00e1n sen este persoal no Colexio de As Mercedes (dende xullo) e dende setembro en Cas\u00e1s e o Illa Verde.<\/li>\n<\/ul>\n<p>&nbsp;<\/p>\n<p><strong>Praza de Abastos<\/strong><\/p>\n<p>&nbsp;<\/p>\n<ul>\n<li>Outro servizo envolto en pol\u00e9mica pola actitude ditatorial e deixadez do BNG \u00e9 o da Praza de Abastos xa que seguen sen dar resposta \u00e1s reclamaci\u00f3ns dos praceros.<\/li>\n<\/ul>\n","protected":false},"excerpt":{"rendered":"<p>Mar Carballas explica que \u201ctal e como advertimos hai d\u00faas semanas a situaci\u00f3n da garder\u00eda Gregorio S\u00e1nz \u00a0segue sendo a mesma. Ningu\u00e9n do goberno asume responsabilidades e, 12 d\u00edas despois,&#8230;<\/p>\n","protected":false},"author":2,"featured_media":22488,"comment_status":"open","ping_status":"closed","sticky":false,"template":"","format":"standard","meta":{"footnotes":""},"categories":[81,57,181],"tags":[],"class_list":{"0":"post-22487","1":"post","2":"type-post","3":"status-publish","4":"format-standard","5":"has-post-thumbnail","7":"category-lugoaexame-es","8":"category-educacion","9":"category-gregorio-sanz"},"yoast_head":"<!-- This site is optimized with the Yoast SEO plugin v27.4 - https:\/\/yoast.com\/product\/yoast-seo-wordpress\/ -->\n<title>O PP di que \u201c12 d\u00edas despois do conflicto laboral da garder\u00eda Gregorio S\u00e1nz as 39 familias afectadas seguen igual: sen informaci\u00f3n, nin soluci\u00f3n\u201d - Grupo Municipal Partido Popular de Lugo<\/title>\n<meta name=\"robots\" content=\"index, follow, max-snippet:-1, max-image-preview:large, max-video-preview:-1\" \/>\n<link rel=\"canonical\" href=\"https:\/\/www.ppdelugo.com\/es\/o-pp-di-que-12-dias-despois-do-conflicto-laboral-da-garderia-gregorio-sanz-as-39-familias-afectadas-seguen-igual-sen-informacion-nin-solucion\/\" \/>\n<meta property=\"og:locale\" content=\"es_ES\" \/>\n<meta property=\"og:type\" content=\"article\" \/>\n<meta property=\"og:title\" content=\"O PP di que \u201c12 d\u00edas despois do conflicto laboral da garder\u00eda Gregorio S\u00e1nz as 39 familias afectadas seguen igual: sen informaci\u00f3n, nin soluci\u00f3n\u201d - Grupo Municipal Partido Popular de Lugo\" \/>\n<meta property=\"og:description\" content=\"Mar Carballas explica que \u201ctal e como advertimos hai d\u00faas semanas a situaci\u00f3n da garder\u00eda Gregorio S\u00e1nz \u00a0segue sendo a mesma. Ningu\u00e9n do goberno asume responsabilidades e, 12 d\u00edas despois,...\" \/>\n<meta property=\"og:url\" content=\"https:\/\/www.ppdelugo.com\/es\/o-pp-di-que-12-dias-despois-do-conflicto-laboral-da-garderia-gregorio-sanz-as-39-familias-afectadas-seguen-igual-sen-informacion-nin-solucion\/\" \/>\n<meta property=\"og:site_name\" content=\"Grupo Municipal Partido Popular de Lugo\" \/>\n<meta property=\"article:published_time\" content=\"2024-10-22T11:42:44+00:00\" \/>\n<meta property=\"og:image\" content=\"https:\/\/www.ppdelugo.com\/wp-content\/uploads\/2024\/10\/WhatsApp-Image-2024-10-22-at-13.20.18-scaled.jpeg\" \/>\n\t<meta property=\"og:image:width\" content=\"1920\" \/>\n\t<meta property=\"og:image:height\" content=\"2560\" \/>\n\t<meta property=\"og:image:type\" content=\"image\/jpeg\" \/>\n<meta name=\"author\" content=\"PP\" \/>\n<meta name=\"twitter:card\" content=\"summary_large_image\" \/>\n<meta name=\"twitter:image\" content=\"https:\/\/www.ppdelugo.com\/wp-content\/uploads\/2024\/10\/WhatsApp-Image-2024-10-22-at-13.20.18-scaled.jpeg\" \/>\n<meta name=\"twitter:label1\" content=\"Escrito por\" \/>\n\t<meta name=\"twitter:data1\" content=\"PP\" \/>\n\t<meta name=\"twitter:label2\" content=\"Tiempo de lectura\" \/>\n\t<meta name=\"twitter:data2\" content=\"3 minutos\" \/>\n<script type=\"application\/ld+json\" class=\"yoast-schema-graph\">{\"@context\":\"https:\\\/\\\/schema.org\",\"@graph\":[{\"@type\":\"Article\",\"@id\":\"https:\\\/\\\/www.ppdelugo.com\\\/es\\\/o-pp-di-que-12-dias-despois-do-conflicto-laboral-da-garderia-gregorio-sanz-as-39-familias-afectadas-seguen-igual-sen-informacion-nin-solucion\\\/#article\",\"isPartOf\":{\"@id\":\"https:\\\/\\\/www.ppdelugo.com\\\/es\\\/o-pp-di-que-12-dias-despois-do-conflicto-laboral-da-garderia-gregorio-sanz-as-39-familias-afectadas-seguen-igual-sen-informacion-nin-solucion\\\/\"},\"author\":{\"name\":\"PP\",\"@id\":\"https:\\\/\\\/www.ppdelugo.com\\\/es\\\/#\\\/schema\\\/person\\\/a847ea797b54208d374f6a8953571050\"},\"headline\":\"O PP di que \u201c12 d\u00edas despois do conflicto laboral da garder\u00eda Gregorio S\u00e1nz as 39 familias afectadas seguen igual: sen informaci\u00f3n, nin soluci\u00f3n\u201d\",\"datePublished\":\"2024-10-22T11:42:44+00:00\",\"mainEntityOfPage\":{\"@id\":\"https:\\\/\\\/www.ppdelugo.com\\\/es\\\/o-pp-di-que-12-dias-despois-do-conflicto-laboral-da-garderia-gregorio-sanz-as-39-familias-afectadas-seguen-igual-sen-informacion-nin-solucion\\\/\"},\"wordCount\":496,\"commentCount\":0,\"image\":{\"@id\":\"https:\\\/\\\/www.ppdelugo.com\\\/es\\\/o-pp-di-que-12-dias-despois-do-conflicto-laboral-da-garderia-gregorio-sanz-as-39-familias-afectadas-seguen-igual-sen-informacion-nin-solucion\\\/#primaryimage\"},\"thumbnailUrl\":\"https:\\\/\\\/www.ppdelugo.com\\\/wp-content\\\/uploads\\\/2024\\\/10\\\/WhatsApp-Image-2024-10-22-at-13.20.18-scaled.jpeg\",\"articleSection\":[\"#LugoaExame\",\"Educaci\u00f3n\",\"Gregorio Sanz\"],\"inLanguage\":\"es\",\"potentialAction\":[{\"@type\":\"CommentAction\",\"name\":\"Comment\",\"target\":[\"https:\\\/\\\/www.ppdelugo.com\\\/es\\\/o-pp-di-que-12-dias-despois-do-conflicto-laboral-da-garderia-gregorio-sanz-as-39-familias-afectadas-seguen-igual-sen-informacion-nin-solucion\\\/#respond\"]}]},{\"@type\":\"WebPage\",\"@id\":\"https:\\\/\\\/www.ppdelugo.com\\\/es\\\/o-pp-di-que-12-dias-despois-do-conflicto-laboral-da-garderia-gregorio-sanz-as-39-familias-afectadas-seguen-igual-sen-informacion-nin-solucion\\\/\",\"url\":\"https:\\\/\\\/www.ppdelugo.com\\\/es\\\/o-pp-di-que-12-dias-despois-do-conflicto-laboral-da-garderia-gregorio-sanz-as-39-familias-afectadas-seguen-igual-sen-informacion-nin-solucion\\\/\",\"name\":\"O PP di que \u201c12 d\u00edas despois do conflicto laboral da garder\u00eda Gregorio S\u00e1nz as 39 familias afectadas seguen igual: sen informaci\u00f3n, nin soluci\u00f3n\u201d - Grupo Municipal Partido Popular de Lugo\",\"isPartOf\":{\"@id\":\"https:\\\/\\\/www.ppdelugo.com\\\/es\\\/#website\"},\"primaryImageOfPage\":{\"@id\":\"https:\\\/\\\/www.ppdelugo.com\\\/es\\\/o-pp-di-que-12-dias-despois-do-conflicto-laboral-da-garderia-gregorio-sanz-as-39-familias-afectadas-seguen-igual-sen-informacion-nin-solucion\\\/#primaryimage\"},\"image\":{\"@id\":\"https:\\\/\\\/www.ppdelugo.com\\\/es\\\/o-pp-di-que-12-dias-despois-do-conflicto-laboral-da-garderia-gregorio-sanz-as-39-familias-afectadas-seguen-igual-sen-informacion-nin-solucion\\\/#primaryimage\"},\"thumbnailUrl\":\"https:\\\/\\\/www.ppdelugo.com\\\/wp-content\\\/uploads\\\/2024\\\/10\\\/WhatsApp-Image-2024-10-22-at-13.20.18-scaled.jpeg\",\"datePublished\":\"2024-10-22T11:42:44+00:00\",\"author\":{\"@id\":\"https:\\\/\\\/www.ppdelugo.com\\\/es\\\/#\\\/schema\\\/person\\\/a847ea797b54208d374f6a8953571050\"},\"breadcrumb\":{\"@id\":\"https:\\\/\\\/www.ppdelugo.com\\\/es\\\/o-pp-di-que-12-dias-despois-do-conflicto-laboral-da-garderia-gregorio-sanz-as-39-familias-afectadas-seguen-igual-sen-informacion-nin-solucion\\\/#breadcrumb\"},\"inLanguage\":\"es\",\"potentialAction\":[{\"@type\":\"ReadAction\",\"target\":[\"https:\\\/\\\/www.ppdelugo.com\\\/es\\\/o-pp-di-que-12-dias-despois-do-conflicto-laboral-da-garderia-gregorio-sanz-as-39-familias-afectadas-seguen-igual-sen-informacion-nin-solucion\\\/\"]}]},{\"@type\":\"ImageObject\",\"inLanguage\":\"es\",\"@id\":\"https:\\\/\\\/www.ppdelugo.com\\\/es\\\/o-pp-di-que-12-dias-despois-do-conflicto-laboral-da-garderia-gregorio-sanz-as-39-familias-afectadas-seguen-igual-sen-informacion-nin-solucion\\\/#primaryimage\",\"url\":\"https:\\\/\\\/www.ppdelugo.com\\\/wp-content\\\/uploads\\\/2024\\\/10\\\/WhatsApp-Image-2024-10-22-at-13.20.18-scaled.jpeg\",\"contentUrl\":\"https:\\\/\\\/www.ppdelugo.com\\\/wp-content\\\/uploads\\\/2024\\\/10\\\/WhatsApp-Image-2024-10-22-at-13.20.18-scaled.jpeg\",\"width\":1920,\"height\":2560},{\"@type\":\"BreadcrumbList\",\"@id\":\"https:\\\/\\\/www.ppdelugo.com\\\/es\\\/o-pp-di-que-12-dias-despois-do-conflicto-laboral-da-garderia-gregorio-sanz-as-39-familias-afectadas-seguen-igual-sen-informacion-nin-solucion\\\/#breadcrumb\",\"itemListElement\":[{\"@type\":\"ListItem\",\"position\":1,\"name\":\"Portada\",\"item\":\"https:\\\/\\\/www.ppdelugo.com\\\/es\\\/\"},{\"@type\":\"ListItem\",\"position\":2,\"name\":\"O PP di que \u201c12 d\u00edas despois do conflicto laboral da garder\u00eda Gregorio S\u00e1nz as 39 familias afectadas seguen igual: sen informaci\u00f3n, nin soluci\u00f3n\u201d\"}]},{\"@type\":\"WebSite\",\"@id\":\"https:\\\/\\\/www.ppdelugo.com\\\/es\\\/#website\",\"url\":\"https:\\\/\\\/www.ppdelugo.com\\\/es\\\/\",\"name\":\"Grupo Municipal Partido Popular de Lugo\",\"description\":\"Web del Grupo Municipal del Partido Popular en el Ayuntamiento de Lugo, con informaci\u00f3n sobre Lugo y fomento de la participaci\u00f3n ciudadana\",\"potentialAction\":[{\"@type\":\"SearchAction\",\"target\":{\"@type\":\"EntryPoint\",\"urlTemplate\":\"https:\\\/\\\/www.ppdelugo.com\\\/es\\\/?s={search_term_string}\"},\"query-input\":{\"@type\":\"PropertyValueSpecification\",\"valueRequired\":true,\"valueName\":\"search_term_string\"}}],\"inLanguage\":\"es\"},{\"@type\":\"Person\",\"@id\":\"https:\\\/\\\/www.ppdelugo.com\\\/es\\\/#\\\/schema\\\/person\\\/a847ea797b54208d374f6a8953571050\",\"name\":\"PP\",\"url\":\"https:\\\/\\\/www.ppdelugo.com\\\/es\\\/author\\\/ppdelugo\\\/\"}]}<\/script>\n<!-- \/ Yoast SEO plugin. -->","yoast_head_json":{"title":"O PP di que \u201c12 d\u00edas despois do conflicto laboral da garder\u00eda Gregorio S\u00e1nz as 39 familias afectadas seguen igual: sen informaci\u00f3n, nin soluci\u00f3n\u201d - Grupo Municipal Partido Popular de Lugo","robots":{"index":"index","follow":"follow","max-snippet":"max-snippet:-1","max-image-preview":"max-image-preview:large","max-video-preview":"max-video-preview:-1"},"canonical":"https:\/\/www.ppdelugo.com\/es\/o-pp-di-que-12-dias-despois-do-conflicto-laboral-da-garderia-gregorio-sanz-as-39-familias-afectadas-seguen-igual-sen-informacion-nin-solucion\/","og_locale":"es_ES","og_type":"article","og_title":"O PP di que \u201c12 d\u00edas despois do conflicto laboral da garder\u00eda Gregorio S\u00e1nz as 39 familias afectadas seguen igual: sen informaci\u00f3n, nin soluci\u00f3n\u201d - Grupo Municipal Partido Popular de Lugo","og_description":"Mar Carballas explica que \u201ctal e como advertimos hai d\u00faas semanas a situaci\u00f3n da garder\u00eda Gregorio S\u00e1nz \u00a0segue sendo a mesma. Ningu\u00e9n do goberno asume responsabilidades e, 12 d\u00edas despois,...","og_url":"https:\/\/www.ppdelugo.com\/es\/o-pp-di-que-12-dias-despois-do-conflicto-laboral-da-garderia-gregorio-sanz-as-39-familias-afectadas-seguen-igual-sen-informacion-nin-solucion\/","og_site_name":"Grupo Municipal Partido Popular de Lugo","article_published_time":"2024-10-22T11:42:44+00:00","og_image":[{"width":1920,"height":2560,"url":"https:\/\/www.ppdelugo.com\/wp-content\/uploads\/2024\/10\/WhatsApp-Image-2024-10-22-at-13.20.18-scaled.jpeg","type":"image\/jpeg"}],"author":"PP","twitter_card":"summary_large_image","twitter_image":"https:\/\/www.ppdelugo.com\/wp-content\/uploads\/2024\/10\/WhatsApp-Image-2024-10-22-at-13.20.18-scaled.jpeg","twitter_misc":{"Escrito por":"PP","Tiempo de lectura":"3 minutos"},"schema":{"@context":"https:\/\/schema.org","@graph":[{"@type":"Article","@id":"https:\/\/www.ppdelugo.com\/es\/o-pp-di-que-12-dias-despois-do-conflicto-laboral-da-garderia-gregorio-sanz-as-39-familias-afectadas-seguen-igual-sen-informacion-nin-solucion\/#article","isPartOf":{"@id":"https:\/\/www.ppdelugo.com\/es\/o-pp-di-que-12-dias-despois-do-conflicto-laboral-da-garderia-gregorio-sanz-as-39-familias-afectadas-seguen-igual-sen-informacion-nin-solucion\/"},"author":{"name":"PP","@id":"https:\/\/www.ppdelugo.com\/es\/#\/schema\/person\/a847ea797b54208d374f6a8953571050"},"headline":"O PP di que \u201c12 d\u00edas despois do conflicto laboral da garder\u00eda Gregorio S\u00e1nz as 39 familias afectadas seguen igual: sen informaci\u00f3n, nin soluci\u00f3n\u201d","datePublished":"2024-10-22T11:42:44+00:00","mainEntityOfPage":{"@id":"https:\/\/www.ppdelugo.com\/es\/o-pp-di-que-12-dias-despois-do-conflicto-laboral-da-garderia-gregorio-sanz-as-39-familias-afectadas-seguen-igual-sen-informacion-nin-solucion\/"},"wordCount":496,"commentCount":0,"image":{"@id":"https:\/\/www.ppdelugo.com\/es\/o-pp-di-que-12-dias-despois-do-conflicto-laboral-da-garderia-gregorio-sanz-as-39-familias-afectadas-seguen-igual-sen-informacion-nin-solucion\/#primaryimage"},"thumbnailUrl":"https:\/\/www.ppdelugo.com\/wp-content\/uploads\/2024\/10\/WhatsApp-Image-2024-10-22-at-13.20.18-scaled.jpeg","articleSection":["#LugoaExame","Educaci\u00f3n","Gregorio Sanz"],"inLanguage":"es","potentialAction":[{"@type":"CommentAction","name":"Comment","target":["https:\/\/www.ppdelugo.com\/es\/o-pp-di-que-12-dias-despois-do-conflicto-laboral-da-garderia-gregorio-sanz-as-39-familias-afectadas-seguen-igual-sen-informacion-nin-solucion\/#respond"]}]},{"@type":"WebPage","@id":"https:\/\/www.ppdelugo.com\/es\/o-pp-di-que-12-dias-despois-do-conflicto-laboral-da-garderia-gregorio-sanz-as-39-familias-afectadas-seguen-igual-sen-informacion-nin-solucion\/","url":"https:\/\/www.ppdelugo.com\/es\/o-pp-di-que-12-dias-despois-do-conflicto-laboral-da-garderia-gregorio-sanz-as-39-familias-afectadas-seguen-igual-sen-informacion-nin-solucion\/","name":"O PP di que \u201c12 d\u00edas despois do conflicto laboral da garder\u00eda Gregorio S\u00e1nz as 39 familias afectadas seguen igual: sen informaci\u00f3n, nin soluci\u00f3n\u201d - Grupo Municipal Partido Popular de Lugo","isPartOf":{"@id":"https:\/\/www.ppdelugo.com\/es\/#website"},"primaryImageOfPage":{"@id":"https:\/\/www.ppdelugo.com\/es\/o-pp-di-que-12-dias-despois-do-conflicto-laboral-da-garderia-gregorio-sanz-as-39-familias-afectadas-seguen-igual-sen-informacion-nin-solucion\/#primaryimage"},"image":{"@id":"https:\/\/www.ppdelugo.com\/es\/o-pp-di-que-12-dias-despois-do-conflicto-laboral-da-garderia-gregorio-sanz-as-39-familias-afectadas-seguen-igual-sen-informacion-nin-solucion\/#primaryimage"},"thumbnailUrl":"https:\/\/www.ppdelugo.com\/wp-content\/uploads\/2024\/10\/WhatsApp-Image-2024-10-22-at-13.20.18-scaled.jpeg","datePublished":"2024-10-22T11:42:44+00:00","author":{"@id":"https:\/\/www.ppdelugo.com\/es\/#\/schema\/person\/a847ea797b54208d374f6a8953571050"},"breadcrumb":{"@id":"https:\/\/www.ppdelugo.com\/es\/o-pp-di-que-12-dias-despois-do-conflicto-laboral-da-garderia-gregorio-sanz-as-39-familias-afectadas-seguen-igual-sen-informacion-nin-solucion\/#breadcrumb"},"inLanguage":"es","potentialAction":[{"@type":"ReadAction","target":["https:\/\/www.ppdelugo.com\/es\/o-pp-di-que-12-dias-despois-do-conflicto-laboral-da-garderia-gregorio-sanz-as-39-familias-afectadas-seguen-igual-sen-informacion-nin-solucion\/"]}]},{"@type":"ImageObject","inLanguage":"es","@id":"https:\/\/www.ppdelugo.com\/es\/o-pp-di-que-12-dias-despois-do-conflicto-laboral-da-garderia-gregorio-sanz-as-39-familias-afectadas-seguen-igual-sen-informacion-nin-solucion\/#primaryimage","url":"https:\/\/www.ppdelugo.com\/wp-content\/uploads\/2024\/10\/WhatsApp-Image-2024-10-22-at-13.20.18-scaled.jpeg","contentUrl":"https:\/\/www.ppdelugo.com\/wp-content\/uploads\/2024\/10\/WhatsApp-Image-2024-10-22-at-13.20.18-scaled.jpeg","width":1920,"height":2560},{"@type":"BreadcrumbList","@id":"https:\/\/www.ppdelugo.com\/es\/o-pp-di-que-12-dias-despois-do-conflicto-laboral-da-garderia-gregorio-sanz-as-39-familias-afectadas-seguen-igual-sen-informacion-nin-solucion\/#breadcrumb","itemListElement":[{"@type":"ListItem","position":1,"name":"Portada","item":"https:\/\/www.ppdelugo.com\/es\/"},{"@type":"ListItem","position":2,"name":"O PP di que \u201c12 d\u00edas despois do conflicto laboral da garder\u00eda Gregorio S\u00e1nz as 39 familias afectadas seguen igual: sen informaci\u00f3n, nin soluci\u00f3n\u201d"}]},{"@type":"WebSite","@id":"https:\/\/www.ppdelugo.com\/es\/#website","url":"https:\/\/www.ppdelugo.com\/es\/","name":"Grupo Municipal Partido Popular de Lugo","description":"Web del Grupo Municipal del Partido Popular en el Ayuntamiento de Lugo, con informaci\u00f3n sobre Lugo y fomento de la participaci\u00f3n ciudadana","potentialAction":[{"@type":"SearchAction","target":{"@type":"EntryPoint","urlTemplate":"https:\/\/www.ppdelugo.com\/es\/?s={search_term_string}"},"query-input":{"@type":"PropertyValueSpecification","valueRequired":true,"valueName":"search_term_string"}}],"inLanguage":"es"},{"@type":"Person","@id":"https:\/\/www.ppdelugo.com\/es\/#\/schema\/person\/a847ea797b54208d374f6a8953571050","name":"PP","url":"https:\/\/www.ppdelugo.com\/es\/author\/ppdelugo\/"}]}},"_links":{"self":[{"href":"https:\/\/www.ppdelugo.com\/es\/wp-json\/wp\/v2\/posts\/22487","targetHints":{"allow":["GET"]}}],"collection":[{"href":"https:\/\/www.ppdelugo.com\/es\/wp-json\/wp\/v2\/posts"}],"about":[{"href":"https:\/\/www.ppdelugo.com\/es\/wp-json\/wp\/v2\/types\/post"}],"author":[{"embeddable":true,"href":"https:\/\/www.ppdelugo.com\/es\/wp-json\/wp\/v2\/users\/2"}],"replies":[{"embeddable":true,"href":"https:\/\/www.ppdelugo.com\/es\/wp-json\/wp\/v2\/comments?post=22487"}],"version-history":[{"count":1,"href":"https:\/\/www.ppdelugo.com\/es\/wp-json\/wp\/v2\/posts\/22487\/revisions"}],"predecessor-version":[{"id":22490,"href":"https:\/\/www.ppdelugo.com\/es\/wp-json\/wp\/v2\/posts\/22487\/revisions\/22490"}],"wp:featuredmedia":[{"embeddable":true,"href":"https:\/\/www.ppdelugo.com\/es\/wp-json\/wp\/v2\/media\/22488"}],"wp:attachment":[{"href":"https:\/\/www.ppdelugo.com\/es\/wp-json\/wp\/v2\/media?parent=22487"}],"wp:term":[{"taxonomy":"category","embeddable":true,"href":"https:\/\/www.ppdelugo.com\/es\/wp-json\/wp\/v2\/categories?post=22487"},{"taxonomy":"post_tag","embeddable":true,"href":"https:\/\/www.ppdelugo.com\/es\/wp-json\/wp\/v2\/tags?post=22487"}],"curies":[{"name":"wp","href":"https:\/\/api.w.org\/{rel}","templated":true}]}}