{"id":22484,"date":"2024-10-22T10:28:39","date_gmt":"2024-10-22T10:28:39","guid":{"rendered":"https:\/\/www.ppdelugo.com\/o-pp-urxe-ao-goberno-local-a-buscar-unha-solucion-para-acondicionar-o-aparcadoiro-do-campo-de-futbol-das-gandaras-e-que-sexa-un-espazo-seguro-e-comodo\/"},"modified":"2024-10-22T10:31:01","modified_gmt":"2024-10-22T10:31:01","slug":"o-pp-urxe-ao-goberno-local-a-buscar-unha-solucion-para-acondicionar-o-aparcadoiro-do-campo-de-futbol-das-gandaras-e-que-sexa-un-espazo-seguro-e-comodo","status":"publish","type":"post","link":"https:\/\/www.ppdelugo.com\/es\/o-pp-urxe-ao-goberno-local-a-buscar-unha-solucion-para-acondicionar-o-aparcadoiro-do-campo-de-futbol-das-gandaras-e-que-sexa-un-espazo-seguro-e-comodo\/","title":{"rendered":"El PP urge al gobierno local a buscar una soluci\u00f3n para acondicionar el aparcamiento del Campo de f\u00fatbol de las G\u00e1ndaras y que sea un espacio seguro y c\u00f3modo."},"content":{"rendered":"<p>Despu\u00e9s de a\u00f1os de inacci\u00f3n y mentiras por parte del PSOE y del BNG, atribuyendo a la Xunta la responsabilidad de arreglar esta zona, y una vez aclarada la titularidad de los terrenos, que pertenecen al Ministerio de Defensa, \u201cpedimos al gobierno local que llegue a acuerdos con el gobierno de S\u00e1nchez, es hora de que tomen medidas ya\u201d.<\/p>\n<p>Los populares recriminan \u201cque mucho han hablado, pero poco han trabajado a la hora de ofrecer soluciones reales para arreglar el mal estado del aparcamiento que hay en la cercan\u00eda de esta instalaci\u00f3n deportiva, que es muy utilizada por jugadores, familiares y espectadores de los siete clubes que acuden a estas instalaciones\u201d.<\/p>\n<p>El Gobierno de S\u00e1nchez dice al Concello que no puede ceder de forma gratuita.<\/p>\n<p>Desde el mes de febrero, y tras numerosas reuniones mantenidas por la portavoz del Grupo Popular con representantes del Concello, del Gobierno central y del Ministerio de Defensa, se confirm\u00f3 que los terrenos son titularidad del Ministerio de Defensa, en concreto del INVIED (Instituto de Vivienda, Infraestructura y Equipamiento de la Defensa).<\/p>\n<p>Esta realidad contradice las afirmaciones de socialistas y nacionalistas, que dedicaron sus esfuerzos a hacer oposici\u00f3n a la Xunta con mentiras en lugar de trabajar para solucionar el problema.<\/p>\n<p>Los populares recuerdan c\u00f3mo en el mes de mayo, los diputados nacionales presentaron una pregunta a la Mesa del Congreso para aclarar si el Gobierno de S\u00e1nchez ten\u00eda previsto ceder los terrenos al Concello de Lugo o, al menos, conceder un permiso para su adecuaci\u00f3n y uso. La respuesta, recibida en septiembre, indicaba que se trata de bienes patrimoniales gestionados por el INVIED, cuyo Estatuto no permite ceder bienes o derechos de manera gratuita.<\/p>\n<p>&nbsp;<\/p>\n<p>&nbsp;<\/p>\n<p>&nbsp;<\/p>\n","protected":false},"excerpt":{"rendered":"<p>Despu\u00e9s de a\u00f1os de inacci\u00f3n y mentiras por parte del PSOE y del BNG, atribuyendo a la Xunta la responsabilidad de arreglar esta zona, y una vez aclarada la titularidad&#8230;<\/p>\n","protected":false},"author":2,"featured_media":22482,"comment_status":"open","ping_status":"closed","sticky":false,"template":"","format":"standard","meta":{"footnotes":""},"categories":[101,81,51,34],"tags":[],"class_list":{"0":"post-22484","1":"post","2":"type-post","3":"status-publish","4":"format-standard","5":"has-post-thumbnail","7":"category-facendocidade-es","8":"category-lugoaexame-es","9":"category-deportes","10":"category-obras-es"},"yoast_head":"<!-- This site is optimized with the Yoast SEO plugin v27.4 - https:\/\/yoast.com\/product\/yoast-seo-wordpress\/ -->\n<title>El PP urge al gobierno local a buscar una soluci\u00f3n para acondicionar el aparcamiento del Campo de f\u00fatbol de las G\u00e1ndaras y que sea un espacio seguro y c\u00f3modo. - Grupo Municipal Partido Popular de Lugo<\/title>\n<meta name=\"robots\" content=\"index, follow, max-snippet:-1, max-image-preview:large, max-video-preview:-1\" \/>\n<link rel=\"canonical\" href=\"https:\/\/www.ppdelugo.com\/es\/o-pp-urxe-ao-goberno-local-a-buscar-unha-solucion-para-acondicionar-o-aparcadoiro-do-campo-de-futbol-das-gandaras-e-que-sexa-un-espazo-seguro-e-comodo\/\" \/>\n<meta property=\"og:locale\" content=\"es_ES\" \/>\n<meta property=\"og:type\" content=\"article\" \/>\n<meta property=\"og:title\" content=\"El PP urge al gobierno local a buscar una soluci\u00f3n para acondicionar el aparcamiento del Campo de f\u00fatbol de las G\u00e1ndaras y que sea un espacio seguro y c\u00f3modo. - Grupo Municipal Partido Popular de Lugo\" \/>\n<meta property=\"og:description\" content=\"Despu\u00e9s de a\u00f1os de inacci\u00f3n y mentiras por parte del PSOE y del BNG, atribuyendo a la Xunta la responsabilidad de arreglar esta zona, y una vez aclarada la titularidad...\" \/>\n<meta property=\"og:url\" content=\"https:\/\/www.ppdelugo.com\/es\/o-pp-urxe-ao-goberno-local-a-buscar-unha-solucion-para-acondicionar-o-aparcadoiro-do-campo-de-futbol-das-gandaras-e-que-sexa-un-espazo-seguro-e-comodo\/\" \/>\n<meta property=\"og:site_name\" content=\"Grupo Municipal Partido Popular de Lugo\" \/>\n<meta property=\"article:published_time\" content=\"2024-10-22T10:28:39+00:00\" \/>\n<meta property=\"article:modified_time\" content=\"2024-10-22T10:31:01+00:00\" \/>\n<meta property=\"og:image\" content=\"https:\/\/www.ppdelugo.com\/wp-content\/uploads\/2024\/10\/WhatsApp-Image-2024-10-22-at-11.09.24.jpeg\" \/>\n\t<meta property=\"og:image:width\" content=\"443\" \/>\n\t<meta property=\"og:image:height\" content=\"960\" \/>\n\t<meta property=\"og:image:type\" content=\"image\/jpeg\" \/>\n<meta name=\"author\" content=\"PP\" \/>\n<meta name=\"twitter:card\" content=\"summary_large_image\" \/>\n<meta name=\"twitter:image\" content=\"https:\/\/www.ppdelugo.com\/wp-content\/uploads\/2024\/10\/WhatsApp-Image-2024-10-22-at-11.09.24.jpeg\" \/>\n<meta name=\"twitter:label1\" content=\"Escrito por\" \/>\n\t<meta name=\"twitter:data1\" content=\"PP\" \/>\n\t<meta name=\"twitter:label2\" content=\"Tiempo de lectura\" \/>\n\t<meta name=\"twitter:data2\" content=\"2 minutos\" \/>\n<script type=\"application\/ld+json\" class=\"yoast-schema-graph\">{\"@context\":\"https:\\\/\\\/schema.org\",\"@graph\":[{\"@type\":\"Article\",\"@id\":\"https:\\\/\\\/www.ppdelugo.com\\\/es\\\/o-pp-urxe-ao-goberno-local-a-buscar-unha-solucion-para-acondicionar-o-aparcadoiro-do-campo-de-futbol-das-gandaras-e-que-sexa-un-espazo-seguro-e-comodo\\\/#article\",\"isPartOf\":{\"@id\":\"https:\\\/\\\/www.ppdelugo.com\\\/es\\\/o-pp-urxe-ao-goberno-local-a-buscar-unha-solucion-para-acondicionar-o-aparcadoiro-do-campo-de-futbol-das-gandaras-e-que-sexa-un-espazo-seguro-e-comodo\\\/\"},\"author\":{\"name\":\"PP\",\"@id\":\"https:\\\/\\\/www.ppdelugo.com\\\/es\\\/#\\\/schema\\\/person\\\/a847ea797b54208d374f6a8953571050\"},\"headline\":\"El PP urge al gobierno local a buscar una soluci\u00f3n para acondicionar el aparcamiento del Campo de f\u00fatbol de las G\u00e1ndaras y que sea un espacio seguro y c\u00f3modo.\",\"datePublished\":\"2024-10-22T10:28:39+00:00\",\"dateModified\":\"2024-10-22T10:31:01+00:00\",\"mainEntityOfPage\":{\"@id\":\"https:\\\/\\\/www.ppdelugo.com\\\/es\\\/o-pp-urxe-ao-goberno-local-a-buscar-unha-solucion-para-acondicionar-o-aparcadoiro-do-campo-de-futbol-das-gandaras-e-que-sexa-un-espazo-seguro-e-comodo\\\/\"},\"wordCount\":328,\"commentCount\":0,\"image\":{\"@id\":\"https:\\\/\\\/www.ppdelugo.com\\\/es\\\/o-pp-urxe-ao-goberno-local-a-buscar-unha-solucion-para-acondicionar-o-aparcadoiro-do-campo-de-futbol-das-gandaras-e-que-sexa-un-espazo-seguro-e-comodo\\\/#primaryimage\"},\"thumbnailUrl\":\"https:\\\/\\\/www.ppdelugo.com\\\/wp-content\\\/uploads\\\/2024\\\/10\\\/WhatsApp-Image-2024-10-22-at-11.09.24.jpeg\",\"articleSection\":[\"#Facendocidade\",\"#LugoaExame\",\"Deportes\",\"Obras\"],\"inLanguage\":\"es\",\"potentialAction\":[{\"@type\":\"CommentAction\",\"name\":\"Comment\",\"target\":[\"https:\\\/\\\/www.ppdelugo.com\\\/es\\\/o-pp-urxe-ao-goberno-local-a-buscar-unha-solucion-para-acondicionar-o-aparcadoiro-do-campo-de-futbol-das-gandaras-e-que-sexa-un-espazo-seguro-e-comodo\\\/#respond\"]}]},{\"@type\":\"WebPage\",\"@id\":\"https:\\\/\\\/www.ppdelugo.com\\\/es\\\/o-pp-urxe-ao-goberno-local-a-buscar-unha-solucion-para-acondicionar-o-aparcadoiro-do-campo-de-futbol-das-gandaras-e-que-sexa-un-espazo-seguro-e-comodo\\\/\",\"url\":\"https:\\\/\\\/www.ppdelugo.com\\\/es\\\/o-pp-urxe-ao-goberno-local-a-buscar-unha-solucion-para-acondicionar-o-aparcadoiro-do-campo-de-futbol-das-gandaras-e-que-sexa-un-espazo-seguro-e-comodo\\\/\",\"name\":\"El PP urge al gobierno local a buscar una soluci\u00f3n para acondicionar el aparcamiento del Campo de f\u00fatbol de las G\u00e1ndaras y que sea un espacio seguro y c\u00f3modo. - Grupo Municipal Partido Popular de Lugo\",\"isPartOf\":{\"@id\":\"https:\\\/\\\/www.ppdelugo.com\\\/es\\\/#website\"},\"primaryImageOfPage\":{\"@id\":\"https:\\\/\\\/www.ppdelugo.com\\\/es\\\/o-pp-urxe-ao-goberno-local-a-buscar-unha-solucion-para-acondicionar-o-aparcadoiro-do-campo-de-futbol-das-gandaras-e-que-sexa-un-espazo-seguro-e-comodo\\\/#primaryimage\"},\"image\":{\"@id\":\"https:\\\/\\\/www.ppdelugo.com\\\/es\\\/o-pp-urxe-ao-goberno-local-a-buscar-unha-solucion-para-acondicionar-o-aparcadoiro-do-campo-de-futbol-das-gandaras-e-que-sexa-un-espazo-seguro-e-comodo\\\/#primaryimage\"},\"thumbnailUrl\":\"https:\\\/\\\/www.ppdelugo.com\\\/wp-content\\\/uploads\\\/2024\\\/10\\\/WhatsApp-Image-2024-10-22-at-11.09.24.jpeg\",\"datePublished\":\"2024-10-22T10:28:39+00:00\",\"dateModified\":\"2024-10-22T10:31:01+00:00\",\"author\":{\"@id\":\"https:\\\/\\\/www.ppdelugo.com\\\/es\\\/#\\\/schema\\\/person\\\/a847ea797b54208d374f6a8953571050\"},\"breadcrumb\":{\"@id\":\"https:\\\/\\\/www.ppdelugo.com\\\/es\\\/o-pp-urxe-ao-goberno-local-a-buscar-unha-solucion-para-acondicionar-o-aparcadoiro-do-campo-de-futbol-das-gandaras-e-que-sexa-un-espazo-seguro-e-comodo\\\/#breadcrumb\"},\"inLanguage\":\"es\",\"potentialAction\":[{\"@type\":\"ReadAction\",\"target\":[\"https:\\\/\\\/www.ppdelugo.com\\\/es\\\/o-pp-urxe-ao-goberno-local-a-buscar-unha-solucion-para-acondicionar-o-aparcadoiro-do-campo-de-futbol-das-gandaras-e-que-sexa-un-espazo-seguro-e-comodo\\\/\"]}]},{\"@type\":\"ImageObject\",\"inLanguage\":\"es\",\"@id\":\"https:\\\/\\\/www.ppdelugo.com\\\/es\\\/o-pp-urxe-ao-goberno-local-a-buscar-unha-solucion-para-acondicionar-o-aparcadoiro-do-campo-de-futbol-das-gandaras-e-que-sexa-un-espazo-seguro-e-comodo\\\/#primaryimage\",\"url\":\"https:\\\/\\\/www.ppdelugo.com\\\/wp-content\\\/uploads\\\/2024\\\/10\\\/WhatsApp-Image-2024-10-22-at-11.09.24.jpeg\",\"contentUrl\":\"https:\\\/\\\/www.ppdelugo.com\\\/wp-content\\\/uploads\\\/2024\\\/10\\\/WhatsApp-Image-2024-10-22-at-11.09.24.jpeg\",\"width\":443,\"height\":960},{\"@type\":\"BreadcrumbList\",\"@id\":\"https:\\\/\\\/www.ppdelugo.com\\\/es\\\/o-pp-urxe-ao-goberno-local-a-buscar-unha-solucion-para-acondicionar-o-aparcadoiro-do-campo-de-futbol-das-gandaras-e-que-sexa-un-espazo-seguro-e-comodo\\\/#breadcrumb\",\"itemListElement\":[{\"@type\":\"ListItem\",\"position\":1,\"name\":\"Portada\",\"item\":\"https:\\\/\\\/www.ppdelugo.com\\\/es\\\/\"},{\"@type\":\"ListItem\",\"position\":2,\"name\":\"El PP urge al gobierno local a buscar una soluci\u00f3n para acondicionar el aparcamiento del Campo de f\u00fatbol de las G\u00e1ndaras y que sea un espacio seguro y c\u00f3modo.\"}]},{\"@type\":\"WebSite\",\"@id\":\"https:\\\/\\\/www.ppdelugo.com\\\/es\\\/#website\",\"url\":\"https:\\\/\\\/www.ppdelugo.com\\\/es\\\/\",\"name\":\"Grupo Municipal Partido Popular de Lugo\",\"description\":\"Web del Grupo Municipal del Partido Popular en el Ayuntamiento de Lugo, con informaci\u00f3n sobre Lugo y fomento de la participaci\u00f3n ciudadana\",\"potentialAction\":[{\"@type\":\"SearchAction\",\"target\":{\"@type\":\"EntryPoint\",\"urlTemplate\":\"https:\\\/\\\/www.ppdelugo.com\\\/es\\\/?s={search_term_string}\"},\"query-input\":{\"@type\":\"PropertyValueSpecification\",\"valueRequired\":true,\"valueName\":\"search_term_string\"}}],\"inLanguage\":\"es\"},{\"@type\":\"Person\",\"@id\":\"https:\\\/\\\/www.ppdelugo.com\\\/es\\\/#\\\/schema\\\/person\\\/a847ea797b54208d374f6a8953571050\",\"name\":\"PP\",\"url\":\"https:\\\/\\\/www.ppdelugo.com\\\/es\\\/author\\\/ppdelugo\\\/\"}]}<\/script>\n<!-- \/ Yoast SEO plugin. -->","yoast_head_json":{"title":"El PP urge al gobierno local a buscar una soluci\u00f3n para acondicionar el aparcamiento del Campo de f\u00fatbol de las G\u00e1ndaras y que sea un espacio seguro y c\u00f3modo. - Grupo Municipal Partido Popular de Lugo","robots":{"index":"index","follow":"follow","max-snippet":"max-snippet:-1","max-image-preview":"max-image-preview:large","max-video-preview":"max-video-preview:-1"},"canonical":"https:\/\/www.ppdelugo.com\/es\/o-pp-urxe-ao-goberno-local-a-buscar-unha-solucion-para-acondicionar-o-aparcadoiro-do-campo-de-futbol-das-gandaras-e-que-sexa-un-espazo-seguro-e-comodo\/","og_locale":"es_ES","og_type":"article","og_title":"El PP urge al gobierno local a buscar una soluci\u00f3n para acondicionar el aparcamiento del Campo de f\u00fatbol de las G\u00e1ndaras y que sea un espacio seguro y c\u00f3modo. - Grupo Municipal Partido Popular de Lugo","og_description":"Despu\u00e9s de a\u00f1os de inacci\u00f3n y mentiras por parte del PSOE y del BNG, atribuyendo a la Xunta la responsabilidad de arreglar esta zona, y una vez aclarada la titularidad...","og_url":"https:\/\/www.ppdelugo.com\/es\/o-pp-urxe-ao-goberno-local-a-buscar-unha-solucion-para-acondicionar-o-aparcadoiro-do-campo-de-futbol-das-gandaras-e-que-sexa-un-espazo-seguro-e-comodo\/","og_site_name":"Grupo Municipal Partido Popular de Lugo","article_published_time":"2024-10-22T10:28:39+00:00","article_modified_time":"2024-10-22T10:31:01+00:00","og_image":[{"width":443,"height":960,"url":"https:\/\/www.ppdelugo.com\/wp-content\/uploads\/2024\/10\/WhatsApp-Image-2024-10-22-at-11.09.24.jpeg","type":"image\/jpeg"}],"author":"PP","twitter_card":"summary_large_image","twitter_image":"https:\/\/www.ppdelugo.com\/wp-content\/uploads\/2024\/10\/WhatsApp-Image-2024-10-22-at-11.09.24.jpeg","twitter_misc":{"Escrito por":"PP","Tiempo de lectura":"2 minutos"},"schema":{"@context":"https:\/\/schema.org","@graph":[{"@type":"Article","@id":"https:\/\/www.ppdelugo.com\/es\/o-pp-urxe-ao-goberno-local-a-buscar-unha-solucion-para-acondicionar-o-aparcadoiro-do-campo-de-futbol-das-gandaras-e-que-sexa-un-espazo-seguro-e-comodo\/#article","isPartOf":{"@id":"https:\/\/www.ppdelugo.com\/es\/o-pp-urxe-ao-goberno-local-a-buscar-unha-solucion-para-acondicionar-o-aparcadoiro-do-campo-de-futbol-das-gandaras-e-que-sexa-un-espazo-seguro-e-comodo\/"},"author":{"name":"PP","@id":"https:\/\/www.ppdelugo.com\/es\/#\/schema\/person\/a847ea797b54208d374f6a8953571050"},"headline":"El PP urge al gobierno local a buscar una soluci\u00f3n para acondicionar el aparcamiento del Campo de f\u00fatbol de las G\u00e1ndaras y que sea un espacio seguro y c\u00f3modo.","datePublished":"2024-10-22T10:28:39+00:00","dateModified":"2024-10-22T10:31:01+00:00","mainEntityOfPage":{"@id":"https:\/\/www.ppdelugo.com\/es\/o-pp-urxe-ao-goberno-local-a-buscar-unha-solucion-para-acondicionar-o-aparcadoiro-do-campo-de-futbol-das-gandaras-e-que-sexa-un-espazo-seguro-e-comodo\/"},"wordCount":328,"commentCount":0,"image":{"@id":"https:\/\/www.ppdelugo.com\/es\/o-pp-urxe-ao-goberno-local-a-buscar-unha-solucion-para-acondicionar-o-aparcadoiro-do-campo-de-futbol-das-gandaras-e-que-sexa-un-espazo-seguro-e-comodo\/#primaryimage"},"thumbnailUrl":"https:\/\/www.ppdelugo.com\/wp-content\/uploads\/2024\/10\/WhatsApp-Image-2024-10-22-at-11.09.24.jpeg","articleSection":["#Facendocidade","#LugoaExame","Deportes","Obras"],"inLanguage":"es","potentialAction":[{"@type":"CommentAction","name":"Comment","target":["https:\/\/www.ppdelugo.com\/es\/o-pp-urxe-ao-goberno-local-a-buscar-unha-solucion-para-acondicionar-o-aparcadoiro-do-campo-de-futbol-das-gandaras-e-que-sexa-un-espazo-seguro-e-comodo\/#respond"]}]},{"@type":"WebPage","@id":"https:\/\/www.ppdelugo.com\/es\/o-pp-urxe-ao-goberno-local-a-buscar-unha-solucion-para-acondicionar-o-aparcadoiro-do-campo-de-futbol-das-gandaras-e-que-sexa-un-espazo-seguro-e-comodo\/","url":"https:\/\/www.ppdelugo.com\/es\/o-pp-urxe-ao-goberno-local-a-buscar-unha-solucion-para-acondicionar-o-aparcadoiro-do-campo-de-futbol-das-gandaras-e-que-sexa-un-espazo-seguro-e-comodo\/","name":"El PP urge al gobierno local a buscar una soluci\u00f3n para acondicionar el aparcamiento del Campo de f\u00fatbol de las G\u00e1ndaras y que sea un espacio seguro y c\u00f3modo. - Grupo Municipal Partido Popular de Lugo","isPartOf":{"@id":"https:\/\/www.ppdelugo.com\/es\/#website"},"primaryImageOfPage":{"@id":"https:\/\/www.ppdelugo.com\/es\/o-pp-urxe-ao-goberno-local-a-buscar-unha-solucion-para-acondicionar-o-aparcadoiro-do-campo-de-futbol-das-gandaras-e-que-sexa-un-espazo-seguro-e-comodo\/#primaryimage"},"image":{"@id":"https:\/\/www.ppdelugo.com\/es\/o-pp-urxe-ao-goberno-local-a-buscar-unha-solucion-para-acondicionar-o-aparcadoiro-do-campo-de-futbol-das-gandaras-e-que-sexa-un-espazo-seguro-e-comodo\/#primaryimage"},"thumbnailUrl":"https:\/\/www.ppdelugo.com\/wp-content\/uploads\/2024\/10\/WhatsApp-Image-2024-10-22-at-11.09.24.jpeg","datePublished":"2024-10-22T10:28:39+00:00","dateModified":"2024-10-22T10:31:01+00:00","author":{"@id":"https:\/\/www.ppdelugo.com\/es\/#\/schema\/person\/a847ea797b54208d374f6a8953571050"},"breadcrumb":{"@id":"https:\/\/www.ppdelugo.com\/es\/o-pp-urxe-ao-goberno-local-a-buscar-unha-solucion-para-acondicionar-o-aparcadoiro-do-campo-de-futbol-das-gandaras-e-que-sexa-un-espazo-seguro-e-comodo\/#breadcrumb"},"inLanguage":"es","potentialAction":[{"@type":"ReadAction","target":["https:\/\/www.ppdelugo.com\/es\/o-pp-urxe-ao-goberno-local-a-buscar-unha-solucion-para-acondicionar-o-aparcadoiro-do-campo-de-futbol-das-gandaras-e-que-sexa-un-espazo-seguro-e-comodo\/"]}]},{"@type":"ImageObject","inLanguage":"es","@id":"https:\/\/www.ppdelugo.com\/es\/o-pp-urxe-ao-goberno-local-a-buscar-unha-solucion-para-acondicionar-o-aparcadoiro-do-campo-de-futbol-das-gandaras-e-que-sexa-un-espazo-seguro-e-comodo\/#primaryimage","url":"https:\/\/www.ppdelugo.com\/wp-content\/uploads\/2024\/10\/WhatsApp-Image-2024-10-22-at-11.09.24.jpeg","contentUrl":"https:\/\/www.ppdelugo.com\/wp-content\/uploads\/2024\/10\/WhatsApp-Image-2024-10-22-at-11.09.24.jpeg","width":443,"height":960},{"@type":"BreadcrumbList","@id":"https:\/\/www.ppdelugo.com\/es\/o-pp-urxe-ao-goberno-local-a-buscar-unha-solucion-para-acondicionar-o-aparcadoiro-do-campo-de-futbol-das-gandaras-e-que-sexa-un-espazo-seguro-e-comodo\/#breadcrumb","itemListElement":[{"@type":"ListItem","position":1,"name":"Portada","item":"https:\/\/www.ppdelugo.com\/es\/"},{"@type":"ListItem","position":2,"name":"El PP urge al gobierno local a buscar una soluci\u00f3n para acondicionar el aparcamiento del Campo de f\u00fatbol de las G\u00e1ndaras y que sea un espacio seguro y c\u00f3modo."}]},{"@type":"WebSite","@id":"https:\/\/www.ppdelugo.com\/es\/#website","url":"https:\/\/www.ppdelugo.com\/es\/","name":"Grupo Municipal Partido Popular de Lugo","description":"Web del Grupo Municipal del Partido Popular en el Ayuntamiento de Lugo, con informaci\u00f3n sobre Lugo y fomento de la participaci\u00f3n ciudadana","potentialAction":[{"@type":"SearchAction","target":{"@type":"EntryPoint","urlTemplate":"https:\/\/www.ppdelugo.com\/es\/?s={search_term_string}"},"query-input":{"@type":"PropertyValueSpecification","valueRequired":true,"valueName":"search_term_string"}}],"inLanguage":"es"},{"@type":"Person","@id":"https:\/\/www.ppdelugo.com\/es\/#\/schema\/person\/a847ea797b54208d374f6a8953571050","name":"PP","url":"https:\/\/www.ppdelugo.com\/es\/author\/ppdelugo\/"}]}},"_links":{"self":[{"href":"https:\/\/www.ppdelugo.com\/es\/wp-json\/wp\/v2\/posts\/22484","targetHints":{"allow":["GET"]}}],"collection":[{"href":"https:\/\/www.ppdelugo.com\/es\/wp-json\/wp\/v2\/posts"}],"about":[{"href":"https:\/\/www.ppdelugo.com\/es\/wp-json\/wp\/v2\/types\/post"}],"author":[{"embeddable":true,"href":"https:\/\/www.ppdelugo.com\/es\/wp-json\/wp\/v2\/users\/2"}],"replies":[{"embeddable":true,"href":"https:\/\/www.ppdelugo.com\/es\/wp-json\/wp\/v2\/comments?post=22484"}],"version-history":[{"count":2,"href":"https:\/\/www.ppdelugo.com\/es\/wp-json\/wp\/v2\/posts\/22484\/revisions"}],"predecessor-version":[{"id":22486,"href":"https:\/\/www.ppdelugo.com\/es\/wp-json\/wp\/v2\/posts\/22484\/revisions\/22486"}],"wp:featuredmedia":[{"embeddable":true,"href":"https:\/\/www.ppdelugo.com\/es\/wp-json\/wp\/v2\/media\/22482"}],"wp:attachment":[{"href":"https:\/\/www.ppdelugo.com\/es\/wp-json\/wp\/v2\/media?parent=22484"}],"wp:term":[{"taxonomy":"category","embeddable":true,"href":"https:\/\/www.ppdelugo.com\/es\/wp-json\/wp\/v2\/categories?post=22484"},{"taxonomy":"post_tag","embeddable":true,"href":"https:\/\/www.ppdelugo.com\/es\/wp-json\/wp\/v2\/tags?post=22484"}],"curies":[{"name":"wp","href":"https:\/\/api.w.org\/{rel}","templated":true}]}}