{"id":22102,"date":"2024-08-08T11:10:19","date_gmt":"2024-08-08T11:10:19","guid":{"rendered":"https:\/\/www.ppdelugo.com\/o-pp-insta-ao-goberno-local-a-coidar-o-seu-patrimonio-e-dar-exemplo-a-cidadania-non-poden-esixir-a-vecinanza-o-que-eles-mesmos-incumpren\/"},"modified":"2024-08-08T11:13:29","modified_gmt":"2024-08-08T11:13:29","slug":"o-pp-insta-ao-goberno-local-a-coidar-o-seu-patrimonio-e-dar-exemplo-a-cidadania-non-poden-esixir-a-vecinanza-o-que-eles-mesmos-incumpren","status":"publish","type":"post","link":"https:\/\/www.ppdelugo.com\/es\/o-pp-insta-ao-goberno-local-a-coidar-o-seu-patrimonio-e-dar-exemplo-a-cidadania-non-poden-esixir-a-vecinanza-o-que-eles-mesmos-incumpren\/","title":{"rendered":"El PP insta al gobierno local a cuidar su patrimonio y dar ejemplo a la ciudadan\u00eda \u201cno pueden exigir a los vecinos lo que ellos mismos incumplen\u201d"},"content":{"rendered":"<p>JUEVES 8 DE AGOSTO DE 2024<\/p>\n<p>Ram\u00f3n Cabarcos pide adoptar medidas urgentes en estos 2 edificios municipales que est\u00e1n vac\u00edos, en ruina y sin uso para evitar que sigan representando un peligro y un foco de problemas para el vecindario<\/p>\n<p>Los populares tambi\u00e9n cuestionan que socialistas y nacionalistas \u201cutilicen el dinero de todos los lucenses para hacer edificaciones sin uso conocido mientras descuidan sus propiedades\u201d ya que \u201ces todo el contrario de los principios de sostenibilidad y de ecologismo en los que basan su discurso\u201d<\/p>\n<p>Ejemplos que demuestran que el ayuntamiento de Lugo no cuida su patrimonio. (Adj\u00fantanse fichas del catastro y fotos)<\/p>\n<p>Edificio en ruinas situado en la esquina entre la calle Ram\u00f3n y Cajal y el Carril de los Fornos, donde apenas es visible una edificaci\u00f3n de titularidad y gesti\u00f3n municipal. Esta parcela presenta una situaci\u00f3n selv\u00e1tica y supone un foco de insalubridad que preocupa al vecindario del entorno.<\/p>\n<p>Otro ejemplo de falta de mantenimiento, tambi\u00e9n en el casco hist\u00f3rico, es lo del edificio sito en la calle de la Catedral n\u00famero 13 que mismo fue okupado ilegalmente y en el que tuvo lugar, en el mes de junio, un incendio que pudo acabar en tragedia. En este caso el gobierno municipal no prest\u00f3 atenci\u00f3n a la problem\u00e1tica que hab\u00eda en este inmueble, a pesar de las quejas vecinales, que llevaban tiempo advirtiendo de los riesgos que supon\u00edan tener okupas en esta vivienda.<\/p>\n<p>Hay que recordar que en ambos casos existen requerimientos a la administraci\u00f3n local para que solucionen los problemas derivados de la falta de mantenimiento de estas propiedades.<\/p>\n<p>El gobierno local ignor\u00f3 estas peticiones abandonado los inmuebles a su suerte, sin rehabilitarlos, ni cuidarlos cuando podr\u00edan tener uso colectivo y cultural dado que est\u00e1n situados en zonas hist\u00f3ricas de la ciudad de Lugo.<\/p>\n","protected":false},"excerpt":{"rendered":"<p>JUEVES 8 DE AGOSTO DE 2024 Ram\u00f3n Cabarcos pide adoptar medidas urgentes en estos 2 edificios municipales que est\u00e1n vac\u00edos, en ruina y sin uso para evitar que sigan representando&#8230;<\/p>\n","protected":false},"author":2,"featured_media":22100,"comment_status":"open","ping_status":"closed","sticky":false,"template":"","format":"standard","meta":{"footnotes":""},"categories":[42],"tags":[],"class_list":{"0":"post-22102","1":"post","2":"type-post","3":"status-publish","4":"format-standard","5":"has-post-thumbnail","7":"category-urbanismo-es"},"yoast_head":"<!-- This site is optimized with the Yoast SEO plugin v27.4 - https:\/\/yoast.com\/product\/yoast-seo-wordpress\/ -->\n<title>El PP insta al gobierno local a cuidar su patrimonio y dar ejemplo a la ciudadan\u00eda \u201cno pueden exigir a los vecinos lo que ellos mismos incumplen\u201d - Grupo Municipal Partido Popular de Lugo<\/title>\n<meta name=\"robots\" content=\"index, follow, max-snippet:-1, max-image-preview:large, max-video-preview:-1\" \/>\n<link rel=\"canonical\" href=\"https:\/\/www.ppdelugo.com\/es\/o-pp-insta-ao-goberno-local-a-coidar-o-seu-patrimonio-e-dar-exemplo-a-cidadania-non-poden-esixir-a-vecinanza-o-que-eles-mesmos-incumpren\/\" \/>\n<meta property=\"og:locale\" content=\"es_ES\" \/>\n<meta property=\"og:type\" content=\"article\" \/>\n<meta property=\"og:title\" content=\"El PP insta al gobierno local a cuidar su patrimonio y dar ejemplo a la ciudadan\u00eda \u201cno pueden exigir a los vecinos lo que ellos mismos incumplen\u201d - Grupo Municipal Partido Popular de Lugo\" \/>\n<meta property=\"og:description\" content=\"JUEVES 8 DE AGOSTO DE 2024 Ram\u00f3n Cabarcos pide adoptar medidas urgentes en estos 2 edificios municipales que est\u00e1n vac\u00edos, en ruina y sin uso para evitar que sigan representando...\" \/>\n<meta property=\"og:url\" content=\"https:\/\/www.ppdelugo.com\/es\/o-pp-insta-ao-goberno-local-a-coidar-o-seu-patrimonio-e-dar-exemplo-a-cidadania-non-poden-esixir-a-vecinanza-o-que-eles-mesmos-incumpren\/\" \/>\n<meta property=\"og:site_name\" content=\"Grupo Municipal Partido Popular de Lugo\" \/>\n<meta property=\"article:published_time\" content=\"2024-08-08T11:10:19+00:00\" \/>\n<meta property=\"article:modified_time\" content=\"2024-08-08T11:13:29+00:00\" \/>\n<meta property=\"og:image\" content=\"https:\/\/www.ppdelugo.com\/wp-content\/uploads\/2024\/08\/RUA-DOS-FORNOS-scaled.jpeg\" \/>\n\t<meta property=\"og:image:width\" content=\"2560\" \/>\n\t<meta property=\"og:image:height\" content=\"1920\" \/>\n\t<meta property=\"og:image:type\" content=\"image\/jpeg\" \/>\n<meta name=\"author\" content=\"PP\" \/>\n<meta name=\"twitter:card\" content=\"summary_large_image\" \/>\n<meta name=\"twitter:image\" content=\"https:\/\/www.ppdelugo.com\/wp-content\/uploads\/2024\/08\/RUA-DOS-FORNOS-scaled.jpeg\" \/>\n<meta name=\"twitter:label1\" content=\"Escrito por\" \/>\n\t<meta name=\"twitter:data1\" content=\"PP\" \/>\n\t<meta name=\"twitter:label2\" content=\"Tiempo de lectura\" \/>\n\t<meta name=\"twitter:data2\" content=\"2 minutos\" \/>\n<script type=\"application\/ld+json\" class=\"yoast-schema-graph\">{\"@context\":\"https:\\\/\\\/schema.org\",\"@graph\":[{\"@type\":\"Article\",\"@id\":\"https:\\\/\\\/www.ppdelugo.com\\\/es\\\/o-pp-insta-ao-goberno-local-a-coidar-o-seu-patrimonio-e-dar-exemplo-a-cidadania-non-poden-esixir-a-vecinanza-o-que-eles-mesmos-incumpren\\\/#article\",\"isPartOf\":{\"@id\":\"https:\\\/\\\/www.ppdelugo.com\\\/es\\\/o-pp-insta-ao-goberno-local-a-coidar-o-seu-patrimonio-e-dar-exemplo-a-cidadania-non-poden-esixir-a-vecinanza-o-que-eles-mesmos-incumpren\\\/\"},\"author\":{\"name\":\"PP\",\"@id\":\"https:\\\/\\\/www.ppdelugo.com\\\/es\\\/#\\\/schema\\\/person\\\/a847ea797b54208d374f6a8953571050\"},\"headline\":\"El PP insta al gobierno local a cuidar su patrimonio y dar ejemplo a la ciudadan\u00eda \u201cno pueden exigir a los vecinos lo que ellos mismos incumplen\u201d\",\"datePublished\":\"2024-08-08T11:10:19+00:00\",\"dateModified\":\"2024-08-08T11:13:29+00:00\",\"mainEntityOfPage\":{\"@id\":\"https:\\\/\\\/www.ppdelugo.com\\\/es\\\/o-pp-insta-ao-goberno-local-a-coidar-o-seu-patrimonio-e-dar-exemplo-a-cidadania-non-poden-esixir-a-vecinanza-o-que-eles-mesmos-incumpren\\\/\"},\"wordCount\":342,\"commentCount\":0,\"image\":{\"@id\":\"https:\\\/\\\/www.ppdelugo.com\\\/es\\\/o-pp-insta-ao-goberno-local-a-coidar-o-seu-patrimonio-e-dar-exemplo-a-cidadania-non-poden-esixir-a-vecinanza-o-que-eles-mesmos-incumpren\\\/#primaryimage\"},\"thumbnailUrl\":\"https:\\\/\\\/www.ppdelugo.com\\\/wp-content\\\/uploads\\\/2024\\\/08\\\/RUA-DOS-FORNOS-scaled.jpeg\",\"articleSection\":[\"Urbanismo\"],\"inLanguage\":\"es\",\"potentialAction\":[{\"@type\":\"CommentAction\",\"name\":\"Comment\",\"target\":[\"https:\\\/\\\/www.ppdelugo.com\\\/es\\\/o-pp-insta-ao-goberno-local-a-coidar-o-seu-patrimonio-e-dar-exemplo-a-cidadania-non-poden-esixir-a-vecinanza-o-que-eles-mesmos-incumpren\\\/#respond\"]}]},{\"@type\":\"WebPage\",\"@id\":\"https:\\\/\\\/www.ppdelugo.com\\\/es\\\/o-pp-insta-ao-goberno-local-a-coidar-o-seu-patrimonio-e-dar-exemplo-a-cidadania-non-poden-esixir-a-vecinanza-o-que-eles-mesmos-incumpren\\\/\",\"url\":\"https:\\\/\\\/www.ppdelugo.com\\\/es\\\/o-pp-insta-ao-goberno-local-a-coidar-o-seu-patrimonio-e-dar-exemplo-a-cidadania-non-poden-esixir-a-vecinanza-o-que-eles-mesmos-incumpren\\\/\",\"name\":\"El PP insta al gobierno local a cuidar su patrimonio y dar ejemplo a la ciudadan\u00eda \u201cno pueden exigir a los vecinos lo que ellos mismos incumplen\u201d - Grupo Municipal Partido Popular de Lugo\",\"isPartOf\":{\"@id\":\"https:\\\/\\\/www.ppdelugo.com\\\/es\\\/#website\"},\"primaryImageOfPage\":{\"@id\":\"https:\\\/\\\/www.ppdelugo.com\\\/es\\\/o-pp-insta-ao-goberno-local-a-coidar-o-seu-patrimonio-e-dar-exemplo-a-cidadania-non-poden-esixir-a-vecinanza-o-que-eles-mesmos-incumpren\\\/#primaryimage\"},\"image\":{\"@id\":\"https:\\\/\\\/www.ppdelugo.com\\\/es\\\/o-pp-insta-ao-goberno-local-a-coidar-o-seu-patrimonio-e-dar-exemplo-a-cidadania-non-poden-esixir-a-vecinanza-o-que-eles-mesmos-incumpren\\\/#primaryimage\"},\"thumbnailUrl\":\"https:\\\/\\\/www.ppdelugo.com\\\/wp-content\\\/uploads\\\/2024\\\/08\\\/RUA-DOS-FORNOS-scaled.jpeg\",\"datePublished\":\"2024-08-08T11:10:19+00:00\",\"dateModified\":\"2024-08-08T11:13:29+00:00\",\"author\":{\"@id\":\"https:\\\/\\\/www.ppdelugo.com\\\/es\\\/#\\\/schema\\\/person\\\/a847ea797b54208d374f6a8953571050\"},\"breadcrumb\":{\"@id\":\"https:\\\/\\\/www.ppdelugo.com\\\/es\\\/o-pp-insta-ao-goberno-local-a-coidar-o-seu-patrimonio-e-dar-exemplo-a-cidadania-non-poden-esixir-a-vecinanza-o-que-eles-mesmos-incumpren\\\/#breadcrumb\"},\"inLanguage\":\"es\",\"potentialAction\":[{\"@type\":\"ReadAction\",\"target\":[\"https:\\\/\\\/www.ppdelugo.com\\\/es\\\/o-pp-insta-ao-goberno-local-a-coidar-o-seu-patrimonio-e-dar-exemplo-a-cidadania-non-poden-esixir-a-vecinanza-o-que-eles-mesmos-incumpren\\\/\"]}]},{\"@type\":\"ImageObject\",\"inLanguage\":\"es\",\"@id\":\"https:\\\/\\\/www.ppdelugo.com\\\/es\\\/o-pp-insta-ao-goberno-local-a-coidar-o-seu-patrimonio-e-dar-exemplo-a-cidadania-non-poden-esixir-a-vecinanza-o-que-eles-mesmos-incumpren\\\/#primaryimage\",\"url\":\"https:\\\/\\\/www.ppdelugo.com\\\/wp-content\\\/uploads\\\/2024\\\/08\\\/RUA-DOS-FORNOS-scaled.jpeg\",\"contentUrl\":\"https:\\\/\\\/www.ppdelugo.com\\\/wp-content\\\/uploads\\\/2024\\\/08\\\/RUA-DOS-FORNOS-scaled.jpeg\",\"width\":2560,\"height\":1920},{\"@type\":\"BreadcrumbList\",\"@id\":\"https:\\\/\\\/www.ppdelugo.com\\\/es\\\/o-pp-insta-ao-goberno-local-a-coidar-o-seu-patrimonio-e-dar-exemplo-a-cidadania-non-poden-esixir-a-vecinanza-o-que-eles-mesmos-incumpren\\\/#breadcrumb\",\"itemListElement\":[{\"@type\":\"ListItem\",\"position\":1,\"name\":\"Portada\",\"item\":\"https:\\\/\\\/www.ppdelugo.com\\\/es\\\/\"},{\"@type\":\"ListItem\",\"position\":2,\"name\":\"El PP insta al gobierno local a cuidar su patrimonio y dar ejemplo a la ciudadan\u00eda \u201cno pueden exigir a los vecinos lo que ellos mismos incumplen\u201d\"}]},{\"@type\":\"WebSite\",\"@id\":\"https:\\\/\\\/www.ppdelugo.com\\\/es\\\/#website\",\"url\":\"https:\\\/\\\/www.ppdelugo.com\\\/es\\\/\",\"name\":\"Grupo Municipal Partido Popular de Lugo\",\"description\":\"Web del Grupo Municipal del Partido Popular en el Ayuntamiento de Lugo, con informaci\u00f3n sobre Lugo y fomento de la participaci\u00f3n ciudadana\",\"potentialAction\":[{\"@type\":\"SearchAction\",\"target\":{\"@type\":\"EntryPoint\",\"urlTemplate\":\"https:\\\/\\\/www.ppdelugo.com\\\/es\\\/?s={search_term_string}\"},\"query-input\":{\"@type\":\"PropertyValueSpecification\",\"valueRequired\":true,\"valueName\":\"search_term_string\"}}],\"inLanguage\":\"es\"},{\"@type\":\"Person\",\"@id\":\"https:\\\/\\\/www.ppdelugo.com\\\/es\\\/#\\\/schema\\\/person\\\/a847ea797b54208d374f6a8953571050\",\"name\":\"PP\",\"url\":\"https:\\\/\\\/www.ppdelugo.com\\\/es\\\/author\\\/ppdelugo\\\/\"}]}<\/script>\n<!-- \/ Yoast SEO plugin. -->","yoast_head_json":{"title":"El PP insta al gobierno local a cuidar su patrimonio y dar ejemplo a la ciudadan\u00eda \u201cno pueden exigir a los vecinos lo que ellos mismos incumplen\u201d - Grupo Municipal Partido Popular de Lugo","robots":{"index":"index","follow":"follow","max-snippet":"max-snippet:-1","max-image-preview":"max-image-preview:large","max-video-preview":"max-video-preview:-1"},"canonical":"https:\/\/www.ppdelugo.com\/es\/o-pp-insta-ao-goberno-local-a-coidar-o-seu-patrimonio-e-dar-exemplo-a-cidadania-non-poden-esixir-a-vecinanza-o-que-eles-mesmos-incumpren\/","og_locale":"es_ES","og_type":"article","og_title":"El PP insta al gobierno local a cuidar su patrimonio y dar ejemplo a la ciudadan\u00eda \u201cno pueden exigir a los vecinos lo que ellos mismos incumplen\u201d - Grupo Municipal Partido Popular de Lugo","og_description":"JUEVES 8 DE AGOSTO DE 2024 Ram\u00f3n Cabarcos pide adoptar medidas urgentes en estos 2 edificios municipales que est\u00e1n vac\u00edos, en ruina y sin uso para evitar que sigan representando...","og_url":"https:\/\/www.ppdelugo.com\/es\/o-pp-insta-ao-goberno-local-a-coidar-o-seu-patrimonio-e-dar-exemplo-a-cidadania-non-poden-esixir-a-vecinanza-o-que-eles-mesmos-incumpren\/","og_site_name":"Grupo Municipal Partido Popular de Lugo","article_published_time":"2024-08-08T11:10:19+00:00","article_modified_time":"2024-08-08T11:13:29+00:00","og_image":[{"width":2560,"height":1920,"url":"https:\/\/www.ppdelugo.com\/wp-content\/uploads\/2024\/08\/RUA-DOS-FORNOS-scaled.jpeg","type":"image\/jpeg"}],"author":"PP","twitter_card":"summary_large_image","twitter_image":"https:\/\/www.ppdelugo.com\/wp-content\/uploads\/2024\/08\/RUA-DOS-FORNOS-scaled.jpeg","twitter_misc":{"Escrito por":"PP","Tiempo de lectura":"2 minutos"},"schema":{"@context":"https:\/\/schema.org","@graph":[{"@type":"Article","@id":"https:\/\/www.ppdelugo.com\/es\/o-pp-insta-ao-goberno-local-a-coidar-o-seu-patrimonio-e-dar-exemplo-a-cidadania-non-poden-esixir-a-vecinanza-o-que-eles-mesmos-incumpren\/#article","isPartOf":{"@id":"https:\/\/www.ppdelugo.com\/es\/o-pp-insta-ao-goberno-local-a-coidar-o-seu-patrimonio-e-dar-exemplo-a-cidadania-non-poden-esixir-a-vecinanza-o-que-eles-mesmos-incumpren\/"},"author":{"name":"PP","@id":"https:\/\/www.ppdelugo.com\/es\/#\/schema\/person\/a847ea797b54208d374f6a8953571050"},"headline":"El PP insta al gobierno local a cuidar su patrimonio y dar ejemplo a la ciudadan\u00eda \u201cno pueden exigir a los vecinos lo que ellos mismos incumplen\u201d","datePublished":"2024-08-08T11:10:19+00:00","dateModified":"2024-08-08T11:13:29+00:00","mainEntityOfPage":{"@id":"https:\/\/www.ppdelugo.com\/es\/o-pp-insta-ao-goberno-local-a-coidar-o-seu-patrimonio-e-dar-exemplo-a-cidadania-non-poden-esixir-a-vecinanza-o-que-eles-mesmos-incumpren\/"},"wordCount":342,"commentCount":0,"image":{"@id":"https:\/\/www.ppdelugo.com\/es\/o-pp-insta-ao-goberno-local-a-coidar-o-seu-patrimonio-e-dar-exemplo-a-cidadania-non-poden-esixir-a-vecinanza-o-que-eles-mesmos-incumpren\/#primaryimage"},"thumbnailUrl":"https:\/\/www.ppdelugo.com\/wp-content\/uploads\/2024\/08\/RUA-DOS-FORNOS-scaled.jpeg","articleSection":["Urbanismo"],"inLanguage":"es","potentialAction":[{"@type":"CommentAction","name":"Comment","target":["https:\/\/www.ppdelugo.com\/es\/o-pp-insta-ao-goberno-local-a-coidar-o-seu-patrimonio-e-dar-exemplo-a-cidadania-non-poden-esixir-a-vecinanza-o-que-eles-mesmos-incumpren\/#respond"]}]},{"@type":"WebPage","@id":"https:\/\/www.ppdelugo.com\/es\/o-pp-insta-ao-goberno-local-a-coidar-o-seu-patrimonio-e-dar-exemplo-a-cidadania-non-poden-esixir-a-vecinanza-o-que-eles-mesmos-incumpren\/","url":"https:\/\/www.ppdelugo.com\/es\/o-pp-insta-ao-goberno-local-a-coidar-o-seu-patrimonio-e-dar-exemplo-a-cidadania-non-poden-esixir-a-vecinanza-o-que-eles-mesmos-incumpren\/","name":"El PP insta al gobierno local a cuidar su patrimonio y dar ejemplo a la ciudadan\u00eda \u201cno pueden exigir a los vecinos lo que ellos mismos incumplen\u201d - Grupo Municipal Partido Popular de Lugo","isPartOf":{"@id":"https:\/\/www.ppdelugo.com\/es\/#website"},"primaryImageOfPage":{"@id":"https:\/\/www.ppdelugo.com\/es\/o-pp-insta-ao-goberno-local-a-coidar-o-seu-patrimonio-e-dar-exemplo-a-cidadania-non-poden-esixir-a-vecinanza-o-que-eles-mesmos-incumpren\/#primaryimage"},"image":{"@id":"https:\/\/www.ppdelugo.com\/es\/o-pp-insta-ao-goberno-local-a-coidar-o-seu-patrimonio-e-dar-exemplo-a-cidadania-non-poden-esixir-a-vecinanza-o-que-eles-mesmos-incumpren\/#primaryimage"},"thumbnailUrl":"https:\/\/www.ppdelugo.com\/wp-content\/uploads\/2024\/08\/RUA-DOS-FORNOS-scaled.jpeg","datePublished":"2024-08-08T11:10:19+00:00","dateModified":"2024-08-08T11:13:29+00:00","author":{"@id":"https:\/\/www.ppdelugo.com\/es\/#\/schema\/person\/a847ea797b54208d374f6a8953571050"},"breadcrumb":{"@id":"https:\/\/www.ppdelugo.com\/es\/o-pp-insta-ao-goberno-local-a-coidar-o-seu-patrimonio-e-dar-exemplo-a-cidadania-non-poden-esixir-a-vecinanza-o-que-eles-mesmos-incumpren\/#breadcrumb"},"inLanguage":"es","potentialAction":[{"@type":"ReadAction","target":["https:\/\/www.ppdelugo.com\/es\/o-pp-insta-ao-goberno-local-a-coidar-o-seu-patrimonio-e-dar-exemplo-a-cidadania-non-poden-esixir-a-vecinanza-o-que-eles-mesmos-incumpren\/"]}]},{"@type":"ImageObject","inLanguage":"es","@id":"https:\/\/www.ppdelugo.com\/es\/o-pp-insta-ao-goberno-local-a-coidar-o-seu-patrimonio-e-dar-exemplo-a-cidadania-non-poden-esixir-a-vecinanza-o-que-eles-mesmos-incumpren\/#primaryimage","url":"https:\/\/www.ppdelugo.com\/wp-content\/uploads\/2024\/08\/RUA-DOS-FORNOS-scaled.jpeg","contentUrl":"https:\/\/www.ppdelugo.com\/wp-content\/uploads\/2024\/08\/RUA-DOS-FORNOS-scaled.jpeg","width":2560,"height":1920},{"@type":"BreadcrumbList","@id":"https:\/\/www.ppdelugo.com\/es\/o-pp-insta-ao-goberno-local-a-coidar-o-seu-patrimonio-e-dar-exemplo-a-cidadania-non-poden-esixir-a-vecinanza-o-que-eles-mesmos-incumpren\/#breadcrumb","itemListElement":[{"@type":"ListItem","position":1,"name":"Portada","item":"https:\/\/www.ppdelugo.com\/es\/"},{"@type":"ListItem","position":2,"name":"El PP insta al gobierno local a cuidar su patrimonio y dar ejemplo a la ciudadan\u00eda \u201cno pueden exigir a los vecinos lo que ellos mismos incumplen\u201d"}]},{"@type":"WebSite","@id":"https:\/\/www.ppdelugo.com\/es\/#website","url":"https:\/\/www.ppdelugo.com\/es\/","name":"Grupo Municipal Partido Popular de Lugo","description":"Web del Grupo Municipal del Partido Popular en el Ayuntamiento de Lugo, con informaci\u00f3n sobre Lugo y fomento de la participaci\u00f3n ciudadana","potentialAction":[{"@type":"SearchAction","target":{"@type":"EntryPoint","urlTemplate":"https:\/\/www.ppdelugo.com\/es\/?s={search_term_string}"},"query-input":{"@type":"PropertyValueSpecification","valueRequired":true,"valueName":"search_term_string"}}],"inLanguage":"es"},{"@type":"Person","@id":"https:\/\/www.ppdelugo.com\/es\/#\/schema\/person\/a847ea797b54208d374f6a8953571050","name":"PP","url":"https:\/\/www.ppdelugo.com\/es\/author\/ppdelugo\/"}]}},"_links":{"self":[{"href":"https:\/\/www.ppdelugo.com\/es\/wp-json\/wp\/v2\/posts\/22102","targetHints":{"allow":["GET"]}}],"collection":[{"href":"https:\/\/www.ppdelugo.com\/es\/wp-json\/wp\/v2\/posts"}],"about":[{"href":"https:\/\/www.ppdelugo.com\/es\/wp-json\/wp\/v2\/types\/post"}],"author":[{"embeddable":true,"href":"https:\/\/www.ppdelugo.com\/es\/wp-json\/wp\/v2\/users\/2"}],"replies":[{"embeddable":true,"href":"https:\/\/www.ppdelugo.com\/es\/wp-json\/wp\/v2\/comments?post=22102"}],"version-history":[{"count":3,"href":"https:\/\/www.ppdelugo.com\/es\/wp-json\/wp\/v2\/posts\/22102\/revisions"}],"predecessor-version":[{"id":22105,"href":"https:\/\/www.ppdelugo.com\/es\/wp-json\/wp\/v2\/posts\/22102\/revisions\/22105"}],"wp:featuredmedia":[{"embeddable":true,"href":"https:\/\/www.ppdelugo.com\/es\/wp-json\/wp\/v2\/media\/22100"}],"wp:attachment":[{"href":"https:\/\/www.ppdelugo.com\/es\/wp-json\/wp\/v2\/media?parent=22102"}],"wp:term":[{"taxonomy":"category","embeddable":true,"href":"https:\/\/www.ppdelugo.com\/es\/wp-json\/wp\/v2\/categories?post=22102"},{"taxonomy":"post_tag","embeddable":true,"href":"https:\/\/www.ppdelugo.com\/es\/wp-json\/wp\/v2\/tags?post=22102"}],"curies":[{"name":"wp","href":"https:\/\/api.w.org\/{rel}","templated":true}]}}