{"id":21983,"date":"2024-06-05T16:22:21","date_gmt":"2024-06-05T16:22:21","guid":{"rendered":"https:\/\/www.ppdelugo.com\/o-pp-fai-un-chamamento-aos-lucenses-a-participar-nunha-nova-edicion-do-arde-lucus-2024\/"},"modified":"2024-06-05T16:39:34","modified_gmt":"2024-06-05T16:39:34","slug":"o-pp-fai-un-chamamento-aos-lucenses-a-participar-nunha-nova-edicion-do-arde-lucus-2024","status":"publish","type":"post","link":"https:\/\/www.ppdelugo.com\/es\/o-pp-fai-un-chamamento-aos-lucenses-a-participar-nunha-nova-edicion-do-arde-lucus-2024\/","title":{"rendered":"El PP hace un llamamiento a los lucenses a participar en  una nueva edici\u00f3n del Arde Lucus"},"content":{"rendered":"<p>MI\u00c9RCOLES 5 DE JUNIO DE 2024<\/p>\n<p>El concejal popular Agust\u00edn Gallego destac\u00f3 que \u201cel \u00e9xito de este evento radica en la participaci\u00f3n de los vecinos y en la implicaci\u00f3n del tejido asociativo que durante todo el a\u00f1o trabajan para recrear con fidelidad nuestros or\u00edgenes\u201d.<\/p>\n<p>El popular aprovech\u00f3 esta invitaci\u00f3n a la participaci\u00f3n en el Arde Lucus para solicitar \u201cun mayor apoyo econ\u00f3mico por parte del Ayuntamiento de Lugo con esta fiesta de recreaci\u00f3n hist\u00f3rica, cultural y l\u00fadica\u201d.<\/p>\n<p>Gallego hac\u00eda esta reflexi\u00f3n despu\u00e9s de comprobar que \u201cpara este evento el presupuesto fue menor que lo que se destin\u00f3, en alguna anualidad, para el Caudal Fest\u201d. Al popular le llama la atenci\u00f3n esta circunstancia que \u201cya que estamos hablando de una fiesta declarada de inter\u00e9s tur\u00edstico internacional que ya est\u00e1 muy consolidada y que cuenta con una s\u00f3lida trayectoria\u201d.<\/p>\n<p>\u201cEs muy importante cuidar y mejorar este evento. El Arde Lucus es identitario de Lugo, una fiesta imposible de trasladar a otra ciudad\u201d explicando que \u201cdebe formar parte de los elementos de una marca tur\u00edstica propia del Ayuntamiento que refleje singularidades, atractivos o elementos que son \u00fanicos\u201d como por ejemplo los tres bienes Patrimonio de la Humanidad, o la Ofrenda del Antiguo Reino de Galicia.<\/p>\n","protected":false},"excerpt":{"rendered":"<p>MI\u00c9RCOLES 5 DE JUNIO DE 2024 El concejal popular Agust\u00edn Gallego destac\u00f3 que \u201cel \u00e9xito de este evento radica en la participaci\u00f3n de los vecinos y en la implicaci\u00f3n del&#8230;<\/p>\n","protected":false},"author":2,"featured_media":21980,"comment_status":"open","ping_status":"closed","sticky":false,"template":"","format":"standard","meta":{"footnotes":""},"categories":[141],"tags":[],"class_list":{"0":"post-21983","1":"post","2":"type-post","3":"status-publish","4":"format-standard","5":"has-post-thumbnail","7":"category-festas-es"},"yoast_head":"<!-- This site is optimized with the Yoast SEO plugin v27.4 - https:\/\/yoast.com\/product\/yoast-seo-wordpress\/ -->\n<title>El PP hace un llamamiento a los lucenses a participar en una nueva edici\u00f3n del Arde Lucus - Grupo Municipal Partido Popular de Lugo<\/title>\n<meta name=\"robots\" content=\"index, follow, max-snippet:-1, max-image-preview:large, max-video-preview:-1\" \/>\n<link rel=\"canonical\" href=\"https:\/\/www.ppdelugo.com\/es\/o-pp-fai-un-chamamento-aos-lucenses-a-participar-nunha-nova-edicion-do-arde-lucus-2024\/\" \/>\n<meta property=\"og:locale\" content=\"es_ES\" \/>\n<meta property=\"og:type\" content=\"article\" \/>\n<meta property=\"og:title\" content=\"El PP hace un llamamiento a los lucenses a participar en una nueva edici\u00f3n del Arde Lucus - Grupo Municipal Partido Popular de Lugo\" \/>\n<meta property=\"og:description\" content=\"MI\u00c9RCOLES 5 DE JUNIO DE 2024 El concejal popular Agust\u00edn Gallego destac\u00f3 que \u201cel \u00e9xito de este evento radica en la participaci\u00f3n de los vecinos y en la implicaci\u00f3n del...\" \/>\n<meta property=\"og:url\" content=\"https:\/\/www.ppdelugo.com\/es\/o-pp-fai-un-chamamento-aos-lucenses-a-participar-nunha-nova-edicion-do-arde-lucus-2024\/\" \/>\n<meta property=\"og:site_name\" content=\"Grupo Municipal Partido Popular de Lugo\" \/>\n<meta property=\"article:published_time\" content=\"2024-06-05T16:22:21+00:00\" \/>\n<meta property=\"article:modified_time\" content=\"2024-06-05T16:39:34+00:00\" \/>\n<meta property=\"og:image\" content=\"https:\/\/www.ppdelugo.com\/wp-content\/uploads\/2024\/06\/AGUSTIN-GALLEGO.jpeg\" \/>\n\t<meta property=\"og:image:width\" content=\"1200\" \/>\n\t<meta property=\"og:image:height\" content=\"1600\" \/>\n\t<meta property=\"og:image:type\" content=\"image\/jpeg\" \/>\n<meta name=\"author\" content=\"PP\" \/>\n<meta name=\"twitter:card\" content=\"summary_large_image\" \/>\n<meta name=\"twitter:image\" content=\"https:\/\/www.ppdelugo.com\/wp-content\/uploads\/2024\/06\/AGUSTIN-GALLEGO.jpeg\" \/>\n<meta name=\"twitter:label1\" content=\"Escrito por\" \/>\n\t<meta name=\"twitter:data1\" content=\"PP\" \/>\n\t<meta name=\"twitter:label2\" content=\"Tiempo de lectura\" \/>\n\t<meta name=\"twitter:data2\" content=\"2 minutos\" \/>\n<script type=\"application\/ld+json\" class=\"yoast-schema-graph\">{\"@context\":\"https:\\\/\\\/schema.org\",\"@graph\":[{\"@type\":\"Article\",\"@id\":\"https:\\\/\\\/www.ppdelugo.com\\\/es\\\/o-pp-fai-un-chamamento-aos-lucenses-a-participar-nunha-nova-edicion-do-arde-lucus-2024\\\/#article\",\"isPartOf\":{\"@id\":\"https:\\\/\\\/www.ppdelugo.com\\\/es\\\/o-pp-fai-un-chamamento-aos-lucenses-a-participar-nunha-nova-edicion-do-arde-lucus-2024\\\/\"},\"author\":{\"name\":\"PP\",\"@id\":\"https:\\\/\\\/www.ppdelugo.com\\\/es\\\/#\\\/schema\\\/person\\\/a847ea797b54208d374f6a8953571050\"},\"headline\":\"El PP hace un llamamiento a los lucenses a participar en una nueva edici\u00f3n del Arde Lucus\",\"datePublished\":\"2024-06-05T16:22:21+00:00\",\"dateModified\":\"2024-06-05T16:39:34+00:00\",\"mainEntityOfPage\":{\"@id\":\"https:\\\/\\\/www.ppdelugo.com\\\/es\\\/o-pp-fai-un-chamamento-aos-lucenses-a-participar-nunha-nova-edicion-do-arde-lucus-2024\\\/\"},\"wordCount\":238,\"commentCount\":0,\"image\":{\"@id\":\"https:\\\/\\\/www.ppdelugo.com\\\/es\\\/o-pp-fai-un-chamamento-aos-lucenses-a-participar-nunha-nova-edicion-do-arde-lucus-2024\\\/#primaryimage\"},\"thumbnailUrl\":\"https:\\\/\\\/www.ppdelugo.com\\\/wp-content\\\/uploads\\\/2024\\\/06\\\/AGUSTIN-GALLEGO.jpeg\",\"articleSection\":[\"Festas\"],\"inLanguage\":\"es\",\"potentialAction\":[{\"@type\":\"CommentAction\",\"name\":\"Comment\",\"target\":[\"https:\\\/\\\/www.ppdelugo.com\\\/es\\\/o-pp-fai-un-chamamento-aos-lucenses-a-participar-nunha-nova-edicion-do-arde-lucus-2024\\\/#respond\"]}]},{\"@type\":\"WebPage\",\"@id\":\"https:\\\/\\\/www.ppdelugo.com\\\/es\\\/o-pp-fai-un-chamamento-aos-lucenses-a-participar-nunha-nova-edicion-do-arde-lucus-2024\\\/\",\"url\":\"https:\\\/\\\/www.ppdelugo.com\\\/es\\\/o-pp-fai-un-chamamento-aos-lucenses-a-participar-nunha-nova-edicion-do-arde-lucus-2024\\\/\",\"name\":\"El PP hace un llamamiento a los lucenses a participar en una nueva edici\u00f3n del Arde Lucus - Grupo Municipal Partido Popular de Lugo\",\"isPartOf\":{\"@id\":\"https:\\\/\\\/www.ppdelugo.com\\\/es\\\/#website\"},\"primaryImageOfPage\":{\"@id\":\"https:\\\/\\\/www.ppdelugo.com\\\/es\\\/o-pp-fai-un-chamamento-aos-lucenses-a-participar-nunha-nova-edicion-do-arde-lucus-2024\\\/#primaryimage\"},\"image\":{\"@id\":\"https:\\\/\\\/www.ppdelugo.com\\\/es\\\/o-pp-fai-un-chamamento-aos-lucenses-a-participar-nunha-nova-edicion-do-arde-lucus-2024\\\/#primaryimage\"},\"thumbnailUrl\":\"https:\\\/\\\/www.ppdelugo.com\\\/wp-content\\\/uploads\\\/2024\\\/06\\\/AGUSTIN-GALLEGO.jpeg\",\"datePublished\":\"2024-06-05T16:22:21+00:00\",\"dateModified\":\"2024-06-05T16:39:34+00:00\",\"author\":{\"@id\":\"https:\\\/\\\/www.ppdelugo.com\\\/es\\\/#\\\/schema\\\/person\\\/a847ea797b54208d374f6a8953571050\"},\"breadcrumb\":{\"@id\":\"https:\\\/\\\/www.ppdelugo.com\\\/es\\\/o-pp-fai-un-chamamento-aos-lucenses-a-participar-nunha-nova-edicion-do-arde-lucus-2024\\\/#breadcrumb\"},\"inLanguage\":\"es\",\"potentialAction\":[{\"@type\":\"ReadAction\",\"target\":[\"https:\\\/\\\/www.ppdelugo.com\\\/es\\\/o-pp-fai-un-chamamento-aos-lucenses-a-participar-nunha-nova-edicion-do-arde-lucus-2024\\\/\"]}]},{\"@type\":\"ImageObject\",\"inLanguage\":\"es\",\"@id\":\"https:\\\/\\\/www.ppdelugo.com\\\/es\\\/o-pp-fai-un-chamamento-aos-lucenses-a-participar-nunha-nova-edicion-do-arde-lucus-2024\\\/#primaryimage\",\"url\":\"https:\\\/\\\/www.ppdelugo.com\\\/wp-content\\\/uploads\\\/2024\\\/06\\\/AGUSTIN-GALLEGO.jpeg\",\"contentUrl\":\"https:\\\/\\\/www.ppdelugo.com\\\/wp-content\\\/uploads\\\/2024\\\/06\\\/AGUSTIN-GALLEGO.jpeg\",\"width\":1200,\"height\":1600},{\"@type\":\"BreadcrumbList\",\"@id\":\"https:\\\/\\\/www.ppdelugo.com\\\/es\\\/o-pp-fai-un-chamamento-aos-lucenses-a-participar-nunha-nova-edicion-do-arde-lucus-2024\\\/#breadcrumb\",\"itemListElement\":[{\"@type\":\"ListItem\",\"position\":1,\"name\":\"Portada\",\"item\":\"https:\\\/\\\/www.ppdelugo.com\\\/es\\\/\"},{\"@type\":\"ListItem\",\"position\":2,\"name\":\"El PP hace un llamamiento a los lucenses a participar en una nueva edici\u00f3n del Arde Lucus\"}]},{\"@type\":\"WebSite\",\"@id\":\"https:\\\/\\\/www.ppdelugo.com\\\/es\\\/#website\",\"url\":\"https:\\\/\\\/www.ppdelugo.com\\\/es\\\/\",\"name\":\"Grupo Municipal Partido Popular de Lugo\",\"description\":\"Web del Grupo Municipal del Partido Popular en el Ayuntamiento de Lugo, con informaci\u00f3n sobre Lugo y fomento de la participaci\u00f3n ciudadana\",\"potentialAction\":[{\"@type\":\"SearchAction\",\"target\":{\"@type\":\"EntryPoint\",\"urlTemplate\":\"https:\\\/\\\/www.ppdelugo.com\\\/es\\\/?s={search_term_string}\"},\"query-input\":{\"@type\":\"PropertyValueSpecification\",\"valueRequired\":true,\"valueName\":\"search_term_string\"}}],\"inLanguage\":\"es\"},{\"@type\":\"Person\",\"@id\":\"https:\\\/\\\/www.ppdelugo.com\\\/es\\\/#\\\/schema\\\/person\\\/a847ea797b54208d374f6a8953571050\",\"name\":\"PP\",\"url\":\"https:\\\/\\\/www.ppdelugo.com\\\/es\\\/author\\\/ppdelugo\\\/\"}]}<\/script>\n<!-- \/ Yoast SEO plugin. -->","yoast_head_json":{"title":"El PP hace un llamamiento a los lucenses a participar en una nueva edici\u00f3n del Arde Lucus - Grupo Municipal Partido Popular de Lugo","robots":{"index":"index","follow":"follow","max-snippet":"max-snippet:-1","max-image-preview":"max-image-preview:large","max-video-preview":"max-video-preview:-1"},"canonical":"https:\/\/www.ppdelugo.com\/es\/o-pp-fai-un-chamamento-aos-lucenses-a-participar-nunha-nova-edicion-do-arde-lucus-2024\/","og_locale":"es_ES","og_type":"article","og_title":"El PP hace un llamamiento a los lucenses a participar en una nueva edici\u00f3n del Arde Lucus - Grupo Municipal Partido Popular de Lugo","og_description":"MI\u00c9RCOLES 5 DE JUNIO DE 2024 El concejal popular Agust\u00edn Gallego destac\u00f3 que \u201cel \u00e9xito de este evento radica en la participaci\u00f3n de los vecinos y en la implicaci\u00f3n del...","og_url":"https:\/\/www.ppdelugo.com\/es\/o-pp-fai-un-chamamento-aos-lucenses-a-participar-nunha-nova-edicion-do-arde-lucus-2024\/","og_site_name":"Grupo Municipal Partido Popular de Lugo","article_published_time":"2024-06-05T16:22:21+00:00","article_modified_time":"2024-06-05T16:39:34+00:00","og_image":[{"width":1200,"height":1600,"url":"https:\/\/www.ppdelugo.com\/wp-content\/uploads\/2024\/06\/AGUSTIN-GALLEGO.jpeg","type":"image\/jpeg"}],"author":"PP","twitter_card":"summary_large_image","twitter_image":"https:\/\/www.ppdelugo.com\/wp-content\/uploads\/2024\/06\/AGUSTIN-GALLEGO.jpeg","twitter_misc":{"Escrito por":"PP","Tiempo de lectura":"2 minutos"},"schema":{"@context":"https:\/\/schema.org","@graph":[{"@type":"Article","@id":"https:\/\/www.ppdelugo.com\/es\/o-pp-fai-un-chamamento-aos-lucenses-a-participar-nunha-nova-edicion-do-arde-lucus-2024\/#article","isPartOf":{"@id":"https:\/\/www.ppdelugo.com\/es\/o-pp-fai-un-chamamento-aos-lucenses-a-participar-nunha-nova-edicion-do-arde-lucus-2024\/"},"author":{"name":"PP","@id":"https:\/\/www.ppdelugo.com\/es\/#\/schema\/person\/a847ea797b54208d374f6a8953571050"},"headline":"El PP hace un llamamiento a los lucenses a participar en una nueva edici\u00f3n del Arde Lucus","datePublished":"2024-06-05T16:22:21+00:00","dateModified":"2024-06-05T16:39:34+00:00","mainEntityOfPage":{"@id":"https:\/\/www.ppdelugo.com\/es\/o-pp-fai-un-chamamento-aos-lucenses-a-participar-nunha-nova-edicion-do-arde-lucus-2024\/"},"wordCount":238,"commentCount":0,"image":{"@id":"https:\/\/www.ppdelugo.com\/es\/o-pp-fai-un-chamamento-aos-lucenses-a-participar-nunha-nova-edicion-do-arde-lucus-2024\/#primaryimage"},"thumbnailUrl":"https:\/\/www.ppdelugo.com\/wp-content\/uploads\/2024\/06\/AGUSTIN-GALLEGO.jpeg","articleSection":["Festas"],"inLanguage":"es","potentialAction":[{"@type":"CommentAction","name":"Comment","target":["https:\/\/www.ppdelugo.com\/es\/o-pp-fai-un-chamamento-aos-lucenses-a-participar-nunha-nova-edicion-do-arde-lucus-2024\/#respond"]}]},{"@type":"WebPage","@id":"https:\/\/www.ppdelugo.com\/es\/o-pp-fai-un-chamamento-aos-lucenses-a-participar-nunha-nova-edicion-do-arde-lucus-2024\/","url":"https:\/\/www.ppdelugo.com\/es\/o-pp-fai-un-chamamento-aos-lucenses-a-participar-nunha-nova-edicion-do-arde-lucus-2024\/","name":"El PP hace un llamamiento a los lucenses a participar en una nueva edici\u00f3n del Arde Lucus - Grupo Municipal Partido Popular de Lugo","isPartOf":{"@id":"https:\/\/www.ppdelugo.com\/es\/#website"},"primaryImageOfPage":{"@id":"https:\/\/www.ppdelugo.com\/es\/o-pp-fai-un-chamamento-aos-lucenses-a-participar-nunha-nova-edicion-do-arde-lucus-2024\/#primaryimage"},"image":{"@id":"https:\/\/www.ppdelugo.com\/es\/o-pp-fai-un-chamamento-aos-lucenses-a-participar-nunha-nova-edicion-do-arde-lucus-2024\/#primaryimage"},"thumbnailUrl":"https:\/\/www.ppdelugo.com\/wp-content\/uploads\/2024\/06\/AGUSTIN-GALLEGO.jpeg","datePublished":"2024-06-05T16:22:21+00:00","dateModified":"2024-06-05T16:39:34+00:00","author":{"@id":"https:\/\/www.ppdelugo.com\/es\/#\/schema\/person\/a847ea797b54208d374f6a8953571050"},"breadcrumb":{"@id":"https:\/\/www.ppdelugo.com\/es\/o-pp-fai-un-chamamento-aos-lucenses-a-participar-nunha-nova-edicion-do-arde-lucus-2024\/#breadcrumb"},"inLanguage":"es","potentialAction":[{"@type":"ReadAction","target":["https:\/\/www.ppdelugo.com\/es\/o-pp-fai-un-chamamento-aos-lucenses-a-participar-nunha-nova-edicion-do-arde-lucus-2024\/"]}]},{"@type":"ImageObject","inLanguage":"es","@id":"https:\/\/www.ppdelugo.com\/es\/o-pp-fai-un-chamamento-aos-lucenses-a-participar-nunha-nova-edicion-do-arde-lucus-2024\/#primaryimage","url":"https:\/\/www.ppdelugo.com\/wp-content\/uploads\/2024\/06\/AGUSTIN-GALLEGO.jpeg","contentUrl":"https:\/\/www.ppdelugo.com\/wp-content\/uploads\/2024\/06\/AGUSTIN-GALLEGO.jpeg","width":1200,"height":1600},{"@type":"BreadcrumbList","@id":"https:\/\/www.ppdelugo.com\/es\/o-pp-fai-un-chamamento-aos-lucenses-a-participar-nunha-nova-edicion-do-arde-lucus-2024\/#breadcrumb","itemListElement":[{"@type":"ListItem","position":1,"name":"Portada","item":"https:\/\/www.ppdelugo.com\/es\/"},{"@type":"ListItem","position":2,"name":"El PP hace un llamamiento a los lucenses a participar en una nueva edici\u00f3n del Arde Lucus"}]},{"@type":"WebSite","@id":"https:\/\/www.ppdelugo.com\/es\/#website","url":"https:\/\/www.ppdelugo.com\/es\/","name":"Grupo Municipal Partido Popular de Lugo","description":"Web del Grupo Municipal del Partido Popular en el Ayuntamiento de Lugo, con informaci\u00f3n sobre Lugo y fomento de la participaci\u00f3n ciudadana","potentialAction":[{"@type":"SearchAction","target":{"@type":"EntryPoint","urlTemplate":"https:\/\/www.ppdelugo.com\/es\/?s={search_term_string}"},"query-input":{"@type":"PropertyValueSpecification","valueRequired":true,"valueName":"search_term_string"}}],"inLanguage":"es"},{"@type":"Person","@id":"https:\/\/www.ppdelugo.com\/es\/#\/schema\/person\/a847ea797b54208d374f6a8953571050","name":"PP","url":"https:\/\/www.ppdelugo.com\/es\/author\/ppdelugo\/"}]}},"_links":{"self":[{"href":"https:\/\/www.ppdelugo.com\/es\/wp-json\/wp\/v2\/posts\/21983","targetHints":{"allow":["GET"]}}],"collection":[{"href":"https:\/\/www.ppdelugo.com\/es\/wp-json\/wp\/v2\/posts"}],"about":[{"href":"https:\/\/www.ppdelugo.com\/es\/wp-json\/wp\/v2\/types\/post"}],"author":[{"embeddable":true,"href":"https:\/\/www.ppdelugo.com\/es\/wp-json\/wp\/v2\/users\/2"}],"replies":[{"embeddable":true,"href":"https:\/\/www.ppdelugo.com\/es\/wp-json\/wp\/v2\/comments?post=21983"}],"version-history":[{"count":2,"href":"https:\/\/www.ppdelugo.com\/es\/wp-json\/wp\/v2\/posts\/21983\/revisions"}],"predecessor-version":[{"id":21985,"href":"https:\/\/www.ppdelugo.com\/es\/wp-json\/wp\/v2\/posts\/21983\/revisions\/21985"}],"wp:featuredmedia":[{"embeddable":true,"href":"https:\/\/www.ppdelugo.com\/es\/wp-json\/wp\/v2\/media\/21980"}],"wp:attachment":[{"href":"https:\/\/www.ppdelugo.com\/es\/wp-json\/wp\/v2\/media?parent=21983"}],"wp:term":[{"taxonomy":"category","embeddable":true,"href":"https:\/\/www.ppdelugo.com\/es\/wp-json\/wp\/v2\/categories?post=21983"},{"taxonomy":"post_tag","embeddable":true,"href":"https:\/\/www.ppdelugo.com\/es\/wp-json\/wp\/v2\/tags?post=21983"}],"curies":[{"name":"wp","href":"https:\/\/api.w.org\/{rel}","templated":true}]}}