{"id":21790,"date":"2024-04-16T07:40:30","date_gmt":"2024-04-16T07:40:30","guid":{"rendered":"https:\/\/www.ppdelugo.com\/o-pp-propon-crear-prazas-de-aparcamento-expres-proximas-as-farmacias\/"},"modified":"2024-04-16T07:51:06","modified_gmt":"2024-04-16T07:51:06","slug":"o-pp-propon-crear-prazas-de-aparcamento-expres-proximas-as-farmacias","status":"publish","type":"post","link":"https:\/\/www.ppdelugo.com\/es\/o-pp-propon-crear-prazas-de-aparcamento-expres-proximas-as-farmacias\/","title":{"rendered":"El  PP propone crear prazas de aparcamiento expr\u00e9s pr\u00f3ximas a las farmacias"},"content":{"rendered":"<p>\u201cSe trata de una petici\u00f3n, viable desde el punto de vista legal, \u00a0que facilitar\u00e1 a la ciudadan\u00eda la compra de medicamentos de forma r\u00e1pida\u201d recalcando que \u201ccon las\u00a0 dificultades de estacionamiento que hay en ciertas zonas de la ciudad los vecinos precisan soluciones para garantizar el acceso las farmacias\u201d<\/p>\n<p>&nbsp;<\/p>\n<p>ABRIL DE 2024<\/p>\n<p>&nbsp;<\/p>\n<p>\u00b7\u00a0\u00a0\u00a0\u00a0\u00a0\u00a0\u00a0 El Grupo Municipal presenta una iniciativa a pleno para que se realicen los tr\u00e1mites precisos para reservar plazas de aparcamiento \u201c\u00e1giles\u201d en las cercan\u00edas de las oficinas de farmacia de la ciudad.<\/p>\n<p>\u00b7\u00a0\u00a0\u00a0\u00a0\u00a0\u00a0\u00a0 Los populares explican que \u201cla permanencia del veh\u00edculo en estas plazas expr\u00e9s se limitar\u00eda al tiempo que llevara la compra del medicamento\u201d a\u00f1adiendo que \u201cde este modo se resolver\u00eda el problema de las personas que acuden con urgencia a una farmacia y no encuentran espacio donde dejar su veh\u00edculo\u201d.<\/p>\n<p>\u00b7\u00a0\u00a0\u00a0\u00a0\u00a0\u00a0\u00a0 La petici\u00f3n de los populares est\u00e1 avalada por la legislaci\u00f3n vigente, en concreto en la Ley 3\/2019 de ordenaci\u00f3n farmac\u00e9utica de Galicia que en su art\u00edculo 13 establece que las oficinas de farmacia son \u201cestablecimientos sanitarios privados de inter\u00e9s p\u00fablico integrado en la atenci\u00f3n primaria\u201d y en el 16 que \u201ctendr\u00e1n acceso directo, libre y permanente desde la v\u00eda p\u00fablica o desde zonas de uso colectivo a la zona de dispensaci\u00f3n y atenci\u00f3n a las personas usuarias\u201d.<\/p>\n<p>\u00b7\u00a0 \u00a0 \u00a0 \u00a0 En el RD 1056\/2014, que regula el uso de las tarjetas para personas con discapacidad, establece, en su disposici\u00f3n adicional segunda, que se reservar\u00e1n plazas en servicios y establecimientos sanitarios (este concepto incluye a las farmacias).<\/p>\n<p>\u00b7\u00a0\u00a0\u00a0\u00a0\u00a0\u00a0\u00a0 Si a esto le a\u00f1adimos que la Constituci\u00f3n Espa\u00f1ola reconoce \u201cel derecho a la protecci\u00f3n de la salud y determina que compete a los poderes p\u00fablicos organizar y tutelar la salud p\u00fablica a trav\u00e9s de medidas preventivas y de las prestaciones y servicios necesarios\u201d, queda justificado que el Ayuntamiento de Lugo debe establecer los medios precisos para facilitar el aparcamiento en las cercan\u00edas de las oficinas de farmacia.<\/p>\n<p>\u00b7\u00a0\u00a0\u00a0\u00a0\u00a0\u00a0\u00a0 Los populares explican que de las 48 oficinas de farmacia distribuidas a lo largo de la ciudad hay algunas donde es muy complicado estacionar como por ejemplo en el barrio de la residencia; Avenida Ram\u00f3n Ferreiro; Avenida de A Coru\u00f1a o en el barrio de la Milagrosa, entre otros<\/p>\n<p>Otras peticiones<\/p>\n<p>En la reuni\u00f3n con el Colegio de Farmac\u00e9uticos la directiva se refiri\u00f3 a la necesidad de contar con un interlocutor en el ayuntamiento para que los colegiados puedan colaborar en cuestiones relacionadas con problem\u00e1ticas con servicios sociales como puede ser la detecci\u00f3n de casos de personas que sufren soledad no deseada. Tambi\u00e9n reclamaron que puedan formar parte de diferentes \u00f3rganos de participaci\u00f3n como puede ser el Consejo Econ\u00f3mico y Social.<\/p>\n","protected":false},"excerpt":{"rendered":"<p>\u201cSe trata de una petici\u00f3n, viable desde el punto de vista legal, \u00a0que facilitar\u00e1 a la ciudadan\u00eda la compra de medicamentos de forma r\u00e1pida\u201d recalcando que \u201ccon las\u00a0 dificultades de&#8230;<\/p>\n","protected":false},"author":2,"featured_media":21788,"comment_status":"open","ping_status":"closed","sticky":false,"template":"","format":"standard","meta":{"footnotes":""},"categories":[60,143,38],"tags":[],"class_list":{"0":"post-21790","1":"post","2":"type-post","3":"status-publish","4":"format-standard","5":"has-post-thumbnail","7":"category-accesibilidad-es","8":"category-mobilidade-es","9":"category-trafico-es"},"yoast_head":"<!-- This site is optimized with the Yoast SEO plugin v27.4 - https:\/\/yoast.com\/product\/yoast-seo-wordpress\/ -->\n<title>El PP propone crear prazas de aparcamiento expr\u00e9s pr\u00f3ximas a las farmacias - Grupo Municipal Partido Popular de Lugo<\/title>\n<meta name=\"robots\" content=\"index, follow, max-snippet:-1, max-image-preview:large, max-video-preview:-1\" \/>\n<link rel=\"canonical\" href=\"https:\/\/www.ppdelugo.com\/es\/o-pp-propon-crear-prazas-de-aparcamento-expres-proximas-as-farmacias\/\" \/>\n<meta property=\"og:locale\" content=\"es_ES\" \/>\n<meta property=\"og:type\" content=\"article\" \/>\n<meta property=\"og:title\" content=\"El PP propone crear prazas de aparcamiento expr\u00e9s pr\u00f3ximas a las farmacias - Grupo Municipal Partido Popular de Lugo\" \/>\n<meta property=\"og:description\" content=\"\u201cSe trata de una petici\u00f3n, viable desde el punto de vista legal, \u00a0que facilitar\u00e1 a la ciudadan\u00eda la compra de medicamentos de forma r\u00e1pida\u201d recalcando que \u201ccon las\u00a0 dificultades de...\" \/>\n<meta property=\"og:url\" content=\"https:\/\/www.ppdelugo.com\/es\/o-pp-propon-crear-prazas-de-aparcamento-expres-proximas-as-farmacias\/\" \/>\n<meta property=\"og:site_name\" content=\"Grupo Municipal Partido Popular de Lugo\" \/>\n<meta property=\"article:published_time\" content=\"2024-04-16T07:40:30+00:00\" \/>\n<meta property=\"article:modified_time\" content=\"2024-04-16T07:51:06+00:00\" \/>\n<meta property=\"og:image\" content=\"https:\/\/www.ppdelugo.com\/wp-content\/uploads\/2024\/04\/COLEGIO-FARMACEUTICOS-16.04.2024.jpeg\" \/>\n\t<meta property=\"og:image:width\" content=\"1600\" \/>\n\t<meta property=\"og:image:height\" content=\"961\" \/>\n\t<meta property=\"og:image:type\" content=\"image\/jpeg\" \/>\n<meta name=\"author\" content=\"PP\" \/>\n<meta name=\"twitter:card\" content=\"summary_large_image\" \/>\n<meta name=\"twitter:image\" content=\"https:\/\/www.ppdelugo.com\/wp-content\/uploads\/2024\/04\/COLEGIO-FARMACEUTICOS-16.04.2024.jpeg\" \/>\n<meta name=\"twitter:label1\" content=\"Escrito por\" \/>\n\t<meta name=\"twitter:data1\" content=\"PP\" \/>\n\t<meta name=\"twitter:label2\" content=\"Tiempo de lectura\" \/>\n\t<meta name=\"twitter:data2\" content=\"3 minutos\" \/>\n<script type=\"application\/ld+json\" class=\"yoast-schema-graph\">{\"@context\":\"https:\\\/\\\/schema.org\",\"@graph\":[{\"@type\":\"Article\",\"@id\":\"https:\\\/\\\/www.ppdelugo.com\\\/es\\\/o-pp-propon-crear-prazas-de-aparcamento-expres-proximas-as-farmacias\\\/#article\",\"isPartOf\":{\"@id\":\"https:\\\/\\\/www.ppdelugo.com\\\/es\\\/o-pp-propon-crear-prazas-de-aparcamento-expres-proximas-as-farmacias\\\/\"},\"author\":{\"name\":\"PP\",\"@id\":\"https:\\\/\\\/www.ppdelugo.com\\\/es\\\/#\\\/schema\\\/person\\\/a847ea797b54208d374f6a8953571050\"},\"headline\":\"El PP propone crear prazas de aparcamiento expr\u00e9s pr\u00f3ximas a las farmacias\",\"datePublished\":\"2024-04-16T07:40:30+00:00\",\"dateModified\":\"2024-04-16T07:51:06+00:00\",\"mainEntityOfPage\":{\"@id\":\"https:\\\/\\\/www.ppdelugo.com\\\/es\\\/o-pp-propon-crear-prazas-de-aparcamento-expres-proximas-as-farmacias\\\/\"},\"wordCount\":488,\"commentCount\":0,\"image\":{\"@id\":\"https:\\\/\\\/www.ppdelugo.com\\\/es\\\/o-pp-propon-crear-prazas-de-aparcamento-expres-proximas-as-farmacias\\\/#primaryimage\"},\"thumbnailUrl\":\"https:\\\/\\\/www.ppdelugo.com\\\/wp-content\\\/uploads\\\/2024\\\/04\\\/COLEGIO-FARMACEUTICOS-16.04.2024.jpeg\",\"articleSection\":[\"Accesibilidad\",\"Mobilidade\",\"Tr\u00e1fico\"],\"inLanguage\":\"es\",\"potentialAction\":[{\"@type\":\"CommentAction\",\"name\":\"Comment\",\"target\":[\"https:\\\/\\\/www.ppdelugo.com\\\/es\\\/o-pp-propon-crear-prazas-de-aparcamento-expres-proximas-as-farmacias\\\/#respond\"]}]},{\"@type\":\"WebPage\",\"@id\":\"https:\\\/\\\/www.ppdelugo.com\\\/es\\\/o-pp-propon-crear-prazas-de-aparcamento-expres-proximas-as-farmacias\\\/\",\"url\":\"https:\\\/\\\/www.ppdelugo.com\\\/es\\\/o-pp-propon-crear-prazas-de-aparcamento-expres-proximas-as-farmacias\\\/\",\"name\":\"El PP propone crear prazas de aparcamiento expr\u00e9s pr\u00f3ximas a las farmacias - Grupo Municipal Partido Popular de Lugo\",\"isPartOf\":{\"@id\":\"https:\\\/\\\/www.ppdelugo.com\\\/es\\\/#website\"},\"primaryImageOfPage\":{\"@id\":\"https:\\\/\\\/www.ppdelugo.com\\\/es\\\/o-pp-propon-crear-prazas-de-aparcamento-expres-proximas-as-farmacias\\\/#primaryimage\"},\"image\":{\"@id\":\"https:\\\/\\\/www.ppdelugo.com\\\/es\\\/o-pp-propon-crear-prazas-de-aparcamento-expres-proximas-as-farmacias\\\/#primaryimage\"},\"thumbnailUrl\":\"https:\\\/\\\/www.ppdelugo.com\\\/wp-content\\\/uploads\\\/2024\\\/04\\\/COLEGIO-FARMACEUTICOS-16.04.2024.jpeg\",\"datePublished\":\"2024-04-16T07:40:30+00:00\",\"dateModified\":\"2024-04-16T07:51:06+00:00\",\"author\":{\"@id\":\"https:\\\/\\\/www.ppdelugo.com\\\/es\\\/#\\\/schema\\\/person\\\/a847ea797b54208d374f6a8953571050\"},\"breadcrumb\":{\"@id\":\"https:\\\/\\\/www.ppdelugo.com\\\/es\\\/o-pp-propon-crear-prazas-de-aparcamento-expres-proximas-as-farmacias\\\/#breadcrumb\"},\"inLanguage\":\"es\",\"potentialAction\":[{\"@type\":\"ReadAction\",\"target\":[\"https:\\\/\\\/www.ppdelugo.com\\\/es\\\/o-pp-propon-crear-prazas-de-aparcamento-expres-proximas-as-farmacias\\\/\"]}]},{\"@type\":\"ImageObject\",\"inLanguage\":\"es\",\"@id\":\"https:\\\/\\\/www.ppdelugo.com\\\/es\\\/o-pp-propon-crear-prazas-de-aparcamento-expres-proximas-as-farmacias\\\/#primaryimage\",\"url\":\"https:\\\/\\\/www.ppdelugo.com\\\/wp-content\\\/uploads\\\/2024\\\/04\\\/COLEGIO-FARMACEUTICOS-16.04.2024.jpeg\",\"contentUrl\":\"https:\\\/\\\/www.ppdelugo.com\\\/wp-content\\\/uploads\\\/2024\\\/04\\\/COLEGIO-FARMACEUTICOS-16.04.2024.jpeg\",\"width\":1600,\"height\":961},{\"@type\":\"BreadcrumbList\",\"@id\":\"https:\\\/\\\/www.ppdelugo.com\\\/es\\\/o-pp-propon-crear-prazas-de-aparcamento-expres-proximas-as-farmacias\\\/#breadcrumb\",\"itemListElement\":[{\"@type\":\"ListItem\",\"position\":1,\"name\":\"Portada\",\"item\":\"https:\\\/\\\/www.ppdelugo.com\\\/es\\\/\"},{\"@type\":\"ListItem\",\"position\":2,\"name\":\"El PP propone crear prazas de aparcamiento expr\u00e9s pr\u00f3ximas a las farmacias\"}]},{\"@type\":\"WebSite\",\"@id\":\"https:\\\/\\\/www.ppdelugo.com\\\/es\\\/#website\",\"url\":\"https:\\\/\\\/www.ppdelugo.com\\\/es\\\/\",\"name\":\"Grupo Municipal Partido Popular de Lugo\",\"description\":\"Web del Grupo Municipal del Partido Popular en el Ayuntamiento de Lugo, con informaci\u00f3n sobre Lugo y fomento de la participaci\u00f3n ciudadana\",\"potentialAction\":[{\"@type\":\"SearchAction\",\"target\":{\"@type\":\"EntryPoint\",\"urlTemplate\":\"https:\\\/\\\/www.ppdelugo.com\\\/es\\\/?s={search_term_string}\"},\"query-input\":{\"@type\":\"PropertyValueSpecification\",\"valueRequired\":true,\"valueName\":\"search_term_string\"}}],\"inLanguage\":\"es\"},{\"@type\":\"Person\",\"@id\":\"https:\\\/\\\/www.ppdelugo.com\\\/es\\\/#\\\/schema\\\/person\\\/a847ea797b54208d374f6a8953571050\",\"name\":\"PP\",\"url\":\"https:\\\/\\\/www.ppdelugo.com\\\/es\\\/author\\\/ppdelugo\\\/\"}]}<\/script>\n<!-- \/ Yoast SEO plugin. -->","yoast_head_json":{"title":"El PP propone crear prazas de aparcamiento expr\u00e9s pr\u00f3ximas a las farmacias - Grupo Municipal Partido Popular de Lugo","robots":{"index":"index","follow":"follow","max-snippet":"max-snippet:-1","max-image-preview":"max-image-preview:large","max-video-preview":"max-video-preview:-1"},"canonical":"https:\/\/www.ppdelugo.com\/es\/o-pp-propon-crear-prazas-de-aparcamento-expres-proximas-as-farmacias\/","og_locale":"es_ES","og_type":"article","og_title":"El PP propone crear prazas de aparcamiento expr\u00e9s pr\u00f3ximas a las farmacias - Grupo Municipal Partido Popular de Lugo","og_description":"\u201cSe trata de una petici\u00f3n, viable desde el punto de vista legal, \u00a0que facilitar\u00e1 a la ciudadan\u00eda la compra de medicamentos de forma r\u00e1pida\u201d recalcando que \u201ccon las\u00a0 dificultades de...","og_url":"https:\/\/www.ppdelugo.com\/es\/o-pp-propon-crear-prazas-de-aparcamento-expres-proximas-as-farmacias\/","og_site_name":"Grupo Municipal Partido Popular de Lugo","article_published_time":"2024-04-16T07:40:30+00:00","article_modified_time":"2024-04-16T07:51:06+00:00","og_image":[{"width":1600,"height":961,"url":"https:\/\/www.ppdelugo.com\/wp-content\/uploads\/2024\/04\/COLEGIO-FARMACEUTICOS-16.04.2024.jpeg","type":"image\/jpeg"}],"author":"PP","twitter_card":"summary_large_image","twitter_image":"https:\/\/www.ppdelugo.com\/wp-content\/uploads\/2024\/04\/COLEGIO-FARMACEUTICOS-16.04.2024.jpeg","twitter_misc":{"Escrito por":"PP","Tiempo de lectura":"3 minutos"},"schema":{"@context":"https:\/\/schema.org","@graph":[{"@type":"Article","@id":"https:\/\/www.ppdelugo.com\/es\/o-pp-propon-crear-prazas-de-aparcamento-expres-proximas-as-farmacias\/#article","isPartOf":{"@id":"https:\/\/www.ppdelugo.com\/es\/o-pp-propon-crear-prazas-de-aparcamento-expres-proximas-as-farmacias\/"},"author":{"name":"PP","@id":"https:\/\/www.ppdelugo.com\/es\/#\/schema\/person\/a847ea797b54208d374f6a8953571050"},"headline":"El PP propone crear prazas de aparcamiento expr\u00e9s pr\u00f3ximas a las farmacias","datePublished":"2024-04-16T07:40:30+00:00","dateModified":"2024-04-16T07:51:06+00:00","mainEntityOfPage":{"@id":"https:\/\/www.ppdelugo.com\/es\/o-pp-propon-crear-prazas-de-aparcamento-expres-proximas-as-farmacias\/"},"wordCount":488,"commentCount":0,"image":{"@id":"https:\/\/www.ppdelugo.com\/es\/o-pp-propon-crear-prazas-de-aparcamento-expres-proximas-as-farmacias\/#primaryimage"},"thumbnailUrl":"https:\/\/www.ppdelugo.com\/wp-content\/uploads\/2024\/04\/COLEGIO-FARMACEUTICOS-16.04.2024.jpeg","articleSection":["Accesibilidad","Mobilidade","Tr\u00e1fico"],"inLanguage":"es","potentialAction":[{"@type":"CommentAction","name":"Comment","target":["https:\/\/www.ppdelugo.com\/es\/o-pp-propon-crear-prazas-de-aparcamento-expres-proximas-as-farmacias\/#respond"]}]},{"@type":"WebPage","@id":"https:\/\/www.ppdelugo.com\/es\/o-pp-propon-crear-prazas-de-aparcamento-expres-proximas-as-farmacias\/","url":"https:\/\/www.ppdelugo.com\/es\/o-pp-propon-crear-prazas-de-aparcamento-expres-proximas-as-farmacias\/","name":"El PP propone crear prazas de aparcamiento expr\u00e9s pr\u00f3ximas a las farmacias - Grupo Municipal Partido Popular de Lugo","isPartOf":{"@id":"https:\/\/www.ppdelugo.com\/es\/#website"},"primaryImageOfPage":{"@id":"https:\/\/www.ppdelugo.com\/es\/o-pp-propon-crear-prazas-de-aparcamento-expres-proximas-as-farmacias\/#primaryimage"},"image":{"@id":"https:\/\/www.ppdelugo.com\/es\/o-pp-propon-crear-prazas-de-aparcamento-expres-proximas-as-farmacias\/#primaryimage"},"thumbnailUrl":"https:\/\/www.ppdelugo.com\/wp-content\/uploads\/2024\/04\/COLEGIO-FARMACEUTICOS-16.04.2024.jpeg","datePublished":"2024-04-16T07:40:30+00:00","dateModified":"2024-04-16T07:51:06+00:00","author":{"@id":"https:\/\/www.ppdelugo.com\/es\/#\/schema\/person\/a847ea797b54208d374f6a8953571050"},"breadcrumb":{"@id":"https:\/\/www.ppdelugo.com\/es\/o-pp-propon-crear-prazas-de-aparcamento-expres-proximas-as-farmacias\/#breadcrumb"},"inLanguage":"es","potentialAction":[{"@type":"ReadAction","target":["https:\/\/www.ppdelugo.com\/es\/o-pp-propon-crear-prazas-de-aparcamento-expres-proximas-as-farmacias\/"]}]},{"@type":"ImageObject","inLanguage":"es","@id":"https:\/\/www.ppdelugo.com\/es\/o-pp-propon-crear-prazas-de-aparcamento-expres-proximas-as-farmacias\/#primaryimage","url":"https:\/\/www.ppdelugo.com\/wp-content\/uploads\/2024\/04\/COLEGIO-FARMACEUTICOS-16.04.2024.jpeg","contentUrl":"https:\/\/www.ppdelugo.com\/wp-content\/uploads\/2024\/04\/COLEGIO-FARMACEUTICOS-16.04.2024.jpeg","width":1600,"height":961},{"@type":"BreadcrumbList","@id":"https:\/\/www.ppdelugo.com\/es\/o-pp-propon-crear-prazas-de-aparcamento-expres-proximas-as-farmacias\/#breadcrumb","itemListElement":[{"@type":"ListItem","position":1,"name":"Portada","item":"https:\/\/www.ppdelugo.com\/es\/"},{"@type":"ListItem","position":2,"name":"El PP propone crear prazas de aparcamiento expr\u00e9s pr\u00f3ximas a las farmacias"}]},{"@type":"WebSite","@id":"https:\/\/www.ppdelugo.com\/es\/#website","url":"https:\/\/www.ppdelugo.com\/es\/","name":"Grupo Municipal Partido Popular de Lugo","description":"Web del Grupo Municipal del Partido Popular en el Ayuntamiento de Lugo, con informaci\u00f3n sobre Lugo y fomento de la participaci\u00f3n ciudadana","potentialAction":[{"@type":"SearchAction","target":{"@type":"EntryPoint","urlTemplate":"https:\/\/www.ppdelugo.com\/es\/?s={search_term_string}"},"query-input":{"@type":"PropertyValueSpecification","valueRequired":true,"valueName":"search_term_string"}}],"inLanguage":"es"},{"@type":"Person","@id":"https:\/\/www.ppdelugo.com\/es\/#\/schema\/person\/a847ea797b54208d374f6a8953571050","name":"PP","url":"https:\/\/www.ppdelugo.com\/es\/author\/ppdelugo\/"}]}},"_links":{"self":[{"href":"https:\/\/www.ppdelugo.com\/es\/wp-json\/wp\/v2\/posts\/21790","targetHints":{"allow":["GET"]}}],"collection":[{"href":"https:\/\/www.ppdelugo.com\/es\/wp-json\/wp\/v2\/posts"}],"about":[{"href":"https:\/\/www.ppdelugo.com\/es\/wp-json\/wp\/v2\/types\/post"}],"author":[{"embeddable":true,"href":"https:\/\/www.ppdelugo.com\/es\/wp-json\/wp\/v2\/users\/2"}],"replies":[{"embeddable":true,"href":"https:\/\/www.ppdelugo.com\/es\/wp-json\/wp\/v2\/comments?post=21790"}],"version-history":[{"count":2,"href":"https:\/\/www.ppdelugo.com\/es\/wp-json\/wp\/v2\/posts\/21790\/revisions"}],"predecessor-version":[{"id":21792,"href":"https:\/\/www.ppdelugo.com\/es\/wp-json\/wp\/v2\/posts\/21790\/revisions\/21792"}],"wp:featuredmedia":[{"embeddable":true,"href":"https:\/\/www.ppdelugo.com\/es\/wp-json\/wp\/v2\/media\/21788"}],"wp:attachment":[{"href":"https:\/\/www.ppdelugo.com\/es\/wp-json\/wp\/v2\/media?parent=21790"}],"wp:term":[{"taxonomy":"category","embeddable":true,"href":"https:\/\/www.ppdelugo.com\/es\/wp-json\/wp\/v2\/categories?post=21790"},{"taxonomy":"post_tag","embeddable":true,"href":"https:\/\/www.ppdelugo.com\/es\/wp-json\/wp\/v2\/tags?post=21790"}],"curies":[{"name":"wp","href":"https:\/\/api.w.org\/{rel}","templated":true}]}}