{"id":21641,"date":"2024-03-16T21:11:39","date_gmt":"2024-03-16T21:11:39","guid":{"rendered":"https:\/\/www.ppdelugo.com\/o-pp-propon-retirar-a-valla-perimetral-do-auditorio-de-magoi-unha-vez-que-o-goberno-local-reconece-que-o-esta-listo-para-abrir\/"},"modified":"2024-03-16T21:16:18","modified_gmt":"2024-03-16T21:16:18","slug":"o-pp-propon-retirar-a-valla-perimetral-do-auditorio-de-magoi-unha-vez-que-o-goberno-local-reconece-que-o-esta-listo-para-abrir","status":"publish","type":"post","link":"https:\/\/www.ppdelugo.com\/es\/o-pp-propon-retirar-a-valla-perimetral-do-auditorio-de-magoi-unha-vez-que-o-goberno-local-reconece-que-o-esta-listo-para-abrir\/","title":{"rendered":"El PP propone retirar la valla perimetral del auditorio de Magoi una vez que el gobierno local reconoce que est\u00e1 listo para abrir"},"content":{"rendered":"<p>\u2022 \u201cMientras no podemos disfrutar de su interior pedimos que se abra todo el espacio que rodea el recinto del auditorio para que los lucenses ganen zonas de esparcimiento para uso p\u00fablico\u201d<\/p>\n<p>S\u00c1BADO 16 DE MARZO DE 2024<br \/>\n\u2022 La concejala popular presenta un ruego a la Comisi\u00f3n sobre esta cuesti\u00f3n luego de la afirmaci\u00f3n de la alcaldesa, en el pleno de diciembre, en la que ratificaba que la dotaci\u00f3n estaba preparada para su apertura<br \/>\n\u2022 En este momento la valla, en estado precario en algunos puntos, provoca una sensaci\u00f3n de abandono ya que hay tramos en mal estado y con oxido y dado que en d\u00edas pasados tambi\u00e9n se procedi\u00f3 a la limpieza de la maleza no hay ning\u00fan motivo que impida que se lleve a cabo esta petici\u00f3n.<br \/>\n\u2022 La concejala popular tambi\u00e9n reclam\u00f3 informaci\u00f3n sobre si tiene el Ayuntamiento registradas las instalaciones afectadas por reglamentos de seguridad industrial, como la baja tensi\u00f3n, los aparatos de elevaci\u00f3n y la protecci\u00f3n activa contra incendios del nuevo auditorio.<\/p>\n<p>46 MESES EN MANOS DEL AYUNTAMIENTO<\/p>\n<p>\u2022 Para los populares \u201ces preocupante que vayamos camino de los 46 meses desde que PSOE y BNG son los propietarios del auditorio de Magoi, sin que ninguno de los dos partidos se pronuncien sobre cual va a ser el modelo de gesti\u00f3n y su contenido\u201d<br \/>\n\u2022 Silvia Colmenero tambi\u00e9n recrimin\u00f3 que el gobierno local siga sin responder a la petici\u00f3n que el Grupo Popular curs\u00f3 hasta en tres ocasiones para acceder al edificio con fecha de 10 de enero , 14 y febrero y lo de 4 de marzo. Precisamente esta semana los populares presentaban una queja ante la Valedora del Pueblo por las dificultades que PSOE y BNG les est\u00e1 poniendo a la hora de fiscalizar las acciones que hace el gobierno.<br \/>\n\u2022 \u201cHicieron la foto de la verg\u00fcenza intentando maquillar su falta de trabajo con una visita al auditorio pero la \u00fanica realidad es que los lucenses no saben cuando se pondr\u00e1 en marcha esta dotaci\u00f3n\u201d<\/p>\n","protected":false},"excerpt":{"rendered":"<p>\u2022 \u201cMientras no podemos disfrutar de su interior pedimos que se abra todo el espacio que rodea el recinto del auditorio para que los lucenses ganen zonas de esparcimiento para&#8230;<\/p>\n","protected":false},"author":2,"featured_media":21639,"comment_status":"open","ping_status":"closed","sticky":false,"template":"","format":"standard","meta":{"footnotes":""},"categories":[145],"tags":[],"class_list":{"0":"post-21641","1":"post","2":"type-post","3":"status-publish","4":"format-standard","5":"has-post-thumbnail","7":"category-auditorio"},"yoast_head":"<!-- This site is optimized with the Yoast SEO plugin v27.4 - https:\/\/yoast.com\/product\/yoast-seo-wordpress\/ -->\n<title>El PP propone retirar la valla perimetral del auditorio de Magoi una vez que el gobierno local reconoce que est\u00e1 listo para abrir - Grupo Municipal Partido Popular de Lugo<\/title>\n<meta name=\"robots\" content=\"index, follow, max-snippet:-1, max-image-preview:large, max-video-preview:-1\" \/>\n<link rel=\"canonical\" href=\"https:\/\/www.ppdelugo.com\/es\/o-pp-propon-retirar-a-valla-perimetral-do-auditorio-de-magoi-unha-vez-que-o-goberno-local-reconece-que-o-esta-listo-para-abrir\/\" \/>\n<meta property=\"og:locale\" content=\"es_ES\" \/>\n<meta property=\"og:type\" content=\"article\" \/>\n<meta property=\"og:title\" content=\"El PP propone retirar la valla perimetral del auditorio de Magoi una vez que el gobierno local reconoce que est\u00e1 listo para abrir - Grupo Municipal Partido Popular de Lugo\" \/>\n<meta property=\"og:description\" content=\"\u2022 \u201cMientras no podemos disfrutar de su interior pedimos que se abra todo el espacio que rodea el recinto del auditorio para que los lucenses ganen zonas de esparcimiento para...\" \/>\n<meta property=\"og:url\" content=\"https:\/\/www.ppdelugo.com\/es\/o-pp-propon-retirar-a-valla-perimetral-do-auditorio-de-magoi-unha-vez-que-o-goberno-local-reconece-que-o-esta-listo-para-abrir\/\" \/>\n<meta property=\"og:site_name\" content=\"Grupo Municipal Partido Popular de Lugo\" \/>\n<meta property=\"article:published_time\" content=\"2024-03-16T21:11:39+00:00\" \/>\n<meta property=\"article:modified_time\" content=\"2024-03-16T21:16:18+00:00\" \/>\n<meta property=\"og:image\" content=\"https:\/\/www.ppdelugo.com\/wp-content\/uploads\/2024\/03\/Auditorio-Magoi-Marzo-2024-3.jpeg\" \/>\n\t<meta property=\"og:image:width\" content=\"1600\" \/>\n\t<meta property=\"og:image:height\" content=\"1200\" \/>\n\t<meta property=\"og:image:type\" content=\"image\/jpeg\" \/>\n<meta name=\"author\" content=\"PP\" \/>\n<meta name=\"twitter:card\" content=\"summary_large_image\" \/>\n<meta name=\"twitter:image\" content=\"https:\/\/www.ppdelugo.com\/wp-content\/uploads\/2024\/03\/Auditorio-Magoi-Marzo-2024-3.jpeg\" \/>\n<meta name=\"twitter:label1\" content=\"Escrito por\" \/>\n\t<meta name=\"twitter:data1\" content=\"PP\" \/>\n\t<meta name=\"twitter:label2\" content=\"Tiempo de lectura\" \/>\n\t<meta name=\"twitter:data2\" content=\"3 minutos\" \/>\n<script type=\"application\/ld+json\" class=\"yoast-schema-graph\">{\"@context\":\"https:\\\/\\\/schema.org\",\"@graph\":[{\"@type\":\"Article\",\"@id\":\"https:\\\/\\\/www.ppdelugo.com\\\/es\\\/o-pp-propon-retirar-a-valla-perimetral-do-auditorio-de-magoi-unha-vez-que-o-goberno-local-reconece-que-o-esta-listo-para-abrir\\\/#article\",\"isPartOf\":{\"@id\":\"https:\\\/\\\/www.ppdelugo.com\\\/es\\\/o-pp-propon-retirar-a-valla-perimetral-do-auditorio-de-magoi-unha-vez-que-o-goberno-local-reconece-que-o-esta-listo-para-abrir\\\/\"},\"author\":{\"name\":\"PP\",\"@id\":\"https:\\\/\\\/www.ppdelugo.com\\\/es\\\/#\\\/schema\\\/person\\\/a847ea797b54208d374f6a8953571050\"},\"headline\":\"El PP propone retirar la valla perimetral del auditorio de Magoi una vez que el gobierno local reconoce que est\u00e1 listo para abrir\",\"datePublished\":\"2024-03-16T21:11:39+00:00\",\"dateModified\":\"2024-03-16T21:16:18+00:00\",\"mainEntityOfPage\":{\"@id\":\"https:\\\/\\\/www.ppdelugo.com\\\/es\\\/o-pp-propon-retirar-a-valla-perimetral-do-auditorio-de-magoi-unha-vez-que-o-goberno-local-reconece-que-o-esta-listo-para-abrir\\\/\"},\"wordCount\":362,\"commentCount\":0,\"image\":{\"@id\":\"https:\\\/\\\/www.ppdelugo.com\\\/es\\\/o-pp-propon-retirar-a-valla-perimetral-do-auditorio-de-magoi-unha-vez-que-o-goberno-local-reconece-que-o-esta-listo-para-abrir\\\/#primaryimage\"},\"thumbnailUrl\":\"https:\\\/\\\/www.ppdelugo.com\\\/wp-content\\\/uploads\\\/2024\\\/03\\\/Auditorio-Magoi-Marzo-2024-3.jpeg\",\"articleSection\":[\"Auditorio\"],\"inLanguage\":\"es\",\"potentialAction\":[{\"@type\":\"CommentAction\",\"name\":\"Comment\",\"target\":[\"https:\\\/\\\/www.ppdelugo.com\\\/es\\\/o-pp-propon-retirar-a-valla-perimetral-do-auditorio-de-magoi-unha-vez-que-o-goberno-local-reconece-que-o-esta-listo-para-abrir\\\/#respond\"]}]},{\"@type\":\"WebPage\",\"@id\":\"https:\\\/\\\/www.ppdelugo.com\\\/es\\\/o-pp-propon-retirar-a-valla-perimetral-do-auditorio-de-magoi-unha-vez-que-o-goberno-local-reconece-que-o-esta-listo-para-abrir\\\/\",\"url\":\"https:\\\/\\\/www.ppdelugo.com\\\/es\\\/o-pp-propon-retirar-a-valla-perimetral-do-auditorio-de-magoi-unha-vez-que-o-goberno-local-reconece-que-o-esta-listo-para-abrir\\\/\",\"name\":\"El PP propone retirar la valla perimetral del auditorio de Magoi una vez que el gobierno local reconoce que est\u00e1 listo para abrir - Grupo Municipal Partido Popular de Lugo\",\"isPartOf\":{\"@id\":\"https:\\\/\\\/www.ppdelugo.com\\\/es\\\/#website\"},\"primaryImageOfPage\":{\"@id\":\"https:\\\/\\\/www.ppdelugo.com\\\/es\\\/o-pp-propon-retirar-a-valla-perimetral-do-auditorio-de-magoi-unha-vez-que-o-goberno-local-reconece-que-o-esta-listo-para-abrir\\\/#primaryimage\"},\"image\":{\"@id\":\"https:\\\/\\\/www.ppdelugo.com\\\/es\\\/o-pp-propon-retirar-a-valla-perimetral-do-auditorio-de-magoi-unha-vez-que-o-goberno-local-reconece-que-o-esta-listo-para-abrir\\\/#primaryimage\"},\"thumbnailUrl\":\"https:\\\/\\\/www.ppdelugo.com\\\/wp-content\\\/uploads\\\/2024\\\/03\\\/Auditorio-Magoi-Marzo-2024-3.jpeg\",\"datePublished\":\"2024-03-16T21:11:39+00:00\",\"dateModified\":\"2024-03-16T21:16:18+00:00\",\"author\":{\"@id\":\"https:\\\/\\\/www.ppdelugo.com\\\/es\\\/#\\\/schema\\\/person\\\/a847ea797b54208d374f6a8953571050\"},\"breadcrumb\":{\"@id\":\"https:\\\/\\\/www.ppdelugo.com\\\/es\\\/o-pp-propon-retirar-a-valla-perimetral-do-auditorio-de-magoi-unha-vez-que-o-goberno-local-reconece-que-o-esta-listo-para-abrir\\\/#breadcrumb\"},\"inLanguage\":\"es\",\"potentialAction\":[{\"@type\":\"ReadAction\",\"target\":[\"https:\\\/\\\/www.ppdelugo.com\\\/es\\\/o-pp-propon-retirar-a-valla-perimetral-do-auditorio-de-magoi-unha-vez-que-o-goberno-local-reconece-que-o-esta-listo-para-abrir\\\/\"]}]},{\"@type\":\"ImageObject\",\"inLanguage\":\"es\",\"@id\":\"https:\\\/\\\/www.ppdelugo.com\\\/es\\\/o-pp-propon-retirar-a-valla-perimetral-do-auditorio-de-magoi-unha-vez-que-o-goberno-local-reconece-que-o-esta-listo-para-abrir\\\/#primaryimage\",\"url\":\"https:\\\/\\\/www.ppdelugo.com\\\/wp-content\\\/uploads\\\/2024\\\/03\\\/Auditorio-Magoi-Marzo-2024-3.jpeg\",\"contentUrl\":\"https:\\\/\\\/www.ppdelugo.com\\\/wp-content\\\/uploads\\\/2024\\\/03\\\/Auditorio-Magoi-Marzo-2024-3.jpeg\",\"width\":1600,\"height\":1200},{\"@type\":\"BreadcrumbList\",\"@id\":\"https:\\\/\\\/www.ppdelugo.com\\\/es\\\/o-pp-propon-retirar-a-valla-perimetral-do-auditorio-de-magoi-unha-vez-que-o-goberno-local-reconece-que-o-esta-listo-para-abrir\\\/#breadcrumb\",\"itemListElement\":[{\"@type\":\"ListItem\",\"position\":1,\"name\":\"Portada\",\"item\":\"https:\\\/\\\/www.ppdelugo.com\\\/es\\\/\"},{\"@type\":\"ListItem\",\"position\":2,\"name\":\"El PP propone retirar la valla perimetral del auditorio de Magoi una vez que el gobierno local reconoce que est\u00e1 listo para abrir\"}]},{\"@type\":\"WebSite\",\"@id\":\"https:\\\/\\\/www.ppdelugo.com\\\/es\\\/#website\",\"url\":\"https:\\\/\\\/www.ppdelugo.com\\\/es\\\/\",\"name\":\"Grupo Municipal Partido Popular de Lugo\",\"description\":\"Web del Grupo Municipal del Partido Popular en el Ayuntamiento de Lugo, con informaci\u00f3n sobre Lugo y fomento de la participaci\u00f3n ciudadana\",\"potentialAction\":[{\"@type\":\"SearchAction\",\"target\":{\"@type\":\"EntryPoint\",\"urlTemplate\":\"https:\\\/\\\/www.ppdelugo.com\\\/es\\\/?s={search_term_string}\"},\"query-input\":{\"@type\":\"PropertyValueSpecification\",\"valueRequired\":true,\"valueName\":\"search_term_string\"}}],\"inLanguage\":\"es\"},{\"@type\":\"Person\",\"@id\":\"https:\\\/\\\/www.ppdelugo.com\\\/es\\\/#\\\/schema\\\/person\\\/a847ea797b54208d374f6a8953571050\",\"name\":\"PP\",\"url\":\"https:\\\/\\\/www.ppdelugo.com\\\/es\\\/author\\\/ppdelugo\\\/\"}]}<\/script>\n<!-- \/ Yoast SEO plugin. -->","yoast_head_json":{"title":"El PP propone retirar la valla perimetral del auditorio de Magoi una vez que el gobierno local reconoce que est\u00e1 listo para abrir - Grupo Municipal Partido Popular de Lugo","robots":{"index":"index","follow":"follow","max-snippet":"max-snippet:-1","max-image-preview":"max-image-preview:large","max-video-preview":"max-video-preview:-1"},"canonical":"https:\/\/www.ppdelugo.com\/es\/o-pp-propon-retirar-a-valla-perimetral-do-auditorio-de-magoi-unha-vez-que-o-goberno-local-reconece-que-o-esta-listo-para-abrir\/","og_locale":"es_ES","og_type":"article","og_title":"El PP propone retirar la valla perimetral del auditorio de Magoi una vez que el gobierno local reconoce que est\u00e1 listo para abrir - Grupo Municipal Partido Popular de Lugo","og_description":"\u2022 \u201cMientras no podemos disfrutar de su interior pedimos que se abra todo el espacio que rodea el recinto del auditorio para que los lucenses ganen zonas de esparcimiento para...","og_url":"https:\/\/www.ppdelugo.com\/es\/o-pp-propon-retirar-a-valla-perimetral-do-auditorio-de-magoi-unha-vez-que-o-goberno-local-reconece-que-o-esta-listo-para-abrir\/","og_site_name":"Grupo Municipal Partido Popular de Lugo","article_published_time":"2024-03-16T21:11:39+00:00","article_modified_time":"2024-03-16T21:16:18+00:00","og_image":[{"width":1600,"height":1200,"url":"https:\/\/www.ppdelugo.com\/wp-content\/uploads\/2024\/03\/Auditorio-Magoi-Marzo-2024-3.jpeg","type":"image\/jpeg"}],"author":"PP","twitter_card":"summary_large_image","twitter_image":"https:\/\/www.ppdelugo.com\/wp-content\/uploads\/2024\/03\/Auditorio-Magoi-Marzo-2024-3.jpeg","twitter_misc":{"Escrito por":"PP","Tiempo de lectura":"3 minutos"},"schema":{"@context":"https:\/\/schema.org","@graph":[{"@type":"Article","@id":"https:\/\/www.ppdelugo.com\/es\/o-pp-propon-retirar-a-valla-perimetral-do-auditorio-de-magoi-unha-vez-que-o-goberno-local-reconece-que-o-esta-listo-para-abrir\/#article","isPartOf":{"@id":"https:\/\/www.ppdelugo.com\/es\/o-pp-propon-retirar-a-valla-perimetral-do-auditorio-de-magoi-unha-vez-que-o-goberno-local-reconece-que-o-esta-listo-para-abrir\/"},"author":{"name":"PP","@id":"https:\/\/www.ppdelugo.com\/es\/#\/schema\/person\/a847ea797b54208d374f6a8953571050"},"headline":"El PP propone retirar la valla perimetral del auditorio de Magoi una vez que el gobierno local reconoce que est\u00e1 listo para abrir","datePublished":"2024-03-16T21:11:39+00:00","dateModified":"2024-03-16T21:16:18+00:00","mainEntityOfPage":{"@id":"https:\/\/www.ppdelugo.com\/es\/o-pp-propon-retirar-a-valla-perimetral-do-auditorio-de-magoi-unha-vez-que-o-goberno-local-reconece-que-o-esta-listo-para-abrir\/"},"wordCount":362,"commentCount":0,"image":{"@id":"https:\/\/www.ppdelugo.com\/es\/o-pp-propon-retirar-a-valla-perimetral-do-auditorio-de-magoi-unha-vez-que-o-goberno-local-reconece-que-o-esta-listo-para-abrir\/#primaryimage"},"thumbnailUrl":"https:\/\/www.ppdelugo.com\/wp-content\/uploads\/2024\/03\/Auditorio-Magoi-Marzo-2024-3.jpeg","articleSection":["Auditorio"],"inLanguage":"es","potentialAction":[{"@type":"CommentAction","name":"Comment","target":["https:\/\/www.ppdelugo.com\/es\/o-pp-propon-retirar-a-valla-perimetral-do-auditorio-de-magoi-unha-vez-que-o-goberno-local-reconece-que-o-esta-listo-para-abrir\/#respond"]}]},{"@type":"WebPage","@id":"https:\/\/www.ppdelugo.com\/es\/o-pp-propon-retirar-a-valla-perimetral-do-auditorio-de-magoi-unha-vez-que-o-goberno-local-reconece-que-o-esta-listo-para-abrir\/","url":"https:\/\/www.ppdelugo.com\/es\/o-pp-propon-retirar-a-valla-perimetral-do-auditorio-de-magoi-unha-vez-que-o-goberno-local-reconece-que-o-esta-listo-para-abrir\/","name":"El PP propone retirar la valla perimetral del auditorio de Magoi una vez que el gobierno local reconoce que est\u00e1 listo para abrir - Grupo Municipal Partido Popular de Lugo","isPartOf":{"@id":"https:\/\/www.ppdelugo.com\/es\/#website"},"primaryImageOfPage":{"@id":"https:\/\/www.ppdelugo.com\/es\/o-pp-propon-retirar-a-valla-perimetral-do-auditorio-de-magoi-unha-vez-que-o-goberno-local-reconece-que-o-esta-listo-para-abrir\/#primaryimage"},"image":{"@id":"https:\/\/www.ppdelugo.com\/es\/o-pp-propon-retirar-a-valla-perimetral-do-auditorio-de-magoi-unha-vez-que-o-goberno-local-reconece-que-o-esta-listo-para-abrir\/#primaryimage"},"thumbnailUrl":"https:\/\/www.ppdelugo.com\/wp-content\/uploads\/2024\/03\/Auditorio-Magoi-Marzo-2024-3.jpeg","datePublished":"2024-03-16T21:11:39+00:00","dateModified":"2024-03-16T21:16:18+00:00","author":{"@id":"https:\/\/www.ppdelugo.com\/es\/#\/schema\/person\/a847ea797b54208d374f6a8953571050"},"breadcrumb":{"@id":"https:\/\/www.ppdelugo.com\/es\/o-pp-propon-retirar-a-valla-perimetral-do-auditorio-de-magoi-unha-vez-que-o-goberno-local-reconece-que-o-esta-listo-para-abrir\/#breadcrumb"},"inLanguage":"es","potentialAction":[{"@type":"ReadAction","target":["https:\/\/www.ppdelugo.com\/es\/o-pp-propon-retirar-a-valla-perimetral-do-auditorio-de-magoi-unha-vez-que-o-goberno-local-reconece-que-o-esta-listo-para-abrir\/"]}]},{"@type":"ImageObject","inLanguage":"es","@id":"https:\/\/www.ppdelugo.com\/es\/o-pp-propon-retirar-a-valla-perimetral-do-auditorio-de-magoi-unha-vez-que-o-goberno-local-reconece-que-o-esta-listo-para-abrir\/#primaryimage","url":"https:\/\/www.ppdelugo.com\/wp-content\/uploads\/2024\/03\/Auditorio-Magoi-Marzo-2024-3.jpeg","contentUrl":"https:\/\/www.ppdelugo.com\/wp-content\/uploads\/2024\/03\/Auditorio-Magoi-Marzo-2024-3.jpeg","width":1600,"height":1200},{"@type":"BreadcrumbList","@id":"https:\/\/www.ppdelugo.com\/es\/o-pp-propon-retirar-a-valla-perimetral-do-auditorio-de-magoi-unha-vez-que-o-goberno-local-reconece-que-o-esta-listo-para-abrir\/#breadcrumb","itemListElement":[{"@type":"ListItem","position":1,"name":"Portada","item":"https:\/\/www.ppdelugo.com\/es\/"},{"@type":"ListItem","position":2,"name":"El PP propone retirar la valla perimetral del auditorio de Magoi una vez que el gobierno local reconoce que est\u00e1 listo para abrir"}]},{"@type":"WebSite","@id":"https:\/\/www.ppdelugo.com\/es\/#website","url":"https:\/\/www.ppdelugo.com\/es\/","name":"Grupo Municipal Partido Popular de Lugo","description":"Web del Grupo Municipal del Partido Popular en el Ayuntamiento de Lugo, con informaci\u00f3n sobre Lugo y fomento de la participaci\u00f3n ciudadana","potentialAction":[{"@type":"SearchAction","target":{"@type":"EntryPoint","urlTemplate":"https:\/\/www.ppdelugo.com\/es\/?s={search_term_string}"},"query-input":{"@type":"PropertyValueSpecification","valueRequired":true,"valueName":"search_term_string"}}],"inLanguage":"es"},{"@type":"Person","@id":"https:\/\/www.ppdelugo.com\/es\/#\/schema\/person\/a847ea797b54208d374f6a8953571050","name":"PP","url":"https:\/\/www.ppdelugo.com\/es\/author\/ppdelugo\/"}]}},"_links":{"self":[{"href":"https:\/\/www.ppdelugo.com\/es\/wp-json\/wp\/v2\/posts\/21641","targetHints":{"allow":["GET"]}}],"collection":[{"href":"https:\/\/www.ppdelugo.com\/es\/wp-json\/wp\/v2\/posts"}],"about":[{"href":"https:\/\/www.ppdelugo.com\/es\/wp-json\/wp\/v2\/types\/post"}],"author":[{"embeddable":true,"href":"https:\/\/www.ppdelugo.com\/es\/wp-json\/wp\/v2\/users\/2"}],"replies":[{"embeddable":true,"href":"https:\/\/www.ppdelugo.com\/es\/wp-json\/wp\/v2\/comments?post=21641"}],"version-history":[{"count":2,"href":"https:\/\/www.ppdelugo.com\/es\/wp-json\/wp\/v2\/posts\/21641\/revisions"}],"predecessor-version":[{"id":21643,"href":"https:\/\/www.ppdelugo.com\/es\/wp-json\/wp\/v2\/posts\/21641\/revisions\/21643"}],"wp:featuredmedia":[{"embeddable":true,"href":"https:\/\/www.ppdelugo.com\/es\/wp-json\/wp\/v2\/media\/21639"}],"wp:attachment":[{"href":"https:\/\/www.ppdelugo.com\/es\/wp-json\/wp\/v2\/media?parent=21641"}],"wp:term":[{"taxonomy":"category","embeddable":true,"href":"https:\/\/www.ppdelugo.com\/es\/wp-json\/wp\/v2\/categories?post=21641"},{"taxonomy":"post_tag","embeddable":true,"href":"https:\/\/www.ppdelugo.com\/es\/wp-json\/wp\/v2\/tags?post=21641"}],"curies":[{"name":"wp","href":"https:\/\/api.w.org\/{rel}","templated":true}]}}