{"id":21562,"date":"2024-03-05T17:27:34","date_gmt":"2024-03-05T17:27:34","guid":{"rendered":"https:\/\/www.ppdelugo.com\/o-pp-acusa-ao-goberno-local-de-incumprir-os-acordos-cos-hostaleiros-respecto-ao-cobro-das-terrazas\/"},"modified":"2024-03-05T17:27:34","modified_gmt":"2024-03-05T17:27:34","slug":"o-pp-acusa-ao-goberno-local-de-incumprir-os-acordos-cos-hostaleiros-respecto-ao-cobro-das-terrazas","status":"publish","type":"post","link":"https:\/\/www.ppdelugo.com\/es\/o-pp-acusa-ao-goberno-local-de-incumprir-os-acordos-cos-hostaleiros-respecto-ao-cobro-das-terrazas\/","title":{"rendered":"O PP acusa ao goberno local de incumprir os acordos cos hostaleiros respecto ao cobro das terrazas"},"content":{"rendered":"<p>Esta semana os hostaleiros con terrazas de Lugo est\u00e1n recibindo os recibos do cobro por ocupaci\u00f3n de v\u00eda p\u00fablica con casos nos que pasan de pagar, nun intervalo de catro anos, de 212,52\u20ac a 1.850,40\u20ac.<\/p>\n<p>Dende o Partido Popular\u00a0 lamentamos que \u201cningu\u00e9n lles notificase aos hostaleiros cando e canto se lles \u00eda cobrar polas s\u00faas terrazas, nin tan sequera se lles consultou a s\u00faa superficie lembrando como antes da pandemia solicitaban a terraza e se lles enviaba un decreto cos metros ocupados, condici\u00f3ns xerais para a instalaci\u00f3n, etc\u201d<\/p>\n<p>No PP cren que \u201ca falta de indicaci\u00f3ns claras do procedemento suxire que os hostaleiros poder\u00edan ter motivos para reclamar o cobro das taxas xa que o goberno local non seguiu os protocolos habituais e houbo desinformaci\u00f3n\u201d<\/p>\n<p>A concelleira popular explicou que TER UNHA REGULACI\u00d3N \u00e9 fundamental de cara a dar SEGURIDADE XUR\u00cdDICA E CERTEZA aos empresarios que optan por est\u00e1s instalaci\u00f3ns nos seus negocios, pero tam\u00e9n permite que se GARANTA A SEGURIDADE\u00a0 dos usuarios das v\u00edas e beirarr\u00faas<\/p>\n<p>&nbsp;<\/p>\n","protected":false},"excerpt":{"rendered":"<p>Esta semana os hostaleiros con terrazas de Lugo est\u00e1n recibindo os recibos do cobro por ocupaci\u00f3n de v\u00eda p\u00fablica con casos nos que pasan de pagar, nun intervalo de catro&#8230;<\/p>\n","protected":false},"author":2,"featured_media":21560,"comment_status":"open","ping_status":"closed","sticky":false,"template":"","format":"standard","meta":{"footnotes":""},"categories":[31],"tags":[],"class_list":{"0":"post-21562","1":"post","2":"type-post","3":"status-publish","4":"format-standard","5":"has-post-thumbnail","7":"category-economia-es"},"yoast_head":"<!-- This site is optimized with the Yoast SEO plugin v27.4 - https:\/\/yoast.com\/product\/yoast-seo-wordpress\/ -->\n<title>O PP acusa ao goberno local de incumprir os acordos cos hostaleiros respecto ao cobro das terrazas - Grupo Municipal Partido Popular de Lugo<\/title>\n<meta name=\"robots\" content=\"index, follow, max-snippet:-1, max-image-preview:large, max-video-preview:-1\" \/>\n<link rel=\"canonical\" href=\"https:\/\/www.ppdelugo.com\/es\/o-pp-acusa-ao-goberno-local-de-incumprir-os-acordos-cos-hostaleiros-respecto-ao-cobro-das-terrazas\/\" \/>\n<meta property=\"og:locale\" content=\"es_ES\" \/>\n<meta property=\"og:type\" content=\"article\" \/>\n<meta property=\"og:title\" content=\"O PP acusa ao goberno local de incumprir os acordos cos hostaleiros respecto ao cobro das terrazas - Grupo Municipal Partido Popular de Lugo\" \/>\n<meta property=\"og:description\" content=\"Esta semana os hostaleiros con terrazas de Lugo est\u00e1n recibindo os recibos do cobro por ocupaci\u00f3n de v\u00eda p\u00fablica con casos nos que pasan de pagar, nun intervalo de catro...\" \/>\n<meta property=\"og:url\" content=\"https:\/\/www.ppdelugo.com\/es\/o-pp-acusa-ao-goberno-local-de-incumprir-os-acordos-cos-hostaleiros-respecto-ao-cobro-das-terrazas\/\" \/>\n<meta property=\"og:site_name\" content=\"Grupo Municipal Partido Popular de Lugo\" \/>\n<meta property=\"article:published_time\" content=\"2024-03-05T17:27:34+00:00\" \/>\n<meta name=\"author\" content=\"PP\" \/>\n<meta name=\"twitter:card\" content=\"summary_large_image\" \/>\n<meta name=\"twitter:label1\" content=\"Escrito por\" \/>\n\t<meta name=\"twitter:data1\" content=\"PP\" \/>\n\t<meta name=\"twitter:label2\" content=\"Tiempo de lectura\" \/>\n\t<meta name=\"twitter:data2\" content=\"1 minuto\" \/>\n<script type=\"application\/ld+json\" class=\"yoast-schema-graph\">{\"@context\":\"https:\\\/\\\/schema.org\",\"@graph\":[{\"@type\":\"Article\",\"@id\":\"https:\\\/\\\/www.ppdelugo.com\\\/es\\\/o-pp-acusa-ao-goberno-local-de-incumprir-os-acordos-cos-hostaleiros-respecto-ao-cobro-das-terrazas\\\/#article\",\"isPartOf\":{\"@id\":\"https:\\\/\\\/www.ppdelugo.com\\\/es\\\/o-pp-acusa-ao-goberno-local-de-incumprir-os-acordos-cos-hostaleiros-respecto-ao-cobro-das-terrazas\\\/\"},\"author\":{\"name\":\"PP\",\"@id\":\"https:\\\/\\\/www.ppdelugo.com\\\/es\\\/#\\\/schema\\\/person\\\/a847ea797b54208d374f6a8953571050\"},\"headline\":\"O PP acusa ao goberno local de incumprir os acordos cos hostaleiros respecto ao cobro das terrazas\",\"datePublished\":\"2024-03-05T17:27:34+00:00\",\"mainEntityOfPage\":{\"@id\":\"https:\\\/\\\/www.ppdelugo.com\\\/es\\\/o-pp-acusa-ao-goberno-local-de-incumprir-os-acordos-cos-hostaleiros-respecto-ao-cobro-das-terrazas\\\/\"},\"wordCount\":201,\"commentCount\":0,\"image\":{\"@id\":\"https:\\\/\\\/www.ppdelugo.com\\\/es\\\/o-pp-acusa-ao-goberno-local-de-incumprir-os-acordos-cos-hostaleiros-respecto-ao-cobro-das-terrazas\\\/#primaryimage\"},\"thumbnailUrl\":\"https:\\\/\\\/www.ppdelugo.com\\\/wp-content\\\/uploads\\\/2024\\\/03\\\/TERRAZAS.jpeg\",\"articleSection\":[\"Econom\u00eda\"],\"inLanguage\":\"es\",\"potentialAction\":[{\"@type\":\"CommentAction\",\"name\":\"Comment\",\"target\":[\"https:\\\/\\\/www.ppdelugo.com\\\/es\\\/o-pp-acusa-ao-goberno-local-de-incumprir-os-acordos-cos-hostaleiros-respecto-ao-cobro-das-terrazas\\\/#respond\"]}]},{\"@type\":\"WebPage\",\"@id\":\"https:\\\/\\\/www.ppdelugo.com\\\/es\\\/o-pp-acusa-ao-goberno-local-de-incumprir-os-acordos-cos-hostaleiros-respecto-ao-cobro-das-terrazas\\\/\",\"url\":\"https:\\\/\\\/www.ppdelugo.com\\\/es\\\/o-pp-acusa-ao-goberno-local-de-incumprir-os-acordos-cos-hostaleiros-respecto-ao-cobro-das-terrazas\\\/\",\"name\":\"O PP acusa ao goberno local de incumprir os acordos cos hostaleiros respecto ao cobro das terrazas - Grupo Municipal Partido Popular de Lugo\",\"isPartOf\":{\"@id\":\"https:\\\/\\\/www.ppdelugo.com\\\/es\\\/#website\"},\"primaryImageOfPage\":{\"@id\":\"https:\\\/\\\/www.ppdelugo.com\\\/es\\\/o-pp-acusa-ao-goberno-local-de-incumprir-os-acordos-cos-hostaleiros-respecto-ao-cobro-das-terrazas\\\/#primaryimage\"},\"image\":{\"@id\":\"https:\\\/\\\/www.ppdelugo.com\\\/es\\\/o-pp-acusa-ao-goberno-local-de-incumprir-os-acordos-cos-hostaleiros-respecto-ao-cobro-das-terrazas\\\/#primaryimage\"},\"thumbnailUrl\":\"https:\\\/\\\/www.ppdelugo.com\\\/wp-content\\\/uploads\\\/2024\\\/03\\\/TERRAZAS.jpeg\",\"datePublished\":\"2024-03-05T17:27:34+00:00\",\"author\":{\"@id\":\"https:\\\/\\\/www.ppdelugo.com\\\/es\\\/#\\\/schema\\\/person\\\/a847ea797b54208d374f6a8953571050\"},\"breadcrumb\":{\"@id\":\"https:\\\/\\\/www.ppdelugo.com\\\/es\\\/o-pp-acusa-ao-goberno-local-de-incumprir-os-acordos-cos-hostaleiros-respecto-ao-cobro-das-terrazas\\\/#breadcrumb\"},\"inLanguage\":\"es\",\"potentialAction\":[{\"@type\":\"ReadAction\",\"target\":[\"https:\\\/\\\/www.ppdelugo.com\\\/es\\\/o-pp-acusa-ao-goberno-local-de-incumprir-os-acordos-cos-hostaleiros-respecto-ao-cobro-das-terrazas\\\/\"]}]},{\"@type\":\"ImageObject\",\"inLanguage\":\"es\",\"@id\":\"https:\\\/\\\/www.ppdelugo.com\\\/es\\\/o-pp-acusa-ao-goberno-local-de-incumprir-os-acordos-cos-hostaleiros-respecto-ao-cobro-das-terrazas\\\/#primaryimage\",\"url\":\"https:\\\/\\\/www.ppdelugo.com\\\/wp-content\\\/uploads\\\/2024\\\/03\\\/TERRAZAS.jpeg\",\"contentUrl\":\"https:\\\/\\\/www.ppdelugo.com\\\/wp-content\\\/uploads\\\/2024\\\/03\\\/TERRAZAS.jpeg\",\"width\":1536,\"height\":2048},{\"@type\":\"BreadcrumbList\",\"@id\":\"https:\\\/\\\/www.ppdelugo.com\\\/es\\\/o-pp-acusa-ao-goberno-local-de-incumprir-os-acordos-cos-hostaleiros-respecto-ao-cobro-das-terrazas\\\/#breadcrumb\",\"itemListElement\":[{\"@type\":\"ListItem\",\"position\":1,\"name\":\"Portada\",\"item\":\"https:\\\/\\\/www.ppdelugo.com\\\/es\\\/\"},{\"@type\":\"ListItem\",\"position\":2,\"name\":\"O PP acusa ao goberno local de incumprir os acordos cos hostaleiros respecto ao cobro das terrazas\"}]},{\"@type\":\"WebSite\",\"@id\":\"https:\\\/\\\/www.ppdelugo.com\\\/es\\\/#website\",\"url\":\"https:\\\/\\\/www.ppdelugo.com\\\/es\\\/\",\"name\":\"Grupo Municipal Partido Popular de Lugo\",\"description\":\"Web del Grupo Municipal del Partido Popular en el Ayuntamiento de Lugo, con informaci\u00f3n sobre Lugo y fomento de la participaci\u00f3n ciudadana\",\"potentialAction\":[{\"@type\":\"SearchAction\",\"target\":{\"@type\":\"EntryPoint\",\"urlTemplate\":\"https:\\\/\\\/www.ppdelugo.com\\\/es\\\/?s={search_term_string}\"},\"query-input\":{\"@type\":\"PropertyValueSpecification\",\"valueRequired\":true,\"valueName\":\"search_term_string\"}}],\"inLanguage\":\"es\"},{\"@type\":\"Person\",\"@id\":\"https:\\\/\\\/www.ppdelugo.com\\\/es\\\/#\\\/schema\\\/person\\\/a847ea797b54208d374f6a8953571050\",\"name\":\"PP\",\"url\":\"https:\\\/\\\/www.ppdelugo.com\\\/es\\\/author\\\/ppdelugo\\\/\"}]}<\/script>\n<!-- \/ Yoast SEO plugin. -->","yoast_head_json":{"title":"O PP acusa ao goberno local de incumprir os acordos cos hostaleiros respecto ao cobro das terrazas - Grupo Municipal Partido Popular de Lugo","robots":{"index":"index","follow":"follow","max-snippet":"max-snippet:-1","max-image-preview":"max-image-preview:large","max-video-preview":"max-video-preview:-1"},"canonical":"https:\/\/www.ppdelugo.com\/es\/o-pp-acusa-ao-goberno-local-de-incumprir-os-acordos-cos-hostaleiros-respecto-ao-cobro-das-terrazas\/","og_locale":"es_ES","og_type":"article","og_title":"O PP acusa ao goberno local de incumprir os acordos cos hostaleiros respecto ao cobro das terrazas - Grupo Municipal Partido Popular de Lugo","og_description":"Esta semana os hostaleiros con terrazas de Lugo est\u00e1n recibindo os recibos do cobro por ocupaci\u00f3n de v\u00eda p\u00fablica con casos nos que pasan de pagar, nun intervalo de catro...","og_url":"https:\/\/www.ppdelugo.com\/es\/o-pp-acusa-ao-goberno-local-de-incumprir-os-acordos-cos-hostaleiros-respecto-ao-cobro-das-terrazas\/","og_site_name":"Grupo Municipal Partido Popular de Lugo","article_published_time":"2024-03-05T17:27:34+00:00","author":"PP","twitter_card":"summary_large_image","twitter_misc":{"Escrito por":"PP","Tiempo de lectura":"1 minuto"},"schema":{"@context":"https:\/\/schema.org","@graph":[{"@type":"Article","@id":"https:\/\/www.ppdelugo.com\/es\/o-pp-acusa-ao-goberno-local-de-incumprir-os-acordos-cos-hostaleiros-respecto-ao-cobro-das-terrazas\/#article","isPartOf":{"@id":"https:\/\/www.ppdelugo.com\/es\/o-pp-acusa-ao-goberno-local-de-incumprir-os-acordos-cos-hostaleiros-respecto-ao-cobro-das-terrazas\/"},"author":{"name":"PP","@id":"https:\/\/www.ppdelugo.com\/es\/#\/schema\/person\/a847ea797b54208d374f6a8953571050"},"headline":"O PP acusa ao goberno local de incumprir os acordos cos hostaleiros respecto ao cobro das terrazas","datePublished":"2024-03-05T17:27:34+00:00","mainEntityOfPage":{"@id":"https:\/\/www.ppdelugo.com\/es\/o-pp-acusa-ao-goberno-local-de-incumprir-os-acordos-cos-hostaleiros-respecto-ao-cobro-das-terrazas\/"},"wordCount":201,"commentCount":0,"image":{"@id":"https:\/\/www.ppdelugo.com\/es\/o-pp-acusa-ao-goberno-local-de-incumprir-os-acordos-cos-hostaleiros-respecto-ao-cobro-das-terrazas\/#primaryimage"},"thumbnailUrl":"https:\/\/www.ppdelugo.com\/wp-content\/uploads\/2024\/03\/TERRAZAS.jpeg","articleSection":["Econom\u00eda"],"inLanguage":"es","potentialAction":[{"@type":"CommentAction","name":"Comment","target":["https:\/\/www.ppdelugo.com\/es\/o-pp-acusa-ao-goberno-local-de-incumprir-os-acordos-cos-hostaleiros-respecto-ao-cobro-das-terrazas\/#respond"]}]},{"@type":"WebPage","@id":"https:\/\/www.ppdelugo.com\/es\/o-pp-acusa-ao-goberno-local-de-incumprir-os-acordos-cos-hostaleiros-respecto-ao-cobro-das-terrazas\/","url":"https:\/\/www.ppdelugo.com\/es\/o-pp-acusa-ao-goberno-local-de-incumprir-os-acordos-cos-hostaleiros-respecto-ao-cobro-das-terrazas\/","name":"O PP acusa ao goberno local de incumprir os acordos cos hostaleiros respecto ao cobro das terrazas - Grupo Municipal Partido Popular de Lugo","isPartOf":{"@id":"https:\/\/www.ppdelugo.com\/es\/#website"},"primaryImageOfPage":{"@id":"https:\/\/www.ppdelugo.com\/es\/o-pp-acusa-ao-goberno-local-de-incumprir-os-acordos-cos-hostaleiros-respecto-ao-cobro-das-terrazas\/#primaryimage"},"image":{"@id":"https:\/\/www.ppdelugo.com\/es\/o-pp-acusa-ao-goberno-local-de-incumprir-os-acordos-cos-hostaleiros-respecto-ao-cobro-das-terrazas\/#primaryimage"},"thumbnailUrl":"https:\/\/www.ppdelugo.com\/wp-content\/uploads\/2024\/03\/TERRAZAS.jpeg","datePublished":"2024-03-05T17:27:34+00:00","author":{"@id":"https:\/\/www.ppdelugo.com\/es\/#\/schema\/person\/a847ea797b54208d374f6a8953571050"},"breadcrumb":{"@id":"https:\/\/www.ppdelugo.com\/es\/o-pp-acusa-ao-goberno-local-de-incumprir-os-acordos-cos-hostaleiros-respecto-ao-cobro-das-terrazas\/#breadcrumb"},"inLanguage":"es","potentialAction":[{"@type":"ReadAction","target":["https:\/\/www.ppdelugo.com\/es\/o-pp-acusa-ao-goberno-local-de-incumprir-os-acordos-cos-hostaleiros-respecto-ao-cobro-das-terrazas\/"]}]},{"@type":"ImageObject","inLanguage":"es","@id":"https:\/\/www.ppdelugo.com\/es\/o-pp-acusa-ao-goberno-local-de-incumprir-os-acordos-cos-hostaleiros-respecto-ao-cobro-das-terrazas\/#primaryimage","url":"https:\/\/www.ppdelugo.com\/wp-content\/uploads\/2024\/03\/TERRAZAS.jpeg","contentUrl":"https:\/\/www.ppdelugo.com\/wp-content\/uploads\/2024\/03\/TERRAZAS.jpeg","width":1536,"height":2048},{"@type":"BreadcrumbList","@id":"https:\/\/www.ppdelugo.com\/es\/o-pp-acusa-ao-goberno-local-de-incumprir-os-acordos-cos-hostaleiros-respecto-ao-cobro-das-terrazas\/#breadcrumb","itemListElement":[{"@type":"ListItem","position":1,"name":"Portada","item":"https:\/\/www.ppdelugo.com\/es\/"},{"@type":"ListItem","position":2,"name":"O PP acusa ao goberno local de incumprir os acordos cos hostaleiros respecto ao cobro das terrazas"}]},{"@type":"WebSite","@id":"https:\/\/www.ppdelugo.com\/es\/#website","url":"https:\/\/www.ppdelugo.com\/es\/","name":"Grupo Municipal Partido Popular de Lugo","description":"Web del Grupo Municipal del Partido Popular en el Ayuntamiento de Lugo, con informaci\u00f3n sobre Lugo y fomento de la participaci\u00f3n ciudadana","potentialAction":[{"@type":"SearchAction","target":{"@type":"EntryPoint","urlTemplate":"https:\/\/www.ppdelugo.com\/es\/?s={search_term_string}"},"query-input":{"@type":"PropertyValueSpecification","valueRequired":true,"valueName":"search_term_string"}}],"inLanguage":"es"},{"@type":"Person","@id":"https:\/\/www.ppdelugo.com\/es\/#\/schema\/person\/a847ea797b54208d374f6a8953571050","name":"PP","url":"https:\/\/www.ppdelugo.com\/es\/author\/ppdelugo\/"}]}},"_links":{"self":[{"href":"https:\/\/www.ppdelugo.com\/es\/wp-json\/wp\/v2\/posts\/21562","targetHints":{"allow":["GET"]}}],"collection":[{"href":"https:\/\/www.ppdelugo.com\/es\/wp-json\/wp\/v2\/posts"}],"about":[{"href":"https:\/\/www.ppdelugo.com\/es\/wp-json\/wp\/v2\/types\/post"}],"author":[{"embeddable":true,"href":"https:\/\/www.ppdelugo.com\/es\/wp-json\/wp\/v2\/users\/2"}],"replies":[{"embeddable":true,"href":"https:\/\/www.ppdelugo.com\/es\/wp-json\/wp\/v2\/comments?post=21562"}],"version-history":[{"count":1,"href":"https:\/\/www.ppdelugo.com\/es\/wp-json\/wp\/v2\/posts\/21562\/revisions"}],"predecessor-version":[{"id":21563,"href":"https:\/\/www.ppdelugo.com\/es\/wp-json\/wp\/v2\/posts\/21562\/revisions\/21563"}],"wp:featuredmedia":[{"embeddable":true,"href":"https:\/\/www.ppdelugo.com\/es\/wp-json\/wp\/v2\/media\/21560"}],"wp:attachment":[{"href":"https:\/\/www.ppdelugo.com\/es\/wp-json\/wp\/v2\/media?parent=21562"}],"wp:term":[{"taxonomy":"category","embeddable":true,"href":"https:\/\/www.ppdelugo.com\/es\/wp-json\/wp\/v2\/categories?post=21562"},{"taxonomy":"post_tag","embeddable":true,"href":"https:\/\/www.ppdelugo.com\/es\/wp-json\/wp\/v2\/tags?post=21562"}],"curies":[{"name":"wp","href":"https:\/\/api.w.org\/{rel}","templated":true}]}}