{"id":21513,"date":"2024-02-24T19:45:08","date_gmt":"2024-02-24T19:45:08","guid":{"rendered":"https:\/\/www.ppdelugo.com\/o-pp-destaca-a-sua-iniciativa-para-que-a-nova-comisaria-de-lugo-sexa-unha-realidade-e-lembra-que-segue-traballando-polo-compromiso-de-levar-esta-dotacion-a-zona-norte\/"},"modified":"2024-02-24T19:49:26","modified_gmt":"2024-02-24T19:49:26","slug":"o-pp-destaca-a-sua-iniciativa-para-que-a-nova-comisaria-de-lugo-sexa-unha-realidade-e-lembra-que-segue-traballando-polo-compromiso-de-levar-esta-dotacion-a-zona-norte","status":"publish","type":"post","link":"https:\/\/www.ppdelugo.com\/es\/o-pp-destaca-a-sua-iniciativa-para-que-a-nova-comisaria-de-lugo-sexa-unha-realidade-e-lembra-que-segue-traballando-polo-compromiso-de-levar-esta-dotacion-a-zona-norte\/","title":{"rendered":"El PP destaca su iniciativa  para que la nueva Comisar\u00eda de Lugo sea una realidad y recuerda que sigue trabajando por el compromiso de llevar  esta dotaci\u00f3n a la zona norte"},"content":{"rendered":"<p>\u2022 Los populares recuerdan que, por iniciativa del PP, se puso en marcha la maquinaria administrativa para impulsar esta dotaci\u00f3n \u201cconseguimos que vinieran en diciembre los t\u00e9cnicos del Ministerio del Interior para analizar las tres posibles ubicaciones, seleccionaron la parcela y ahora solo queda que el ayuntamiento cumpla su parte\u201d<\/p>\n<p>\u2022 Desde el PP aclaran que \u201csi ahora est\u00e1 bloqueado el proyecto para construir la nueva Comisar\u00eda de la Polic\u00eda Nacional es por la falta de trabajo del gobierno local que a\u00fan no tramit\u00f3 la cesi\u00f3n de las parcelas que tienen que pasar por la aprobaci\u00f3n del pleno, un paso esencial para avanzar en el proyecto\u201d<\/p>\n<p>\u2022 Otros proyectos paralizados por falta de este tr\u00e1mite son el Centro de salud del Sagrado Coraz\u00f3n o la construcci\u00f3n de m\u00e1s vivienda p\u00fablica. En ambos casos la administraci\u00f3n auton\u00f3mica contin\u00faa a la espera de que el ayuntamiento le entregue los terrenos<\/p>\n<p>S\u00c1BADO 24 DE FEBRERO DE 2024<\/p>\n<p>El Partido Popular llevar\u00e1 al pr\u00f3ximo pleno una pregunta para clarificar d\u00f3nde decidi\u00f3 el gobierno de S\u00e1nchez construir la nueva Comisar\u00eda de la polic\u00eda nacional.<\/p>\n<p>Los populares piden concreci\u00f3n sobre la ubicaci\u00f3n recordando que ya pasaron m\u00e1s de dos meses de la visita realizada por los t\u00e9cnicos del Ministerio para analizar las tres alternativas que hab\u00eda sobre la mesa: el edificio de obras p\u00fablicas o las parcelas municipales del Casti\u00f1eiro o Abella.<\/p>\n<p>Si hay una voluntad real y si para el gobierno local fuese una prioridad que Lugo tenga una nueva Comisar\u00eda deber\u00eda estar\u00eda ya tramitando la cesi\u00f3n de la parcela municipal seleccionada.<\/p>\n<p>Los populares, desde el primer momento, mostraron su predisposici\u00f3n a cualquier alternativa siempre que fuera \u00e1gil la construcci\u00f3n y cubriera tanto las necesidades de la ciudadan\u00eda como de los agentes de la polic\u00eda, tal y como explicaron en el pleno de noviembre de 2023 en la iniciativa que defendieron en el pleno.<\/p>\n<p>Hay que recordar que la propuesta que present\u00f3 el PP en pleno con varias ubicaciones para construir la nueva comisar\u00eda fue fundamental para conseguir que el gobierno local asumiera el compromiso de construir esta dotaci\u00f3n en la zona norte.<\/p>\n<p>&nbsp;<\/p>\n","protected":false},"excerpt":{"rendered":"<p>\u2022 Los populares recuerdan que, por iniciativa del PP, se puso en marcha la maquinaria administrativa para impulsar esta dotaci\u00f3n \u201cconseguimos que vinieran en diciembre los t\u00e9cnicos del Ministerio del&#8230;<\/p>\n","protected":false},"author":2,"featured_media":21511,"comment_status":"open","ping_status":"closed","sticky":false,"template":"","format":"standard","meta":{"footnotes":""},"categories":[32,79],"tags":[],"class_list":{"0":"post-21513","1":"post","2":"type-post","3":"status-publish","4":"format-standard","5":"has-post-thumbnail","7":"category-infraestructuras-es","8":"category-policia-es"},"yoast_head":"<!-- This site is optimized with the Yoast SEO plugin v27.4 - https:\/\/yoast.com\/product\/yoast-seo-wordpress\/ -->\n<title>El PP destaca su iniciativa para que la nueva Comisar\u00eda de Lugo sea una realidad y recuerda que sigue trabajando por el compromiso de llevar esta dotaci\u00f3n a la zona norte - Grupo Municipal Partido Popular de Lugo<\/title>\n<meta name=\"robots\" content=\"index, follow, max-snippet:-1, max-image-preview:large, max-video-preview:-1\" \/>\n<link rel=\"canonical\" href=\"https:\/\/www.ppdelugo.com\/es\/o-pp-destaca-a-sua-iniciativa-para-que-a-nova-comisaria-de-lugo-sexa-unha-realidade-e-lembra-que-segue-traballando-polo-compromiso-de-levar-esta-dotacion-a-zona-norte\/\" \/>\n<meta property=\"og:locale\" content=\"es_ES\" \/>\n<meta property=\"og:type\" content=\"article\" \/>\n<meta property=\"og:title\" content=\"El PP destaca su iniciativa para que la nueva Comisar\u00eda de Lugo sea una realidad y recuerda que sigue trabajando por el compromiso de llevar esta dotaci\u00f3n a la zona norte - Grupo Municipal Partido Popular de Lugo\" \/>\n<meta property=\"og:description\" content=\"\u2022 Los populares recuerdan que, por iniciativa del PP, se puso en marcha la maquinaria administrativa para impulsar esta dotaci\u00f3n \u201cconseguimos que vinieran en diciembre los t\u00e9cnicos del Ministerio del...\" \/>\n<meta property=\"og:url\" content=\"https:\/\/www.ppdelugo.com\/es\/o-pp-destaca-a-sua-iniciativa-para-que-a-nova-comisaria-de-lugo-sexa-unha-realidade-e-lembra-que-segue-traballando-polo-compromiso-de-levar-esta-dotacion-a-zona-norte\/\" \/>\n<meta property=\"og:site_name\" content=\"Grupo Municipal Partido Popular de Lugo\" \/>\n<meta property=\"article:published_time\" content=\"2024-02-24T19:45:08+00:00\" \/>\n<meta property=\"article:modified_time\" content=\"2024-02-24T19:49:26+00:00\" \/>\n<meta property=\"og:image\" content=\"https:\/\/www.ppdelugo.com\/wp-content\/uploads\/2024\/02\/PP-ACTUAL-COMISARIA-1.jpeg\" \/>\n\t<meta property=\"og:image:width\" content=\"1600\" \/>\n\t<meta property=\"og:image:height\" content=\"901\" \/>\n\t<meta property=\"og:image:type\" content=\"image\/jpeg\" \/>\n<meta name=\"author\" content=\"PP\" \/>\n<meta name=\"twitter:card\" content=\"summary_large_image\" \/>\n<meta name=\"twitter:image\" content=\"https:\/\/www.ppdelugo.com\/wp-content\/uploads\/2024\/02\/PP-ACTUAL-COMISARIA-1.jpeg\" \/>\n<meta name=\"twitter:label1\" content=\"Escrito por\" \/>\n\t<meta name=\"twitter:data1\" content=\"PP\" \/>\n\t<meta name=\"twitter:label2\" content=\"Tiempo de lectura\" \/>\n\t<meta name=\"twitter:data2\" content=\"3 minutos\" \/>\n<script type=\"application\/ld+json\" class=\"yoast-schema-graph\">{\"@context\":\"https:\\\/\\\/schema.org\",\"@graph\":[{\"@type\":\"Article\",\"@id\":\"https:\\\/\\\/www.ppdelugo.com\\\/es\\\/o-pp-destaca-a-sua-iniciativa-para-que-a-nova-comisaria-de-lugo-sexa-unha-realidade-e-lembra-que-segue-traballando-polo-compromiso-de-levar-esta-dotacion-a-zona-norte\\\/#article\",\"isPartOf\":{\"@id\":\"https:\\\/\\\/www.ppdelugo.com\\\/es\\\/o-pp-destaca-a-sua-iniciativa-para-que-a-nova-comisaria-de-lugo-sexa-unha-realidade-e-lembra-que-segue-traballando-polo-compromiso-de-levar-esta-dotacion-a-zona-norte\\\/\"},\"author\":{\"name\":\"PP\",\"@id\":\"https:\\\/\\\/www.ppdelugo.com\\\/es\\\/#\\\/schema\\\/person\\\/a847ea797b54208d374f6a8953571050\"},\"headline\":\"El PP destaca su iniciativa para que la nueva Comisar\u00eda de Lugo sea una realidad y recuerda que sigue trabajando por el compromiso de llevar esta dotaci\u00f3n a la zona norte\",\"datePublished\":\"2024-02-24T19:45:08+00:00\",\"dateModified\":\"2024-02-24T19:49:26+00:00\",\"mainEntityOfPage\":{\"@id\":\"https:\\\/\\\/www.ppdelugo.com\\\/es\\\/o-pp-destaca-a-sua-iniciativa-para-que-a-nova-comisaria-de-lugo-sexa-unha-realidade-e-lembra-que-segue-traballando-polo-compromiso-de-levar-esta-dotacion-a-zona-norte\\\/\"},\"wordCount\":414,\"commentCount\":0,\"image\":{\"@id\":\"https:\\\/\\\/www.ppdelugo.com\\\/es\\\/o-pp-destaca-a-sua-iniciativa-para-que-a-nova-comisaria-de-lugo-sexa-unha-realidade-e-lembra-que-segue-traballando-polo-compromiso-de-levar-esta-dotacion-a-zona-norte\\\/#primaryimage\"},\"thumbnailUrl\":\"https:\\\/\\\/www.ppdelugo.com\\\/wp-content\\\/uploads\\\/2024\\\/02\\\/PP-ACTUAL-COMISARIA-1.jpeg\",\"articleSection\":[\"Infraestructuras\",\"Policia\"],\"inLanguage\":\"es\",\"potentialAction\":[{\"@type\":\"CommentAction\",\"name\":\"Comment\",\"target\":[\"https:\\\/\\\/www.ppdelugo.com\\\/es\\\/o-pp-destaca-a-sua-iniciativa-para-que-a-nova-comisaria-de-lugo-sexa-unha-realidade-e-lembra-que-segue-traballando-polo-compromiso-de-levar-esta-dotacion-a-zona-norte\\\/#respond\"]}]},{\"@type\":\"WebPage\",\"@id\":\"https:\\\/\\\/www.ppdelugo.com\\\/es\\\/o-pp-destaca-a-sua-iniciativa-para-que-a-nova-comisaria-de-lugo-sexa-unha-realidade-e-lembra-que-segue-traballando-polo-compromiso-de-levar-esta-dotacion-a-zona-norte\\\/\",\"url\":\"https:\\\/\\\/www.ppdelugo.com\\\/es\\\/o-pp-destaca-a-sua-iniciativa-para-que-a-nova-comisaria-de-lugo-sexa-unha-realidade-e-lembra-que-segue-traballando-polo-compromiso-de-levar-esta-dotacion-a-zona-norte\\\/\",\"name\":\"El PP destaca su iniciativa para que la nueva Comisar\u00eda de Lugo sea una realidad y recuerda que sigue trabajando por el compromiso de llevar esta dotaci\u00f3n a la zona norte - Grupo Municipal Partido Popular de Lugo\",\"isPartOf\":{\"@id\":\"https:\\\/\\\/www.ppdelugo.com\\\/es\\\/#website\"},\"primaryImageOfPage\":{\"@id\":\"https:\\\/\\\/www.ppdelugo.com\\\/es\\\/o-pp-destaca-a-sua-iniciativa-para-que-a-nova-comisaria-de-lugo-sexa-unha-realidade-e-lembra-que-segue-traballando-polo-compromiso-de-levar-esta-dotacion-a-zona-norte\\\/#primaryimage\"},\"image\":{\"@id\":\"https:\\\/\\\/www.ppdelugo.com\\\/es\\\/o-pp-destaca-a-sua-iniciativa-para-que-a-nova-comisaria-de-lugo-sexa-unha-realidade-e-lembra-que-segue-traballando-polo-compromiso-de-levar-esta-dotacion-a-zona-norte\\\/#primaryimage\"},\"thumbnailUrl\":\"https:\\\/\\\/www.ppdelugo.com\\\/wp-content\\\/uploads\\\/2024\\\/02\\\/PP-ACTUAL-COMISARIA-1.jpeg\",\"datePublished\":\"2024-02-24T19:45:08+00:00\",\"dateModified\":\"2024-02-24T19:49:26+00:00\",\"author\":{\"@id\":\"https:\\\/\\\/www.ppdelugo.com\\\/es\\\/#\\\/schema\\\/person\\\/a847ea797b54208d374f6a8953571050\"},\"breadcrumb\":{\"@id\":\"https:\\\/\\\/www.ppdelugo.com\\\/es\\\/o-pp-destaca-a-sua-iniciativa-para-que-a-nova-comisaria-de-lugo-sexa-unha-realidade-e-lembra-que-segue-traballando-polo-compromiso-de-levar-esta-dotacion-a-zona-norte\\\/#breadcrumb\"},\"inLanguage\":\"es\",\"potentialAction\":[{\"@type\":\"ReadAction\",\"target\":[\"https:\\\/\\\/www.ppdelugo.com\\\/es\\\/o-pp-destaca-a-sua-iniciativa-para-que-a-nova-comisaria-de-lugo-sexa-unha-realidade-e-lembra-que-segue-traballando-polo-compromiso-de-levar-esta-dotacion-a-zona-norte\\\/\"]}]},{\"@type\":\"ImageObject\",\"inLanguage\":\"es\",\"@id\":\"https:\\\/\\\/www.ppdelugo.com\\\/es\\\/o-pp-destaca-a-sua-iniciativa-para-que-a-nova-comisaria-de-lugo-sexa-unha-realidade-e-lembra-que-segue-traballando-polo-compromiso-de-levar-esta-dotacion-a-zona-norte\\\/#primaryimage\",\"url\":\"https:\\\/\\\/www.ppdelugo.com\\\/wp-content\\\/uploads\\\/2024\\\/02\\\/PP-ACTUAL-COMISARIA-1.jpeg\",\"contentUrl\":\"https:\\\/\\\/www.ppdelugo.com\\\/wp-content\\\/uploads\\\/2024\\\/02\\\/PP-ACTUAL-COMISARIA-1.jpeg\",\"width\":1600,\"height\":901},{\"@type\":\"BreadcrumbList\",\"@id\":\"https:\\\/\\\/www.ppdelugo.com\\\/es\\\/o-pp-destaca-a-sua-iniciativa-para-que-a-nova-comisaria-de-lugo-sexa-unha-realidade-e-lembra-que-segue-traballando-polo-compromiso-de-levar-esta-dotacion-a-zona-norte\\\/#breadcrumb\",\"itemListElement\":[{\"@type\":\"ListItem\",\"position\":1,\"name\":\"Portada\",\"item\":\"https:\\\/\\\/www.ppdelugo.com\\\/es\\\/\"},{\"@type\":\"ListItem\",\"position\":2,\"name\":\"El PP destaca su iniciativa para que la nueva Comisar\u00eda de Lugo sea una realidad y recuerda que sigue trabajando por el compromiso de llevar esta dotaci\u00f3n a la zona norte\"}]},{\"@type\":\"WebSite\",\"@id\":\"https:\\\/\\\/www.ppdelugo.com\\\/es\\\/#website\",\"url\":\"https:\\\/\\\/www.ppdelugo.com\\\/es\\\/\",\"name\":\"Grupo Municipal Partido Popular de Lugo\",\"description\":\"Web del Grupo Municipal del Partido Popular en el Ayuntamiento de Lugo, con informaci\u00f3n sobre Lugo y fomento de la participaci\u00f3n ciudadana\",\"potentialAction\":[{\"@type\":\"SearchAction\",\"target\":{\"@type\":\"EntryPoint\",\"urlTemplate\":\"https:\\\/\\\/www.ppdelugo.com\\\/es\\\/?s={search_term_string}\"},\"query-input\":{\"@type\":\"PropertyValueSpecification\",\"valueRequired\":true,\"valueName\":\"search_term_string\"}}],\"inLanguage\":\"es\"},{\"@type\":\"Person\",\"@id\":\"https:\\\/\\\/www.ppdelugo.com\\\/es\\\/#\\\/schema\\\/person\\\/a847ea797b54208d374f6a8953571050\",\"name\":\"PP\",\"url\":\"https:\\\/\\\/www.ppdelugo.com\\\/es\\\/author\\\/ppdelugo\\\/\"}]}<\/script>\n<!-- \/ Yoast SEO plugin. -->","yoast_head_json":{"title":"El PP destaca su iniciativa para que la nueva Comisar\u00eda de Lugo sea una realidad y recuerda que sigue trabajando por el compromiso de llevar esta dotaci\u00f3n a la zona norte - Grupo Municipal Partido Popular de Lugo","robots":{"index":"index","follow":"follow","max-snippet":"max-snippet:-1","max-image-preview":"max-image-preview:large","max-video-preview":"max-video-preview:-1"},"canonical":"https:\/\/www.ppdelugo.com\/es\/o-pp-destaca-a-sua-iniciativa-para-que-a-nova-comisaria-de-lugo-sexa-unha-realidade-e-lembra-que-segue-traballando-polo-compromiso-de-levar-esta-dotacion-a-zona-norte\/","og_locale":"es_ES","og_type":"article","og_title":"El PP destaca su iniciativa para que la nueva Comisar\u00eda de Lugo sea una realidad y recuerda que sigue trabajando por el compromiso de llevar esta dotaci\u00f3n a la zona norte - Grupo Municipal Partido Popular de Lugo","og_description":"\u2022 Los populares recuerdan que, por iniciativa del PP, se puso en marcha la maquinaria administrativa para impulsar esta dotaci\u00f3n \u201cconseguimos que vinieran en diciembre los t\u00e9cnicos del Ministerio del...","og_url":"https:\/\/www.ppdelugo.com\/es\/o-pp-destaca-a-sua-iniciativa-para-que-a-nova-comisaria-de-lugo-sexa-unha-realidade-e-lembra-que-segue-traballando-polo-compromiso-de-levar-esta-dotacion-a-zona-norte\/","og_site_name":"Grupo Municipal Partido Popular de Lugo","article_published_time":"2024-02-24T19:45:08+00:00","article_modified_time":"2024-02-24T19:49:26+00:00","og_image":[{"width":1600,"height":901,"url":"https:\/\/www.ppdelugo.com\/wp-content\/uploads\/2024\/02\/PP-ACTUAL-COMISARIA-1.jpeg","type":"image\/jpeg"}],"author":"PP","twitter_card":"summary_large_image","twitter_image":"https:\/\/www.ppdelugo.com\/wp-content\/uploads\/2024\/02\/PP-ACTUAL-COMISARIA-1.jpeg","twitter_misc":{"Escrito por":"PP","Tiempo de lectura":"3 minutos"},"schema":{"@context":"https:\/\/schema.org","@graph":[{"@type":"Article","@id":"https:\/\/www.ppdelugo.com\/es\/o-pp-destaca-a-sua-iniciativa-para-que-a-nova-comisaria-de-lugo-sexa-unha-realidade-e-lembra-que-segue-traballando-polo-compromiso-de-levar-esta-dotacion-a-zona-norte\/#article","isPartOf":{"@id":"https:\/\/www.ppdelugo.com\/es\/o-pp-destaca-a-sua-iniciativa-para-que-a-nova-comisaria-de-lugo-sexa-unha-realidade-e-lembra-que-segue-traballando-polo-compromiso-de-levar-esta-dotacion-a-zona-norte\/"},"author":{"name":"PP","@id":"https:\/\/www.ppdelugo.com\/es\/#\/schema\/person\/a847ea797b54208d374f6a8953571050"},"headline":"El PP destaca su iniciativa para que la nueva Comisar\u00eda de Lugo sea una realidad y recuerda que sigue trabajando por el compromiso de llevar esta dotaci\u00f3n a la zona norte","datePublished":"2024-02-24T19:45:08+00:00","dateModified":"2024-02-24T19:49:26+00:00","mainEntityOfPage":{"@id":"https:\/\/www.ppdelugo.com\/es\/o-pp-destaca-a-sua-iniciativa-para-que-a-nova-comisaria-de-lugo-sexa-unha-realidade-e-lembra-que-segue-traballando-polo-compromiso-de-levar-esta-dotacion-a-zona-norte\/"},"wordCount":414,"commentCount":0,"image":{"@id":"https:\/\/www.ppdelugo.com\/es\/o-pp-destaca-a-sua-iniciativa-para-que-a-nova-comisaria-de-lugo-sexa-unha-realidade-e-lembra-que-segue-traballando-polo-compromiso-de-levar-esta-dotacion-a-zona-norte\/#primaryimage"},"thumbnailUrl":"https:\/\/www.ppdelugo.com\/wp-content\/uploads\/2024\/02\/PP-ACTUAL-COMISARIA-1.jpeg","articleSection":["Infraestructuras","Policia"],"inLanguage":"es","potentialAction":[{"@type":"CommentAction","name":"Comment","target":["https:\/\/www.ppdelugo.com\/es\/o-pp-destaca-a-sua-iniciativa-para-que-a-nova-comisaria-de-lugo-sexa-unha-realidade-e-lembra-que-segue-traballando-polo-compromiso-de-levar-esta-dotacion-a-zona-norte\/#respond"]}]},{"@type":"WebPage","@id":"https:\/\/www.ppdelugo.com\/es\/o-pp-destaca-a-sua-iniciativa-para-que-a-nova-comisaria-de-lugo-sexa-unha-realidade-e-lembra-que-segue-traballando-polo-compromiso-de-levar-esta-dotacion-a-zona-norte\/","url":"https:\/\/www.ppdelugo.com\/es\/o-pp-destaca-a-sua-iniciativa-para-que-a-nova-comisaria-de-lugo-sexa-unha-realidade-e-lembra-que-segue-traballando-polo-compromiso-de-levar-esta-dotacion-a-zona-norte\/","name":"El PP destaca su iniciativa para que la nueva Comisar\u00eda de Lugo sea una realidad y recuerda que sigue trabajando por el compromiso de llevar esta dotaci\u00f3n a la zona norte - Grupo Municipal Partido Popular de Lugo","isPartOf":{"@id":"https:\/\/www.ppdelugo.com\/es\/#website"},"primaryImageOfPage":{"@id":"https:\/\/www.ppdelugo.com\/es\/o-pp-destaca-a-sua-iniciativa-para-que-a-nova-comisaria-de-lugo-sexa-unha-realidade-e-lembra-que-segue-traballando-polo-compromiso-de-levar-esta-dotacion-a-zona-norte\/#primaryimage"},"image":{"@id":"https:\/\/www.ppdelugo.com\/es\/o-pp-destaca-a-sua-iniciativa-para-que-a-nova-comisaria-de-lugo-sexa-unha-realidade-e-lembra-que-segue-traballando-polo-compromiso-de-levar-esta-dotacion-a-zona-norte\/#primaryimage"},"thumbnailUrl":"https:\/\/www.ppdelugo.com\/wp-content\/uploads\/2024\/02\/PP-ACTUAL-COMISARIA-1.jpeg","datePublished":"2024-02-24T19:45:08+00:00","dateModified":"2024-02-24T19:49:26+00:00","author":{"@id":"https:\/\/www.ppdelugo.com\/es\/#\/schema\/person\/a847ea797b54208d374f6a8953571050"},"breadcrumb":{"@id":"https:\/\/www.ppdelugo.com\/es\/o-pp-destaca-a-sua-iniciativa-para-que-a-nova-comisaria-de-lugo-sexa-unha-realidade-e-lembra-que-segue-traballando-polo-compromiso-de-levar-esta-dotacion-a-zona-norte\/#breadcrumb"},"inLanguage":"es","potentialAction":[{"@type":"ReadAction","target":["https:\/\/www.ppdelugo.com\/es\/o-pp-destaca-a-sua-iniciativa-para-que-a-nova-comisaria-de-lugo-sexa-unha-realidade-e-lembra-que-segue-traballando-polo-compromiso-de-levar-esta-dotacion-a-zona-norte\/"]}]},{"@type":"ImageObject","inLanguage":"es","@id":"https:\/\/www.ppdelugo.com\/es\/o-pp-destaca-a-sua-iniciativa-para-que-a-nova-comisaria-de-lugo-sexa-unha-realidade-e-lembra-que-segue-traballando-polo-compromiso-de-levar-esta-dotacion-a-zona-norte\/#primaryimage","url":"https:\/\/www.ppdelugo.com\/wp-content\/uploads\/2024\/02\/PP-ACTUAL-COMISARIA-1.jpeg","contentUrl":"https:\/\/www.ppdelugo.com\/wp-content\/uploads\/2024\/02\/PP-ACTUAL-COMISARIA-1.jpeg","width":1600,"height":901},{"@type":"BreadcrumbList","@id":"https:\/\/www.ppdelugo.com\/es\/o-pp-destaca-a-sua-iniciativa-para-que-a-nova-comisaria-de-lugo-sexa-unha-realidade-e-lembra-que-segue-traballando-polo-compromiso-de-levar-esta-dotacion-a-zona-norte\/#breadcrumb","itemListElement":[{"@type":"ListItem","position":1,"name":"Portada","item":"https:\/\/www.ppdelugo.com\/es\/"},{"@type":"ListItem","position":2,"name":"El PP destaca su iniciativa para que la nueva Comisar\u00eda de Lugo sea una realidad y recuerda que sigue trabajando por el compromiso de llevar esta dotaci\u00f3n a la zona norte"}]},{"@type":"WebSite","@id":"https:\/\/www.ppdelugo.com\/es\/#website","url":"https:\/\/www.ppdelugo.com\/es\/","name":"Grupo Municipal Partido Popular de Lugo","description":"Web del Grupo Municipal del Partido Popular en el Ayuntamiento de Lugo, con informaci\u00f3n sobre Lugo y fomento de la participaci\u00f3n ciudadana","potentialAction":[{"@type":"SearchAction","target":{"@type":"EntryPoint","urlTemplate":"https:\/\/www.ppdelugo.com\/es\/?s={search_term_string}"},"query-input":{"@type":"PropertyValueSpecification","valueRequired":true,"valueName":"search_term_string"}}],"inLanguage":"es"},{"@type":"Person","@id":"https:\/\/www.ppdelugo.com\/es\/#\/schema\/person\/a847ea797b54208d374f6a8953571050","name":"PP","url":"https:\/\/www.ppdelugo.com\/es\/author\/ppdelugo\/"}]}},"_links":{"self":[{"href":"https:\/\/www.ppdelugo.com\/es\/wp-json\/wp\/v2\/posts\/21513","targetHints":{"allow":["GET"]}}],"collection":[{"href":"https:\/\/www.ppdelugo.com\/es\/wp-json\/wp\/v2\/posts"}],"about":[{"href":"https:\/\/www.ppdelugo.com\/es\/wp-json\/wp\/v2\/types\/post"}],"author":[{"embeddable":true,"href":"https:\/\/www.ppdelugo.com\/es\/wp-json\/wp\/v2\/users\/2"}],"replies":[{"embeddable":true,"href":"https:\/\/www.ppdelugo.com\/es\/wp-json\/wp\/v2\/comments?post=21513"}],"version-history":[{"count":2,"href":"https:\/\/www.ppdelugo.com\/es\/wp-json\/wp\/v2\/posts\/21513\/revisions"}],"predecessor-version":[{"id":21515,"href":"https:\/\/www.ppdelugo.com\/es\/wp-json\/wp\/v2\/posts\/21513\/revisions\/21515"}],"wp:featuredmedia":[{"embeddable":true,"href":"https:\/\/www.ppdelugo.com\/es\/wp-json\/wp\/v2\/media\/21511"}],"wp:attachment":[{"href":"https:\/\/www.ppdelugo.com\/es\/wp-json\/wp\/v2\/media?parent=21513"}],"wp:term":[{"taxonomy":"category","embeddable":true,"href":"https:\/\/www.ppdelugo.com\/es\/wp-json\/wp\/v2\/categories?post=21513"},{"taxonomy":"post_tag","embeddable":true,"href":"https:\/\/www.ppdelugo.com\/es\/wp-json\/wp\/v2\/tags?post=21513"}],"curies":[{"name":"wp","href":"https:\/\/api.w.org\/{rel}","templated":true}]}}