{"id":21221,"date":"2023-11-28T13:22:39","date_gmt":"2023-11-28T13:22:39","guid":{"rendered":"http:\/\/www.ppdelugo.com\/?p=21221"},"modified":"2023-11-28T13:27:09","modified_gmt":"2023-11-28T13:27:09","slug":"o-pp-propon-unha-bonificacion-progresiva-do-ibi-aos-propietarios-de-terreos-ubicados-en-solos-cualificados-como-area-de-expansion","status":"publish","type":"post","link":"https:\/\/www.ppdelugo.com\/es\/o-pp-propon-unha-bonificacion-progresiva-do-ibi-aos-propietarios-de-terreos-ubicados-en-solos-cualificados-como-area-de-expansion\/","title":{"rendered":"O PP prop\u00f3n unha bonificaci\u00f3n progresiva do IBI aos propietarios de terreos ubicados en solos cualificados como \u00e1rea de expansi\u00f3n"},"content":{"rendered":"<p>LUNES 27 DE NOVIEMBRE DE 2023<\/p>\n<p>\u2022 El PP explica que 15.451.424 m2 de la superficie del territorio del municipio est\u00e1 clasificada como suelo de \u00e1rea de expansi\u00f3n (posibilitan la construcci\u00f3n de unas 5.885 viviendas) lo que implica que \u201cpara que sus propietarios puedan edificar, en la mayor\u00eda de las situaciones tienen que esperar que el Ayuntamiento desarrolle un Plan especial de protecci\u00f3n, rehabilitaci\u00f3n y mejora del medio rural para cada uno de los \u00e1mbitos del rural que incorpore un \u00e1rea de expansi\u00f3n\u201d.<\/p>\n<p>\u2022 Esta tramitaci\u00f3n se dilata en el tiempo lo que provoca consecuencias negativas para los due\u00f1os de dichos suelos \u201cque est\u00e1n pagando una carga fiscal por los terrenos que tienen la consideraci\u00f3n de suelo urbano desde la \u00f3ptica del Catastro, a pesar de que en ellos no es posible edificar hasta contar con los planes especiales\u201d.<\/p>\n<p>\u2022 Mientras el Ayuntamiento no los desarrolle no se puede materializar la edificabilidad de la que disponen por lo que desde el PP solicitan bonificar el IBI de forma temporal y progresiva a sus propietarios<\/p>\n<p>\u2022 Los populares aclaran que \u201chasta la fecha y desde el a\u00f1o 2011, que se aprob\u00f3 el PXOM, no se redact\u00f3 ni un solo plan especial de protecci\u00f3n, rehabilitaci\u00f3n y mejora del medio rural\u201d<\/p>\n<p>BALANCE CAMPA\u00d1A INFORMATIVA PLAN GENERAL<\/p>\n<p>\u2022 En la mesa de urbanismo, que se celebr\u00f3 ayer, tambi\u00e9n se hizo un balance muy positivo de los encuentros vecinales que promovi\u00f3 el Grupo Popular para explicar la situaci\u00f3n urban\u00edstica tras la entrada en vigor del 5% del Plan General<\/p>\n<p>\u2022 Los 11 encuentros, que tuvieron lugar este mes en la ZONA RURAL y en diferentes \u00c1MBITOS URBANOS, sirvieron para explicar la situaci\u00f3n urban\u00edstica de varios n\u00facleos y territorios del entorno urbano tras los cambios del documento en vigor.<br \/>\n\u2022 Esta acci\u00f3n forma parte de la hoja de ruta del Grupo Popular donde la #EscuchaActiva es una de sus se\u00f1ales de identidad<\/p>\n<p>REUNI\u00d3N APEC<br \/>\n\u2022 Esta semana el Partido Popular mantendr\u00e1 un encuentro de trabajo con la nueva directiva de la Asociaci\u00f3n Provincial de Constructores donde revisar\u00e1n, entre otros aspectos, propuestas relacionadas con el Plan General como por ejemplo la necesidad de refundir el documento para prevenir diferentes criterios de interpretaci\u00f3n<br \/>\n\u2022 Los populares consideran que \u201ces preciso unificar toda la documentaci\u00f3n gr\u00e1fica para que tenga una coherencia incorporando las \u00faltimas correciones realizadas en el 5% del Plan General\u201d<\/p>\n","protected":false},"excerpt":{"rendered":"<p>LUNES 27 DE NOVIEMBRE DE 2023 \u2022 El PP explica que 15.451.424 m2 de la superficie del territorio del municipio est\u00e1 clasificada como suelo de \u00e1rea de expansi\u00f3n (posibilitan la&#8230;<\/p>\n","protected":false},"author":2,"featured_media":21222,"comment_status":"open","ping_status":"closed","sticky":false,"template":"","format":"standard","meta":{"footnotes":""},"categories":[152,42],"tags":[],"class_list":{"0":"post-21221","1":"post","2":"type-post","3":"status-publish","4":"format-standard","5":"has-post-thumbnail","7":"category-pxom","8":"category-urbanismo-es"},"yoast_head":"<!-- This site is optimized with the Yoast SEO plugin v27.5 - https:\/\/yoast.com\/product\/yoast-seo-wordpress\/ -->\n<title>O PP prop\u00f3n unha bonificaci\u00f3n progresiva do IBI aos propietarios de terreos ubicados en solos cualificados como \u00e1rea de expansi\u00f3n - Grupo Municipal Partido Popular de Lugo<\/title>\n<meta name=\"robots\" content=\"index, follow, max-snippet:-1, max-image-preview:large, max-video-preview:-1\" \/>\n<link rel=\"canonical\" href=\"https:\/\/www.ppdelugo.com\/es\/o-pp-propon-unha-bonificacion-progresiva-do-ibi-aos-propietarios-de-terreos-ubicados-en-solos-cualificados-como-area-de-expansion\/\" \/>\n<meta property=\"og:locale\" content=\"es_ES\" \/>\n<meta property=\"og:type\" content=\"article\" \/>\n<meta property=\"og:title\" content=\"O PP prop\u00f3n unha bonificaci\u00f3n progresiva do IBI aos propietarios de terreos ubicados en solos cualificados como \u00e1rea de expansi\u00f3n - Grupo Municipal Partido Popular de Lugo\" \/>\n<meta property=\"og:description\" content=\"LUNES 27 DE NOVIEMBRE DE 2023 \u2022 El PP explica que 15.451.424 m2 de la superficie del territorio del municipio est\u00e1 clasificada como suelo de \u00e1rea de expansi\u00f3n (posibilitan la...\" \/>\n<meta property=\"og:url\" content=\"https:\/\/www.ppdelugo.com\/es\/o-pp-propon-unha-bonificacion-progresiva-do-ibi-aos-propietarios-de-terreos-ubicados-en-solos-cualificados-como-area-de-expansion\/\" \/>\n<meta property=\"og:site_name\" content=\"Grupo Municipal Partido Popular de Lugo\" \/>\n<meta property=\"article:published_time\" content=\"2023-11-28T13:22:39+00:00\" \/>\n<meta property=\"article:modified_time\" content=\"2023-11-28T13:27:09+00:00\" \/>\n<meta property=\"og:image\" content=\"https:\/\/www.ppdelugo.com\/wp-content\/uploads\/2023\/11\/WhatsApp-Image-2023-11-28-at-14.18.19.jpeg\" \/>\n\t<meta property=\"og:image:width\" content=\"2000\" \/>\n\t<meta property=\"og:image:height\" content=\"1126\" \/>\n\t<meta property=\"og:image:type\" content=\"image\/jpeg\" \/>\n<meta name=\"author\" content=\"PP\" \/>\n<meta name=\"twitter:card\" content=\"summary_large_image\" \/>\n<meta name=\"twitter:image\" content=\"https:\/\/www.ppdelugo.com\/wp-content\/uploads\/2023\/11\/WhatsApp-Image-2023-11-28-at-14.18.19.jpeg\" \/>\n<meta name=\"twitter:label1\" content=\"Escrito por\" \/>\n\t<meta name=\"twitter:data1\" content=\"PP\" \/>\n\t<meta name=\"twitter:label2\" content=\"Tiempo de lectura\" \/>\n\t<meta name=\"twitter:data2\" content=\"3 minutos\" \/>\n<script type=\"application\/ld+json\" class=\"yoast-schema-graph\">{\"@context\":\"https:\\\/\\\/schema.org\",\"@graph\":[{\"@type\":\"Article\",\"@id\":\"https:\\\/\\\/www.ppdelugo.com\\\/es\\\/o-pp-propon-unha-bonificacion-progresiva-do-ibi-aos-propietarios-de-terreos-ubicados-en-solos-cualificados-como-area-de-expansion\\\/#article\",\"isPartOf\":{\"@id\":\"https:\\\/\\\/www.ppdelugo.com\\\/es\\\/o-pp-propon-unha-bonificacion-progresiva-do-ibi-aos-propietarios-de-terreos-ubicados-en-solos-cualificados-como-area-de-expansion\\\/\"},\"author\":{\"name\":\"PP\",\"@id\":\"https:\\\/\\\/www.ppdelugo.com\\\/es\\\/#\\\/schema\\\/person\\\/a847ea797b54208d374f6a8953571050\"},\"headline\":\"O PP prop\u00f3n unha bonificaci\u00f3n progresiva do IBI aos propietarios de terreos ubicados en solos cualificados como \u00e1rea de expansi\u00f3n\",\"datePublished\":\"2023-11-28T13:22:39+00:00\",\"dateModified\":\"2023-11-28T13:27:09+00:00\",\"mainEntityOfPage\":{\"@id\":\"https:\\\/\\\/www.ppdelugo.com\\\/es\\\/o-pp-propon-unha-bonificacion-progresiva-do-ibi-aos-propietarios-de-terreos-ubicados-en-solos-cualificados-como-area-de-expansion\\\/\"},\"wordCount\":427,\"commentCount\":0,\"image\":{\"@id\":\"https:\\\/\\\/www.ppdelugo.com\\\/es\\\/o-pp-propon-unha-bonificacion-progresiva-do-ibi-aos-propietarios-de-terreos-ubicados-en-solos-cualificados-como-area-de-expansion\\\/#primaryimage\"},\"thumbnailUrl\":\"https:\\\/\\\/www.ppdelugo.com\\\/wp-content\\\/uploads\\\/2023\\\/11\\\/WhatsApp-Image-2023-11-28-at-14.18.19.jpeg\",\"articleSection\":[\"PXOM\",\"Urbanismo\"],\"inLanguage\":\"es\",\"potentialAction\":[{\"@type\":\"CommentAction\",\"name\":\"Comment\",\"target\":[\"https:\\\/\\\/www.ppdelugo.com\\\/es\\\/o-pp-propon-unha-bonificacion-progresiva-do-ibi-aos-propietarios-de-terreos-ubicados-en-solos-cualificados-como-area-de-expansion\\\/#respond\"]}]},{\"@type\":\"WebPage\",\"@id\":\"https:\\\/\\\/www.ppdelugo.com\\\/es\\\/o-pp-propon-unha-bonificacion-progresiva-do-ibi-aos-propietarios-de-terreos-ubicados-en-solos-cualificados-como-area-de-expansion\\\/\",\"url\":\"https:\\\/\\\/www.ppdelugo.com\\\/es\\\/o-pp-propon-unha-bonificacion-progresiva-do-ibi-aos-propietarios-de-terreos-ubicados-en-solos-cualificados-como-area-de-expansion\\\/\",\"name\":\"O PP prop\u00f3n unha bonificaci\u00f3n progresiva do IBI aos propietarios de terreos ubicados en solos cualificados como \u00e1rea de expansi\u00f3n - Grupo Municipal Partido Popular de Lugo\",\"isPartOf\":{\"@id\":\"https:\\\/\\\/www.ppdelugo.com\\\/es\\\/#website\"},\"primaryImageOfPage\":{\"@id\":\"https:\\\/\\\/www.ppdelugo.com\\\/es\\\/o-pp-propon-unha-bonificacion-progresiva-do-ibi-aos-propietarios-de-terreos-ubicados-en-solos-cualificados-como-area-de-expansion\\\/#primaryimage\"},\"image\":{\"@id\":\"https:\\\/\\\/www.ppdelugo.com\\\/es\\\/o-pp-propon-unha-bonificacion-progresiva-do-ibi-aos-propietarios-de-terreos-ubicados-en-solos-cualificados-como-area-de-expansion\\\/#primaryimage\"},\"thumbnailUrl\":\"https:\\\/\\\/www.ppdelugo.com\\\/wp-content\\\/uploads\\\/2023\\\/11\\\/WhatsApp-Image-2023-11-28-at-14.18.19.jpeg\",\"datePublished\":\"2023-11-28T13:22:39+00:00\",\"dateModified\":\"2023-11-28T13:27:09+00:00\",\"author\":{\"@id\":\"https:\\\/\\\/www.ppdelugo.com\\\/es\\\/#\\\/schema\\\/person\\\/a847ea797b54208d374f6a8953571050\"},\"breadcrumb\":{\"@id\":\"https:\\\/\\\/www.ppdelugo.com\\\/es\\\/o-pp-propon-unha-bonificacion-progresiva-do-ibi-aos-propietarios-de-terreos-ubicados-en-solos-cualificados-como-area-de-expansion\\\/#breadcrumb\"},\"inLanguage\":\"es\",\"potentialAction\":[{\"@type\":\"ReadAction\",\"target\":[\"https:\\\/\\\/www.ppdelugo.com\\\/es\\\/o-pp-propon-unha-bonificacion-progresiva-do-ibi-aos-propietarios-de-terreos-ubicados-en-solos-cualificados-como-area-de-expansion\\\/\"]}]},{\"@type\":\"ImageObject\",\"inLanguage\":\"es\",\"@id\":\"https:\\\/\\\/www.ppdelugo.com\\\/es\\\/o-pp-propon-unha-bonificacion-progresiva-do-ibi-aos-propietarios-de-terreos-ubicados-en-solos-cualificados-como-area-de-expansion\\\/#primaryimage\",\"url\":\"https:\\\/\\\/www.ppdelugo.com\\\/wp-content\\\/uploads\\\/2023\\\/11\\\/WhatsApp-Image-2023-11-28-at-14.18.19.jpeg\",\"contentUrl\":\"https:\\\/\\\/www.ppdelugo.com\\\/wp-content\\\/uploads\\\/2023\\\/11\\\/WhatsApp-Image-2023-11-28-at-14.18.19.jpeg\",\"width\":2000,\"height\":1126},{\"@type\":\"BreadcrumbList\",\"@id\":\"https:\\\/\\\/www.ppdelugo.com\\\/es\\\/o-pp-propon-unha-bonificacion-progresiva-do-ibi-aos-propietarios-de-terreos-ubicados-en-solos-cualificados-como-area-de-expansion\\\/#breadcrumb\",\"itemListElement\":[{\"@type\":\"ListItem\",\"position\":1,\"name\":\"Portada\",\"item\":\"https:\\\/\\\/www.ppdelugo.com\\\/es\\\/\"},{\"@type\":\"ListItem\",\"position\":2,\"name\":\"O PP prop\u00f3n unha bonificaci\u00f3n progresiva do IBI aos propietarios de terreos ubicados en solos cualificados como \u00e1rea de expansi\u00f3n\"}]},{\"@type\":\"WebSite\",\"@id\":\"https:\\\/\\\/www.ppdelugo.com\\\/es\\\/#website\",\"url\":\"https:\\\/\\\/www.ppdelugo.com\\\/es\\\/\",\"name\":\"Grupo Municipal Partido Popular de Lugo\",\"description\":\"Web del Grupo Municipal del Partido Popular en el Ayuntamiento de Lugo, con informaci\u00f3n sobre Lugo y fomento de la participaci\u00f3n ciudadana\",\"potentialAction\":[{\"@type\":\"SearchAction\",\"target\":{\"@type\":\"EntryPoint\",\"urlTemplate\":\"https:\\\/\\\/www.ppdelugo.com\\\/es\\\/?s={search_term_string}\"},\"query-input\":{\"@type\":\"PropertyValueSpecification\",\"valueRequired\":true,\"valueName\":\"search_term_string\"}}],\"inLanguage\":\"es\"},{\"@type\":\"Person\",\"@id\":\"https:\\\/\\\/www.ppdelugo.com\\\/es\\\/#\\\/schema\\\/person\\\/a847ea797b54208d374f6a8953571050\",\"name\":\"PP\",\"url\":\"https:\\\/\\\/www.ppdelugo.com\\\/es\\\/author\\\/ppdelugo\\\/\"}]}<\/script>\n<!-- \/ Yoast SEO plugin. -->","yoast_head_json":{"title":"O PP prop\u00f3n unha bonificaci\u00f3n progresiva do IBI aos propietarios de terreos ubicados en solos cualificados como \u00e1rea de expansi\u00f3n - Grupo Municipal Partido Popular de Lugo","robots":{"index":"index","follow":"follow","max-snippet":"max-snippet:-1","max-image-preview":"max-image-preview:large","max-video-preview":"max-video-preview:-1"},"canonical":"https:\/\/www.ppdelugo.com\/es\/o-pp-propon-unha-bonificacion-progresiva-do-ibi-aos-propietarios-de-terreos-ubicados-en-solos-cualificados-como-area-de-expansion\/","og_locale":"es_ES","og_type":"article","og_title":"O PP prop\u00f3n unha bonificaci\u00f3n progresiva do IBI aos propietarios de terreos ubicados en solos cualificados como \u00e1rea de expansi\u00f3n - Grupo Municipal Partido Popular de Lugo","og_description":"LUNES 27 DE NOVIEMBRE DE 2023 \u2022 El PP explica que 15.451.424 m2 de la superficie del territorio del municipio est\u00e1 clasificada como suelo de \u00e1rea de expansi\u00f3n (posibilitan la...","og_url":"https:\/\/www.ppdelugo.com\/es\/o-pp-propon-unha-bonificacion-progresiva-do-ibi-aos-propietarios-de-terreos-ubicados-en-solos-cualificados-como-area-de-expansion\/","og_site_name":"Grupo Municipal Partido Popular de Lugo","article_published_time":"2023-11-28T13:22:39+00:00","article_modified_time":"2023-11-28T13:27:09+00:00","og_image":[{"width":2000,"height":1126,"url":"https:\/\/www.ppdelugo.com\/wp-content\/uploads\/2023\/11\/WhatsApp-Image-2023-11-28-at-14.18.19.jpeg","type":"image\/jpeg"}],"author":"PP","twitter_card":"summary_large_image","twitter_image":"https:\/\/www.ppdelugo.com\/wp-content\/uploads\/2023\/11\/WhatsApp-Image-2023-11-28-at-14.18.19.jpeg","twitter_misc":{"Escrito por":"PP","Tiempo de lectura":"3 minutos"},"schema":{"@context":"https:\/\/schema.org","@graph":[{"@type":"Article","@id":"https:\/\/www.ppdelugo.com\/es\/o-pp-propon-unha-bonificacion-progresiva-do-ibi-aos-propietarios-de-terreos-ubicados-en-solos-cualificados-como-area-de-expansion\/#article","isPartOf":{"@id":"https:\/\/www.ppdelugo.com\/es\/o-pp-propon-unha-bonificacion-progresiva-do-ibi-aos-propietarios-de-terreos-ubicados-en-solos-cualificados-como-area-de-expansion\/"},"author":{"name":"PP","@id":"https:\/\/www.ppdelugo.com\/es\/#\/schema\/person\/a847ea797b54208d374f6a8953571050"},"headline":"O PP prop\u00f3n unha bonificaci\u00f3n progresiva do IBI aos propietarios de terreos ubicados en solos cualificados como \u00e1rea de expansi\u00f3n","datePublished":"2023-11-28T13:22:39+00:00","dateModified":"2023-11-28T13:27:09+00:00","mainEntityOfPage":{"@id":"https:\/\/www.ppdelugo.com\/es\/o-pp-propon-unha-bonificacion-progresiva-do-ibi-aos-propietarios-de-terreos-ubicados-en-solos-cualificados-como-area-de-expansion\/"},"wordCount":427,"commentCount":0,"image":{"@id":"https:\/\/www.ppdelugo.com\/es\/o-pp-propon-unha-bonificacion-progresiva-do-ibi-aos-propietarios-de-terreos-ubicados-en-solos-cualificados-como-area-de-expansion\/#primaryimage"},"thumbnailUrl":"https:\/\/www.ppdelugo.com\/wp-content\/uploads\/2023\/11\/WhatsApp-Image-2023-11-28-at-14.18.19.jpeg","articleSection":["PXOM","Urbanismo"],"inLanguage":"es","potentialAction":[{"@type":"CommentAction","name":"Comment","target":["https:\/\/www.ppdelugo.com\/es\/o-pp-propon-unha-bonificacion-progresiva-do-ibi-aos-propietarios-de-terreos-ubicados-en-solos-cualificados-como-area-de-expansion\/#respond"]}]},{"@type":"WebPage","@id":"https:\/\/www.ppdelugo.com\/es\/o-pp-propon-unha-bonificacion-progresiva-do-ibi-aos-propietarios-de-terreos-ubicados-en-solos-cualificados-como-area-de-expansion\/","url":"https:\/\/www.ppdelugo.com\/es\/o-pp-propon-unha-bonificacion-progresiva-do-ibi-aos-propietarios-de-terreos-ubicados-en-solos-cualificados-como-area-de-expansion\/","name":"O PP prop\u00f3n unha bonificaci\u00f3n progresiva do IBI aos propietarios de terreos ubicados en solos cualificados como \u00e1rea de expansi\u00f3n - Grupo Municipal Partido Popular de Lugo","isPartOf":{"@id":"https:\/\/www.ppdelugo.com\/es\/#website"},"primaryImageOfPage":{"@id":"https:\/\/www.ppdelugo.com\/es\/o-pp-propon-unha-bonificacion-progresiva-do-ibi-aos-propietarios-de-terreos-ubicados-en-solos-cualificados-como-area-de-expansion\/#primaryimage"},"image":{"@id":"https:\/\/www.ppdelugo.com\/es\/o-pp-propon-unha-bonificacion-progresiva-do-ibi-aos-propietarios-de-terreos-ubicados-en-solos-cualificados-como-area-de-expansion\/#primaryimage"},"thumbnailUrl":"https:\/\/www.ppdelugo.com\/wp-content\/uploads\/2023\/11\/WhatsApp-Image-2023-11-28-at-14.18.19.jpeg","datePublished":"2023-11-28T13:22:39+00:00","dateModified":"2023-11-28T13:27:09+00:00","author":{"@id":"https:\/\/www.ppdelugo.com\/es\/#\/schema\/person\/a847ea797b54208d374f6a8953571050"},"breadcrumb":{"@id":"https:\/\/www.ppdelugo.com\/es\/o-pp-propon-unha-bonificacion-progresiva-do-ibi-aos-propietarios-de-terreos-ubicados-en-solos-cualificados-como-area-de-expansion\/#breadcrumb"},"inLanguage":"es","potentialAction":[{"@type":"ReadAction","target":["https:\/\/www.ppdelugo.com\/es\/o-pp-propon-unha-bonificacion-progresiva-do-ibi-aos-propietarios-de-terreos-ubicados-en-solos-cualificados-como-area-de-expansion\/"]}]},{"@type":"ImageObject","inLanguage":"es","@id":"https:\/\/www.ppdelugo.com\/es\/o-pp-propon-unha-bonificacion-progresiva-do-ibi-aos-propietarios-de-terreos-ubicados-en-solos-cualificados-como-area-de-expansion\/#primaryimage","url":"https:\/\/www.ppdelugo.com\/wp-content\/uploads\/2023\/11\/WhatsApp-Image-2023-11-28-at-14.18.19.jpeg","contentUrl":"https:\/\/www.ppdelugo.com\/wp-content\/uploads\/2023\/11\/WhatsApp-Image-2023-11-28-at-14.18.19.jpeg","width":2000,"height":1126},{"@type":"BreadcrumbList","@id":"https:\/\/www.ppdelugo.com\/es\/o-pp-propon-unha-bonificacion-progresiva-do-ibi-aos-propietarios-de-terreos-ubicados-en-solos-cualificados-como-area-de-expansion\/#breadcrumb","itemListElement":[{"@type":"ListItem","position":1,"name":"Portada","item":"https:\/\/www.ppdelugo.com\/es\/"},{"@type":"ListItem","position":2,"name":"O PP prop\u00f3n unha bonificaci\u00f3n progresiva do IBI aos propietarios de terreos ubicados en solos cualificados como \u00e1rea de expansi\u00f3n"}]},{"@type":"WebSite","@id":"https:\/\/www.ppdelugo.com\/es\/#website","url":"https:\/\/www.ppdelugo.com\/es\/","name":"Grupo Municipal Partido Popular de Lugo","description":"Web del Grupo Municipal del Partido Popular en el Ayuntamiento de Lugo, con informaci\u00f3n sobre Lugo y fomento de la participaci\u00f3n ciudadana","potentialAction":[{"@type":"SearchAction","target":{"@type":"EntryPoint","urlTemplate":"https:\/\/www.ppdelugo.com\/es\/?s={search_term_string}"},"query-input":{"@type":"PropertyValueSpecification","valueRequired":true,"valueName":"search_term_string"}}],"inLanguage":"es"},{"@type":"Person","@id":"https:\/\/www.ppdelugo.com\/es\/#\/schema\/person\/a847ea797b54208d374f6a8953571050","name":"PP","url":"https:\/\/www.ppdelugo.com\/es\/author\/ppdelugo\/"}]}},"_links":{"self":[{"href":"https:\/\/www.ppdelugo.com\/es\/wp-json\/wp\/v2\/posts\/21221","targetHints":{"allow":["GET"]}}],"collection":[{"href":"https:\/\/www.ppdelugo.com\/es\/wp-json\/wp\/v2\/posts"}],"about":[{"href":"https:\/\/www.ppdelugo.com\/es\/wp-json\/wp\/v2\/types\/post"}],"author":[{"embeddable":true,"href":"https:\/\/www.ppdelugo.com\/es\/wp-json\/wp\/v2\/users\/2"}],"replies":[{"embeddable":true,"href":"https:\/\/www.ppdelugo.com\/es\/wp-json\/wp\/v2\/comments?post=21221"}],"version-history":[{"count":3,"href":"https:\/\/www.ppdelugo.com\/es\/wp-json\/wp\/v2\/posts\/21221\/revisions"}],"predecessor-version":[{"id":21229,"href":"https:\/\/www.ppdelugo.com\/es\/wp-json\/wp\/v2\/posts\/21221\/revisions\/21229"}],"wp:featuredmedia":[{"embeddable":true,"href":"https:\/\/www.ppdelugo.com\/es\/wp-json\/wp\/v2\/media\/21222"}],"wp:attachment":[{"href":"https:\/\/www.ppdelugo.com\/es\/wp-json\/wp\/v2\/media?parent=21221"}],"wp:term":[{"taxonomy":"category","embeddable":true,"href":"https:\/\/www.ppdelugo.com\/es\/wp-json\/wp\/v2\/categories?post=21221"},{"taxonomy":"post_tag","embeddable":true,"href":"https:\/\/www.ppdelugo.com\/es\/wp-json\/wp\/v2\/tags?post=21221"}],"curies":[{"name":"wp","href":"https:\/\/api.w.org\/{rel}","templated":true}]}}