{"id":2116,"date":"2016-03-20T11:56:33","date_gmt":"2016-03-20T11:56:33","guid":{"rendered":"http:\/\/www.ppdelugo.com\/es\/?p=2116"},"modified":"2016-03-18T13:00:50","modified_gmt":"2016-03-18T13:00:50","slug":"o-pp-ve-covardia-politica-na-maneira-de-proceder-a-municipalizacion-da-grua","status":"publish","type":"post","link":"https:\/\/www.ppdelugo.com\/es\/o-pp-ve-covardia-politica-na-maneira-de-proceder-a-municipalizacion-da-grua\/","title":{"rendered":"El PP ve \u201ccobard\u00eda pol\u00edtica\u201d en la manera de proceder a la municipalizaci\u00f3n de la gr\u00faa"},"content":{"rendered":"[vc_row type=\u00bbin_container\u00bb scene_position=\u00bbcenter\u00bb text_color=\u00bbdark\u00bb text_align=\u00bbleft\u00bb top_padding=\u00bb-10&#8243;][vc_column column_padding=\u00bbno-extra-padding\u00bb column_padding_position=\u00bball\u00bb background_color_opacity=\u00bb1&#8243; background_hover_color_opacity=\u00bb1&#8243; width=\u00bb1\/1&#8243;][vc_column_text]\n<p>Jaime Casti\u00f1eira afirma que \u201cel anuncio <em>in extremis <\/em>fuera del orden del d\u00eda de la comisi\u00f3n de cuentas\u201d de iniciar la municipalizaci\u00f3n de la gr\u00faa \u201csolo se explica por el miedo de la alcaldesa a enfrentarse a otro debate plenario con la sospecha de fondo de la <em>Pokemon<\/em>\u201d<\/p>\n<p><!--more--><\/p>\n<p>O voceiro do Grupo Municipal do Partido Popular Jaime Casti\u00f1eira cualifica de \u201ccovard\u00eda pol\u00edtica\u201d o proceder do goberno municipal no relativo \u00e1 municipalizaci\u00f3n da gr\u00faa.<\/p>\n<p>Tal como explica o popular, ao remate da Comisi\u00f3n de Contas deste venres previa ao pleno do vindeiro xoves 31 \u201ctotalmente <em>in extremis <\/em>e f\u00f3ra da orde do d\u00eda\u201d analizouse un informe da secci\u00f3n de Polic\u00eda e Transportes no que se traslada a proposta para a comisi\u00f3n de estudo da remunicipalizaci\u00f3n da gr\u00faa. \u201cNon cremos en absoluto nas casualidades e moito menos cando este acordo, que tanto tempo levamos esperando, chega xusto dous d\u00edas despois de que o Grupo Municipal do Partido Popular rexistrara unha proposici\u00f3n o d\u00eda 15 de marzo\u201d, salientou Casti\u00f1eira. Nesa li\u00f1a, o voceiro popular ironizou con que parece que \u201ca alcaldesa non tivo tempo suficiente dende o acordo plenario 10\/118 do 24 de setembro ou do escrito dirixido polo PP \u00e1 alcaldesa a comezos de marzo deste ano para tomar esta decisi\u00f3n\u201d.<\/p>\n<p>O popular atribu\u00edu esta medida, \u201cequiparable \u00e1 total improvisaci\u00f3n coa suspensi\u00f3n da ORA e cuxas consecuencias ben sabemos todos os lucenses cales foron porque as sufrimos d\u00eda a d\u00eda\u201d, ao desexo da alcaldesa de \u201cevitar o debate plenario\u201d. A ese respecto, Casti\u00f1eira advertiu de que \u201cM\u00e9ndez poder\u00e1 librarse de abordar esta cuesti\u00f3n no pr\u00f3ximo pleno, pero non das sospeitas que hai sobre o seu antecesor e sobre ela mesma ao querer prorrogar a toda costa este contrato, incluso dando m\u00e1is tempo do que ped\u00eda a empresa, intenci\u00f3n que tivo que ser freada polos t\u00e9cnicos municipais\u201d.<\/p>\n<p>Por \u00faltimo, e \u00e1 vista desta situaci\u00f3n, Jaime Casti\u00f1eira anunciou a retirada da proposici\u00f3n, o que comunicar\u00e1 oficialmente na vindeira xunta de voceiros.<\/p>\n[\/vc_column_text][\/vc_column][\/vc_row][vc_row type=\u00bbin_container\u00bb scene_position=\u00bbcenter\u00bb text_color=\u00bbdark\u00bb text_align=\u00bbleft\u00bb][vc_column column_padding=\u00bbno-extra-padding\u00bb column_padding_position=\u00bball\u00bb background_color_opacity=\u00bb1&#8243; background_hover_color_opacity=\u00bb1&#8243; width=\u00bb1\/1&#8243;][vc_column_text]\n[\/vc_column_text][\/vc_column][\/vc_row]\n","protected":false},"excerpt":{"rendered":"<p>[vc_row type=\u00bbin_container\u00bb scene_position=\u00bbcenter\u00bb text_color=\u00bbdark\u00bb text_align=\u00bbleft\u00bb top_padding=\u00bb-10&#8243;][vc_column column_padding=\u00bbno-extra-padding\u00bb column_padding_position=\u00bball\u00bb background_color_opacity=\u00bb1&#8243; background_hover_color_opacity=\u00bb1&#8243; width=\u00bb1\/1&#8243;][vc_column_text] Jaime Casti\u00f1eira afirma que \u201cel anuncio in extremis fuera del orden del d\u00eda de la comisi\u00f3n de cuentas\u201d de&#8230;<\/p>\n","protected":false},"author":8,"featured_media":840,"comment_status":"open","ping_status":"closed","sticky":false,"template":"","format":"standard","meta":{"footnotes":""},"categories":[31,36],"tags":[],"class_list":{"0":"post-2116","1":"post","2":"type-post","3":"status-publish","4":"format-standard","5":"has-post-thumbnail","7":"category-economia-es","8":"category-seguridad"},"yoast_head":"<!-- This site is optimized with the Yoast SEO plugin v27.4 - https:\/\/yoast.com\/product\/yoast-seo-wordpress\/ -->\n<title>El PP ve \u201ccobard\u00eda pol\u00edtica\u201d en la manera de proceder a la municipalizaci\u00f3n de la gr\u00faa - Grupo Municipal Partido Popular de Lugo<\/title>\n<meta name=\"robots\" content=\"index, follow, max-snippet:-1, max-image-preview:large, max-video-preview:-1\" \/>\n<link rel=\"canonical\" href=\"https:\/\/www.ppdelugo.com\/es\/o-pp-ve-covardia-politica-na-maneira-de-proceder-a-municipalizacion-da-grua\/\" \/>\n<meta property=\"og:locale\" content=\"es_ES\" \/>\n<meta property=\"og:type\" content=\"article\" \/>\n<meta property=\"og:title\" content=\"El PP ve \u201ccobard\u00eda pol\u00edtica\u201d en la manera de proceder a la municipalizaci\u00f3n de la gr\u00faa - Grupo Municipal Partido Popular de Lugo\" \/>\n<meta property=\"og:description\" content=\"[vc_row type=\u00bbin_container\u00bb scene_position=\u00bbcenter\u00bb text_color=\u00bbdark\u00bb text_align=\u00bbleft\u00bb top_padding=\u00bb-10&#8243;][vc_column column_padding=\u00bbno-extra-padding\u00bb column_padding_position=\u00bball\u00bb background_color_opacity=\u00bb1&#8243; background_hover_color_opacity=\u00bb1&#8243; width=\u00bb1\/1&#8243;][vc_column_text] Jaime Casti\u00f1eira afirma que \u201cel anuncio in extremis fuera del orden del d\u00eda de la comisi\u00f3n de cuentas\u201d de...\" \/>\n<meta property=\"og:url\" content=\"https:\/\/www.ppdelugo.com\/es\/o-pp-ve-covardia-politica-na-maneira-de-proceder-a-municipalizacion-da-grua\/\" \/>\n<meta property=\"og:site_name\" content=\"Grupo Municipal Partido Popular de Lugo\" \/>\n<meta property=\"article:published_time\" content=\"2016-03-20T11:56:33+00:00\" \/>\n<meta property=\"og:image\" content=\"https:\/\/www.ppdelugo.com\/wp-content\/uploads\/2016\/01\/IMG_6390.jpg\" \/>\n\t<meta property=\"og:image:width\" content=\"2795\" \/>\n\t<meta property=\"og:image:height\" content=\"1497\" \/>\n\t<meta property=\"og:image:type\" content=\"image\/jpeg\" \/>\n<meta name=\"author\" content=\"ppdelugo\" \/>\n<meta name=\"twitter:card\" content=\"summary_large_image\" \/>\n<meta name=\"twitter:label1\" content=\"Escrito por\" \/>\n\t<meta name=\"twitter:data1\" content=\"ppdelugo\" \/>\n\t<meta name=\"twitter:label2\" content=\"Tiempo de lectura\" \/>\n\t<meta name=\"twitter:data2\" content=\"2 minutos\" \/>\n<script type=\"application\/ld+json\" class=\"yoast-schema-graph\">{\"@context\":\"https:\\\/\\\/schema.org\",\"@graph\":[{\"@type\":\"Article\",\"@id\":\"https:\\\/\\\/www.ppdelugo.com\\\/es\\\/o-pp-ve-covardia-politica-na-maneira-de-proceder-a-municipalizacion-da-grua\\\/#article\",\"isPartOf\":{\"@id\":\"https:\\\/\\\/www.ppdelugo.com\\\/es\\\/o-pp-ve-covardia-politica-na-maneira-de-proceder-a-municipalizacion-da-grua\\\/\"},\"author\":{\"name\":\"ppdelugo\",\"@id\":\"https:\\\/\\\/www.ppdelugo.com\\\/es\\\/#\\\/schema\\\/person\\\/4fa17dd371813e2c389a4417775cec48\"},\"headline\":\"El PP ve \u201ccobard\u00eda pol\u00edtica\u201d en la manera de proceder a la municipalizaci\u00f3n de la gr\u00faa\",\"datePublished\":\"2016-03-20T11:56:33+00:00\",\"mainEntityOfPage\":{\"@id\":\"https:\\\/\\\/www.ppdelugo.com\\\/es\\\/o-pp-ve-covardia-politica-na-maneira-de-proceder-a-municipalizacion-da-grua\\\/\"},\"wordCount\":464,\"commentCount\":0,\"image\":{\"@id\":\"https:\\\/\\\/www.ppdelugo.com\\\/es\\\/o-pp-ve-covardia-politica-na-maneira-de-proceder-a-municipalizacion-da-grua\\\/#primaryimage\"},\"thumbnailUrl\":\"https:\\\/\\\/www.ppdelugo.com\\\/wp-content\\\/uploads\\\/2016\\\/01\\\/IMG_6390.jpg\",\"articleSection\":[\"Econom\u00eda\",\"Seguridad\"],\"inLanguage\":\"es\",\"potentialAction\":[{\"@type\":\"CommentAction\",\"name\":\"Comment\",\"target\":[\"https:\\\/\\\/www.ppdelugo.com\\\/es\\\/o-pp-ve-covardia-politica-na-maneira-de-proceder-a-municipalizacion-da-grua\\\/#respond\"]}]},{\"@type\":\"WebPage\",\"@id\":\"https:\\\/\\\/www.ppdelugo.com\\\/es\\\/o-pp-ve-covardia-politica-na-maneira-de-proceder-a-municipalizacion-da-grua\\\/\",\"url\":\"https:\\\/\\\/www.ppdelugo.com\\\/es\\\/o-pp-ve-covardia-politica-na-maneira-de-proceder-a-municipalizacion-da-grua\\\/\",\"name\":\"El PP ve \u201ccobard\u00eda pol\u00edtica\u201d en la manera de proceder a la municipalizaci\u00f3n de la gr\u00faa - Grupo Municipal Partido Popular de Lugo\",\"isPartOf\":{\"@id\":\"https:\\\/\\\/www.ppdelugo.com\\\/es\\\/#website\"},\"primaryImageOfPage\":{\"@id\":\"https:\\\/\\\/www.ppdelugo.com\\\/es\\\/o-pp-ve-covardia-politica-na-maneira-de-proceder-a-municipalizacion-da-grua\\\/#primaryimage\"},\"image\":{\"@id\":\"https:\\\/\\\/www.ppdelugo.com\\\/es\\\/o-pp-ve-covardia-politica-na-maneira-de-proceder-a-municipalizacion-da-grua\\\/#primaryimage\"},\"thumbnailUrl\":\"https:\\\/\\\/www.ppdelugo.com\\\/wp-content\\\/uploads\\\/2016\\\/01\\\/IMG_6390.jpg\",\"datePublished\":\"2016-03-20T11:56:33+00:00\",\"author\":{\"@id\":\"https:\\\/\\\/www.ppdelugo.com\\\/es\\\/#\\\/schema\\\/person\\\/4fa17dd371813e2c389a4417775cec48\"},\"breadcrumb\":{\"@id\":\"https:\\\/\\\/www.ppdelugo.com\\\/es\\\/o-pp-ve-covardia-politica-na-maneira-de-proceder-a-municipalizacion-da-grua\\\/#breadcrumb\"},\"inLanguage\":\"es\",\"potentialAction\":[{\"@type\":\"ReadAction\",\"target\":[\"https:\\\/\\\/www.ppdelugo.com\\\/es\\\/o-pp-ve-covardia-politica-na-maneira-de-proceder-a-municipalizacion-da-grua\\\/\"]}]},{\"@type\":\"ImageObject\",\"inLanguage\":\"es\",\"@id\":\"https:\\\/\\\/www.ppdelugo.com\\\/es\\\/o-pp-ve-covardia-politica-na-maneira-de-proceder-a-municipalizacion-da-grua\\\/#primaryimage\",\"url\":\"https:\\\/\\\/www.ppdelugo.com\\\/wp-content\\\/uploads\\\/2016\\\/01\\\/IMG_6390.jpg\",\"contentUrl\":\"https:\\\/\\\/www.ppdelugo.com\\\/wp-content\\\/uploads\\\/2016\\\/01\\\/IMG_6390.jpg\",\"width\":2795,\"height\":1497},{\"@type\":\"BreadcrumbList\",\"@id\":\"https:\\\/\\\/www.ppdelugo.com\\\/es\\\/o-pp-ve-covardia-politica-na-maneira-de-proceder-a-municipalizacion-da-grua\\\/#breadcrumb\",\"itemListElement\":[{\"@type\":\"ListItem\",\"position\":1,\"name\":\"Portada\",\"item\":\"https:\\\/\\\/www.ppdelugo.com\\\/es\\\/\"},{\"@type\":\"ListItem\",\"position\":2,\"name\":\"El PP ve \u201ccobard\u00eda pol\u00edtica\u201d en la manera de proceder a la municipalizaci\u00f3n de la gr\u00faa\"}]},{\"@type\":\"WebSite\",\"@id\":\"https:\\\/\\\/www.ppdelugo.com\\\/es\\\/#website\",\"url\":\"https:\\\/\\\/www.ppdelugo.com\\\/es\\\/\",\"name\":\"Grupo Municipal Partido Popular de Lugo\",\"description\":\"Web del Grupo Municipal del Partido Popular en el Ayuntamiento de Lugo, con informaci\u00f3n sobre Lugo y fomento de la participaci\u00f3n ciudadana\",\"potentialAction\":[{\"@type\":\"SearchAction\",\"target\":{\"@type\":\"EntryPoint\",\"urlTemplate\":\"https:\\\/\\\/www.ppdelugo.com\\\/es\\\/?s={search_term_string}\"},\"query-input\":{\"@type\":\"PropertyValueSpecification\",\"valueRequired\":true,\"valueName\":\"search_term_string\"}}],\"inLanguage\":\"es\"},{\"@type\":\"Person\",\"@id\":\"https:\\\/\\\/www.ppdelugo.com\\\/es\\\/#\\\/schema\\\/person\\\/4fa17dd371813e2c389a4417775cec48\",\"name\":\"ppdelugo\",\"url\":\"https:\\\/\\\/www.ppdelugo.com\\\/es\\\/author\\\/admin-2\\\/\"}]}<\/script>\n<!-- \/ Yoast SEO plugin. -->","yoast_head_json":{"title":"El PP ve \u201ccobard\u00eda pol\u00edtica\u201d en la manera de proceder a la municipalizaci\u00f3n de la gr\u00faa - Grupo Municipal Partido Popular de Lugo","robots":{"index":"index","follow":"follow","max-snippet":"max-snippet:-1","max-image-preview":"max-image-preview:large","max-video-preview":"max-video-preview:-1"},"canonical":"https:\/\/www.ppdelugo.com\/es\/o-pp-ve-covardia-politica-na-maneira-de-proceder-a-municipalizacion-da-grua\/","og_locale":"es_ES","og_type":"article","og_title":"El PP ve \u201ccobard\u00eda pol\u00edtica\u201d en la manera de proceder a la municipalizaci\u00f3n de la gr\u00faa - Grupo Municipal Partido Popular de Lugo","og_description":"[vc_row type=\u00bbin_container\u00bb scene_position=\u00bbcenter\u00bb text_color=\u00bbdark\u00bb text_align=\u00bbleft\u00bb top_padding=\u00bb-10&#8243;][vc_column column_padding=\u00bbno-extra-padding\u00bb column_padding_position=\u00bball\u00bb background_color_opacity=\u00bb1&#8243; background_hover_color_opacity=\u00bb1&#8243; width=\u00bb1\/1&#8243;][vc_column_text] Jaime Casti\u00f1eira afirma que \u201cel anuncio in extremis fuera del orden del d\u00eda de la comisi\u00f3n de cuentas\u201d de...","og_url":"https:\/\/www.ppdelugo.com\/es\/o-pp-ve-covardia-politica-na-maneira-de-proceder-a-municipalizacion-da-grua\/","og_site_name":"Grupo Municipal Partido Popular de Lugo","article_published_time":"2016-03-20T11:56:33+00:00","og_image":[{"width":2795,"height":1497,"url":"https:\/\/www.ppdelugo.com\/wp-content\/uploads\/2016\/01\/IMG_6390.jpg","type":"image\/jpeg"}],"author":"ppdelugo","twitter_card":"summary_large_image","twitter_misc":{"Escrito por":"ppdelugo","Tiempo de lectura":"2 minutos"},"schema":{"@context":"https:\/\/schema.org","@graph":[{"@type":"Article","@id":"https:\/\/www.ppdelugo.com\/es\/o-pp-ve-covardia-politica-na-maneira-de-proceder-a-municipalizacion-da-grua\/#article","isPartOf":{"@id":"https:\/\/www.ppdelugo.com\/es\/o-pp-ve-covardia-politica-na-maneira-de-proceder-a-municipalizacion-da-grua\/"},"author":{"name":"ppdelugo","@id":"https:\/\/www.ppdelugo.com\/es\/#\/schema\/person\/4fa17dd371813e2c389a4417775cec48"},"headline":"El PP ve \u201ccobard\u00eda pol\u00edtica\u201d en la manera de proceder a la municipalizaci\u00f3n de la gr\u00faa","datePublished":"2016-03-20T11:56:33+00:00","mainEntityOfPage":{"@id":"https:\/\/www.ppdelugo.com\/es\/o-pp-ve-covardia-politica-na-maneira-de-proceder-a-municipalizacion-da-grua\/"},"wordCount":464,"commentCount":0,"image":{"@id":"https:\/\/www.ppdelugo.com\/es\/o-pp-ve-covardia-politica-na-maneira-de-proceder-a-municipalizacion-da-grua\/#primaryimage"},"thumbnailUrl":"https:\/\/www.ppdelugo.com\/wp-content\/uploads\/2016\/01\/IMG_6390.jpg","articleSection":["Econom\u00eda","Seguridad"],"inLanguage":"es","potentialAction":[{"@type":"CommentAction","name":"Comment","target":["https:\/\/www.ppdelugo.com\/es\/o-pp-ve-covardia-politica-na-maneira-de-proceder-a-municipalizacion-da-grua\/#respond"]}]},{"@type":"WebPage","@id":"https:\/\/www.ppdelugo.com\/es\/o-pp-ve-covardia-politica-na-maneira-de-proceder-a-municipalizacion-da-grua\/","url":"https:\/\/www.ppdelugo.com\/es\/o-pp-ve-covardia-politica-na-maneira-de-proceder-a-municipalizacion-da-grua\/","name":"El PP ve \u201ccobard\u00eda pol\u00edtica\u201d en la manera de proceder a la municipalizaci\u00f3n de la gr\u00faa - Grupo Municipal Partido Popular de Lugo","isPartOf":{"@id":"https:\/\/www.ppdelugo.com\/es\/#website"},"primaryImageOfPage":{"@id":"https:\/\/www.ppdelugo.com\/es\/o-pp-ve-covardia-politica-na-maneira-de-proceder-a-municipalizacion-da-grua\/#primaryimage"},"image":{"@id":"https:\/\/www.ppdelugo.com\/es\/o-pp-ve-covardia-politica-na-maneira-de-proceder-a-municipalizacion-da-grua\/#primaryimage"},"thumbnailUrl":"https:\/\/www.ppdelugo.com\/wp-content\/uploads\/2016\/01\/IMG_6390.jpg","datePublished":"2016-03-20T11:56:33+00:00","author":{"@id":"https:\/\/www.ppdelugo.com\/es\/#\/schema\/person\/4fa17dd371813e2c389a4417775cec48"},"breadcrumb":{"@id":"https:\/\/www.ppdelugo.com\/es\/o-pp-ve-covardia-politica-na-maneira-de-proceder-a-municipalizacion-da-grua\/#breadcrumb"},"inLanguage":"es","potentialAction":[{"@type":"ReadAction","target":["https:\/\/www.ppdelugo.com\/es\/o-pp-ve-covardia-politica-na-maneira-de-proceder-a-municipalizacion-da-grua\/"]}]},{"@type":"ImageObject","inLanguage":"es","@id":"https:\/\/www.ppdelugo.com\/es\/o-pp-ve-covardia-politica-na-maneira-de-proceder-a-municipalizacion-da-grua\/#primaryimage","url":"https:\/\/www.ppdelugo.com\/wp-content\/uploads\/2016\/01\/IMG_6390.jpg","contentUrl":"https:\/\/www.ppdelugo.com\/wp-content\/uploads\/2016\/01\/IMG_6390.jpg","width":2795,"height":1497},{"@type":"BreadcrumbList","@id":"https:\/\/www.ppdelugo.com\/es\/o-pp-ve-covardia-politica-na-maneira-de-proceder-a-municipalizacion-da-grua\/#breadcrumb","itemListElement":[{"@type":"ListItem","position":1,"name":"Portada","item":"https:\/\/www.ppdelugo.com\/es\/"},{"@type":"ListItem","position":2,"name":"El PP ve \u201ccobard\u00eda pol\u00edtica\u201d en la manera de proceder a la municipalizaci\u00f3n de la gr\u00faa"}]},{"@type":"WebSite","@id":"https:\/\/www.ppdelugo.com\/es\/#website","url":"https:\/\/www.ppdelugo.com\/es\/","name":"Grupo Municipal Partido Popular de Lugo","description":"Web del Grupo Municipal del Partido Popular en el Ayuntamiento de Lugo, con informaci\u00f3n sobre Lugo y fomento de la participaci\u00f3n ciudadana","potentialAction":[{"@type":"SearchAction","target":{"@type":"EntryPoint","urlTemplate":"https:\/\/www.ppdelugo.com\/es\/?s={search_term_string}"},"query-input":{"@type":"PropertyValueSpecification","valueRequired":true,"valueName":"search_term_string"}}],"inLanguage":"es"},{"@type":"Person","@id":"https:\/\/www.ppdelugo.com\/es\/#\/schema\/person\/4fa17dd371813e2c389a4417775cec48","name":"ppdelugo","url":"https:\/\/www.ppdelugo.com\/es\/author\/admin-2\/"}]}},"_links":{"self":[{"href":"https:\/\/www.ppdelugo.com\/es\/wp-json\/wp\/v2\/posts\/2116","targetHints":{"allow":["GET"]}}],"collection":[{"href":"https:\/\/www.ppdelugo.com\/es\/wp-json\/wp\/v2\/posts"}],"about":[{"href":"https:\/\/www.ppdelugo.com\/es\/wp-json\/wp\/v2\/types\/post"}],"author":[{"embeddable":true,"href":"https:\/\/www.ppdelugo.com\/es\/wp-json\/wp\/v2\/users\/8"}],"replies":[{"embeddable":true,"href":"https:\/\/www.ppdelugo.com\/es\/wp-json\/wp\/v2\/comments?post=2116"}],"version-history":[{"count":0,"href":"https:\/\/www.ppdelugo.com\/es\/wp-json\/wp\/v2\/posts\/2116\/revisions"}],"wp:featuredmedia":[{"embeddable":true,"href":"https:\/\/www.ppdelugo.com\/es\/wp-json\/wp\/v2\/media\/840"}],"wp:attachment":[{"href":"https:\/\/www.ppdelugo.com\/es\/wp-json\/wp\/v2\/media?parent=2116"}],"wp:term":[{"taxonomy":"category","embeddable":true,"href":"https:\/\/www.ppdelugo.com\/es\/wp-json\/wp\/v2\/categories?post=2116"},{"taxonomy":"post_tag","embeddable":true,"href":"https:\/\/www.ppdelugo.com\/es\/wp-json\/wp\/v2\/tags?post=2116"}],"curies":[{"name":"wp","href":"https:\/\/api.w.org\/{rel}","templated":true}]}}