{"id":21021,"date":"2023-10-17T10:35:39","date_gmt":"2023-10-17T10:35:39","guid":{"rendered":"http:\/\/www.ppdelugo.com\/?p=21021"},"modified":"2023-10-17T10:35:39","modified_gmt":"2023-10-17T10:35:39","slug":"o-pp-propon-unha-reunion-urxente-entre-concello-e-confederacion-para-desbloquear-o-5-do-pxom","status":"publish","type":"post","link":"https:\/\/www.ppdelugo.com\/es\/o-pp-propon-unha-reunion-urxente-entre-concello-e-confederacion-para-desbloquear-o-5-do-pxom\/","title":{"rendered":"O PP prop\u00f3n unha reuni\u00f3n urxente entre Concello e Confederaci\u00f3n para desbloquear o 5% do PXOM"},"content":{"rendered":"<p>\u2022 O Grupo Municipal do PP v\u00e9n de rexistrar un rogo para que \u201cse impulse un grupo de traballo bilateral con representantes do Concello e da Confederaci\u00f3n que analice e solucione as deficiencias da documentaci\u00f3n que o goberno local enviou a CHMS\u201d<\/p>\n<p>\u2022 Para os populares \u201ca situaci\u00f3n do PXOM de Lugo s\u00f3 se pode desbloquear cun traballo coordinado\u201d engadindo que \u201cpara poder solventar de xeito defintivo o PXOM, faise imprescindible que CHMS e Concello acorden en reuni\u00f3ns de traballo conxuntas c\u00f3mo o goberno local debe de abordar as discrepancias existentes na documentaci\u00f3n para d\u00e1rlle integridade o PXOM, as\u00ed como de que xeito no que te\u00f1en que presentar os documentos\u201d<\/p>\n<p>\u2022 Os populares afirman que \u201cpara n\u00f3s aprobar o 100% deste documento \u00e9 un asunto prioritario polas repercusi\u00f3ns econ\u00f3micas e o impacto que ten nun sector moi importante en Lugo\u201d engadindo que \u201cadem\u00e1is hai moitos lucenses agardando a que se d\u00e9 luz verde ao planeamento xa que o seu proxecto de vida ou negocio depende dunha licenza.<\/p>\n<p>\u2022 Os populares explican que este novo rev\u00e9s ao 5% do Plan Xeral supor\u00e1 que Lugo terminar\u00e1 o 2023 sen ter aprobado o documento urban\u00edstico m\u00e1is importante que ten nas s\u00faas mans, sumando 12 anos \u00e1 cronolox\u00eda dun tr\u00e1mite que xa ti\u00f1a que estar conclu\u00eddo hai tempo\u201d<\/p>\n","protected":false},"excerpt":{"rendered":"<p>\u2022 O Grupo Municipal do PP v\u00e9n de rexistrar un rogo para que \u201cse impulse un grupo de traballo bilateral con representantes do Concello e da Confederaci\u00f3n que analice e&#8230;<\/p>\n","protected":false},"author":2,"featured_media":12246,"comment_status":"open","ping_status":"closed","sticky":false,"template":"","format":"standard","meta":{"footnotes":""},"categories":[42],"tags":[],"class_list":{"0":"post-21021","1":"post","2":"type-post","3":"status-publish","4":"format-standard","5":"has-post-thumbnail","7":"category-urbanismo-es"},"yoast_head":"<!-- This site is optimized with the Yoast SEO plugin v27.4 - https:\/\/yoast.com\/product\/yoast-seo-wordpress\/ -->\n<title>O PP prop\u00f3n unha reuni\u00f3n urxente entre Concello e Confederaci\u00f3n para desbloquear o 5% do PXOM - Grupo Municipal Partido Popular de Lugo<\/title>\n<meta name=\"robots\" content=\"index, follow, max-snippet:-1, max-image-preview:large, max-video-preview:-1\" \/>\n<link rel=\"canonical\" href=\"https:\/\/www.ppdelugo.com\/es\/o-pp-propon-unha-reunion-urxente-entre-concello-e-confederacion-para-desbloquear-o-5-do-pxom\/\" \/>\n<meta property=\"og:locale\" content=\"es_ES\" \/>\n<meta property=\"og:type\" content=\"article\" \/>\n<meta property=\"og:title\" content=\"O PP prop\u00f3n unha reuni\u00f3n urxente entre Concello e Confederaci\u00f3n para desbloquear o 5% do PXOM - Grupo Municipal Partido Popular de Lugo\" \/>\n<meta property=\"og:description\" content=\"\u2022 O Grupo Municipal do PP v\u00e9n de rexistrar un rogo para que \u201cse impulse un grupo de traballo bilateral con representantes do Concello e da Confederaci\u00f3n que analice e...\" \/>\n<meta property=\"og:url\" content=\"https:\/\/www.ppdelugo.com\/es\/o-pp-propon-unha-reunion-urxente-entre-concello-e-confederacion-para-desbloquear-o-5-do-pxom\/\" \/>\n<meta property=\"og:site_name\" content=\"Grupo Municipal Partido Popular de Lugo\" \/>\n<meta property=\"article:published_time\" content=\"2023-10-17T10:35:39+00:00\" \/>\n<meta property=\"og:image\" content=\"https:\/\/www.ppdelugo.com\/wp-content\/uploads\/2016\/02\/PXOM-Rural-1-GMPPLugo-e1456488340549.jpg\" \/>\n\t<meta property=\"og:image:width\" content=\"1648\" \/>\n\t<meta property=\"og:image:height\" content=\"1236\" \/>\n\t<meta property=\"og:image:type\" content=\"image\/jpeg\" \/>\n<meta name=\"author\" content=\"PP\" \/>\n<meta name=\"twitter:card\" content=\"summary_large_image\" \/>\n<meta name=\"twitter:image\" content=\"https:\/\/www.ppdelugo.com\/wp-content\/uploads\/2016\/02\/PXOM-Rural-1-GMPPLugo-e1456488340549.jpg\" \/>\n<meta name=\"twitter:label1\" content=\"Escrito por\" \/>\n\t<meta name=\"twitter:data1\" content=\"PP\" \/>\n\t<meta name=\"twitter:label2\" content=\"Tiempo de lectura\" \/>\n\t<meta name=\"twitter:data2\" content=\"2 minutos\" \/>\n<script type=\"application\/ld+json\" class=\"yoast-schema-graph\">{\"@context\":\"https:\\\/\\\/schema.org\",\"@graph\":[{\"@type\":\"Article\",\"@id\":\"https:\\\/\\\/www.ppdelugo.com\\\/es\\\/o-pp-propon-unha-reunion-urxente-entre-concello-e-confederacion-para-desbloquear-o-5-do-pxom\\\/#article\",\"isPartOf\":{\"@id\":\"https:\\\/\\\/www.ppdelugo.com\\\/es\\\/o-pp-propon-unha-reunion-urxente-entre-concello-e-confederacion-para-desbloquear-o-5-do-pxom\\\/\"},\"author\":{\"name\":\"PP\",\"@id\":\"https:\\\/\\\/www.ppdelugo.com\\\/es\\\/#\\\/schema\\\/person\\\/a847ea797b54208d374f6a8953571050\"},\"headline\":\"O PP prop\u00f3n unha reuni\u00f3n urxente entre Concello e Confederaci\u00f3n para desbloquear o 5% do PXOM\",\"datePublished\":\"2023-10-17T10:35:39+00:00\",\"mainEntityOfPage\":{\"@id\":\"https:\\\/\\\/www.ppdelugo.com\\\/es\\\/o-pp-propon-unha-reunion-urxente-entre-concello-e-confederacion-para-desbloquear-o-5-do-pxom\\\/\"},\"wordCount\":243,\"commentCount\":0,\"image\":{\"@id\":\"https:\\\/\\\/www.ppdelugo.com\\\/es\\\/o-pp-propon-unha-reunion-urxente-entre-concello-e-confederacion-para-desbloquear-o-5-do-pxom\\\/#primaryimage\"},\"thumbnailUrl\":\"https:\\\/\\\/www.ppdelugo.com\\\/wp-content\\\/uploads\\\/2016\\\/02\\\/PXOM-Rural-1-GMPPLugo-e1456488340549.jpg\",\"articleSection\":[\"Urbanismo\"],\"inLanguage\":\"es\",\"potentialAction\":[{\"@type\":\"CommentAction\",\"name\":\"Comment\",\"target\":[\"https:\\\/\\\/www.ppdelugo.com\\\/es\\\/o-pp-propon-unha-reunion-urxente-entre-concello-e-confederacion-para-desbloquear-o-5-do-pxom\\\/#respond\"]}]},{\"@type\":\"WebPage\",\"@id\":\"https:\\\/\\\/www.ppdelugo.com\\\/es\\\/o-pp-propon-unha-reunion-urxente-entre-concello-e-confederacion-para-desbloquear-o-5-do-pxom\\\/\",\"url\":\"https:\\\/\\\/www.ppdelugo.com\\\/es\\\/o-pp-propon-unha-reunion-urxente-entre-concello-e-confederacion-para-desbloquear-o-5-do-pxom\\\/\",\"name\":\"O PP prop\u00f3n unha reuni\u00f3n urxente entre Concello e Confederaci\u00f3n para desbloquear o 5% do PXOM - Grupo Municipal Partido Popular de Lugo\",\"isPartOf\":{\"@id\":\"https:\\\/\\\/www.ppdelugo.com\\\/es\\\/#website\"},\"primaryImageOfPage\":{\"@id\":\"https:\\\/\\\/www.ppdelugo.com\\\/es\\\/o-pp-propon-unha-reunion-urxente-entre-concello-e-confederacion-para-desbloquear-o-5-do-pxom\\\/#primaryimage\"},\"image\":{\"@id\":\"https:\\\/\\\/www.ppdelugo.com\\\/es\\\/o-pp-propon-unha-reunion-urxente-entre-concello-e-confederacion-para-desbloquear-o-5-do-pxom\\\/#primaryimage\"},\"thumbnailUrl\":\"https:\\\/\\\/www.ppdelugo.com\\\/wp-content\\\/uploads\\\/2016\\\/02\\\/PXOM-Rural-1-GMPPLugo-e1456488340549.jpg\",\"datePublished\":\"2023-10-17T10:35:39+00:00\",\"author\":{\"@id\":\"https:\\\/\\\/www.ppdelugo.com\\\/es\\\/#\\\/schema\\\/person\\\/a847ea797b54208d374f6a8953571050\"},\"breadcrumb\":{\"@id\":\"https:\\\/\\\/www.ppdelugo.com\\\/es\\\/o-pp-propon-unha-reunion-urxente-entre-concello-e-confederacion-para-desbloquear-o-5-do-pxom\\\/#breadcrumb\"},\"inLanguage\":\"es\",\"potentialAction\":[{\"@type\":\"ReadAction\",\"target\":[\"https:\\\/\\\/www.ppdelugo.com\\\/es\\\/o-pp-propon-unha-reunion-urxente-entre-concello-e-confederacion-para-desbloquear-o-5-do-pxom\\\/\"]}]},{\"@type\":\"ImageObject\",\"inLanguage\":\"es\",\"@id\":\"https:\\\/\\\/www.ppdelugo.com\\\/es\\\/o-pp-propon-unha-reunion-urxente-entre-concello-e-confederacion-para-desbloquear-o-5-do-pxom\\\/#primaryimage\",\"url\":\"https:\\\/\\\/www.ppdelugo.com\\\/wp-content\\\/uploads\\\/2016\\\/02\\\/PXOM-Rural-1-GMPPLugo-e1456488340549.jpg\",\"contentUrl\":\"https:\\\/\\\/www.ppdelugo.com\\\/wp-content\\\/uploads\\\/2016\\\/02\\\/PXOM-Rural-1-GMPPLugo-e1456488340549.jpg\",\"width\":1648,\"height\":1236},{\"@type\":\"BreadcrumbList\",\"@id\":\"https:\\\/\\\/www.ppdelugo.com\\\/es\\\/o-pp-propon-unha-reunion-urxente-entre-concello-e-confederacion-para-desbloquear-o-5-do-pxom\\\/#breadcrumb\",\"itemListElement\":[{\"@type\":\"ListItem\",\"position\":1,\"name\":\"Portada\",\"item\":\"https:\\\/\\\/www.ppdelugo.com\\\/es\\\/\"},{\"@type\":\"ListItem\",\"position\":2,\"name\":\"O PP prop\u00f3n unha reuni\u00f3n urxente entre Concello e Confederaci\u00f3n para desbloquear o 5% do PXOM\"}]},{\"@type\":\"WebSite\",\"@id\":\"https:\\\/\\\/www.ppdelugo.com\\\/es\\\/#website\",\"url\":\"https:\\\/\\\/www.ppdelugo.com\\\/es\\\/\",\"name\":\"Grupo Municipal Partido Popular de Lugo\",\"description\":\"Web del Grupo Municipal del Partido Popular en el Ayuntamiento de Lugo, con informaci\u00f3n sobre Lugo y fomento de la participaci\u00f3n ciudadana\",\"potentialAction\":[{\"@type\":\"SearchAction\",\"target\":{\"@type\":\"EntryPoint\",\"urlTemplate\":\"https:\\\/\\\/www.ppdelugo.com\\\/es\\\/?s={search_term_string}\"},\"query-input\":{\"@type\":\"PropertyValueSpecification\",\"valueRequired\":true,\"valueName\":\"search_term_string\"}}],\"inLanguage\":\"es\"},{\"@type\":\"Person\",\"@id\":\"https:\\\/\\\/www.ppdelugo.com\\\/es\\\/#\\\/schema\\\/person\\\/a847ea797b54208d374f6a8953571050\",\"name\":\"PP\",\"url\":\"https:\\\/\\\/www.ppdelugo.com\\\/es\\\/author\\\/ppdelugo\\\/\"}]}<\/script>\n<!-- \/ Yoast SEO plugin. -->","yoast_head_json":{"title":"O PP prop\u00f3n unha reuni\u00f3n urxente entre Concello e Confederaci\u00f3n para desbloquear o 5% do PXOM - Grupo Municipal Partido Popular de Lugo","robots":{"index":"index","follow":"follow","max-snippet":"max-snippet:-1","max-image-preview":"max-image-preview:large","max-video-preview":"max-video-preview:-1"},"canonical":"https:\/\/www.ppdelugo.com\/es\/o-pp-propon-unha-reunion-urxente-entre-concello-e-confederacion-para-desbloquear-o-5-do-pxom\/","og_locale":"es_ES","og_type":"article","og_title":"O PP prop\u00f3n unha reuni\u00f3n urxente entre Concello e Confederaci\u00f3n para desbloquear o 5% do PXOM - Grupo Municipal Partido Popular de Lugo","og_description":"\u2022 O Grupo Municipal do PP v\u00e9n de rexistrar un rogo para que \u201cse impulse un grupo de traballo bilateral con representantes do Concello e da Confederaci\u00f3n que analice e...","og_url":"https:\/\/www.ppdelugo.com\/es\/o-pp-propon-unha-reunion-urxente-entre-concello-e-confederacion-para-desbloquear-o-5-do-pxom\/","og_site_name":"Grupo Municipal Partido Popular de Lugo","article_published_time":"2023-10-17T10:35:39+00:00","og_image":[{"width":1648,"height":1236,"url":"https:\/\/www.ppdelugo.com\/wp-content\/uploads\/2016\/02\/PXOM-Rural-1-GMPPLugo-e1456488340549.jpg","type":"image\/jpeg"}],"author":"PP","twitter_card":"summary_large_image","twitter_image":"https:\/\/www.ppdelugo.com\/wp-content\/uploads\/2016\/02\/PXOM-Rural-1-GMPPLugo-e1456488340549.jpg","twitter_misc":{"Escrito por":"PP","Tiempo de lectura":"2 minutos"},"schema":{"@context":"https:\/\/schema.org","@graph":[{"@type":"Article","@id":"https:\/\/www.ppdelugo.com\/es\/o-pp-propon-unha-reunion-urxente-entre-concello-e-confederacion-para-desbloquear-o-5-do-pxom\/#article","isPartOf":{"@id":"https:\/\/www.ppdelugo.com\/es\/o-pp-propon-unha-reunion-urxente-entre-concello-e-confederacion-para-desbloquear-o-5-do-pxom\/"},"author":{"name":"PP","@id":"https:\/\/www.ppdelugo.com\/es\/#\/schema\/person\/a847ea797b54208d374f6a8953571050"},"headline":"O PP prop\u00f3n unha reuni\u00f3n urxente entre Concello e Confederaci\u00f3n para desbloquear o 5% do PXOM","datePublished":"2023-10-17T10:35:39+00:00","mainEntityOfPage":{"@id":"https:\/\/www.ppdelugo.com\/es\/o-pp-propon-unha-reunion-urxente-entre-concello-e-confederacion-para-desbloquear-o-5-do-pxom\/"},"wordCount":243,"commentCount":0,"image":{"@id":"https:\/\/www.ppdelugo.com\/es\/o-pp-propon-unha-reunion-urxente-entre-concello-e-confederacion-para-desbloquear-o-5-do-pxom\/#primaryimage"},"thumbnailUrl":"https:\/\/www.ppdelugo.com\/wp-content\/uploads\/2016\/02\/PXOM-Rural-1-GMPPLugo-e1456488340549.jpg","articleSection":["Urbanismo"],"inLanguage":"es","potentialAction":[{"@type":"CommentAction","name":"Comment","target":["https:\/\/www.ppdelugo.com\/es\/o-pp-propon-unha-reunion-urxente-entre-concello-e-confederacion-para-desbloquear-o-5-do-pxom\/#respond"]}]},{"@type":"WebPage","@id":"https:\/\/www.ppdelugo.com\/es\/o-pp-propon-unha-reunion-urxente-entre-concello-e-confederacion-para-desbloquear-o-5-do-pxom\/","url":"https:\/\/www.ppdelugo.com\/es\/o-pp-propon-unha-reunion-urxente-entre-concello-e-confederacion-para-desbloquear-o-5-do-pxom\/","name":"O PP prop\u00f3n unha reuni\u00f3n urxente entre Concello e Confederaci\u00f3n para desbloquear o 5% do PXOM - Grupo Municipal Partido Popular de Lugo","isPartOf":{"@id":"https:\/\/www.ppdelugo.com\/es\/#website"},"primaryImageOfPage":{"@id":"https:\/\/www.ppdelugo.com\/es\/o-pp-propon-unha-reunion-urxente-entre-concello-e-confederacion-para-desbloquear-o-5-do-pxom\/#primaryimage"},"image":{"@id":"https:\/\/www.ppdelugo.com\/es\/o-pp-propon-unha-reunion-urxente-entre-concello-e-confederacion-para-desbloquear-o-5-do-pxom\/#primaryimage"},"thumbnailUrl":"https:\/\/www.ppdelugo.com\/wp-content\/uploads\/2016\/02\/PXOM-Rural-1-GMPPLugo-e1456488340549.jpg","datePublished":"2023-10-17T10:35:39+00:00","author":{"@id":"https:\/\/www.ppdelugo.com\/es\/#\/schema\/person\/a847ea797b54208d374f6a8953571050"},"breadcrumb":{"@id":"https:\/\/www.ppdelugo.com\/es\/o-pp-propon-unha-reunion-urxente-entre-concello-e-confederacion-para-desbloquear-o-5-do-pxom\/#breadcrumb"},"inLanguage":"es","potentialAction":[{"@type":"ReadAction","target":["https:\/\/www.ppdelugo.com\/es\/o-pp-propon-unha-reunion-urxente-entre-concello-e-confederacion-para-desbloquear-o-5-do-pxom\/"]}]},{"@type":"ImageObject","inLanguage":"es","@id":"https:\/\/www.ppdelugo.com\/es\/o-pp-propon-unha-reunion-urxente-entre-concello-e-confederacion-para-desbloquear-o-5-do-pxom\/#primaryimage","url":"https:\/\/www.ppdelugo.com\/wp-content\/uploads\/2016\/02\/PXOM-Rural-1-GMPPLugo-e1456488340549.jpg","contentUrl":"https:\/\/www.ppdelugo.com\/wp-content\/uploads\/2016\/02\/PXOM-Rural-1-GMPPLugo-e1456488340549.jpg","width":1648,"height":1236},{"@type":"BreadcrumbList","@id":"https:\/\/www.ppdelugo.com\/es\/o-pp-propon-unha-reunion-urxente-entre-concello-e-confederacion-para-desbloquear-o-5-do-pxom\/#breadcrumb","itemListElement":[{"@type":"ListItem","position":1,"name":"Portada","item":"https:\/\/www.ppdelugo.com\/es\/"},{"@type":"ListItem","position":2,"name":"O PP prop\u00f3n unha reuni\u00f3n urxente entre Concello e Confederaci\u00f3n para desbloquear o 5% do PXOM"}]},{"@type":"WebSite","@id":"https:\/\/www.ppdelugo.com\/es\/#website","url":"https:\/\/www.ppdelugo.com\/es\/","name":"Grupo Municipal Partido Popular de Lugo","description":"Web del Grupo Municipal del Partido Popular en el Ayuntamiento de Lugo, con informaci\u00f3n sobre Lugo y fomento de la participaci\u00f3n ciudadana","potentialAction":[{"@type":"SearchAction","target":{"@type":"EntryPoint","urlTemplate":"https:\/\/www.ppdelugo.com\/es\/?s={search_term_string}"},"query-input":{"@type":"PropertyValueSpecification","valueRequired":true,"valueName":"search_term_string"}}],"inLanguage":"es"},{"@type":"Person","@id":"https:\/\/www.ppdelugo.com\/es\/#\/schema\/person\/a847ea797b54208d374f6a8953571050","name":"PP","url":"https:\/\/www.ppdelugo.com\/es\/author\/ppdelugo\/"}]}},"_links":{"self":[{"href":"https:\/\/www.ppdelugo.com\/es\/wp-json\/wp\/v2\/posts\/21021","targetHints":{"allow":["GET"]}}],"collection":[{"href":"https:\/\/www.ppdelugo.com\/es\/wp-json\/wp\/v2\/posts"}],"about":[{"href":"https:\/\/www.ppdelugo.com\/es\/wp-json\/wp\/v2\/types\/post"}],"author":[{"embeddable":true,"href":"https:\/\/www.ppdelugo.com\/es\/wp-json\/wp\/v2\/users\/2"}],"replies":[{"embeddable":true,"href":"https:\/\/www.ppdelugo.com\/es\/wp-json\/wp\/v2\/comments?post=21021"}],"version-history":[{"count":2,"href":"https:\/\/www.ppdelugo.com\/es\/wp-json\/wp\/v2\/posts\/21021\/revisions"}],"predecessor-version":[{"id":21024,"href":"https:\/\/www.ppdelugo.com\/es\/wp-json\/wp\/v2\/posts\/21021\/revisions\/21024"}],"wp:featuredmedia":[{"embeddable":true,"href":"https:\/\/www.ppdelugo.com\/es\/wp-json\/wp\/v2\/media\/12246"}],"wp:attachment":[{"href":"https:\/\/www.ppdelugo.com\/es\/wp-json\/wp\/v2\/media?parent=21021"}],"wp:term":[{"taxonomy":"category","embeddable":true,"href":"https:\/\/www.ppdelugo.com\/es\/wp-json\/wp\/v2\/categories?post=21021"},{"taxonomy":"post_tag","embeddable":true,"href":"https:\/\/www.ppdelugo.com\/es\/wp-json\/wp\/v2\/tags?post=21021"}],"curies":[{"name":"wp","href":"https:\/\/api.w.org\/{rel}","templated":true}]}}