{"id":20958,"date":"2023-10-01T11:41:45","date_gmt":"2023-10-01T11:41:45","guid":{"rendered":"http:\/\/www.ppdelugo.com\/o-pp-pide-que-se-elimine-a-plusvalia-un-imposto-que-considera-inxusto-e-gravoso-para-os-lucenses\/"},"modified":"2023-10-03T11:43:33","modified_gmt":"2023-10-03T11:43:33","slug":"o-pp-pide-que-se-elimine-a-plusvalia-un-imposto-que-considera-inxusto-e-gravoso-para-os-lucenses","status":"publish","type":"post","link":"https:\/\/www.ppdelugo.com\/es\/o-pp-pide-que-se-elimine-a-plusvalia-un-imposto-que-considera-inxusto-e-gravoso-para-os-lucenses\/","title":{"rendered":"El PP pide que se elimine la plusval\u00eda un imposto que considera \u201cinjusto y gravoso para os lucenses\u201d"},"content":{"rendered":"<p style=\"font-weight: 400;\">Os populares afirman que o seu grupo \u201ctraballar\u00e1 ao longo deste mandato para conseguir a exenci\u00f3n plusval\u00eda tal e como defendimos no programa electoral\u201d<\/p>\n<ul>\n<li style=\"font-weight: 400;\">Outra proposta que presentaron os populares foi a de\u201cbaixar o coeficiente do IBI urbano e pasalo do 0,67 ao 0,60 para deste xeito, alixerar a carga fiscal dos lucenses para o ano 2023<\/li>\n<li style=\"font-weight: 400;\">A voceira popular resum\u00eda que \u201cestamos falando dunhas rebaixas que son necesarias e est\u00e1n pensadas na econom\u00eda dos lucenses\u201d engadindo que \u201cestamos nun momento no que \u00e9 preciso minorizar o gasto do di\u00f1eiro p\u00fablico e reducir a carga fiscal\u201d<\/li>\n<\/ul>\n<p style=\"font-weight: 400;\">REIVINDICACI\u00d3NS CUMPRIDAS<\/p>\n<ul>\n<li style=\"font-weight: 400;\">Os populares dan a benvida, \u00a0ainda que sexa con anos de retraso, a d\u00faas modificaci\u00f3ns das ordenanzas que hoxe se aprobaron e contaron co noso apoio<\/li>\n<li style=\"font-weight: 400;\">Tr\u00e1tase da\u00a0ordenanza do saneamento onde \u00a0\u201ccambiaron, tal e como pediu o Partido Popular en reiteradas ocasi\u00f3ns, o \u00a0c\u00e1lculo para que sexa menos gravoso para o cidad\u00e1n en caso de que non se poidan facer as lecturas dos contadores.<\/li>\n<li style=\"font-weight: 400;\">Algo parecido sucede cos sistemas de aprovechamiento t\u00e9rmico ou de enerx\u00eda solar para autoconsumo xa que as condici\u00f3ns que esix\u00edan para conseguir a bonificaci\u00f3n do IBI eran incumpribles<\/li>\n<\/ul>\n<p style=\"font-weight: 400;\"><u>OUTRAS PROPOSTAS<\/u><\/p>\n<ul>\n<li style=\"font-weight: 400;\">O PP tam\u00e9n defendeu no pleno varias propostas que repercutir\u00edan na econom\u00eda dom\u00e9stica, de aut\u00f3nomos e familias lucenses relacionadas coa simplificaci\u00f3n e axilizaci\u00f3n de tr\u00e1mites administrativos como por exemplo:<\/li>\n<\/ul>\n<ol>\n<li style=\"font-weight: 400;\">Plan de pago f\u00e1cil\u00a0para fraccionar en cuotas mensuais o abono dos diferentes impostos municipais.<\/li>\n<li style=\"font-weight: 400;\">Modificar a obsoleta clasificaci\u00f3n de categor\u00edas fiscais das v\u00edas p\u00fablicas do municipio xa que dif\u00edcilmente pode conseguirse unha fiscalidade xusta senon son capaces de cambiar este documento<\/li>\n<li style=\"font-weight: 400;\">Incentivos m\u00e1is ambiciosos para a rehabilitaci\u00f3n<\/li>\n<li style=\"font-weight: 400;\">Reformular a taxa da recollida do lixo para pasar a cobrar aos negocios por actividade e non por metros cadrados xa que os residuos que xera un supermercado non son os mesmos que unha asesor\u00eda, un ximnasio ou un despacho profesional.<\/li>\n<\/ol>\n","protected":false},"excerpt":{"rendered":"<p>Os populares afirman que o seu grupo \u201ctraballar\u00e1 ao longo deste mandato para conseguir a exenci\u00f3n plusval\u00eda tal e como defendimos no programa electoral\u201d Outra proposta que presentaron os populares&#8230;<\/p>\n","protected":false},"author":2,"featured_media":8871,"comment_status":"open","ping_status":"closed","sticky":false,"template":"","format":"standard","meta":{"footnotes":""},"categories":[132],"tags":[],"class_list":{"0":"post-20958","1":"post","2":"type-post","3":"status-publish","4":"format-standard","5":"has-post-thumbnail","7":"category-sen-categoria-gl-es"},"yoast_head":"<!-- This site is optimized with the Yoast SEO plugin v27.4 - https:\/\/yoast.com\/product\/yoast-seo-wordpress\/ -->\n<title>El PP pide que se elimine la plusval\u00eda un imposto que considera \u201cinjusto y gravoso para os lucenses\u201d - Grupo Municipal Partido Popular de Lugo<\/title>\n<meta name=\"robots\" content=\"index, follow, max-snippet:-1, max-image-preview:large, max-video-preview:-1\" \/>\n<link rel=\"canonical\" href=\"https:\/\/www.ppdelugo.com\/es\/o-pp-pide-que-se-elimine-a-plusvalia-un-imposto-que-considera-inxusto-e-gravoso-para-os-lucenses\/\" \/>\n<meta property=\"og:locale\" content=\"es_ES\" \/>\n<meta property=\"og:type\" content=\"article\" \/>\n<meta property=\"og:title\" content=\"El PP pide que se elimine la plusval\u00eda un imposto que considera \u201cinjusto y gravoso para os lucenses\u201d - Grupo Municipal Partido Popular de Lugo\" \/>\n<meta property=\"og:description\" content=\"Os populares afirman que o seu grupo \u201ctraballar\u00e1 ao longo deste mandato para conseguir a exenci\u00f3n plusval\u00eda tal e como defendimos no programa electoral\u201d Outra proposta que presentaron os populares...\" \/>\n<meta property=\"og:url\" content=\"https:\/\/www.ppdelugo.com\/es\/o-pp-pide-que-se-elimine-a-plusvalia-un-imposto-que-considera-inxusto-e-gravoso-para-os-lucenses\/\" \/>\n<meta property=\"og:site_name\" content=\"Grupo Municipal Partido Popular de Lugo\" \/>\n<meta property=\"article:published_time\" content=\"2023-10-01T11:41:45+00:00\" \/>\n<meta property=\"article:modified_time\" content=\"2023-10-03T11:43:33+00:00\" \/>\n<meta property=\"og:image\" content=\"https:\/\/www.ppdelugo.com\/wp-content\/uploads\/2017\/06\/P\u00e1x-Econom\u00eda-1-1024x683.jpg\" \/>\n\t<meta property=\"og:image:width\" content=\"1024\" \/>\n\t<meta property=\"og:image:height\" content=\"683\" \/>\n\t<meta property=\"og:image:type\" content=\"image\/jpeg\" \/>\n<meta name=\"author\" content=\"PP\" \/>\n<meta name=\"twitter:card\" content=\"summary_large_image\" \/>\n<meta name=\"twitter:label1\" content=\"Escrito por\" \/>\n\t<meta name=\"twitter:data1\" content=\"PP\" \/>\n\t<meta name=\"twitter:label2\" content=\"Tiempo de lectura\" \/>\n\t<meta name=\"twitter:data2\" content=\"2 minutos\" \/>\n<script type=\"application\/ld+json\" class=\"yoast-schema-graph\">{\"@context\":\"https:\\\/\\\/schema.org\",\"@graph\":[{\"@type\":\"Article\",\"@id\":\"https:\\\/\\\/www.ppdelugo.com\\\/es\\\/o-pp-pide-que-se-elimine-a-plusvalia-un-imposto-que-considera-inxusto-e-gravoso-para-os-lucenses\\\/#article\",\"isPartOf\":{\"@id\":\"https:\\\/\\\/www.ppdelugo.com\\\/es\\\/o-pp-pide-que-se-elimine-a-plusvalia-un-imposto-que-considera-inxusto-e-gravoso-para-os-lucenses\\\/\"},\"author\":{\"name\":\"PP\",\"@id\":\"https:\\\/\\\/www.ppdelugo.com\\\/es\\\/#\\\/schema\\\/person\\\/a847ea797b54208d374f6a8953571050\"},\"headline\":\"El PP pide que se elimine la plusval\u00eda un imposto que considera \u201cinjusto y gravoso para os lucenses\u201d\",\"datePublished\":\"2023-10-01T11:41:45+00:00\",\"dateModified\":\"2023-10-03T11:43:33+00:00\",\"mainEntityOfPage\":{\"@id\":\"https:\\\/\\\/www.ppdelugo.com\\\/es\\\/o-pp-pide-que-se-elimine-a-plusvalia-un-imposto-que-considera-inxusto-e-gravoso-para-os-lucenses\\\/\"},\"wordCount\":363,\"commentCount\":0,\"image\":{\"@id\":\"https:\\\/\\\/www.ppdelugo.com\\\/es\\\/o-pp-pide-que-se-elimine-a-plusvalia-un-imposto-que-considera-inxusto-e-gravoso-para-os-lucenses\\\/#primaryimage\"},\"thumbnailUrl\":\"https:\\\/\\\/www.ppdelugo.com\\\/wp-content\\\/uploads\\\/2017\\\/06\\\/P\u00e1x-Econom\u00eda-1.jpg\",\"articleSection\":[\"Sen categor\u00eda\"],\"inLanguage\":\"es\",\"potentialAction\":[{\"@type\":\"CommentAction\",\"name\":\"Comment\",\"target\":[\"https:\\\/\\\/www.ppdelugo.com\\\/es\\\/o-pp-pide-que-se-elimine-a-plusvalia-un-imposto-que-considera-inxusto-e-gravoso-para-os-lucenses\\\/#respond\"]}]},{\"@type\":\"WebPage\",\"@id\":\"https:\\\/\\\/www.ppdelugo.com\\\/es\\\/o-pp-pide-que-se-elimine-a-plusvalia-un-imposto-que-considera-inxusto-e-gravoso-para-os-lucenses\\\/\",\"url\":\"https:\\\/\\\/www.ppdelugo.com\\\/es\\\/o-pp-pide-que-se-elimine-a-plusvalia-un-imposto-que-considera-inxusto-e-gravoso-para-os-lucenses\\\/\",\"name\":\"El PP pide que se elimine la plusval\u00eda un imposto que considera \u201cinjusto y gravoso para os lucenses\u201d - Grupo Municipal Partido Popular de Lugo\",\"isPartOf\":{\"@id\":\"https:\\\/\\\/www.ppdelugo.com\\\/es\\\/#website\"},\"primaryImageOfPage\":{\"@id\":\"https:\\\/\\\/www.ppdelugo.com\\\/es\\\/o-pp-pide-que-se-elimine-a-plusvalia-un-imposto-que-considera-inxusto-e-gravoso-para-os-lucenses\\\/#primaryimage\"},\"image\":{\"@id\":\"https:\\\/\\\/www.ppdelugo.com\\\/es\\\/o-pp-pide-que-se-elimine-a-plusvalia-un-imposto-que-considera-inxusto-e-gravoso-para-os-lucenses\\\/#primaryimage\"},\"thumbnailUrl\":\"https:\\\/\\\/www.ppdelugo.com\\\/wp-content\\\/uploads\\\/2017\\\/06\\\/P\u00e1x-Econom\u00eda-1.jpg\",\"datePublished\":\"2023-10-01T11:41:45+00:00\",\"dateModified\":\"2023-10-03T11:43:33+00:00\",\"author\":{\"@id\":\"https:\\\/\\\/www.ppdelugo.com\\\/es\\\/#\\\/schema\\\/person\\\/a847ea797b54208d374f6a8953571050\"},\"breadcrumb\":{\"@id\":\"https:\\\/\\\/www.ppdelugo.com\\\/es\\\/o-pp-pide-que-se-elimine-a-plusvalia-un-imposto-que-considera-inxusto-e-gravoso-para-os-lucenses\\\/#breadcrumb\"},\"inLanguage\":\"es\",\"potentialAction\":[{\"@type\":\"ReadAction\",\"target\":[\"https:\\\/\\\/www.ppdelugo.com\\\/es\\\/o-pp-pide-que-se-elimine-a-plusvalia-un-imposto-que-considera-inxusto-e-gravoso-para-os-lucenses\\\/\"]}]},{\"@type\":\"ImageObject\",\"inLanguage\":\"es\",\"@id\":\"https:\\\/\\\/www.ppdelugo.com\\\/es\\\/o-pp-pide-que-se-elimine-a-plusvalia-un-imposto-que-considera-inxusto-e-gravoso-para-os-lucenses\\\/#primaryimage\",\"url\":\"https:\\\/\\\/www.ppdelugo.com\\\/wp-content\\\/uploads\\\/2017\\\/06\\\/P\u00e1x-Econom\u00eda-1.jpg\",\"contentUrl\":\"https:\\\/\\\/www.ppdelugo.com\\\/wp-content\\\/uploads\\\/2017\\\/06\\\/P\u00e1x-Econom\u00eda-1.jpg\",\"width\":6000,\"height\":4000},{\"@type\":\"BreadcrumbList\",\"@id\":\"https:\\\/\\\/www.ppdelugo.com\\\/es\\\/o-pp-pide-que-se-elimine-a-plusvalia-un-imposto-que-considera-inxusto-e-gravoso-para-os-lucenses\\\/#breadcrumb\",\"itemListElement\":[{\"@type\":\"ListItem\",\"position\":1,\"name\":\"Portada\",\"item\":\"https:\\\/\\\/www.ppdelugo.com\\\/es\\\/\"},{\"@type\":\"ListItem\",\"position\":2,\"name\":\"El PP pide que se elimine la plusval\u00eda un imposto que considera \u201cinjusto y gravoso para os lucenses\u201d\"}]},{\"@type\":\"WebSite\",\"@id\":\"https:\\\/\\\/www.ppdelugo.com\\\/es\\\/#website\",\"url\":\"https:\\\/\\\/www.ppdelugo.com\\\/es\\\/\",\"name\":\"Grupo Municipal Partido Popular de Lugo\",\"description\":\"Web del Grupo Municipal del Partido Popular en el Ayuntamiento de Lugo, con informaci\u00f3n sobre Lugo y fomento de la participaci\u00f3n ciudadana\",\"potentialAction\":[{\"@type\":\"SearchAction\",\"target\":{\"@type\":\"EntryPoint\",\"urlTemplate\":\"https:\\\/\\\/www.ppdelugo.com\\\/es\\\/?s={search_term_string}\"},\"query-input\":{\"@type\":\"PropertyValueSpecification\",\"valueRequired\":true,\"valueName\":\"search_term_string\"}}],\"inLanguage\":\"es\"},{\"@type\":\"Person\",\"@id\":\"https:\\\/\\\/www.ppdelugo.com\\\/es\\\/#\\\/schema\\\/person\\\/a847ea797b54208d374f6a8953571050\",\"name\":\"PP\",\"url\":\"https:\\\/\\\/www.ppdelugo.com\\\/es\\\/author\\\/ppdelugo\\\/\"}]}<\/script>\n<!-- \/ Yoast SEO plugin. -->","yoast_head_json":{"title":"El PP pide que se elimine la plusval\u00eda un imposto que considera \u201cinjusto y gravoso para os lucenses\u201d - Grupo Municipal Partido Popular de Lugo","robots":{"index":"index","follow":"follow","max-snippet":"max-snippet:-1","max-image-preview":"max-image-preview:large","max-video-preview":"max-video-preview:-1"},"canonical":"https:\/\/www.ppdelugo.com\/es\/o-pp-pide-que-se-elimine-a-plusvalia-un-imposto-que-considera-inxusto-e-gravoso-para-os-lucenses\/","og_locale":"es_ES","og_type":"article","og_title":"El PP pide que se elimine la plusval\u00eda un imposto que considera \u201cinjusto y gravoso para os lucenses\u201d - Grupo Municipal Partido Popular de Lugo","og_description":"Os populares afirman que o seu grupo \u201ctraballar\u00e1 ao longo deste mandato para conseguir a exenci\u00f3n plusval\u00eda tal e como defendimos no programa electoral\u201d Outra proposta que presentaron os populares...","og_url":"https:\/\/www.ppdelugo.com\/es\/o-pp-pide-que-se-elimine-a-plusvalia-un-imposto-que-considera-inxusto-e-gravoso-para-os-lucenses\/","og_site_name":"Grupo Municipal Partido Popular de Lugo","article_published_time":"2023-10-01T11:41:45+00:00","article_modified_time":"2023-10-03T11:43:33+00:00","og_image":[{"width":1024,"height":683,"url":"https:\/\/www.ppdelugo.com\/wp-content\/uploads\/2017\/06\/P\u00e1x-Econom\u00eda-1-1024x683.jpg","type":"image\/jpeg"}],"author":"PP","twitter_card":"summary_large_image","twitter_misc":{"Escrito por":"PP","Tiempo de lectura":"2 minutos"},"schema":{"@context":"https:\/\/schema.org","@graph":[{"@type":"Article","@id":"https:\/\/www.ppdelugo.com\/es\/o-pp-pide-que-se-elimine-a-plusvalia-un-imposto-que-considera-inxusto-e-gravoso-para-os-lucenses\/#article","isPartOf":{"@id":"https:\/\/www.ppdelugo.com\/es\/o-pp-pide-que-se-elimine-a-plusvalia-un-imposto-que-considera-inxusto-e-gravoso-para-os-lucenses\/"},"author":{"name":"PP","@id":"https:\/\/www.ppdelugo.com\/es\/#\/schema\/person\/a847ea797b54208d374f6a8953571050"},"headline":"El PP pide que se elimine la plusval\u00eda un imposto que considera \u201cinjusto y gravoso para os lucenses\u201d","datePublished":"2023-10-01T11:41:45+00:00","dateModified":"2023-10-03T11:43:33+00:00","mainEntityOfPage":{"@id":"https:\/\/www.ppdelugo.com\/es\/o-pp-pide-que-se-elimine-a-plusvalia-un-imposto-que-considera-inxusto-e-gravoso-para-os-lucenses\/"},"wordCount":363,"commentCount":0,"image":{"@id":"https:\/\/www.ppdelugo.com\/es\/o-pp-pide-que-se-elimine-a-plusvalia-un-imposto-que-considera-inxusto-e-gravoso-para-os-lucenses\/#primaryimage"},"thumbnailUrl":"https:\/\/www.ppdelugo.com\/wp-content\/uploads\/2017\/06\/P\u00e1x-Econom\u00eda-1.jpg","articleSection":["Sen categor\u00eda"],"inLanguage":"es","potentialAction":[{"@type":"CommentAction","name":"Comment","target":["https:\/\/www.ppdelugo.com\/es\/o-pp-pide-que-se-elimine-a-plusvalia-un-imposto-que-considera-inxusto-e-gravoso-para-os-lucenses\/#respond"]}]},{"@type":"WebPage","@id":"https:\/\/www.ppdelugo.com\/es\/o-pp-pide-que-se-elimine-a-plusvalia-un-imposto-que-considera-inxusto-e-gravoso-para-os-lucenses\/","url":"https:\/\/www.ppdelugo.com\/es\/o-pp-pide-que-se-elimine-a-plusvalia-un-imposto-que-considera-inxusto-e-gravoso-para-os-lucenses\/","name":"El PP pide que se elimine la plusval\u00eda un imposto que considera \u201cinjusto y gravoso para os lucenses\u201d - Grupo Municipal Partido Popular de Lugo","isPartOf":{"@id":"https:\/\/www.ppdelugo.com\/es\/#website"},"primaryImageOfPage":{"@id":"https:\/\/www.ppdelugo.com\/es\/o-pp-pide-que-se-elimine-a-plusvalia-un-imposto-que-considera-inxusto-e-gravoso-para-os-lucenses\/#primaryimage"},"image":{"@id":"https:\/\/www.ppdelugo.com\/es\/o-pp-pide-que-se-elimine-a-plusvalia-un-imposto-que-considera-inxusto-e-gravoso-para-os-lucenses\/#primaryimage"},"thumbnailUrl":"https:\/\/www.ppdelugo.com\/wp-content\/uploads\/2017\/06\/P\u00e1x-Econom\u00eda-1.jpg","datePublished":"2023-10-01T11:41:45+00:00","dateModified":"2023-10-03T11:43:33+00:00","author":{"@id":"https:\/\/www.ppdelugo.com\/es\/#\/schema\/person\/a847ea797b54208d374f6a8953571050"},"breadcrumb":{"@id":"https:\/\/www.ppdelugo.com\/es\/o-pp-pide-que-se-elimine-a-plusvalia-un-imposto-que-considera-inxusto-e-gravoso-para-os-lucenses\/#breadcrumb"},"inLanguage":"es","potentialAction":[{"@type":"ReadAction","target":["https:\/\/www.ppdelugo.com\/es\/o-pp-pide-que-se-elimine-a-plusvalia-un-imposto-que-considera-inxusto-e-gravoso-para-os-lucenses\/"]}]},{"@type":"ImageObject","inLanguage":"es","@id":"https:\/\/www.ppdelugo.com\/es\/o-pp-pide-que-se-elimine-a-plusvalia-un-imposto-que-considera-inxusto-e-gravoso-para-os-lucenses\/#primaryimage","url":"https:\/\/www.ppdelugo.com\/wp-content\/uploads\/2017\/06\/P\u00e1x-Econom\u00eda-1.jpg","contentUrl":"https:\/\/www.ppdelugo.com\/wp-content\/uploads\/2017\/06\/P\u00e1x-Econom\u00eda-1.jpg","width":6000,"height":4000},{"@type":"BreadcrumbList","@id":"https:\/\/www.ppdelugo.com\/es\/o-pp-pide-que-se-elimine-a-plusvalia-un-imposto-que-considera-inxusto-e-gravoso-para-os-lucenses\/#breadcrumb","itemListElement":[{"@type":"ListItem","position":1,"name":"Portada","item":"https:\/\/www.ppdelugo.com\/es\/"},{"@type":"ListItem","position":2,"name":"El PP pide que se elimine la plusval\u00eda un imposto que considera \u201cinjusto y gravoso para os lucenses\u201d"}]},{"@type":"WebSite","@id":"https:\/\/www.ppdelugo.com\/es\/#website","url":"https:\/\/www.ppdelugo.com\/es\/","name":"Grupo Municipal Partido Popular de Lugo","description":"Web del Grupo Municipal del Partido Popular en el Ayuntamiento de Lugo, con informaci\u00f3n sobre Lugo y fomento de la participaci\u00f3n ciudadana","potentialAction":[{"@type":"SearchAction","target":{"@type":"EntryPoint","urlTemplate":"https:\/\/www.ppdelugo.com\/es\/?s={search_term_string}"},"query-input":{"@type":"PropertyValueSpecification","valueRequired":true,"valueName":"search_term_string"}}],"inLanguage":"es"},{"@type":"Person","@id":"https:\/\/www.ppdelugo.com\/es\/#\/schema\/person\/a847ea797b54208d374f6a8953571050","name":"PP","url":"https:\/\/www.ppdelugo.com\/es\/author\/ppdelugo\/"}]}},"_links":{"self":[{"href":"https:\/\/www.ppdelugo.com\/es\/wp-json\/wp\/v2\/posts\/20958","targetHints":{"allow":["GET"]}}],"collection":[{"href":"https:\/\/www.ppdelugo.com\/es\/wp-json\/wp\/v2\/posts"}],"about":[{"href":"https:\/\/www.ppdelugo.com\/es\/wp-json\/wp\/v2\/types\/post"}],"author":[{"embeddable":true,"href":"https:\/\/www.ppdelugo.com\/es\/wp-json\/wp\/v2\/users\/2"}],"replies":[{"embeddable":true,"href":"https:\/\/www.ppdelugo.com\/es\/wp-json\/wp\/v2\/comments?post=20958"}],"version-history":[{"count":1,"href":"https:\/\/www.ppdelugo.com\/es\/wp-json\/wp\/v2\/posts\/20958\/revisions"}],"predecessor-version":[{"id":20959,"href":"https:\/\/www.ppdelugo.com\/es\/wp-json\/wp\/v2\/posts\/20958\/revisions\/20959"}],"wp:featuredmedia":[{"embeddable":true,"href":"https:\/\/www.ppdelugo.com\/es\/wp-json\/wp\/v2\/media\/8871"}],"wp:attachment":[{"href":"https:\/\/www.ppdelugo.com\/es\/wp-json\/wp\/v2\/media?parent=20958"}],"wp:term":[{"taxonomy":"category","embeddable":true,"href":"https:\/\/www.ppdelugo.com\/es\/wp-json\/wp\/v2\/categories?post=20958"},{"taxonomy":"post_tag","embeddable":true,"href":"https:\/\/www.ppdelugo.com\/es\/wp-json\/wp\/v2\/tags?post=20958"}],"curies":[{"name":"wp","href":"https:\/\/api.w.org\/{rel}","templated":true}]}}