{"id":20786,"date":"2023-09-02T13:00:20","date_gmt":"2023-09-02T13:00:20","guid":{"rendered":"https:\/\/www.ppdelugo.com\/o-pp-pide-ao-goberno-local-un-maior-control-dos-traballos-de-desbroce-no-rural-xa-que-non-se-esta-rameando-nas-pistas\/"},"modified":"2023-09-02T13:02:17","modified_gmt":"2023-09-02T13:02:17","slug":"o-pp-pide-ao-goberno-local-un-maior-control-dos-traballos-de-desbroce-no-rural-xa-que-non-se-esta-rameando-nas-pistas","status":"publish","type":"post","link":"https:\/\/www.ppdelugo.com\/es\/o-pp-pide-ao-goberno-local-un-maior-control-dos-traballos-de-desbroce-no-rural-xa-que-non-se-esta-rameando-nas-pistas\/","title":{"rendered":"El PP pide al gobierno local un mayor control de los trabajos de desbroce en el rural ya que no se est\u00e1 rameando en las pistas"},"content":{"rendered":"<p>\u2022 El Partido Popular pide al bipartito que supervise las zonas que se est\u00e1n a desbrozar en la red viaria rural porque hay numerosas quejas vecinales de que no se cortan, ni retiran las ramas bajas que bordean las pistas pese a que es un servicio que el bipartito contrat\u00f3 con una empresa privada<br \/>\n\u2022 Los populares comprobaron como en varias localizaciones no se hizo el rameo porque las m\u00e1quinas que se est\u00e1n empleando no est\u00e1n dise\u00f1adas para hacer este trabajo<br \/>\n\u2022 Desde el PP indican como en el contrato se recoge claramente que \u201cdentro de sus funciones est\u00e1 la de retirar ramas de \u00e1rboles hasta una altura m\u00ednima de 4,50 en todas las carreteras el caminos de la zona rural\u201d.<\/p>\n","protected":false},"excerpt":{"rendered":"<p>\u2022 El Partido Popular pide al bipartito que supervise las zonas que se est\u00e1n a desbrozar en la red viaria rural porque hay numerosas quejas vecinales de que no se&#8230;<\/p>\n","protected":false},"author":2,"featured_media":20784,"comment_status":"open","ping_status":"closed","sticky":false,"template":"","format":"standard","meta":{"footnotes":""},"categories":[81,44],"tags":[],"class_list":{"0":"post-20786","1":"post","2":"type-post","3":"status-publish","4":"format-standard","5":"has-post-thumbnail","7":"category-lugoaexame-es","8":"category-zona-rural-es"},"yoast_head":"<!-- This site is optimized with the Yoast SEO plugin v27.4 - https:\/\/yoast.com\/product\/yoast-seo-wordpress\/ -->\n<title>El PP pide al gobierno local un mayor control de los trabajos de desbroce en el rural ya que no se est\u00e1 rameando en las pistas - Grupo Municipal Partido Popular de Lugo<\/title>\n<meta name=\"robots\" content=\"index, follow, max-snippet:-1, max-image-preview:large, max-video-preview:-1\" \/>\n<link rel=\"canonical\" href=\"https:\/\/www.ppdelugo.com\/es\/o-pp-pide-ao-goberno-local-un-maior-control-dos-traballos-de-desbroce-no-rural-xa-que-non-se-esta-rameando-nas-pistas\/\" \/>\n<meta property=\"og:locale\" content=\"es_ES\" \/>\n<meta property=\"og:type\" content=\"article\" \/>\n<meta property=\"og:title\" content=\"El PP pide al gobierno local un mayor control de los trabajos de desbroce en el rural ya que no se est\u00e1 rameando en las pistas - Grupo Municipal Partido Popular de Lugo\" \/>\n<meta property=\"og:description\" content=\"\u2022 El Partido Popular pide al bipartito que supervise las zonas que se est\u00e1n a desbrozar en la red viaria rural porque hay numerosas quejas vecinales de que no se...\" \/>\n<meta property=\"og:url\" content=\"https:\/\/www.ppdelugo.com\/es\/o-pp-pide-ao-goberno-local-un-maior-control-dos-traballos-de-desbroce-no-rural-xa-que-non-se-esta-rameando-nas-pistas\/\" \/>\n<meta property=\"og:site_name\" content=\"Grupo Municipal Partido Popular de Lugo\" \/>\n<meta property=\"article:published_time\" content=\"2023-09-02T13:00:20+00:00\" \/>\n<meta property=\"article:modified_time\" content=\"2023-09-02T13:02:17+00:00\" \/>\n<meta property=\"og:image\" content=\"https:\/\/www.ppdelugo.com\/wp-content\/uploads\/2023\/09\/CARRETERA-DO-BURGO.jpeg\" \/>\n\t<meta property=\"og:image:width\" content=\"900\" \/>\n\t<meta property=\"og:image:height\" content=\"1600\" \/>\n\t<meta property=\"og:image:type\" content=\"image\/jpeg\" \/>\n<meta name=\"author\" content=\"PP\" \/>\n<meta name=\"twitter:card\" content=\"summary_large_image\" \/>\n<meta name=\"twitter:image\" content=\"https:\/\/www.ppdelugo.com\/wp-content\/uploads\/2023\/09\/CARRETERA-DO-BURGO.jpeg\" \/>\n<meta name=\"twitter:label1\" content=\"Escrito por\" \/>\n\t<meta name=\"twitter:data1\" content=\"PP\" \/>\n\t<meta name=\"twitter:label2\" content=\"Tiempo de lectura\" \/>\n\t<meta name=\"twitter:data2\" content=\"1 minuto\" \/>\n<script type=\"application\/ld+json\" class=\"yoast-schema-graph\">{\"@context\":\"https:\\\/\\\/schema.org\",\"@graph\":[{\"@type\":\"Article\",\"@id\":\"https:\\\/\\\/www.ppdelugo.com\\\/es\\\/o-pp-pide-ao-goberno-local-un-maior-control-dos-traballos-de-desbroce-no-rural-xa-que-non-se-esta-rameando-nas-pistas\\\/#article\",\"isPartOf\":{\"@id\":\"https:\\\/\\\/www.ppdelugo.com\\\/es\\\/o-pp-pide-ao-goberno-local-un-maior-control-dos-traballos-de-desbroce-no-rural-xa-que-non-se-esta-rameando-nas-pistas\\\/\"},\"author\":{\"name\":\"PP\",\"@id\":\"https:\\\/\\\/www.ppdelugo.com\\\/es\\\/#\\\/schema\\\/person\\\/a847ea797b54208d374f6a8953571050\"},\"headline\":\"El PP pide al gobierno local un mayor control de los trabajos de desbroce en el rural ya que no se est\u00e1 rameando en las pistas\",\"datePublished\":\"2023-09-02T13:00:20+00:00\",\"dateModified\":\"2023-09-02T13:02:17+00:00\",\"mainEntityOfPage\":{\"@id\":\"https:\\\/\\\/www.ppdelugo.com\\\/es\\\/o-pp-pide-ao-goberno-local-un-maior-control-dos-traballos-de-desbroce-no-rural-xa-que-non-se-esta-rameando-nas-pistas\\\/\"},\"wordCount\":149,\"commentCount\":0,\"image\":{\"@id\":\"https:\\\/\\\/www.ppdelugo.com\\\/es\\\/o-pp-pide-ao-goberno-local-un-maior-control-dos-traballos-de-desbroce-no-rural-xa-que-non-se-esta-rameando-nas-pistas\\\/#primaryimage\"},\"thumbnailUrl\":\"https:\\\/\\\/www.ppdelugo.com\\\/wp-content\\\/uploads\\\/2023\\\/09\\\/CARRETERA-DO-BURGO.jpeg\",\"articleSection\":[\"#LugoaExame\",\"Zona Rural\"],\"inLanguage\":\"es\",\"potentialAction\":[{\"@type\":\"CommentAction\",\"name\":\"Comment\",\"target\":[\"https:\\\/\\\/www.ppdelugo.com\\\/es\\\/o-pp-pide-ao-goberno-local-un-maior-control-dos-traballos-de-desbroce-no-rural-xa-que-non-se-esta-rameando-nas-pistas\\\/#respond\"]}]},{\"@type\":\"WebPage\",\"@id\":\"https:\\\/\\\/www.ppdelugo.com\\\/es\\\/o-pp-pide-ao-goberno-local-un-maior-control-dos-traballos-de-desbroce-no-rural-xa-que-non-se-esta-rameando-nas-pistas\\\/\",\"url\":\"https:\\\/\\\/www.ppdelugo.com\\\/es\\\/o-pp-pide-ao-goberno-local-un-maior-control-dos-traballos-de-desbroce-no-rural-xa-que-non-se-esta-rameando-nas-pistas\\\/\",\"name\":\"El PP pide al gobierno local un mayor control de los trabajos de desbroce en el rural ya que no se est\u00e1 rameando en las pistas - Grupo Municipal Partido Popular de Lugo\",\"isPartOf\":{\"@id\":\"https:\\\/\\\/www.ppdelugo.com\\\/es\\\/#website\"},\"primaryImageOfPage\":{\"@id\":\"https:\\\/\\\/www.ppdelugo.com\\\/es\\\/o-pp-pide-ao-goberno-local-un-maior-control-dos-traballos-de-desbroce-no-rural-xa-que-non-se-esta-rameando-nas-pistas\\\/#primaryimage\"},\"image\":{\"@id\":\"https:\\\/\\\/www.ppdelugo.com\\\/es\\\/o-pp-pide-ao-goberno-local-un-maior-control-dos-traballos-de-desbroce-no-rural-xa-que-non-se-esta-rameando-nas-pistas\\\/#primaryimage\"},\"thumbnailUrl\":\"https:\\\/\\\/www.ppdelugo.com\\\/wp-content\\\/uploads\\\/2023\\\/09\\\/CARRETERA-DO-BURGO.jpeg\",\"datePublished\":\"2023-09-02T13:00:20+00:00\",\"dateModified\":\"2023-09-02T13:02:17+00:00\",\"author\":{\"@id\":\"https:\\\/\\\/www.ppdelugo.com\\\/es\\\/#\\\/schema\\\/person\\\/a847ea797b54208d374f6a8953571050\"},\"breadcrumb\":{\"@id\":\"https:\\\/\\\/www.ppdelugo.com\\\/es\\\/o-pp-pide-ao-goberno-local-un-maior-control-dos-traballos-de-desbroce-no-rural-xa-que-non-se-esta-rameando-nas-pistas\\\/#breadcrumb\"},\"inLanguage\":\"es\",\"potentialAction\":[{\"@type\":\"ReadAction\",\"target\":[\"https:\\\/\\\/www.ppdelugo.com\\\/es\\\/o-pp-pide-ao-goberno-local-un-maior-control-dos-traballos-de-desbroce-no-rural-xa-que-non-se-esta-rameando-nas-pistas\\\/\"]}]},{\"@type\":\"ImageObject\",\"inLanguage\":\"es\",\"@id\":\"https:\\\/\\\/www.ppdelugo.com\\\/es\\\/o-pp-pide-ao-goberno-local-un-maior-control-dos-traballos-de-desbroce-no-rural-xa-que-non-se-esta-rameando-nas-pistas\\\/#primaryimage\",\"url\":\"https:\\\/\\\/www.ppdelugo.com\\\/wp-content\\\/uploads\\\/2023\\\/09\\\/CARRETERA-DO-BURGO.jpeg\",\"contentUrl\":\"https:\\\/\\\/www.ppdelugo.com\\\/wp-content\\\/uploads\\\/2023\\\/09\\\/CARRETERA-DO-BURGO.jpeg\",\"width\":900,\"height\":1600},{\"@type\":\"BreadcrumbList\",\"@id\":\"https:\\\/\\\/www.ppdelugo.com\\\/es\\\/o-pp-pide-ao-goberno-local-un-maior-control-dos-traballos-de-desbroce-no-rural-xa-que-non-se-esta-rameando-nas-pistas\\\/#breadcrumb\",\"itemListElement\":[{\"@type\":\"ListItem\",\"position\":1,\"name\":\"Portada\",\"item\":\"https:\\\/\\\/www.ppdelugo.com\\\/es\\\/\"},{\"@type\":\"ListItem\",\"position\":2,\"name\":\"El PP pide al gobierno local un mayor control de los trabajos de desbroce en el rural ya que no se est\u00e1 rameando en las pistas\"}]},{\"@type\":\"WebSite\",\"@id\":\"https:\\\/\\\/www.ppdelugo.com\\\/es\\\/#website\",\"url\":\"https:\\\/\\\/www.ppdelugo.com\\\/es\\\/\",\"name\":\"Grupo Municipal Partido Popular de Lugo\",\"description\":\"Web del Grupo Municipal del Partido Popular en el Ayuntamiento de Lugo, con informaci\u00f3n sobre Lugo y fomento de la participaci\u00f3n ciudadana\",\"potentialAction\":[{\"@type\":\"SearchAction\",\"target\":{\"@type\":\"EntryPoint\",\"urlTemplate\":\"https:\\\/\\\/www.ppdelugo.com\\\/es\\\/?s={search_term_string}\"},\"query-input\":{\"@type\":\"PropertyValueSpecification\",\"valueRequired\":true,\"valueName\":\"search_term_string\"}}],\"inLanguage\":\"es\"},{\"@type\":\"Person\",\"@id\":\"https:\\\/\\\/www.ppdelugo.com\\\/es\\\/#\\\/schema\\\/person\\\/a847ea797b54208d374f6a8953571050\",\"name\":\"PP\",\"url\":\"https:\\\/\\\/www.ppdelugo.com\\\/es\\\/author\\\/ppdelugo\\\/\"}]}<\/script>\n<!-- \/ Yoast SEO plugin. -->","yoast_head_json":{"title":"El PP pide al gobierno local un mayor control de los trabajos de desbroce en el rural ya que no se est\u00e1 rameando en las pistas - Grupo Municipal Partido Popular de Lugo","robots":{"index":"index","follow":"follow","max-snippet":"max-snippet:-1","max-image-preview":"max-image-preview:large","max-video-preview":"max-video-preview:-1"},"canonical":"https:\/\/www.ppdelugo.com\/es\/o-pp-pide-ao-goberno-local-un-maior-control-dos-traballos-de-desbroce-no-rural-xa-que-non-se-esta-rameando-nas-pistas\/","og_locale":"es_ES","og_type":"article","og_title":"El PP pide al gobierno local un mayor control de los trabajos de desbroce en el rural ya que no se est\u00e1 rameando en las pistas - Grupo Municipal Partido Popular de Lugo","og_description":"\u2022 El Partido Popular pide al bipartito que supervise las zonas que se est\u00e1n a desbrozar en la red viaria rural porque hay numerosas quejas vecinales de que no se...","og_url":"https:\/\/www.ppdelugo.com\/es\/o-pp-pide-ao-goberno-local-un-maior-control-dos-traballos-de-desbroce-no-rural-xa-que-non-se-esta-rameando-nas-pistas\/","og_site_name":"Grupo Municipal Partido Popular de Lugo","article_published_time":"2023-09-02T13:00:20+00:00","article_modified_time":"2023-09-02T13:02:17+00:00","og_image":[{"width":900,"height":1600,"url":"https:\/\/www.ppdelugo.com\/wp-content\/uploads\/2023\/09\/CARRETERA-DO-BURGO.jpeg","type":"image\/jpeg"}],"author":"PP","twitter_card":"summary_large_image","twitter_image":"https:\/\/www.ppdelugo.com\/wp-content\/uploads\/2023\/09\/CARRETERA-DO-BURGO.jpeg","twitter_misc":{"Escrito por":"PP","Tiempo de lectura":"1 minuto"},"schema":{"@context":"https:\/\/schema.org","@graph":[{"@type":"Article","@id":"https:\/\/www.ppdelugo.com\/es\/o-pp-pide-ao-goberno-local-un-maior-control-dos-traballos-de-desbroce-no-rural-xa-que-non-se-esta-rameando-nas-pistas\/#article","isPartOf":{"@id":"https:\/\/www.ppdelugo.com\/es\/o-pp-pide-ao-goberno-local-un-maior-control-dos-traballos-de-desbroce-no-rural-xa-que-non-se-esta-rameando-nas-pistas\/"},"author":{"name":"PP","@id":"https:\/\/www.ppdelugo.com\/es\/#\/schema\/person\/a847ea797b54208d374f6a8953571050"},"headline":"El PP pide al gobierno local un mayor control de los trabajos de desbroce en el rural ya que no se est\u00e1 rameando en las pistas","datePublished":"2023-09-02T13:00:20+00:00","dateModified":"2023-09-02T13:02:17+00:00","mainEntityOfPage":{"@id":"https:\/\/www.ppdelugo.com\/es\/o-pp-pide-ao-goberno-local-un-maior-control-dos-traballos-de-desbroce-no-rural-xa-que-non-se-esta-rameando-nas-pistas\/"},"wordCount":149,"commentCount":0,"image":{"@id":"https:\/\/www.ppdelugo.com\/es\/o-pp-pide-ao-goberno-local-un-maior-control-dos-traballos-de-desbroce-no-rural-xa-que-non-se-esta-rameando-nas-pistas\/#primaryimage"},"thumbnailUrl":"https:\/\/www.ppdelugo.com\/wp-content\/uploads\/2023\/09\/CARRETERA-DO-BURGO.jpeg","articleSection":["#LugoaExame","Zona Rural"],"inLanguage":"es","potentialAction":[{"@type":"CommentAction","name":"Comment","target":["https:\/\/www.ppdelugo.com\/es\/o-pp-pide-ao-goberno-local-un-maior-control-dos-traballos-de-desbroce-no-rural-xa-que-non-se-esta-rameando-nas-pistas\/#respond"]}]},{"@type":"WebPage","@id":"https:\/\/www.ppdelugo.com\/es\/o-pp-pide-ao-goberno-local-un-maior-control-dos-traballos-de-desbroce-no-rural-xa-que-non-se-esta-rameando-nas-pistas\/","url":"https:\/\/www.ppdelugo.com\/es\/o-pp-pide-ao-goberno-local-un-maior-control-dos-traballos-de-desbroce-no-rural-xa-que-non-se-esta-rameando-nas-pistas\/","name":"El PP pide al gobierno local un mayor control de los trabajos de desbroce en el rural ya que no se est\u00e1 rameando en las pistas - Grupo Municipal Partido Popular de Lugo","isPartOf":{"@id":"https:\/\/www.ppdelugo.com\/es\/#website"},"primaryImageOfPage":{"@id":"https:\/\/www.ppdelugo.com\/es\/o-pp-pide-ao-goberno-local-un-maior-control-dos-traballos-de-desbroce-no-rural-xa-que-non-se-esta-rameando-nas-pistas\/#primaryimage"},"image":{"@id":"https:\/\/www.ppdelugo.com\/es\/o-pp-pide-ao-goberno-local-un-maior-control-dos-traballos-de-desbroce-no-rural-xa-que-non-se-esta-rameando-nas-pistas\/#primaryimage"},"thumbnailUrl":"https:\/\/www.ppdelugo.com\/wp-content\/uploads\/2023\/09\/CARRETERA-DO-BURGO.jpeg","datePublished":"2023-09-02T13:00:20+00:00","dateModified":"2023-09-02T13:02:17+00:00","author":{"@id":"https:\/\/www.ppdelugo.com\/es\/#\/schema\/person\/a847ea797b54208d374f6a8953571050"},"breadcrumb":{"@id":"https:\/\/www.ppdelugo.com\/es\/o-pp-pide-ao-goberno-local-un-maior-control-dos-traballos-de-desbroce-no-rural-xa-que-non-se-esta-rameando-nas-pistas\/#breadcrumb"},"inLanguage":"es","potentialAction":[{"@type":"ReadAction","target":["https:\/\/www.ppdelugo.com\/es\/o-pp-pide-ao-goberno-local-un-maior-control-dos-traballos-de-desbroce-no-rural-xa-que-non-se-esta-rameando-nas-pistas\/"]}]},{"@type":"ImageObject","inLanguage":"es","@id":"https:\/\/www.ppdelugo.com\/es\/o-pp-pide-ao-goberno-local-un-maior-control-dos-traballos-de-desbroce-no-rural-xa-que-non-se-esta-rameando-nas-pistas\/#primaryimage","url":"https:\/\/www.ppdelugo.com\/wp-content\/uploads\/2023\/09\/CARRETERA-DO-BURGO.jpeg","contentUrl":"https:\/\/www.ppdelugo.com\/wp-content\/uploads\/2023\/09\/CARRETERA-DO-BURGO.jpeg","width":900,"height":1600},{"@type":"BreadcrumbList","@id":"https:\/\/www.ppdelugo.com\/es\/o-pp-pide-ao-goberno-local-un-maior-control-dos-traballos-de-desbroce-no-rural-xa-que-non-se-esta-rameando-nas-pistas\/#breadcrumb","itemListElement":[{"@type":"ListItem","position":1,"name":"Portada","item":"https:\/\/www.ppdelugo.com\/es\/"},{"@type":"ListItem","position":2,"name":"El PP pide al gobierno local un mayor control de los trabajos de desbroce en el rural ya que no se est\u00e1 rameando en las pistas"}]},{"@type":"WebSite","@id":"https:\/\/www.ppdelugo.com\/es\/#website","url":"https:\/\/www.ppdelugo.com\/es\/","name":"Grupo Municipal Partido Popular de Lugo","description":"Web del Grupo Municipal del Partido Popular en el Ayuntamiento de Lugo, con informaci\u00f3n sobre Lugo y fomento de la participaci\u00f3n ciudadana","potentialAction":[{"@type":"SearchAction","target":{"@type":"EntryPoint","urlTemplate":"https:\/\/www.ppdelugo.com\/es\/?s={search_term_string}"},"query-input":{"@type":"PropertyValueSpecification","valueRequired":true,"valueName":"search_term_string"}}],"inLanguage":"es"},{"@type":"Person","@id":"https:\/\/www.ppdelugo.com\/es\/#\/schema\/person\/a847ea797b54208d374f6a8953571050","name":"PP","url":"https:\/\/www.ppdelugo.com\/es\/author\/ppdelugo\/"}]}},"_links":{"self":[{"href":"https:\/\/www.ppdelugo.com\/es\/wp-json\/wp\/v2\/posts\/20786","targetHints":{"allow":["GET"]}}],"collection":[{"href":"https:\/\/www.ppdelugo.com\/es\/wp-json\/wp\/v2\/posts"}],"about":[{"href":"https:\/\/www.ppdelugo.com\/es\/wp-json\/wp\/v2\/types\/post"}],"author":[{"embeddable":true,"href":"https:\/\/www.ppdelugo.com\/es\/wp-json\/wp\/v2\/users\/2"}],"replies":[{"embeddable":true,"href":"https:\/\/www.ppdelugo.com\/es\/wp-json\/wp\/v2\/comments?post=20786"}],"version-history":[{"count":2,"href":"https:\/\/www.ppdelugo.com\/es\/wp-json\/wp\/v2\/posts\/20786\/revisions"}],"predecessor-version":[{"id":20788,"href":"https:\/\/www.ppdelugo.com\/es\/wp-json\/wp\/v2\/posts\/20786\/revisions\/20788"}],"wp:featuredmedia":[{"embeddable":true,"href":"https:\/\/www.ppdelugo.com\/es\/wp-json\/wp\/v2\/media\/20784"}],"wp:attachment":[{"href":"https:\/\/www.ppdelugo.com\/es\/wp-json\/wp\/v2\/media?parent=20786"}],"wp:term":[{"taxonomy":"category","embeddable":true,"href":"https:\/\/www.ppdelugo.com\/es\/wp-json\/wp\/v2\/categories?post=20786"},{"taxonomy":"post_tag","embeddable":true,"href":"https:\/\/www.ppdelugo.com\/es\/wp-json\/wp\/v2\/tags?post=20786"}],"curies":[{"name":"wp","href":"https:\/\/api.w.org\/{rel}","templated":true}]}}