{"id":20130,"date":"2023-03-30T17:04:03","date_gmt":"2023-03-30T17:04:03","guid":{"rendered":"https:\/\/www.ppdelugo.com\/o-pp-critica-a-lara-mendez-por-facer-seguidismo-de-ruben-arroxo-e-renunciar-agora-a-ronda-leste\/"},"modified":"2023-03-30T17:05:07","modified_gmt":"2023-03-30T17:05:07","slug":"o-pp-critica-a-lara-mendez-por-facer-seguidismo-de-ruben-arroxo-e-renunciar-agora-a-ronda-leste","status":"publish","type":"post","link":"https:\/\/www.ppdelugo.com\/es\/o-pp-critica-a-lara-mendez-por-facer-seguidismo-de-ruben-arroxo-e-renunciar-agora-a-ronda-leste\/","title":{"rendered":"El PP critica a Lara M\u00e9ndez por hacer seguidismo de Rub\u00e9n Arroxo y renunciar ahora a la Ronda Este"},"content":{"rendered":"<p>Los populares achacan a la cercan\u00eda de las elecciones el cambio de criterio de la regidora que ahora renuncia p\u00fablicamente a esta infraestructura que exig\u00eda a la Xunta de Galicia hasta ayer mismo<!--more--><\/p>\n<p style=\"font-weight: 400;\">Lara M\u00e9ndez renunciou hoxe a que se finalice a Ronda Leste. A rexedora, nun claro acto de seguidismo pol\u00edtico a Rub\u00e9n Arroxo, posicionouse do lado do BNG ao votar a favor de pedir que o orzamento para a Ronda Leste se destinase \u00e1 rehabilitaci\u00f3n da Tiner\u00eda.<\/p>\n<p style=\"font-weight: 400;\">Ata o d\u00eda de hoxe, Lara M\u00e9ndez e os concelleiros socialistas sempre reivindicaron e defenderon que a Xunta de Galicia rematase a Ronda Leste de Lugo pero \u201choxe amos\u00e1ronse sumisos e seguramente por un \u00f3rdago dos seus socios de goberno\u201d votaron en contra de rematar esta necesaria infraestrutura.<\/p>\n<p style=\"font-weight: 400;\">O pasado 14 de decembro, Lara M\u00e9ndez en declaraci\u00f3ns a medios de comunicaci\u00f3n afirmou que \u201c\u00e9 unha infraestrutura imprescindible para o desenvolvemento da cidade\u201d, pero agora amosa \u201cunha total ausencia de coherencia\u201d seguramente polo nerviosismo instalado no PSOE pola proximidade das municipais.<\/p>\n<p style=\"font-weight: 400;\">Unha situaci\u00f3n ante que o PP acusa a PSOE e BNG de converter o pleno do Concello de Lugo nun constante mitin pol\u00edtico. Nunca presentaron iniciativa algunha, pero nos \u00faltimos plenos \u201cvimos como defenderon un aluvi\u00f3n de iniciativas para facer oposici\u00f3n a Elena Candia\u201d.<\/p>\n<p style=\"font-weight: 400;\">Ram\u00f3n Carballo denuncia que tanto Lara M\u00e9ndez como Rub\u00e9n Arroxo \u201cfan un uso partidista dun \u00f3rgano que deber\u00eda de empregarse para facer cidade e chegar a consensos\u201d pero que \u201cdesprezan ao negarse a cumprir os poucos acordos plenarios aos que permiten chegar cando non aplican o rodillo\u201d.<\/p>\n<p style=\"font-weight: 400;\">Alg\u00fans deses exemplos \u201cson a recuperaci\u00f3n dos habituais soliloquios de Lara M\u00e9ndez para emendar as palabras dos seus concelleiros e atacar, sen posibilidade de r\u00e9plica, aos concelleiros populares e a candidata \u00e1 alcald\u00eda do PP e o feito de que o BNG comezou a intervir en todos os plenos, en lugar do seu habitual silencio\u201d.<\/p>\n<p style=\"font-weight: 400;\"><strong>Ordenanza de urbanismo<\/strong><\/p>\n<p style=\"font-weight: 400;\">Os populares critican que o goberno de Lara M\u00e9ndez presume de que vai a desbloquear a \u00e1rea de urbanismo coa aprobaci\u00f3n que realizaron hoxe, o PP votou en contra, dunha ordenanza de urbanismo que din \u201cser consensuada\u201d pero da que rexeitaron 80 alegaci\u00f3ns presentadas polos colexios profesionais do sector e do propio Partido Popular.<\/p>\n<p style=\"font-weight: 400;\">\u201cQueda patente a falta de humildade e nula capacidade de di\u00e1logo que atesora Lara M\u00e9ndez tras ver como a rexedora rexeitou o 97% das alegaci\u00f3ns que se realizaron por parte dos diferentes colectivos profesionais e do Partido Popular e aplica o rodillo\u201d, denuncia.<\/p>\n<p style=\"font-weight: 400;\"><strong>PXOM<\/strong><\/p>\n<p style=\"font-weight: 400;\">Os populares tildan de electoralista o anuncio realizado hoxe polo goberno de Lara M\u00e9ndez de \u201csometer a aprobaci\u00f3n definitiva do pleno o 5% restante do PXOM no mes de abril\u201d unha decisi\u00f3n \u201cque non se pode entender\u201d despois de que o Concello de Lugo ten o visto e prace da Xunta de Galicia dende setembro.<\/p>\n<p style=\"font-weight: 400;\"><strong>Corredor Atl\u00e1ntico<\/strong><\/p>\n<p style=\"font-weight: 400;\">Os populares agardan que o Goberno central escoite as reivindicaci\u00f3ns de Galicia, Asturias, Castela e Le\u00f3n e o Pa\u00eds Vasco e impulse o Corredor Atl\u00e1ntico e, sobre todo, te\u00f1a a Lugo en conta e o incorpore a esta necesaria infraestrutura xa que, polo momento, o municipio queda f\u00f3ra.<\/p>\n","protected":false},"excerpt":{"rendered":"<p>Los populares achacan a la cercan\u00eda de las elecciones el cambio de criterio de la regidora que ahora renuncia p\u00fablicamente a esta infraestructura que exig\u00eda a la Xunta de Galicia&#8230;<\/p>\n","protected":false},"author":2,"featured_media":20128,"comment_status":"open","ping_status":"closed","sticky":false,"template":"","format":"standard","meta":{"footnotes":""},"categories":[32],"tags":[],"class_list":{"0":"post-20130","1":"post","2":"type-post","3":"status-publish","4":"format-standard","5":"has-post-thumbnail","7":"category-infraestructuras-es"},"yoast_head":"<!-- This site is optimized with the Yoast SEO plugin v27.4 - https:\/\/yoast.com\/product\/yoast-seo-wordpress\/ -->\n<title>El PP critica a Lara M\u00e9ndez por hacer seguidismo de Rub\u00e9n Arroxo y renunciar ahora a la Ronda Este - Grupo Municipal Partido Popular de Lugo<\/title>\n<meta name=\"robots\" content=\"index, follow, max-snippet:-1, max-image-preview:large, max-video-preview:-1\" \/>\n<link rel=\"canonical\" href=\"https:\/\/www.ppdelugo.com\/es\/o-pp-critica-a-lara-mendez-por-facer-seguidismo-de-ruben-arroxo-e-renunciar-agora-a-ronda-leste\/\" \/>\n<meta property=\"og:locale\" content=\"es_ES\" \/>\n<meta property=\"og:type\" content=\"article\" \/>\n<meta property=\"og:title\" content=\"El PP critica a Lara M\u00e9ndez por hacer seguidismo de Rub\u00e9n Arroxo y renunciar ahora a la Ronda Este - Grupo Municipal Partido Popular de Lugo\" \/>\n<meta property=\"og:description\" content=\"Los populares achacan a la cercan\u00eda de las elecciones el cambio de criterio de la regidora que ahora renuncia p\u00fablicamente a esta infraestructura que exig\u00eda a la Xunta de Galicia...\" \/>\n<meta property=\"og:url\" content=\"https:\/\/www.ppdelugo.com\/es\/o-pp-critica-a-lara-mendez-por-facer-seguidismo-de-ruben-arroxo-e-renunciar-agora-a-ronda-leste\/\" \/>\n<meta property=\"og:site_name\" content=\"Grupo Municipal Partido Popular de Lugo\" \/>\n<meta property=\"article:published_time\" content=\"2023-03-30T17:04:03+00:00\" \/>\n<meta property=\"article:modified_time\" content=\"2023-03-30T17:05:07+00:00\" \/>\n<meta property=\"og:image\" content=\"https:\/\/www.ppdelugo.com\/wp-content\/uploads\/2023\/03\/P1300405-min-scaled.jpg\" \/>\n\t<meta property=\"og:image:width\" content=\"2560\" \/>\n\t<meta property=\"og:image:height\" content=\"1920\" \/>\n\t<meta property=\"og:image:type\" content=\"image\/jpeg\" \/>\n<meta name=\"author\" content=\"PP\" \/>\n<meta name=\"twitter:card\" content=\"summary_large_image\" \/>\n<meta name=\"twitter:label1\" content=\"Escrito por\" \/>\n\t<meta name=\"twitter:data1\" content=\"PP\" \/>\n\t<meta name=\"twitter:label2\" content=\"Tiempo de lectura\" \/>\n\t<meta name=\"twitter:data2\" content=\"3 minutos\" \/>\n<script type=\"application\/ld+json\" class=\"yoast-schema-graph\">{\"@context\":\"https:\\\/\\\/schema.org\",\"@graph\":[{\"@type\":\"Article\",\"@id\":\"https:\\\/\\\/www.ppdelugo.com\\\/es\\\/o-pp-critica-a-lara-mendez-por-facer-seguidismo-de-ruben-arroxo-e-renunciar-agora-a-ronda-leste\\\/#article\",\"isPartOf\":{\"@id\":\"https:\\\/\\\/www.ppdelugo.com\\\/es\\\/o-pp-critica-a-lara-mendez-por-facer-seguidismo-de-ruben-arroxo-e-renunciar-agora-a-ronda-leste\\\/\"},\"author\":{\"name\":\"PP\",\"@id\":\"https:\\\/\\\/www.ppdelugo.com\\\/es\\\/#\\\/schema\\\/person\\\/a847ea797b54208d374f6a8953571050\"},\"headline\":\"El PP critica a Lara M\u00e9ndez por hacer seguidismo de Rub\u00e9n Arroxo y renunciar ahora a la Ronda Este\",\"datePublished\":\"2023-03-30T17:04:03+00:00\",\"dateModified\":\"2023-03-30T17:05:07+00:00\",\"mainEntityOfPage\":{\"@id\":\"https:\\\/\\\/www.ppdelugo.com\\\/es\\\/o-pp-critica-a-lara-mendez-por-facer-seguidismo-de-ruben-arroxo-e-renunciar-agora-a-ronda-leste\\\/\"},\"wordCount\":578,\"commentCount\":0,\"image\":{\"@id\":\"https:\\\/\\\/www.ppdelugo.com\\\/es\\\/o-pp-critica-a-lara-mendez-por-facer-seguidismo-de-ruben-arroxo-e-renunciar-agora-a-ronda-leste\\\/#primaryimage\"},\"thumbnailUrl\":\"https:\\\/\\\/www.ppdelugo.com\\\/wp-content\\\/uploads\\\/2023\\\/03\\\/P1300405-min-scaled.jpg\",\"articleSection\":[\"Infraestructuras\"],\"inLanguage\":\"es\",\"potentialAction\":[{\"@type\":\"CommentAction\",\"name\":\"Comment\",\"target\":[\"https:\\\/\\\/www.ppdelugo.com\\\/es\\\/o-pp-critica-a-lara-mendez-por-facer-seguidismo-de-ruben-arroxo-e-renunciar-agora-a-ronda-leste\\\/#respond\"]}]},{\"@type\":\"WebPage\",\"@id\":\"https:\\\/\\\/www.ppdelugo.com\\\/es\\\/o-pp-critica-a-lara-mendez-por-facer-seguidismo-de-ruben-arroxo-e-renunciar-agora-a-ronda-leste\\\/\",\"url\":\"https:\\\/\\\/www.ppdelugo.com\\\/es\\\/o-pp-critica-a-lara-mendez-por-facer-seguidismo-de-ruben-arroxo-e-renunciar-agora-a-ronda-leste\\\/\",\"name\":\"El PP critica a Lara M\u00e9ndez por hacer seguidismo de Rub\u00e9n Arroxo y renunciar ahora a la Ronda Este - Grupo Municipal Partido Popular de Lugo\",\"isPartOf\":{\"@id\":\"https:\\\/\\\/www.ppdelugo.com\\\/es\\\/#website\"},\"primaryImageOfPage\":{\"@id\":\"https:\\\/\\\/www.ppdelugo.com\\\/es\\\/o-pp-critica-a-lara-mendez-por-facer-seguidismo-de-ruben-arroxo-e-renunciar-agora-a-ronda-leste\\\/#primaryimage\"},\"image\":{\"@id\":\"https:\\\/\\\/www.ppdelugo.com\\\/es\\\/o-pp-critica-a-lara-mendez-por-facer-seguidismo-de-ruben-arroxo-e-renunciar-agora-a-ronda-leste\\\/#primaryimage\"},\"thumbnailUrl\":\"https:\\\/\\\/www.ppdelugo.com\\\/wp-content\\\/uploads\\\/2023\\\/03\\\/P1300405-min-scaled.jpg\",\"datePublished\":\"2023-03-30T17:04:03+00:00\",\"dateModified\":\"2023-03-30T17:05:07+00:00\",\"author\":{\"@id\":\"https:\\\/\\\/www.ppdelugo.com\\\/es\\\/#\\\/schema\\\/person\\\/a847ea797b54208d374f6a8953571050\"},\"breadcrumb\":{\"@id\":\"https:\\\/\\\/www.ppdelugo.com\\\/es\\\/o-pp-critica-a-lara-mendez-por-facer-seguidismo-de-ruben-arroxo-e-renunciar-agora-a-ronda-leste\\\/#breadcrumb\"},\"inLanguage\":\"es\",\"potentialAction\":[{\"@type\":\"ReadAction\",\"target\":[\"https:\\\/\\\/www.ppdelugo.com\\\/es\\\/o-pp-critica-a-lara-mendez-por-facer-seguidismo-de-ruben-arroxo-e-renunciar-agora-a-ronda-leste\\\/\"]}]},{\"@type\":\"ImageObject\",\"inLanguage\":\"es\",\"@id\":\"https:\\\/\\\/www.ppdelugo.com\\\/es\\\/o-pp-critica-a-lara-mendez-por-facer-seguidismo-de-ruben-arroxo-e-renunciar-agora-a-ronda-leste\\\/#primaryimage\",\"url\":\"https:\\\/\\\/www.ppdelugo.com\\\/wp-content\\\/uploads\\\/2023\\\/03\\\/P1300405-min-scaled.jpg\",\"contentUrl\":\"https:\\\/\\\/www.ppdelugo.com\\\/wp-content\\\/uploads\\\/2023\\\/03\\\/P1300405-min-scaled.jpg\",\"width\":2560,\"height\":1920},{\"@type\":\"BreadcrumbList\",\"@id\":\"https:\\\/\\\/www.ppdelugo.com\\\/es\\\/o-pp-critica-a-lara-mendez-por-facer-seguidismo-de-ruben-arroxo-e-renunciar-agora-a-ronda-leste\\\/#breadcrumb\",\"itemListElement\":[{\"@type\":\"ListItem\",\"position\":1,\"name\":\"Portada\",\"item\":\"https:\\\/\\\/www.ppdelugo.com\\\/es\\\/\"},{\"@type\":\"ListItem\",\"position\":2,\"name\":\"El PP critica a Lara M\u00e9ndez por hacer seguidismo de Rub\u00e9n Arroxo y renunciar ahora a la Ronda Este\"}]},{\"@type\":\"WebSite\",\"@id\":\"https:\\\/\\\/www.ppdelugo.com\\\/es\\\/#website\",\"url\":\"https:\\\/\\\/www.ppdelugo.com\\\/es\\\/\",\"name\":\"Grupo Municipal Partido Popular de Lugo\",\"description\":\"Web del Grupo Municipal del Partido Popular en el Ayuntamiento de Lugo, con informaci\u00f3n sobre Lugo y fomento de la participaci\u00f3n ciudadana\",\"potentialAction\":[{\"@type\":\"SearchAction\",\"target\":{\"@type\":\"EntryPoint\",\"urlTemplate\":\"https:\\\/\\\/www.ppdelugo.com\\\/es\\\/?s={search_term_string}\"},\"query-input\":{\"@type\":\"PropertyValueSpecification\",\"valueRequired\":true,\"valueName\":\"search_term_string\"}}],\"inLanguage\":\"es\"},{\"@type\":\"Person\",\"@id\":\"https:\\\/\\\/www.ppdelugo.com\\\/es\\\/#\\\/schema\\\/person\\\/a847ea797b54208d374f6a8953571050\",\"name\":\"PP\",\"url\":\"https:\\\/\\\/www.ppdelugo.com\\\/es\\\/author\\\/ppdelugo\\\/\"}]}<\/script>\n<!-- \/ Yoast SEO plugin. -->","yoast_head_json":{"title":"El PP critica a Lara M\u00e9ndez por hacer seguidismo de Rub\u00e9n Arroxo y renunciar ahora a la Ronda Este - Grupo Municipal Partido Popular de Lugo","robots":{"index":"index","follow":"follow","max-snippet":"max-snippet:-1","max-image-preview":"max-image-preview:large","max-video-preview":"max-video-preview:-1"},"canonical":"https:\/\/www.ppdelugo.com\/es\/o-pp-critica-a-lara-mendez-por-facer-seguidismo-de-ruben-arroxo-e-renunciar-agora-a-ronda-leste\/","og_locale":"es_ES","og_type":"article","og_title":"El PP critica a Lara M\u00e9ndez por hacer seguidismo de Rub\u00e9n Arroxo y renunciar ahora a la Ronda Este - Grupo Municipal Partido Popular de Lugo","og_description":"Los populares achacan a la cercan\u00eda de las elecciones el cambio de criterio de la regidora que ahora renuncia p\u00fablicamente a esta infraestructura que exig\u00eda a la Xunta de Galicia...","og_url":"https:\/\/www.ppdelugo.com\/es\/o-pp-critica-a-lara-mendez-por-facer-seguidismo-de-ruben-arroxo-e-renunciar-agora-a-ronda-leste\/","og_site_name":"Grupo Municipal Partido Popular de Lugo","article_published_time":"2023-03-30T17:04:03+00:00","article_modified_time":"2023-03-30T17:05:07+00:00","og_image":[{"width":2560,"height":1920,"url":"https:\/\/www.ppdelugo.com\/wp-content\/uploads\/2023\/03\/P1300405-min-scaled.jpg","type":"image\/jpeg"}],"author":"PP","twitter_card":"summary_large_image","twitter_misc":{"Escrito por":"PP","Tiempo de lectura":"3 minutos"},"schema":{"@context":"https:\/\/schema.org","@graph":[{"@type":"Article","@id":"https:\/\/www.ppdelugo.com\/es\/o-pp-critica-a-lara-mendez-por-facer-seguidismo-de-ruben-arroxo-e-renunciar-agora-a-ronda-leste\/#article","isPartOf":{"@id":"https:\/\/www.ppdelugo.com\/es\/o-pp-critica-a-lara-mendez-por-facer-seguidismo-de-ruben-arroxo-e-renunciar-agora-a-ronda-leste\/"},"author":{"name":"PP","@id":"https:\/\/www.ppdelugo.com\/es\/#\/schema\/person\/a847ea797b54208d374f6a8953571050"},"headline":"El PP critica a Lara M\u00e9ndez por hacer seguidismo de Rub\u00e9n Arroxo y renunciar ahora a la Ronda Este","datePublished":"2023-03-30T17:04:03+00:00","dateModified":"2023-03-30T17:05:07+00:00","mainEntityOfPage":{"@id":"https:\/\/www.ppdelugo.com\/es\/o-pp-critica-a-lara-mendez-por-facer-seguidismo-de-ruben-arroxo-e-renunciar-agora-a-ronda-leste\/"},"wordCount":578,"commentCount":0,"image":{"@id":"https:\/\/www.ppdelugo.com\/es\/o-pp-critica-a-lara-mendez-por-facer-seguidismo-de-ruben-arroxo-e-renunciar-agora-a-ronda-leste\/#primaryimage"},"thumbnailUrl":"https:\/\/www.ppdelugo.com\/wp-content\/uploads\/2023\/03\/P1300405-min-scaled.jpg","articleSection":["Infraestructuras"],"inLanguage":"es","potentialAction":[{"@type":"CommentAction","name":"Comment","target":["https:\/\/www.ppdelugo.com\/es\/o-pp-critica-a-lara-mendez-por-facer-seguidismo-de-ruben-arroxo-e-renunciar-agora-a-ronda-leste\/#respond"]}]},{"@type":"WebPage","@id":"https:\/\/www.ppdelugo.com\/es\/o-pp-critica-a-lara-mendez-por-facer-seguidismo-de-ruben-arroxo-e-renunciar-agora-a-ronda-leste\/","url":"https:\/\/www.ppdelugo.com\/es\/o-pp-critica-a-lara-mendez-por-facer-seguidismo-de-ruben-arroxo-e-renunciar-agora-a-ronda-leste\/","name":"El PP critica a Lara M\u00e9ndez por hacer seguidismo de Rub\u00e9n Arroxo y renunciar ahora a la Ronda Este - Grupo Municipal Partido Popular de Lugo","isPartOf":{"@id":"https:\/\/www.ppdelugo.com\/es\/#website"},"primaryImageOfPage":{"@id":"https:\/\/www.ppdelugo.com\/es\/o-pp-critica-a-lara-mendez-por-facer-seguidismo-de-ruben-arroxo-e-renunciar-agora-a-ronda-leste\/#primaryimage"},"image":{"@id":"https:\/\/www.ppdelugo.com\/es\/o-pp-critica-a-lara-mendez-por-facer-seguidismo-de-ruben-arroxo-e-renunciar-agora-a-ronda-leste\/#primaryimage"},"thumbnailUrl":"https:\/\/www.ppdelugo.com\/wp-content\/uploads\/2023\/03\/P1300405-min-scaled.jpg","datePublished":"2023-03-30T17:04:03+00:00","dateModified":"2023-03-30T17:05:07+00:00","author":{"@id":"https:\/\/www.ppdelugo.com\/es\/#\/schema\/person\/a847ea797b54208d374f6a8953571050"},"breadcrumb":{"@id":"https:\/\/www.ppdelugo.com\/es\/o-pp-critica-a-lara-mendez-por-facer-seguidismo-de-ruben-arroxo-e-renunciar-agora-a-ronda-leste\/#breadcrumb"},"inLanguage":"es","potentialAction":[{"@type":"ReadAction","target":["https:\/\/www.ppdelugo.com\/es\/o-pp-critica-a-lara-mendez-por-facer-seguidismo-de-ruben-arroxo-e-renunciar-agora-a-ronda-leste\/"]}]},{"@type":"ImageObject","inLanguage":"es","@id":"https:\/\/www.ppdelugo.com\/es\/o-pp-critica-a-lara-mendez-por-facer-seguidismo-de-ruben-arroxo-e-renunciar-agora-a-ronda-leste\/#primaryimage","url":"https:\/\/www.ppdelugo.com\/wp-content\/uploads\/2023\/03\/P1300405-min-scaled.jpg","contentUrl":"https:\/\/www.ppdelugo.com\/wp-content\/uploads\/2023\/03\/P1300405-min-scaled.jpg","width":2560,"height":1920},{"@type":"BreadcrumbList","@id":"https:\/\/www.ppdelugo.com\/es\/o-pp-critica-a-lara-mendez-por-facer-seguidismo-de-ruben-arroxo-e-renunciar-agora-a-ronda-leste\/#breadcrumb","itemListElement":[{"@type":"ListItem","position":1,"name":"Portada","item":"https:\/\/www.ppdelugo.com\/es\/"},{"@type":"ListItem","position":2,"name":"El PP critica a Lara M\u00e9ndez por hacer seguidismo de Rub\u00e9n Arroxo y renunciar ahora a la Ronda Este"}]},{"@type":"WebSite","@id":"https:\/\/www.ppdelugo.com\/es\/#website","url":"https:\/\/www.ppdelugo.com\/es\/","name":"Grupo Municipal Partido Popular de Lugo","description":"Web del Grupo Municipal del Partido Popular en el Ayuntamiento de Lugo, con informaci\u00f3n sobre Lugo y fomento de la participaci\u00f3n ciudadana","potentialAction":[{"@type":"SearchAction","target":{"@type":"EntryPoint","urlTemplate":"https:\/\/www.ppdelugo.com\/es\/?s={search_term_string}"},"query-input":{"@type":"PropertyValueSpecification","valueRequired":true,"valueName":"search_term_string"}}],"inLanguage":"es"},{"@type":"Person","@id":"https:\/\/www.ppdelugo.com\/es\/#\/schema\/person\/a847ea797b54208d374f6a8953571050","name":"PP","url":"https:\/\/www.ppdelugo.com\/es\/author\/ppdelugo\/"}]}},"_links":{"self":[{"href":"https:\/\/www.ppdelugo.com\/es\/wp-json\/wp\/v2\/posts\/20130","targetHints":{"allow":["GET"]}}],"collection":[{"href":"https:\/\/www.ppdelugo.com\/es\/wp-json\/wp\/v2\/posts"}],"about":[{"href":"https:\/\/www.ppdelugo.com\/es\/wp-json\/wp\/v2\/types\/post"}],"author":[{"embeddable":true,"href":"https:\/\/www.ppdelugo.com\/es\/wp-json\/wp\/v2\/users\/2"}],"replies":[{"embeddable":true,"href":"https:\/\/www.ppdelugo.com\/es\/wp-json\/wp\/v2\/comments?post=20130"}],"version-history":[{"count":2,"href":"https:\/\/www.ppdelugo.com\/es\/wp-json\/wp\/v2\/posts\/20130\/revisions"}],"predecessor-version":[{"id":20132,"href":"https:\/\/www.ppdelugo.com\/es\/wp-json\/wp\/v2\/posts\/20130\/revisions\/20132"}],"wp:featuredmedia":[{"embeddable":true,"href":"https:\/\/www.ppdelugo.com\/es\/wp-json\/wp\/v2\/media\/20128"}],"wp:attachment":[{"href":"https:\/\/www.ppdelugo.com\/es\/wp-json\/wp\/v2\/media?parent=20130"}],"wp:term":[{"taxonomy":"category","embeddable":true,"href":"https:\/\/www.ppdelugo.com\/es\/wp-json\/wp\/v2\/categories?post=20130"},{"taxonomy":"post_tag","embeddable":true,"href":"https:\/\/www.ppdelugo.com\/es\/wp-json\/wp\/v2\/tags?post=20130"}],"curies":[{"name":"wp","href":"https:\/\/api.w.org\/{rel}","templated":true}]}}