{"id":20070,"date":"2023-03-22T11:25:37","date_gmt":"2023-03-22T11:25:37","guid":{"rendered":"https:\/\/www.ppdelugo.com\/o-pp-pide-a-lara-mendez-a-eliminacion-dun-muro-perigoso-nunha-parcela-municipal-da-rua-fabrica-de-abella-e-crear-no-solar-unha-zona-verde-de-ocio\/"},"modified":"2023-03-22T11:26:25","modified_gmt":"2023-03-22T11:26:25","slug":"o-pp-pide-a-lara-mendez-a-eliminacion-dun-muro-perigoso-nunha-parcela-municipal-da-rua-fabrica-de-abella-e-crear-no-solar-unha-zona-verde-de-ocio","status":"publish","type":"post","link":"https:\/\/www.ppdelugo.com\/es\/o-pp-pide-a-lara-mendez-a-eliminacion-dun-muro-perigoso-nunha-parcela-municipal-da-rua-fabrica-de-abella-e-crear-no-solar-unha-zona-verde-de-ocio\/","title":{"rendered":"El PP pide a Lara M\u00e9ndez la eliminaci\u00f3n de un muro peligroso en una parcela municipal de la calle F\u00e1brica de Abella y crear en el solar una zona verde de ocio"},"content":{"rendered":"<p>Antonio Ameijide pide el arreglo de este solar municipal, adyacente al nuevo centro social de O Casti\u00f1eiro, para evitar cualquier tipo de riesgo ya que el muro, adem\u00e1s de parecer inestable, tiene pegados en su parte superior numerosos vidrios rotos<\/p>\n<p><!--more--><\/p>\n<p>Os veci\u00f1os de Abella ven como nas vindeiras datas inaugurarase o novo centro social do barrio, unha infraestrutura moi demandada e que ven que por fin \u00e9 unha realidade. Por este motivo, piden que o goberno local mellore a imaxe do entorno desta nova dotaci\u00f3n.<\/p>\n<p>Na parte traseira deste centro, na r\u00faa F\u00e1brica de Abella hai un solar municipal que ten un muro nun dos laterais. Este muro semella ser inestable e perigoso, xa que na s\u00faa parte superior conta con numerosos vidros rotos pegados, o que aumenta o perigo.<\/p>\n<p>Antonio Ameijide faise eco das queixas dos veci\u00f1os, que non entenden como a inauguraci\u00f3n do novo centro social do barrio non vai parella da adecuaci\u00f3n desta parcela municipal, duns 1.000 m2, na que se poder\u00eda crear unha zona verde de ocio e esparcemento para un dos barrios nos que menos dotaci\u00f3ns se crearon nos 24 anos de gobernos socialistas e nacionalistas en Lugo.<\/p>\n<p>No PP tam\u00e9n preguntar\u00e1n pola situaci\u00f3n do solar do antigo matadoiro de Abella na que hai varios pozos abertos. Os veci\u00f1os explican que se trata dun solar empregado para aparcar, como zona de paso ou para xogar polo que \u201co perigo \u00e9 evidente para calquera que pase pola zona\u201d xa que pode caer e quedar atrapado supo\u00f1endo un verdadeiro risco para a seguridade.<\/p>\n","protected":false},"excerpt":{"rendered":"<p>Antonio Ameijide pide el arreglo de este solar municipal, adyacente al nuevo centro social de O Casti\u00f1eiro, para evitar cualquier tipo de riesgo ya que el muro, adem\u00e1s de parecer&#8230;<\/p>\n","protected":false},"author":2,"featured_media":20068,"comment_status":"open","ping_status":"closed","sticky":false,"template":"","format":"standard","meta":{"footnotes":""},"categories":[32,33],"tags":[],"class_list":{"0":"post-20070","1":"post","2":"type-post","3":"status-publish","4":"format-standard","5":"has-post-thumbnail","7":"category-infraestructuras-es","8":"category-medioambiente"},"yoast_head":"<!-- This site is optimized with the Yoast SEO plugin v27.4 - https:\/\/yoast.com\/product\/yoast-seo-wordpress\/ -->\n<title>El PP pide a Lara M\u00e9ndez la eliminaci\u00f3n de un muro peligroso en una parcela municipal de la calle F\u00e1brica de Abella y crear en el solar una zona verde de ocio - Grupo Municipal Partido Popular de Lugo<\/title>\n<meta name=\"robots\" content=\"index, follow, max-snippet:-1, max-image-preview:large, max-video-preview:-1\" \/>\n<link rel=\"canonical\" href=\"https:\/\/www.ppdelugo.com\/es\/o-pp-pide-a-lara-mendez-a-eliminacion-dun-muro-perigoso-nunha-parcela-municipal-da-rua-fabrica-de-abella-e-crear-no-solar-unha-zona-verde-de-ocio\/\" \/>\n<meta property=\"og:locale\" content=\"es_ES\" \/>\n<meta property=\"og:type\" content=\"article\" \/>\n<meta property=\"og:title\" content=\"El PP pide a Lara M\u00e9ndez la eliminaci\u00f3n de un muro peligroso en una parcela municipal de la calle F\u00e1brica de Abella y crear en el solar una zona verde de ocio - Grupo Municipal Partido Popular de Lugo\" \/>\n<meta property=\"og:description\" content=\"Antonio Ameijide pide el arreglo de este solar municipal, adyacente al nuevo centro social de O Casti\u00f1eiro, para evitar cualquier tipo de riesgo ya que el muro, adem\u00e1s de parecer...\" \/>\n<meta property=\"og:url\" content=\"https:\/\/www.ppdelugo.com\/es\/o-pp-pide-a-lara-mendez-a-eliminacion-dun-muro-perigoso-nunha-parcela-municipal-da-rua-fabrica-de-abella-e-crear-no-solar-unha-zona-verde-de-ocio\/\" \/>\n<meta property=\"og:site_name\" content=\"Grupo Municipal Partido Popular de Lugo\" \/>\n<meta property=\"article:published_time\" content=\"2023-03-22T11:25:37+00:00\" \/>\n<meta property=\"article:modified_time\" content=\"2023-03-22T11:26:25+00:00\" \/>\n<meta property=\"og:image\" content=\"https:\/\/www.ppdelugo.com\/wp-content\/uploads\/2023\/03\/FOTO-Solar-municipal-Abella.jpeg\" \/>\n\t<meta property=\"og:image:width\" content=\"1024\" \/>\n\t<meta property=\"og:image:height\" content=\"768\" \/>\n\t<meta property=\"og:image:type\" content=\"image\/jpeg\" \/>\n<meta name=\"author\" content=\"PP\" \/>\n<meta name=\"twitter:card\" content=\"summary_large_image\" \/>\n<meta name=\"twitter:label1\" content=\"Escrito por\" \/>\n\t<meta name=\"twitter:data1\" content=\"PP\" \/>\n\t<meta name=\"twitter:label2\" content=\"Tiempo de lectura\" \/>\n\t<meta name=\"twitter:data2\" content=\"2 minutos\" \/>\n<script type=\"application\/ld+json\" class=\"yoast-schema-graph\">{\"@context\":\"https:\\\/\\\/schema.org\",\"@graph\":[{\"@type\":\"Article\",\"@id\":\"https:\\\/\\\/www.ppdelugo.com\\\/es\\\/o-pp-pide-a-lara-mendez-a-eliminacion-dun-muro-perigoso-nunha-parcela-municipal-da-rua-fabrica-de-abella-e-crear-no-solar-unha-zona-verde-de-ocio\\\/#article\",\"isPartOf\":{\"@id\":\"https:\\\/\\\/www.ppdelugo.com\\\/es\\\/o-pp-pide-a-lara-mendez-a-eliminacion-dun-muro-perigoso-nunha-parcela-municipal-da-rua-fabrica-de-abella-e-crear-no-solar-unha-zona-verde-de-ocio\\\/\"},\"author\":{\"name\":\"PP\",\"@id\":\"https:\\\/\\\/www.ppdelugo.com\\\/es\\\/#\\\/schema\\\/person\\\/a847ea797b54208d374f6a8953571050\"},\"headline\":\"El PP pide a Lara M\u00e9ndez la eliminaci\u00f3n de un muro peligroso en una parcela municipal de la calle F\u00e1brica de Abella y crear en el solar una zona verde de ocio\",\"datePublished\":\"2023-03-22T11:25:37+00:00\",\"dateModified\":\"2023-03-22T11:26:25+00:00\",\"mainEntityOfPage\":{\"@id\":\"https:\\\/\\\/www.ppdelugo.com\\\/es\\\/o-pp-pide-a-lara-mendez-a-eliminacion-dun-muro-perigoso-nunha-parcela-municipal-da-rua-fabrica-de-abella-e-crear-no-solar-unha-zona-verde-de-ocio\\\/\"},\"wordCount\":304,\"commentCount\":0,\"image\":{\"@id\":\"https:\\\/\\\/www.ppdelugo.com\\\/es\\\/o-pp-pide-a-lara-mendez-a-eliminacion-dun-muro-perigoso-nunha-parcela-municipal-da-rua-fabrica-de-abella-e-crear-no-solar-unha-zona-verde-de-ocio\\\/#primaryimage\"},\"thumbnailUrl\":\"https:\\\/\\\/www.ppdelugo.com\\\/wp-content\\\/uploads\\\/2023\\\/03\\\/FOTO-Solar-municipal-Abella.jpeg\",\"articleSection\":[\"Infraestructuras\",\"Medio Ambiente\"],\"inLanguage\":\"es\",\"potentialAction\":[{\"@type\":\"CommentAction\",\"name\":\"Comment\",\"target\":[\"https:\\\/\\\/www.ppdelugo.com\\\/es\\\/o-pp-pide-a-lara-mendez-a-eliminacion-dun-muro-perigoso-nunha-parcela-municipal-da-rua-fabrica-de-abella-e-crear-no-solar-unha-zona-verde-de-ocio\\\/#respond\"]}]},{\"@type\":\"WebPage\",\"@id\":\"https:\\\/\\\/www.ppdelugo.com\\\/es\\\/o-pp-pide-a-lara-mendez-a-eliminacion-dun-muro-perigoso-nunha-parcela-municipal-da-rua-fabrica-de-abella-e-crear-no-solar-unha-zona-verde-de-ocio\\\/\",\"url\":\"https:\\\/\\\/www.ppdelugo.com\\\/es\\\/o-pp-pide-a-lara-mendez-a-eliminacion-dun-muro-perigoso-nunha-parcela-municipal-da-rua-fabrica-de-abella-e-crear-no-solar-unha-zona-verde-de-ocio\\\/\",\"name\":\"El PP pide a Lara M\u00e9ndez la eliminaci\u00f3n de un muro peligroso en una parcela municipal de la calle F\u00e1brica de Abella y crear en el solar una zona verde de ocio - Grupo Municipal Partido Popular de Lugo\",\"isPartOf\":{\"@id\":\"https:\\\/\\\/www.ppdelugo.com\\\/es\\\/#website\"},\"primaryImageOfPage\":{\"@id\":\"https:\\\/\\\/www.ppdelugo.com\\\/es\\\/o-pp-pide-a-lara-mendez-a-eliminacion-dun-muro-perigoso-nunha-parcela-municipal-da-rua-fabrica-de-abella-e-crear-no-solar-unha-zona-verde-de-ocio\\\/#primaryimage\"},\"image\":{\"@id\":\"https:\\\/\\\/www.ppdelugo.com\\\/es\\\/o-pp-pide-a-lara-mendez-a-eliminacion-dun-muro-perigoso-nunha-parcela-municipal-da-rua-fabrica-de-abella-e-crear-no-solar-unha-zona-verde-de-ocio\\\/#primaryimage\"},\"thumbnailUrl\":\"https:\\\/\\\/www.ppdelugo.com\\\/wp-content\\\/uploads\\\/2023\\\/03\\\/FOTO-Solar-municipal-Abella.jpeg\",\"datePublished\":\"2023-03-22T11:25:37+00:00\",\"dateModified\":\"2023-03-22T11:26:25+00:00\",\"author\":{\"@id\":\"https:\\\/\\\/www.ppdelugo.com\\\/es\\\/#\\\/schema\\\/person\\\/a847ea797b54208d374f6a8953571050\"},\"breadcrumb\":{\"@id\":\"https:\\\/\\\/www.ppdelugo.com\\\/es\\\/o-pp-pide-a-lara-mendez-a-eliminacion-dun-muro-perigoso-nunha-parcela-municipal-da-rua-fabrica-de-abella-e-crear-no-solar-unha-zona-verde-de-ocio\\\/#breadcrumb\"},\"inLanguage\":\"es\",\"potentialAction\":[{\"@type\":\"ReadAction\",\"target\":[\"https:\\\/\\\/www.ppdelugo.com\\\/es\\\/o-pp-pide-a-lara-mendez-a-eliminacion-dun-muro-perigoso-nunha-parcela-municipal-da-rua-fabrica-de-abella-e-crear-no-solar-unha-zona-verde-de-ocio\\\/\"]}]},{\"@type\":\"ImageObject\",\"inLanguage\":\"es\",\"@id\":\"https:\\\/\\\/www.ppdelugo.com\\\/es\\\/o-pp-pide-a-lara-mendez-a-eliminacion-dun-muro-perigoso-nunha-parcela-municipal-da-rua-fabrica-de-abella-e-crear-no-solar-unha-zona-verde-de-ocio\\\/#primaryimage\",\"url\":\"https:\\\/\\\/www.ppdelugo.com\\\/wp-content\\\/uploads\\\/2023\\\/03\\\/FOTO-Solar-municipal-Abella.jpeg\",\"contentUrl\":\"https:\\\/\\\/www.ppdelugo.com\\\/wp-content\\\/uploads\\\/2023\\\/03\\\/FOTO-Solar-municipal-Abella.jpeg\",\"width\":1024,\"height\":768},{\"@type\":\"BreadcrumbList\",\"@id\":\"https:\\\/\\\/www.ppdelugo.com\\\/es\\\/o-pp-pide-a-lara-mendez-a-eliminacion-dun-muro-perigoso-nunha-parcela-municipal-da-rua-fabrica-de-abella-e-crear-no-solar-unha-zona-verde-de-ocio\\\/#breadcrumb\",\"itemListElement\":[{\"@type\":\"ListItem\",\"position\":1,\"name\":\"Portada\",\"item\":\"https:\\\/\\\/www.ppdelugo.com\\\/es\\\/\"},{\"@type\":\"ListItem\",\"position\":2,\"name\":\"El PP pide a Lara M\u00e9ndez la eliminaci\u00f3n de un muro peligroso en una parcela municipal de la calle F\u00e1brica de Abella y crear en el solar una zona verde de ocio\"}]},{\"@type\":\"WebSite\",\"@id\":\"https:\\\/\\\/www.ppdelugo.com\\\/es\\\/#website\",\"url\":\"https:\\\/\\\/www.ppdelugo.com\\\/es\\\/\",\"name\":\"Grupo Municipal Partido Popular de Lugo\",\"description\":\"Web del Grupo Municipal del Partido Popular en el Ayuntamiento de Lugo, con informaci\u00f3n sobre Lugo y fomento de la participaci\u00f3n ciudadana\",\"potentialAction\":[{\"@type\":\"SearchAction\",\"target\":{\"@type\":\"EntryPoint\",\"urlTemplate\":\"https:\\\/\\\/www.ppdelugo.com\\\/es\\\/?s={search_term_string}\"},\"query-input\":{\"@type\":\"PropertyValueSpecification\",\"valueRequired\":true,\"valueName\":\"search_term_string\"}}],\"inLanguage\":\"es\"},{\"@type\":\"Person\",\"@id\":\"https:\\\/\\\/www.ppdelugo.com\\\/es\\\/#\\\/schema\\\/person\\\/a847ea797b54208d374f6a8953571050\",\"name\":\"PP\",\"url\":\"https:\\\/\\\/www.ppdelugo.com\\\/es\\\/author\\\/ppdelugo\\\/\"}]}<\/script>\n<!-- \/ Yoast SEO plugin. -->","yoast_head_json":{"title":"El PP pide a Lara M\u00e9ndez la eliminaci\u00f3n de un muro peligroso en una parcela municipal de la calle F\u00e1brica de Abella y crear en el solar una zona verde de ocio - Grupo Municipal Partido Popular de Lugo","robots":{"index":"index","follow":"follow","max-snippet":"max-snippet:-1","max-image-preview":"max-image-preview:large","max-video-preview":"max-video-preview:-1"},"canonical":"https:\/\/www.ppdelugo.com\/es\/o-pp-pide-a-lara-mendez-a-eliminacion-dun-muro-perigoso-nunha-parcela-municipal-da-rua-fabrica-de-abella-e-crear-no-solar-unha-zona-verde-de-ocio\/","og_locale":"es_ES","og_type":"article","og_title":"El PP pide a Lara M\u00e9ndez la eliminaci\u00f3n de un muro peligroso en una parcela municipal de la calle F\u00e1brica de Abella y crear en el solar una zona verde de ocio - Grupo Municipal Partido Popular de Lugo","og_description":"Antonio Ameijide pide el arreglo de este solar municipal, adyacente al nuevo centro social de O Casti\u00f1eiro, para evitar cualquier tipo de riesgo ya que el muro, adem\u00e1s de parecer...","og_url":"https:\/\/www.ppdelugo.com\/es\/o-pp-pide-a-lara-mendez-a-eliminacion-dun-muro-perigoso-nunha-parcela-municipal-da-rua-fabrica-de-abella-e-crear-no-solar-unha-zona-verde-de-ocio\/","og_site_name":"Grupo Municipal Partido Popular de Lugo","article_published_time":"2023-03-22T11:25:37+00:00","article_modified_time":"2023-03-22T11:26:25+00:00","og_image":[{"width":1024,"height":768,"url":"https:\/\/www.ppdelugo.com\/wp-content\/uploads\/2023\/03\/FOTO-Solar-municipal-Abella.jpeg","type":"image\/jpeg"}],"author":"PP","twitter_card":"summary_large_image","twitter_misc":{"Escrito por":"PP","Tiempo de lectura":"2 minutos"},"schema":{"@context":"https:\/\/schema.org","@graph":[{"@type":"Article","@id":"https:\/\/www.ppdelugo.com\/es\/o-pp-pide-a-lara-mendez-a-eliminacion-dun-muro-perigoso-nunha-parcela-municipal-da-rua-fabrica-de-abella-e-crear-no-solar-unha-zona-verde-de-ocio\/#article","isPartOf":{"@id":"https:\/\/www.ppdelugo.com\/es\/o-pp-pide-a-lara-mendez-a-eliminacion-dun-muro-perigoso-nunha-parcela-municipal-da-rua-fabrica-de-abella-e-crear-no-solar-unha-zona-verde-de-ocio\/"},"author":{"name":"PP","@id":"https:\/\/www.ppdelugo.com\/es\/#\/schema\/person\/a847ea797b54208d374f6a8953571050"},"headline":"El PP pide a Lara M\u00e9ndez la eliminaci\u00f3n de un muro peligroso en una parcela municipal de la calle F\u00e1brica de Abella y crear en el solar una zona verde de ocio","datePublished":"2023-03-22T11:25:37+00:00","dateModified":"2023-03-22T11:26:25+00:00","mainEntityOfPage":{"@id":"https:\/\/www.ppdelugo.com\/es\/o-pp-pide-a-lara-mendez-a-eliminacion-dun-muro-perigoso-nunha-parcela-municipal-da-rua-fabrica-de-abella-e-crear-no-solar-unha-zona-verde-de-ocio\/"},"wordCount":304,"commentCount":0,"image":{"@id":"https:\/\/www.ppdelugo.com\/es\/o-pp-pide-a-lara-mendez-a-eliminacion-dun-muro-perigoso-nunha-parcela-municipal-da-rua-fabrica-de-abella-e-crear-no-solar-unha-zona-verde-de-ocio\/#primaryimage"},"thumbnailUrl":"https:\/\/www.ppdelugo.com\/wp-content\/uploads\/2023\/03\/FOTO-Solar-municipal-Abella.jpeg","articleSection":["Infraestructuras","Medio Ambiente"],"inLanguage":"es","potentialAction":[{"@type":"CommentAction","name":"Comment","target":["https:\/\/www.ppdelugo.com\/es\/o-pp-pide-a-lara-mendez-a-eliminacion-dun-muro-perigoso-nunha-parcela-municipal-da-rua-fabrica-de-abella-e-crear-no-solar-unha-zona-verde-de-ocio\/#respond"]}]},{"@type":"WebPage","@id":"https:\/\/www.ppdelugo.com\/es\/o-pp-pide-a-lara-mendez-a-eliminacion-dun-muro-perigoso-nunha-parcela-municipal-da-rua-fabrica-de-abella-e-crear-no-solar-unha-zona-verde-de-ocio\/","url":"https:\/\/www.ppdelugo.com\/es\/o-pp-pide-a-lara-mendez-a-eliminacion-dun-muro-perigoso-nunha-parcela-municipal-da-rua-fabrica-de-abella-e-crear-no-solar-unha-zona-verde-de-ocio\/","name":"El PP pide a Lara M\u00e9ndez la eliminaci\u00f3n de un muro peligroso en una parcela municipal de la calle F\u00e1brica de Abella y crear en el solar una zona verde de ocio - Grupo Municipal Partido Popular de Lugo","isPartOf":{"@id":"https:\/\/www.ppdelugo.com\/es\/#website"},"primaryImageOfPage":{"@id":"https:\/\/www.ppdelugo.com\/es\/o-pp-pide-a-lara-mendez-a-eliminacion-dun-muro-perigoso-nunha-parcela-municipal-da-rua-fabrica-de-abella-e-crear-no-solar-unha-zona-verde-de-ocio\/#primaryimage"},"image":{"@id":"https:\/\/www.ppdelugo.com\/es\/o-pp-pide-a-lara-mendez-a-eliminacion-dun-muro-perigoso-nunha-parcela-municipal-da-rua-fabrica-de-abella-e-crear-no-solar-unha-zona-verde-de-ocio\/#primaryimage"},"thumbnailUrl":"https:\/\/www.ppdelugo.com\/wp-content\/uploads\/2023\/03\/FOTO-Solar-municipal-Abella.jpeg","datePublished":"2023-03-22T11:25:37+00:00","dateModified":"2023-03-22T11:26:25+00:00","author":{"@id":"https:\/\/www.ppdelugo.com\/es\/#\/schema\/person\/a847ea797b54208d374f6a8953571050"},"breadcrumb":{"@id":"https:\/\/www.ppdelugo.com\/es\/o-pp-pide-a-lara-mendez-a-eliminacion-dun-muro-perigoso-nunha-parcela-municipal-da-rua-fabrica-de-abella-e-crear-no-solar-unha-zona-verde-de-ocio\/#breadcrumb"},"inLanguage":"es","potentialAction":[{"@type":"ReadAction","target":["https:\/\/www.ppdelugo.com\/es\/o-pp-pide-a-lara-mendez-a-eliminacion-dun-muro-perigoso-nunha-parcela-municipal-da-rua-fabrica-de-abella-e-crear-no-solar-unha-zona-verde-de-ocio\/"]}]},{"@type":"ImageObject","inLanguage":"es","@id":"https:\/\/www.ppdelugo.com\/es\/o-pp-pide-a-lara-mendez-a-eliminacion-dun-muro-perigoso-nunha-parcela-municipal-da-rua-fabrica-de-abella-e-crear-no-solar-unha-zona-verde-de-ocio\/#primaryimage","url":"https:\/\/www.ppdelugo.com\/wp-content\/uploads\/2023\/03\/FOTO-Solar-municipal-Abella.jpeg","contentUrl":"https:\/\/www.ppdelugo.com\/wp-content\/uploads\/2023\/03\/FOTO-Solar-municipal-Abella.jpeg","width":1024,"height":768},{"@type":"BreadcrumbList","@id":"https:\/\/www.ppdelugo.com\/es\/o-pp-pide-a-lara-mendez-a-eliminacion-dun-muro-perigoso-nunha-parcela-municipal-da-rua-fabrica-de-abella-e-crear-no-solar-unha-zona-verde-de-ocio\/#breadcrumb","itemListElement":[{"@type":"ListItem","position":1,"name":"Portada","item":"https:\/\/www.ppdelugo.com\/es\/"},{"@type":"ListItem","position":2,"name":"El PP pide a Lara M\u00e9ndez la eliminaci\u00f3n de un muro peligroso en una parcela municipal de la calle F\u00e1brica de Abella y crear en el solar una zona verde de ocio"}]},{"@type":"WebSite","@id":"https:\/\/www.ppdelugo.com\/es\/#website","url":"https:\/\/www.ppdelugo.com\/es\/","name":"Grupo Municipal Partido Popular de Lugo","description":"Web del Grupo Municipal del Partido Popular en el Ayuntamiento de Lugo, con informaci\u00f3n sobre Lugo y fomento de la participaci\u00f3n ciudadana","potentialAction":[{"@type":"SearchAction","target":{"@type":"EntryPoint","urlTemplate":"https:\/\/www.ppdelugo.com\/es\/?s={search_term_string}"},"query-input":{"@type":"PropertyValueSpecification","valueRequired":true,"valueName":"search_term_string"}}],"inLanguage":"es"},{"@type":"Person","@id":"https:\/\/www.ppdelugo.com\/es\/#\/schema\/person\/a847ea797b54208d374f6a8953571050","name":"PP","url":"https:\/\/www.ppdelugo.com\/es\/author\/ppdelugo\/"}]}},"_links":{"self":[{"href":"https:\/\/www.ppdelugo.com\/es\/wp-json\/wp\/v2\/posts\/20070","targetHints":{"allow":["GET"]}}],"collection":[{"href":"https:\/\/www.ppdelugo.com\/es\/wp-json\/wp\/v2\/posts"}],"about":[{"href":"https:\/\/www.ppdelugo.com\/es\/wp-json\/wp\/v2\/types\/post"}],"author":[{"embeddable":true,"href":"https:\/\/www.ppdelugo.com\/es\/wp-json\/wp\/v2\/users\/2"}],"replies":[{"embeddable":true,"href":"https:\/\/www.ppdelugo.com\/es\/wp-json\/wp\/v2\/comments?post=20070"}],"version-history":[{"count":2,"href":"https:\/\/www.ppdelugo.com\/es\/wp-json\/wp\/v2\/posts\/20070\/revisions"}],"predecessor-version":[{"id":20072,"href":"https:\/\/www.ppdelugo.com\/es\/wp-json\/wp\/v2\/posts\/20070\/revisions\/20072"}],"wp:featuredmedia":[{"embeddable":true,"href":"https:\/\/www.ppdelugo.com\/es\/wp-json\/wp\/v2\/media\/20068"}],"wp:attachment":[{"href":"https:\/\/www.ppdelugo.com\/es\/wp-json\/wp\/v2\/media?parent=20070"}],"wp:term":[{"taxonomy":"category","embeddable":true,"href":"https:\/\/www.ppdelugo.com\/es\/wp-json\/wp\/v2\/categories?post=20070"},{"taxonomy":"post_tag","embeddable":true,"href":"https:\/\/www.ppdelugo.com\/es\/wp-json\/wp\/v2\/tags?post=20070"}],"curies":[{"name":"wp","href":"https:\/\/api.w.org\/{rel}","templated":true}]}}