{"id":20039,"date":"2023-03-20T08:58:40","date_gmt":"2023-03-20T08:58:40","guid":{"rendered":"https:\/\/www.ppdelugo.com\/o-pp-critica-que-lara-mendez-leve-3-meses-sen-pagar-as-axudas-ao-aluguer-aos-que-mais-o-necesitan\/"},"modified":"2023-03-20T08:59:22","modified_gmt":"2023-03-20T08:59:22","slug":"o-pp-critica-que-lara-mendez-leve-3-meses-sen-pagar-as-axudas-ao-aluguer-aos-que-mais-o-necesitan","status":"publish","type":"post","link":"https:\/\/www.ppdelugo.com\/es\/o-pp-critica-que-lara-mendez-leve-3-meses-sen-pagar-as-axudas-ao-aluguer-aos-que-mais-o-necesitan\/","title":{"rendered":"El PP critica que Lara M\u00e9ndez lleve 3 meses sin pagar las ayudas al alquiler a los que m\u00e1s lo necesitan"},"content":{"rendered":"<p>Macamen L\u00f3pez Silva explica que los beneficiarios de las ayudas al alquiler llevan 3 meses sin cobrar esta ayuda y no pueden acceder a los bonos de emergencia social por ser beneficiarios de una ayuda que no perciben<\/p>\n<p><!--more--><\/p>\n<p>O goberno de Lara M\u00e9ndez ten unha nula sensibilidade por axudar \u00e1s familias que peor o est\u00e1n pasando, xa que hai tres meses que non pagan as axudas ao aluguer aos beneficiarios.<\/p>\n<p>Macamen L\u00f3pez Silva lamenta a insensibilidade do goberno local xa que nestes tres meses nada fixeron por solucionar o problema, a pesar de que non \u00e9 a primeira vez que sucede, xa que dende o Grupo Municipal Popular xa se denunciou en varias ocasi\u00f3ns esta situaci\u00f3n.<\/p>\n<p>A concelleira popular incide en que esta situaci\u00f3n, que se repite periodicamente a comezos de ano e durante o ver\u00e1n, d\u00e9bese \u00e1 falta de previsi\u00f3n e de traballo do goberno de Lara M\u00e9ndez por non ter soluci\u00f3ns a este problema recorrente. Ademais, esta indefensi\u00f3n para os beneficiarios desta axuda fai que o pasen peor os que m\u00e1is axuda precisan.<\/p>\n<p>Tampouco \u00e9 posible facilitar a estas persoas as axudas de emerxencia social xa que \u201cnon poden recibila porque son beneficiarios da axuda para o aluguer que non est\u00e1n a cobrar\u201d.<\/p>\n<p>A concelleira popular afirma que a desorganizaci\u00f3n dos servizos sociais \u201csobrecargados de traballo e con escaso persoal\u201d ten consecuencias negativas para todas as familias que precisan de calquera tipo de axuda.<\/p>\n<p>Macamen L\u00f3pez Silva insiste na necesidade de reformular o funcionamento dos servizos sociais \u201cpara evitar que se repitan situaci\u00f3ns como estas se deber\u00edan ingresar a axuda ao aluguer antes de que remate o mes\u201d reclamando de novo un reforzo do persoal de servizos.<\/p>\n","protected":false},"excerpt":{"rendered":"<p>Macamen L\u00f3pez Silva explica que los beneficiarios de las ayudas al alquiler llevan 3 meses sin cobrar esta ayuda y no pueden acceder a los bonos de emergencia social por&#8230;<\/p>\n","protected":false},"author":2,"featured_media":19196,"comment_status":"open","ping_status":"closed","sticky":false,"template":"","format":"standard","meta":{"footnotes":""},"categories":[37],"tags":[],"class_list":{"0":"post-20039","1":"post","2":"type-post","3":"status-publish","4":"format-standard","5":"has-post-thumbnail","7":"category-servicios-sociales"},"yoast_head":"<!-- This site is optimized with the Yoast SEO plugin v27.4 - https:\/\/yoast.com\/product\/yoast-seo-wordpress\/ -->\n<title>El PP critica que Lara M\u00e9ndez lleve 3 meses sin pagar las ayudas al alquiler a los que m\u00e1s lo necesitan - Grupo Municipal Partido Popular de Lugo<\/title>\n<meta name=\"robots\" content=\"index, follow, max-snippet:-1, max-image-preview:large, max-video-preview:-1\" \/>\n<link rel=\"canonical\" href=\"https:\/\/www.ppdelugo.com\/es\/o-pp-critica-que-lara-mendez-leve-3-meses-sen-pagar-as-axudas-ao-aluguer-aos-que-mais-o-necesitan\/\" \/>\n<meta property=\"og:locale\" content=\"es_ES\" \/>\n<meta property=\"og:type\" content=\"article\" \/>\n<meta property=\"og:title\" content=\"El PP critica que Lara M\u00e9ndez lleve 3 meses sin pagar las ayudas al alquiler a los que m\u00e1s lo necesitan - Grupo Municipal Partido Popular de Lugo\" \/>\n<meta property=\"og:description\" content=\"Macamen L\u00f3pez Silva explica que los beneficiarios de las ayudas al alquiler llevan 3 meses sin cobrar esta ayuda y no pueden acceder a los bonos de emergencia social por...\" \/>\n<meta property=\"og:url\" content=\"https:\/\/www.ppdelugo.com\/es\/o-pp-critica-que-lara-mendez-leve-3-meses-sen-pagar-as-axudas-ao-aluguer-aos-que-mais-o-necesitan\/\" \/>\n<meta property=\"og:site_name\" content=\"Grupo Municipal Partido Popular de Lugo\" \/>\n<meta property=\"article:published_time\" content=\"2023-03-20T08:58:40+00:00\" \/>\n<meta property=\"article:modified_time\" content=\"2023-03-20T08:59:22+00:00\" \/>\n<meta property=\"og:image\" content=\"https:\/\/www.ppdelugo.com\/wp-content\/uploads\/2022\/10\/FOTO-Prazas-aparcamento-min-scaled.jpg\" \/>\n\t<meta property=\"og:image:width\" content=\"2560\" \/>\n\t<meta property=\"og:image:height\" content=\"1920\" \/>\n\t<meta property=\"og:image:type\" content=\"image\/jpeg\" \/>\n<meta name=\"author\" content=\"PP\" \/>\n<meta name=\"twitter:card\" content=\"summary_large_image\" \/>\n<meta name=\"twitter:label1\" content=\"Escrito por\" \/>\n\t<meta name=\"twitter:data1\" content=\"PP\" \/>\n\t<meta name=\"twitter:label2\" content=\"Tiempo de lectura\" \/>\n\t<meta name=\"twitter:data2\" content=\"2 minutos\" \/>\n<script type=\"application\/ld+json\" class=\"yoast-schema-graph\">{\"@context\":\"https:\\\/\\\/schema.org\",\"@graph\":[{\"@type\":\"Article\",\"@id\":\"https:\\\/\\\/www.ppdelugo.com\\\/es\\\/o-pp-critica-que-lara-mendez-leve-3-meses-sen-pagar-as-axudas-ao-aluguer-aos-que-mais-o-necesitan\\\/#article\",\"isPartOf\":{\"@id\":\"https:\\\/\\\/www.ppdelugo.com\\\/es\\\/o-pp-critica-que-lara-mendez-leve-3-meses-sen-pagar-as-axudas-ao-aluguer-aos-que-mais-o-necesitan\\\/\"},\"author\":{\"name\":\"PP\",\"@id\":\"https:\\\/\\\/www.ppdelugo.com\\\/es\\\/#\\\/schema\\\/person\\\/a847ea797b54208d374f6a8953571050\"},\"headline\":\"El PP critica que Lara M\u00e9ndez lleve 3 meses sin pagar las ayudas al alquiler a los que m\u00e1s lo necesitan\",\"datePublished\":\"2023-03-20T08:58:40+00:00\",\"dateModified\":\"2023-03-20T08:59:22+00:00\",\"mainEntityOfPage\":{\"@id\":\"https:\\\/\\\/www.ppdelugo.com\\\/es\\\/o-pp-critica-que-lara-mendez-leve-3-meses-sen-pagar-as-axudas-ao-aluguer-aos-que-mais-o-necesitan\\\/\"},\"wordCount\":316,\"commentCount\":0,\"image\":{\"@id\":\"https:\\\/\\\/www.ppdelugo.com\\\/es\\\/o-pp-critica-que-lara-mendez-leve-3-meses-sen-pagar-as-axudas-ao-aluguer-aos-que-mais-o-necesitan\\\/#primaryimage\"},\"thumbnailUrl\":\"https:\\\/\\\/www.ppdelugo.com\\\/wp-content\\\/uploads\\\/2022\\\/10\\\/FOTO-Prazas-aparcamento-min-scaled.jpg\",\"articleSection\":[\"Servicios sociales\"],\"inLanguage\":\"es\",\"potentialAction\":[{\"@type\":\"CommentAction\",\"name\":\"Comment\",\"target\":[\"https:\\\/\\\/www.ppdelugo.com\\\/es\\\/o-pp-critica-que-lara-mendez-leve-3-meses-sen-pagar-as-axudas-ao-aluguer-aos-que-mais-o-necesitan\\\/#respond\"]}]},{\"@type\":\"WebPage\",\"@id\":\"https:\\\/\\\/www.ppdelugo.com\\\/es\\\/o-pp-critica-que-lara-mendez-leve-3-meses-sen-pagar-as-axudas-ao-aluguer-aos-que-mais-o-necesitan\\\/\",\"url\":\"https:\\\/\\\/www.ppdelugo.com\\\/es\\\/o-pp-critica-que-lara-mendez-leve-3-meses-sen-pagar-as-axudas-ao-aluguer-aos-que-mais-o-necesitan\\\/\",\"name\":\"El PP critica que Lara M\u00e9ndez lleve 3 meses sin pagar las ayudas al alquiler a los que m\u00e1s lo necesitan - Grupo Municipal Partido Popular de Lugo\",\"isPartOf\":{\"@id\":\"https:\\\/\\\/www.ppdelugo.com\\\/es\\\/#website\"},\"primaryImageOfPage\":{\"@id\":\"https:\\\/\\\/www.ppdelugo.com\\\/es\\\/o-pp-critica-que-lara-mendez-leve-3-meses-sen-pagar-as-axudas-ao-aluguer-aos-que-mais-o-necesitan\\\/#primaryimage\"},\"image\":{\"@id\":\"https:\\\/\\\/www.ppdelugo.com\\\/es\\\/o-pp-critica-que-lara-mendez-leve-3-meses-sen-pagar-as-axudas-ao-aluguer-aos-que-mais-o-necesitan\\\/#primaryimage\"},\"thumbnailUrl\":\"https:\\\/\\\/www.ppdelugo.com\\\/wp-content\\\/uploads\\\/2022\\\/10\\\/FOTO-Prazas-aparcamento-min-scaled.jpg\",\"datePublished\":\"2023-03-20T08:58:40+00:00\",\"dateModified\":\"2023-03-20T08:59:22+00:00\",\"author\":{\"@id\":\"https:\\\/\\\/www.ppdelugo.com\\\/es\\\/#\\\/schema\\\/person\\\/a847ea797b54208d374f6a8953571050\"},\"breadcrumb\":{\"@id\":\"https:\\\/\\\/www.ppdelugo.com\\\/es\\\/o-pp-critica-que-lara-mendez-leve-3-meses-sen-pagar-as-axudas-ao-aluguer-aos-que-mais-o-necesitan\\\/#breadcrumb\"},\"inLanguage\":\"es\",\"potentialAction\":[{\"@type\":\"ReadAction\",\"target\":[\"https:\\\/\\\/www.ppdelugo.com\\\/es\\\/o-pp-critica-que-lara-mendez-leve-3-meses-sen-pagar-as-axudas-ao-aluguer-aos-que-mais-o-necesitan\\\/\"]}]},{\"@type\":\"ImageObject\",\"inLanguage\":\"es\",\"@id\":\"https:\\\/\\\/www.ppdelugo.com\\\/es\\\/o-pp-critica-que-lara-mendez-leve-3-meses-sen-pagar-as-axudas-ao-aluguer-aos-que-mais-o-necesitan\\\/#primaryimage\",\"url\":\"https:\\\/\\\/www.ppdelugo.com\\\/wp-content\\\/uploads\\\/2022\\\/10\\\/FOTO-Prazas-aparcamento-min-scaled.jpg\",\"contentUrl\":\"https:\\\/\\\/www.ppdelugo.com\\\/wp-content\\\/uploads\\\/2022\\\/10\\\/FOTO-Prazas-aparcamento-min-scaled.jpg\",\"width\":2560,\"height\":1920},{\"@type\":\"BreadcrumbList\",\"@id\":\"https:\\\/\\\/www.ppdelugo.com\\\/es\\\/o-pp-critica-que-lara-mendez-leve-3-meses-sen-pagar-as-axudas-ao-aluguer-aos-que-mais-o-necesitan\\\/#breadcrumb\",\"itemListElement\":[{\"@type\":\"ListItem\",\"position\":1,\"name\":\"Portada\",\"item\":\"https:\\\/\\\/www.ppdelugo.com\\\/es\\\/\"},{\"@type\":\"ListItem\",\"position\":2,\"name\":\"El PP critica que Lara M\u00e9ndez lleve 3 meses sin pagar las ayudas al alquiler a los que m\u00e1s lo necesitan\"}]},{\"@type\":\"WebSite\",\"@id\":\"https:\\\/\\\/www.ppdelugo.com\\\/es\\\/#website\",\"url\":\"https:\\\/\\\/www.ppdelugo.com\\\/es\\\/\",\"name\":\"Grupo Municipal Partido Popular de Lugo\",\"description\":\"Web del Grupo Municipal del Partido Popular en el Ayuntamiento de Lugo, con informaci\u00f3n sobre Lugo y fomento de la participaci\u00f3n ciudadana\",\"potentialAction\":[{\"@type\":\"SearchAction\",\"target\":{\"@type\":\"EntryPoint\",\"urlTemplate\":\"https:\\\/\\\/www.ppdelugo.com\\\/es\\\/?s={search_term_string}\"},\"query-input\":{\"@type\":\"PropertyValueSpecification\",\"valueRequired\":true,\"valueName\":\"search_term_string\"}}],\"inLanguage\":\"es\"},{\"@type\":\"Person\",\"@id\":\"https:\\\/\\\/www.ppdelugo.com\\\/es\\\/#\\\/schema\\\/person\\\/a847ea797b54208d374f6a8953571050\",\"name\":\"PP\",\"url\":\"https:\\\/\\\/www.ppdelugo.com\\\/es\\\/author\\\/ppdelugo\\\/\"}]}<\/script>\n<!-- \/ Yoast SEO plugin. -->","yoast_head_json":{"title":"El PP critica que Lara M\u00e9ndez lleve 3 meses sin pagar las ayudas al alquiler a los que m\u00e1s lo necesitan - Grupo Municipal Partido Popular de Lugo","robots":{"index":"index","follow":"follow","max-snippet":"max-snippet:-1","max-image-preview":"max-image-preview:large","max-video-preview":"max-video-preview:-1"},"canonical":"https:\/\/www.ppdelugo.com\/es\/o-pp-critica-que-lara-mendez-leve-3-meses-sen-pagar-as-axudas-ao-aluguer-aos-que-mais-o-necesitan\/","og_locale":"es_ES","og_type":"article","og_title":"El PP critica que Lara M\u00e9ndez lleve 3 meses sin pagar las ayudas al alquiler a los que m\u00e1s lo necesitan - Grupo Municipal Partido Popular de Lugo","og_description":"Macamen L\u00f3pez Silva explica que los beneficiarios de las ayudas al alquiler llevan 3 meses sin cobrar esta ayuda y no pueden acceder a los bonos de emergencia social por...","og_url":"https:\/\/www.ppdelugo.com\/es\/o-pp-critica-que-lara-mendez-leve-3-meses-sen-pagar-as-axudas-ao-aluguer-aos-que-mais-o-necesitan\/","og_site_name":"Grupo Municipal Partido Popular de Lugo","article_published_time":"2023-03-20T08:58:40+00:00","article_modified_time":"2023-03-20T08:59:22+00:00","og_image":[{"width":2560,"height":1920,"url":"https:\/\/www.ppdelugo.com\/wp-content\/uploads\/2022\/10\/FOTO-Prazas-aparcamento-min-scaled.jpg","type":"image\/jpeg"}],"author":"PP","twitter_card":"summary_large_image","twitter_misc":{"Escrito por":"PP","Tiempo de lectura":"2 minutos"},"schema":{"@context":"https:\/\/schema.org","@graph":[{"@type":"Article","@id":"https:\/\/www.ppdelugo.com\/es\/o-pp-critica-que-lara-mendez-leve-3-meses-sen-pagar-as-axudas-ao-aluguer-aos-que-mais-o-necesitan\/#article","isPartOf":{"@id":"https:\/\/www.ppdelugo.com\/es\/o-pp-critica-que-lara-mendez-leve-3-meses-sen-pagar-as-axudas-ao-aluguer-aos-que-mais-o-necesitan\/"},"author":{"name":"PP","@id":"https:\/\/www.ppdelugo.com\/es\/#\/schema\/person\/a847ea797b54208d374f6a8953571050"},"headline":"El PP critica que Lara M\u00e9ndez lleve 3 meses sin pagar las ayudas al alquiler a los que m\u00e1s lo necesitan","datePublished":"2023-03-20T08:58:40+00:00","dateModified":"2023-03-20T08:59:22+00:00","mainEntityOfPage":{"@id":"https:\/\/www.ppdelugo.com\/es\/o-pp-critica-que-lara-mendez-leve-3-meses-sen-pagar-as-axudas-ao-aluguer-aos-que-mais-o-necesitan\/"},"wordCount":316,"commentCount":0,"image":{"@id":"https:\/\/www.ppdelugo.com\/es\/o-pp-critica-que-lara-mendez-leve-3-meses-sen-pagar-as-axudas-ao-aluguer-aos-que-mais-o-necesitan\/#primaryimage"},"thumbnailUrl":"https:\/\/www.ppdelugo.com\/wp-content\/uploads\/2022\/10\/FOTO-Prazas-aparcamento-min-scaled.jpg","articleSection":["Servicios sociales"],"inLanguage":"es","potentialAction":[{"@type":"CommentAction","name":"Comment","target":["https:\/\/www.ppdelugo.com\/es\/o-pp-critica-que-lara-mendez-leve-3-meses-sen-pagar-as-axudas-ao-aluguer-aos-que-mais-o-necesitan\/#respond"]}]},{"@type":"WebPage","@id":"https:\/\/www.ppdelugo.com\/es\/o-pp-critica-que-lara-mendez-leve-3-meses-sen-pagar-as-axudas-ao-aluguer-aos-que-mais-o-necesitan\/","url":"https:\/\/www.ppdelugo.com\/es\/o-pp-critica-que-lara-mendez-leve-3-meses-sen-pagar-as-axudas-ao-aluguer-aos-que-mais-o-necesitan\/","name":"El PP critica que Lara M\u00e9ndez lleve 3 meses sin pagar las ayudas al alquiler a los que m\u00e1s lo necesitan - Grupo Municipal Partido Popular de Lugo","isPartOf":{"@id":"https:\/\/www.ppdelugo.com\/es\/#website"},"primaryImageOfPage":{"@id":"https:\/\/www.ppdelugo.com\/es\/o-pp-critica-que-lara-mendez-leve-3-meses-sen-pagar-as-axudas-ao-aluguer-aos-que-mais-o-necesitan\/#primaryimage"},"image":{"@id":"https:\/\/www.ppdelugo.com\/es\/o-pp-critica-que-lara-mendez-leve-3-meses-sen-pagar-as-axudas-ao-aluguer-aos-que-mais-o-necesitan\/#primaryimage"},"thumbnailUrl":"https:\/\/www.ppdelugo.com\/wp-content\/uploads\/2022\/10\/FOTO-Prazas-aparcamento-min-scaled.jpg","datePublished":"2023-03-20T08:58:40+00:00","dateModified":"2023-03-20T08:59:22+00:00","author":{"@id":"https:\/\/www.ppdelugo.com\/es\/#\/schema\/person\/a847ea797b54208d374f6a8953571050"},"breadcrumb":{"@id":"https:\/\/www.ppdelugo.com\/es\/o-pp-critica-que-lara-mendez-leve-3-meses-sen-pagar-as-axudas-ao-aluguer-aos-que-mais-o-necesitan\/#breadcrumb"},"inLanguage":"es","potentialAction":[{"@type":"ReadAction","target":["https:\/\/www.ppdelugo.com\/es\/o-pp-critica-que-lara-mendez-leve-3-meses-sen-pagar-as-axudas-ao-aluguer-aos-que-mais-o-necesitan\/"]}]},{"@type":"ImageObject","inLanguage":"es","@id":"https:\/\/www.ppdelugo.com\/es\/o-pp-critica-que-lara-mendez-leve-3-meses-sen-pagar-as-axudas-ao-aluguer-aos-que-mais-o-necesitan\/#primaryimage","url":"https:\/\/www.ppdelugo.com\/wp-content\/uploads\/2022\/10\/FOTO-Prazas-aparcamento-min-scaled.jpg","contentUrl":"https:\/\/www.ppdelugo.com\/wp-content\/uploads\/2022\/10\/FOTO-Prazas-aparcamento-min-scaled.jpg","width":2560,"height":1920},{"@type":"BreadcrumbList","@id":"https:\/\/www.ppdelugo.com\/es\/o-pp-critica-que-lara-mendez-leve-3-meses-sen-pagar-as-axudas-ao-aluguer-aos-que-mais-o-necesitan\/#breadcrumb","itemListElement":[{"@type":"ListItem","position":1,"name":"Portada","item":"https:\/\/www.ppdelugo.com\/es\/"},{"@type":"ListItem","position":2,"name":"El PP critica que Lara M\u00e9ndez lleve 3 meses sin pagar las ayudas al alquiler a los que m\u00e1s lo necesitan"}]},{"@type":"WebSite","@id":"https:\/\/www.ppdelugo.com\/es\/#website","url":"https:\/\/www.ppdelugo.com\/es\/","name":"Grupo Municipal Partido Popular de Lugo","description":"Web del Grupo Municipal del Partido Popular en el Ayuntamiento de Lugo, con informaci\u00f3n sobre Lugo y fomento de la participaci\u00f3n ciudadana","potentialAction":[{"@type":"SearchAction","target":{"@type":"EntryPoint","urlTemplate":"https:\/\/www.ppdelugo.com\/es\/?s={search_term_string}"},"query-input":{"@type":"PropertyValueSpecification","valueRequired":true,"valueName":"search_term_string"}}],"inLanguage":"es"},{"@type":"Person","@id":"https:\/\/www.ppdelugo.com\/es\/#\/schema\/person\/a847ea797b54208d374f6a8953571050","name":"PP","url":"https:\/\/www.ppdelugo.com\/es\/author\/ppdelugo\/"}]}},"_links":{"self":[{"href":"https:\/\/www.ppdelugo.com\/es\/wp-json\/wp\/v2\/posts\/20039","targetHints":{"allow":["GET"]}}],"collection":[{"href":"https:\/\/www.ppdelugo.com\/es\/wp-json\/wp\/v2\/posts"}],"about":[{"href":"https:\/\/www.ppdelugo.com\/es\/wp-json\/wp\/v2\/types\/post"}],"author":[{"embeddable":true,"href":"https:\/\/www.ppdelugo.com\/es\/wp-json\/wp\/v2\/users\/2"}],"replies":[{"embeddable":true,"href":"https:\/\/www.ppdelugo.com\/es\/wp-json\/wp\/v2\/comments?post=20039"}],"version-history":[{"count":2,"href":"https:\/\/www.ppdelugo.com\/es\/wp-json\/wp\/v2\/posts\/20039\/revisions"}],"predecessor-version":[{"id":20041,"href":"https:\/\/www.ppdelugo.com\/es\/wp-json\/wp\/v2\/posts\/20039\/revisions\/20041"}],"wp:featuredmedia":[{"embeddable":true,"href":"https:\/\/www.ppdelugo.com\/es\/wp-json\/wp\/v2\/media\/19196"}],"wp:attachment":[{"href":"https:\/\/www.ppdelugo.com\/es\/wp-json\/wp\/v2\/media?parent=20039"}],"wp:term":[{"taxonomy":"category","embeddable":true,"href":"https:\/\/www.ppdelugo.com\/es\/wp-json\/wp\/v2\/categories?post=20039"},{"taxonomy":"post_tag","embeddable":true,"href":"https:\/\/www.ppdelugo.com\/es\/wp-json\/wp\/v2\/tags?post=20039"}],"curies":[{"name":"wp","href":"https:\/\/api.w.org\/{rel}","templated":true}]}}