{"id":1944,"date":"2016-02-26T12:56:11","date_gmt":"2016-02-26T12:56:11","guid":{"rendered":"http:\/\/www.ppdelugo.com\/es\/castineira-seguro-de-que-o-concello-non-entregou-os-terreos-do-colexio-do-sagrado-corazon\/"},"modified":"2016-02-26T12:58:53","modified_gmt":"2016-02-26T12:58:53","slug":"castineira-seguro-de-que-o-concello-non-entregou-os-terreos-do-colexio-do-sagrado-corazon","status":"publish","type":"post","link":"https:\/\/www.ppdelugo.com\/es\/castineira-seguro-de-que-o-concello-non-entregou-os-terreos-do-colexio-do-sagrado-corazon\/","title":{"rendered":"Casti\u00f1eira, \u201cseguro\u201d de que el Ayuntamiento no entreg\u00f3 los terrenos del colegio del Sagrado Coraz\u00f3n"},"content":{"rendered":"[vc_row type=\u00bbin_container\u00bb scene_position=\u00bbcenter\u00bb text_color=\u00bbdark\u00bb text_align=\u00bbleft\u00bb top_padding=\u00bb-10&#8243;][vc_column column_padding=\u00bbno-extra-padding\u00bb column_padding_position=\u00bball\u00bb background_color_opacity=\u00bb1&#8243; background_hover_color_opacity=\u00bb1&#8243; width=\u00bb1\/1&#8243;][vc_column_text]\n<p>El portavoz del Grupo Municipal del Partido Popular afirma que \u201cen el pleno de ayer qued\u00f3 demostrado que la alcaldesa ha aprendido demasiado r\u00e1pido de la estrategia de Orozco de mentir descaradamente y tirar para adelante sin avergonzarse\u201d<\/p>\n<p><!--more--><\/p>\n<p>O voceiro do Grupo Municipal do Partido Popular no Concello de Lugo, Jaime Casti\u00f1eira, am\u00f3sase \u201cseguro\u201d de que, en contra do que dixo onte a alcaldesa no pleno, a administraci\u00f3n municipal a\u00ednda non entregou todos os terreos necesarios para a construci\u00f3n dun novo colexio no barrio do Sagrado Coraz\u00f3n.<\/p>\n<p>Nesa li\u00f1a, o popular afirma que \u201cco obxectivo de desenmascarar as mentiras da alcaldesa\u201d, acaba de solicitar ao goberno que informe por escrito da data na que remitiu estes datos \u00e1 Xunta de Galicia, as\u00ed como da superficie que puxo \u00e1 s\u00faa disposici\u00f3n. \u201cEstamos convencidos de que faltou \u00e1 verdade cando dixo que o Concello xa cumprira coa s\u00faa parte de tramitar os 10.000 metros cadrados necesarios para o novo centro\u201d, asegura Casti\u00f1eira, ao tempo que recalca que \u201cno pleno de onte quedou demostrado que a alcaldesa aprendeu demasiado r\u00e1pido da estratexia de L\u00f3pez Orozco de mentir descaradamente e de tirar para adiante sen avergonzarse nin o m\u00e1is m\u00ednimo\u201d. \u201cTodos nos lembramos deses informes ficticios dos que presum\u00eda o anterior alcalde para impo\u00f1er a peonalizaci\u00f3n de Quiroga Ballesteros ou daquel outro que dic\u00eda que era imposible suspender a ORA da cidade\u201d, lembra Jaime Casti\u00f1eira, quen lamenta que \u201cmoi triste \u00e9 que a nova alcaldesa imite e copie o modelo demagogo do seu antecesor\u201d.<\/p>\n<p><strong>Unha dotaci\u00f3n e consignaci\u00f3n orzamentaria en risco.-<\/strong><\/p>\n<p>Por outra banda, o popular advirte de que \u201cen dous anos remata o acordo de cesi\u00f3n de instalaci\u00f3ns con Abanca para o centro educativo do barrio\u201d, polo que \u201ctendo en conta o desinterese e a par\u00e1lise tanto do anterior goberno como do actual, o m\u00e1ximo responsable de que o Sagrado Coraz\u00f3n poida quedar sen colexio \u00e9 o Partido Socialista\u201d.<\/p>\n<p>Por \u00faltimo, o voceiro popular tam\u00e9n critica que o novo goberno municipal, \u201cexactamente igual que o anterior\u201d, po\u00f1a en risco a consignaci\u00f3n orzamentaria da Xunta de Galicia para este centro. \u201cIgual que se perderon os fondos previstos en 2014 e 2015, os 524.000 euros planificados nos Orzamentos da Xunta de Galicia para 2016 van polo mesmo cami\u00f1o\u201d, apunta Casti\u00f1eira, quen concl\u00fae que \u201cning\u00fan interese partidista do goberno municipal pode xustificar que un investimento tan necesario e de tal envergadura, con tres mill\u00f3ns de euros, poida quedar pendente\u201d.<\/p>\n[\/vc_column_text][\/vc_column][\/vc_row][vc_row type=\u00bbin_container\u00bb scene_position=\u00bbcenter\u00bb text_color=\u00bbdark\u00bb text_align=\u00bbleft\u00bb][vc_column column_padding=\u00bbno-extra-padding\u00bb column_padding_position=\u00bball\u00bb background_color_opacity=\u00bb1&#8243; background_hover_color_opacity=\u00bb1&#8243; width=\u00bb1\/1&#8243;][vc_column_text]\n<audio class=\"wp-audio-shortcode\" id=\"audio-1944-1\" preload=\"none\" style=\"width: 100%;\" controls=\"controls\"><source type=\"audio\/mpeg\" src=\"http:\/\/www.ppdelugo.com\/wp-content\/uploads\/2016\/02\/CORTE-CASTI\u00d1EIRA-COLEXIO-SAGRADO-CORAZON-26-2-16.mp3?_=1\" \/><a href=\"http:\/\/www.ppdelugo.com\/wp-content\/uploads\/2016\/02\/CORTE-CASTI\u00d1EIRA-COLEXIO-SAGRADO-CORAZON-26-2-16.mp3\">http:\/\/www.ppdelugo.com\/wp-content\/uploads\/2016\/02\/CORTE-CASTI\u00d1EIRA-COLEXIO-SAGRADO-CORAZON-26-2-16.mp3<\/a><\/audio>\n[\/vc_column_text][\/vc_column][\/vc_row]\n","protected":false},"excerpt":{"rendered":"<p>[vc_row type=\u00bbin_container\u00bb scene_position=\u00bbcenter\u00bb text_color=\u00bbdark\u00bb text_align=\u00bbleft\u00bb top_padding=\u00bb-10&#8243;][vc_column column_padding=\u00bbno-extra-padding\u00bb column_padding_position=\u00bball\u00bb background_color_opacity=\u00bb1&#8243; background_hover_color_opacity=\u00bb1&#8243; width=\u00bb1\/1&#8243;][vc_column_text] El portavoz del Grupo Municipal del Partido Popular afirma que \u201cen el pleno de ayer qued\u00f3 demostrado que la&#8230;<\/p>\n","protected":false},"author":8,"featured_media":1937,"comment_status":"open","ping_status":"closed","sticky":false,"template":"","format":"standard","meta":{"footnotes":""},"categories":[32,34],"tags":[],"class_list":{"0":"post-1944","1":"post","2":"type-post","3":"status-publish","4":"format-standard","5":"has-post-thumbnail","7":"category-infraestructuras-es","8":"category-obras-es"},"yoast_head":"<!-- This site is optimized with the Yoast SEO plugin v27.4 - https:\/\/yoast.com\/product\/yoast-seo-wordpress\/ -->\n<title>Casti\u00f1eira, \u201cseguro\u201d de que el Ayuntamiento no entreg\u00f3 los terrenos del colegio del Sagrado Coraz\u00f3n - Grupo Municipal Partido Popular de Lugo<\/title>\n<meta name=\"robots\" content=\"index, follow, max-snippet:-1, max-image-preview:large, max-video-preview:-1\" \/>\n<link rel=\"canonical\" href=\"https:\/\/www.ppdelugo.com\/es\/castineira-seguro-de-que-o-concello-non-entregou-os-terreos-do-colexio-do-sagrado-corazon\/\" \/>\n<meta property=\"og:locale\" content=\"es_ES\" \/>\n<meta property=\"og:type\" content=\"article\" \/>\n<meta property=\"og:title\" content=\"Casti\u00f1eira, \u201cseguro\u201d de que el Ayuntamiento no entreg\u00f3 los terrenos del colegio del Sagrado Coraz\u00f3n - Grupo Municipal Partido Popular de Lugo\" \/>\n<meta property=\"og:description\" content=\"[vc_row type=\u00bbin_container\u00bb scene_position=\u00bbcenter\u00bb text_color=\u00bbdark\u00bb text_align=\u00bbleft\u00bb top_padding=\u00bb-10&#8243;][vc_column column_padding=\u00bbno-extra-padding\u00bb column_padding_position=\u00bball\u00bb background_color_opacity=\u00bb1&#8243; background_hover_color_opacity=\u00bb1&#8243; width=\u00bb1\/1&#8243;][vc_column_text] El portavoz del Grupo Municipal del Partido Popular afirma que \u201cen el pleno de ayer qued\u00f3 demostrado que la...\" \/>\n<meta property=\"og:url\" content=\"https:\/\/www.ppdelugo.com\/es\/castineira-seguro-de-que-o-concello-non-entregou-os-terreos-do-colexio-do-sagrado-corazon\/\" \/>\n<meta property=\"og:site_name\" content=\"Grupo Municipal Partido Popular de Lugo\" \/>\n<meta property=\"article:published_time\" content=\"2016-02-26T12:56:11+00:00\" \/>\n<meta property=\"article:modified_time\" content=\"2016-02-26T12:58:53+00:00\" \/>\n<meta property=\"og:image\" content=\"https:\/\/www.ppdelugo.com\/wp-content\/uploads\/2016\/02\/Sagrado-Corazon-barrio-GMPPLugo-e1456489787744.jpg\" \/>\n\t<meta property=\"og:image:width\" content=\"1256\" \/>\n\t<meta property=\"og:image:height\" content=\"836\" \/>\n\t<meta property=\"og:image:type\" content=\"image\/jpeg\" \/>\n<meta name=\"author\" content=\"ppdelugo\" \/>\n<meta name=\"twitter:card\" content=\"summary_large_image\" \/>\n<meta name=\"twitter:label1\" content=\"Escrito por\" \/>\n\t<meta name=\"twitter:data1\" content=\"ppdelugo\" \/>\n\t<meta name=\"twitter:label2\" content=\"Tiempo de lectura\" \/>\n\t<meta name=\"twitter:data2\" content=\"3 minutos\" \/>\n<script type=\"application\/ld+json\" class=\"yoast-schema-graph\">{\"@context\":\"https:\\\/\\\/schema.org\",\"@graph\":[{\"@type\":\"Article\",\"@id\":\"https:\\\/\\\/www.ppdelugo.com\\\/es\\\/castineira-seguro-de-que-o-concello-non-entregou-os-terreos-do-colexio-do-sagrado-corazon\\\/#article\",\"isPartOf\":{\"@id\":\"https:\\\/\\\/www.ppdelugo.com\\\/es\\\/castineira-seguro-de-que-o-concello-non-entregou-os-terreos-do-colexio-do-sagrado-corazon\\\/\"},\"author\":{\"name\":\"ppdelugo\",\"@id\":\"https:\\\/\\\/www.ppdelugo.com\\\/es\\\/#\\\/schema\\\/person\\\/4fa17dd371813e2c389a4417775cec48\"},\"headline\":\"Casti\u00f1eira, \u201cseguro\u201d de que el Ayuntamiento no entreg\u00f3 los terrenos del colegio del Sagrado Coraz\u00f3n\",\"datePublished\":\"2016-02-26T12:56:11+00:00\",\"dateModified\":\"2016-02-26T12:58:53+00:00\",\"mainEntityOfPage\":{\"@id\":\"https:\\\/\\\/www.ppdelugo.com\\\/es\\\/castineira-seguro-de-que-o-concello-non-entregou-os-terreos-do-colexio-do-sagrado-corazon\\\/\"},\"wordCount\":546,\"commentCount\":0,\"image\":{\"@id\":\"https:\\\/\\\/www.ppdelugo.com\\\/es\\\/castineira-seguro-de-que-o-concello-non-entregou-os-terreos-do-colexio-do-sagrado-corazon\\\/#primaryimage\"},\"thumbnailUrl\":\"https:\\\/\\\/www.ppdelugo.com\\\/wp-content\\\/uploads\\\/2016\\\/02\\\/Sagrado-Corazon-barrio-GMPPLugo-e1456489787744.jpg\",\"articleSection\":[\"Infraestructuras\",\"Obras\"],\"inLanguage\":\"es\",\"potentialAction\":[{\"@type\":\"CommentAction\",\"name\":\"Comment\",\"target\":[\"https:\\\/\\\/www.ppdelugo.com\\\/es\\\/castineira-seguro-de-que-o-concello-non-entregou-os-terreos-do-colexio-do-sagrado-corazon\\\/#respond\"]}]},{\"@type\":\"WebPage\",\"@id\":\"https:\\\/\\\/www.ppdelugo.com\\\/es\\\/castineira-seguro-de-que-o-concello-non-entregou-os-terreos-do-colexio-do-sagrado-corazon\\\/\",\"url\":\"https:\\\/\\\/www.ppdelugo.com\\\/es\\\/castineira-seguro-de-que-o-concello-non-entregou-os-terreos-do-colexio-do-sagrado-corazon\\\/\",\"name\":\"Casti\u00f1eira, \u201cseguro\u201d de que el Ayuntamiento no entreg\u00f3 los terrenos del colegio del Sagrado Coraz\u00f3n - Grupo Municipal Partido Popular de Lugo\",\"isPartOf\":{\"@id\":\"https:\\\/\\\/www.ppdelugo.com\\\/es\\\/#website\"},\"primaryImageOfPage\":{\"@id\":\"https:\\\/\\\/www.ppdelugo.com\\\/es\\\/castineira-seguro-de-que-o-concello-non-entregou-os-terreos-do-colexio-do-sagrado-corazon\\\/#primaryimage\"},\"image\":{\"@id\":\"https:\\\/\\\/www.ppdelugo.com\\\/es\\\/castineira-seguro-de-que-o-concello-non-entregou-os-terreos-do-colexio-do-sagrado-corazon\\\/#primaryimage\"},\"thumbnailUrl\":\"https:\\\/\\\/www.ppdelugo.com\\\/wp-content\\\/uploads\\\/2016\\\/02\\\/Sagrado-Corazon-barrio-GMPPLugo-e1456489787744.jpg\",\"datePublished\":\"2016-02-26T12:56:11+00:00\",\"dateModified\":\"2016-02-26T12:58:53+00:00\",\"author\":{\"@id\":\"https:\\\/\\\/www.ppdelugo.com\\\/es\\\/#\\\/schema\\\/person\\\/4fa17dd371813e2c389a4417775cec48\"},\"breadcrumb\":{\"@id\":\"https:\\\/\\\/www.ppdelugo.com\\\/es\\\/castineira-seguro-de-que-o-concello-non-entregou-os-terreos-do-colexio-do-sagrado-corazon\\\/#breadcrumb\"},\"inLanguage\":\"es\",\"potentialAction\":[{\"@type\":\"ReadAction\",\"target\":[\"https:\\\/\\\/www.ppdelugo.com\\\/es\\\/castineira-seguro-de-que-o-concello-non-entregou-os-terreos-do-colexio-do-sagrado-corazon\\\/\"]}]},{\"@type\":\"ImageObject\",\"inLanguage\":\"es\",\"@id\":\"https:\\\/\\\/www.ppdelugo.com\\\/es\\\/castineira-seguro-de-que-o-concello-non-entregou-os-terreos-do-colexio-do-sagrado-corazon\\\/#primaryimage\",\"url\":\"https:\\\/\\\/www.ppdelugo.com\\\/wp-content\\\/uploads\\\/2016\\\/02\\\/Sagrado-Corazon-barrio-GMPPLugo-e1456489787744.jpg\",\"contentUrl\":\"https:\\\/\\\/www.ppdelugo.com\\\/wp-content\\\/uploads\\\/2016\\\/02\\\/Sagrado-Corazon-barrio-GMPPLugo-e1456489787744.jpg\",\"width\":1256,\"height\":836,\"caption\":\"PPLugo, PPdeLugo, Noticias Lugo, Noticias de Lugo, Novas Lugo, Novas de Lugo, Concello de Lugo, Ayuntamiento de Lugo, Ciudad de Lugo, Cidade de Lugo\"},{\"@type\":\"BreadcrumbList\",\"@id\":\"https:\\\/\\\/www.ppdelugo.com\\\/es\\\/castineira-seguro-de-que-o-concello-non-entregou-os-terreos-do-colexio-do-sagrado-corazon\\\/#breadcrumb\",\"itemListElement\":[{\"@type\":\"ListItem\",\"position\":1,\"name\":\"Portada\",\"item\":\"https:\\\/\\\/www.ppdelugo.com\\\/es\\\/\"},{\"@type\":\"ListItem\",\"position\":2,\"name\":\"Casti\u00f1eira, \u201cseguro\u201d de que el Ayuntamiento no entreg\u00f3 los terrenos del colegio del Sagrado Coraz\u00f3n\"}]},{\"@type\":\"WebSite\",\"@id\":\"https:\\\/\\\/www.ppdelugo.com\\\/es\\\/#website\",\"url\":\"https:\\\/\\\/www.ppdelugo.com\\\/es\\\/\",\"name\":\"Grupo Municipal Partido Popular de Lugo\",\"description\":\"Web del Grupo Municipal del Partido Popular en el Ayuntamiento de Lugo, con informaci\u00f3n sobre Lugo y fomento de la participaci\u00f3n ciudadana\",\"potentialAction\":[{\"@type\":\"SearchAction\",\"target\":{\"@type\":\"EntryPoint\",\"urlTemplate\":\"https:\\\/\\\/www.ppdelugo.com\\\/es\\\/?s={search_term_string}\"},\"query-input\":{\"@type\":\"PropertyValueSpecification\",\"valueRequired\":true,\"valueName\":\"search_term_string\"}}],\"inLanguage\":\"es\"},{\"@type\":\"Person\",\"@id\":\"https:\\\/\\\/www.ppdelugo.com\\\/es\\\/#\\\/schema\\\/person\\\/4fa17dd371813e2c389a4417775cec48\",\"name\":\"ppdelugo\",\"url\":\"https:\\\/\\\/www.ppdelugo.com\\\/es\\\/author\\\/admin-2\\\/\"}]}<\/script>\n<!-- \/ Yoast SEO plugin. -->","yoast_head_json":{"title":"Casti\u00f1eira, \u201cseguro\u201d de que el Ayuntamiento no entreg\u00f3 los terrenos del colegio del Sagrado Coraz\u00f3n - Grupo Municipal Partido Popular de Lugo","robots":{"index":"index","follow":"follow","max-snippet":"max-snippet:-1","max-image-preview":"max-image-preview:large","max-video-preview":"max-video-preview:-1"},"canonical":"https:\/\/www.ppdelugo.com\/es\/castineira-seguro-de-que-o-concello-non-entregou-os-terreos-do-colexio-do-sagrado-corazon\/","og_locale":"es_ES","og_type":"article","og_title":"Casti\u00f1eira, \u201cseguro\u201d de que el Ayuntamiento no entreg\u00f3 los terrenos del colegio del Sagrado Coraz\u00f3n - Grupo Municipal Partido Popular de Lugo","og_description":"[vc_row type=\u00bbin_container\u00bb scene_position=\u00bbcenter\u00bb text_color=\u00bbdark\u00bb text_align=\u00bbleft\u00bb top_padding=\u00bb-10&#8243;][vc_column column_padding=\u00bbno-extra-padding\u00bb column_padding_position=\u00bball\u00bb background_color_opacity=\u00bb1&#8243; background_hover_color_opacity=\u00bb1&#8243; width=\u00bb1\/1&#8243;][vc_column_text] El portavoz del Grupo Municipal del Partido Popular afirma que \u201cen el pleno de ayer qued\u00f3 demostrado que la...","og_url":"https:\/\/www.ppdelugo.com\/es\/castineira-seguro-de-que-o-concello-non-entregou-os-terreos-do-colexio-do-sagrado-corazon\/","og_site_name":"Grupo Municipal Partido Popular de Lugo","article_published_time":"2016-02-26T12:56:11+00:00","article_modified_time":"2016-02-26T12:58:53+00:00","og_image":[{"width":1256,"height":836,"url":"https:\/\/www.ppdelugo.com\/wp-content\/uploads\/2016\/02\/Sagrado-Corazon-barrio-GMPPLugo-e1456489787744.jpg","type":"image\/jpeg"}],"author":"ppdelugo","twitter_card":"summary_large_image","twitter_misc":{"Escrito por":"ppdelugo","Tiempo de lectura":"3 minutos"},"schema":{"@context":"https:\/\/schema.org","@graph":[{"@type":"Article","@id":"https:\/\/www.ppdelugo.com\/es\/castineira-seguro-de-que-o-concello-non-entregou-os-terreos-do-colexio-do-sagrado-corazon\/#article","isPartOf":{"@id":"https:\/\/www.ppdelugo.com\/es\/castineira-seguro-de-que-o-concello-non-entregou-os-terreos-do-colexio-do-sagrado-corazon\/"},"author":{"name":"ppdelugo","@id":"https:\/\/www.ppdelugo.com\/es\/#\/schema\/person\/4fa17dd371813e2c389a4417775cec48"},"headline":"Casti\u00f1eira, \u201cseguro\u201d de que el Ayuntamiento no entreg\u00f3 los terrenos del colegio del Sagrado Coraz\u00f3n","datePublished":"2016-02-26T12:56:11+00:00","dateModified":"2016-02-26T12:58:53+00:00","mainEntityOfPage":{"@id":"https:\/\/www.ppdelugo.com\/es\/castineira-seguro-de-que-o-concello-non-entregou-os-terreos-do-colexio-do-sagrado-corazon\/"},"wordCount":546,"commentCount":0,"image":{"@id":"https:\/\/www.ppdelugo.com\/es\/castineira-seguro-de-que-o-concello-non-entregou-os-terreos-do-colexio-do-sagrado-corazon\/#primaryimage"},"thumbnailUrl":"https:\/\/www.ppdelugo.com\/wp-content\/uploads\/2016\/02\/Sagrado-Corazon-barrio-GMPPLugo-e1456489787744.jpg","articleSection":["Infraestructuras","Obras"],"inLanguage":"es","potentialAction":[{"@type":"CommentAction","name":"Comment","target":["https:\/\/www.ppdelugo.com\/es\/castineira-seguro-de-que-o-concello-non-entregou-os-terreos-do-colexio-do-sagrado-corazon\/#respond"]}]},{"@type":"WebPage","@id":"https:\/\/www.ppdelugo.com\/es\/castineira-seguro-de-que-o-concello-non-entregou-os-terreos-do-colexio-do-sagrado-corazon\/","url":"https:\/\/www.ppdelugo.com\/es\/castineira-seguro-de-que-o-concello-non-entregou-os-terreos-do-colexio-do-sagrado-corazon\/","name":"Casti\u00f1eira, \u201cseguro\u201d de que el Ayuntamiento no entreg\u00f3 los terrenos del colegio del Sagrado Coraz\u00f3n - Grupo Municipal Partido Popular de Lugo","isPartOf":{"@id":"https:\/\/www.ppdelugo.com\/es\/#website"},"primaryImageOfPage":{"@id":"https:\/\/www.ppdelugo.com\/es\/castineira-seguro-de-que-o-concello-non-entregou-os-terreos-do-colexio-do-sagrado-corazon\/#primaryimage"},"image":{"@id":"https:\/\/www.ppdelugo.com\/es\/castineira-seguro-de-que-o-concello-non-entregou-os-terreos-do-colexio-do-sagrado-corazon\/#primaryimage"},"thumbnailUrl":"https:\/\/www.ppdelugo.com\/wp-content\/uploads\/2016\/02\/Sagrado-Corazon-barrio-GMPPLugo-e1456489787744.jpg","datePublished":"2016-02-26T12:56:11+00:00","dateModified":"2016-02-26T12:58:53+00:00","author":{"@id":"https:\/\/www.ppdelugo.com\/es\/#\/schema\/person\/4fa17dd371813e2c389a4417775cec48"},"breadcrumb":{"@id":"https:\/\/www.ppdelugo.com\/es\/castineira-seguro-de-que-o-concello-non-entregou-os-terreos-do-colexio-do-sagrado-corazon\/#breadcrumb"},"inLanguage":"es","potentialAction":[{"@type":"ReadAction","target":["https:\/\/www.ppdelugo.com\/es\/castineira-seguro-de-que-o-concello-non-entregou-os-terreos-do-colexio-do-sagrado-corazon\/"]}]},{"@type":"ImageObject","inLanguage":"es","@id":"https:\/\/www.ppdelugo.com\/es\/castineira-seguro-de-que-o-concello-non-entregou-os-terreos-do-colexio-do-sagrado-corazon\/#primaryimage","url":"https:\/\/www.ppdelugo.com\/wp-content\/uploads\/2016\/02\/Sagrado-Corazon-barrio-GMPPLugo-e1456489787744.jpg","contentUrl":"https:\/\/www.ppdelugo.com\/wp-content\/uploads\/2016\/02\/Sagrado-Corazon-barrio-GMPPLugo-e1456489787744.jpg","width":1256,"height":836,"caption":"PPLugo, PPdeLugo, Noticias Lugo, Noticias de Lugo, Novas Lugo, Novas de Lugo, Concello de Lugo, Ayuntamiento de Lugo, Ciudad de Lugo, Cidade de Lugo"},{"@type":"BreadcrumbList","@id":"https:\/\/www.ppdelugo.com\/es\/castineira-seguro-de-que-o-concello-non-entregou-os-terreos-do-colexio-do-sagrado-corazon\/#breadcrumb","itemListElement":[{"@type":"ListItem","position":1,"name":"Portada","item":"https:\/\/www.ppdelugo.com\/es\/"},{"@type":"ListItem","position":2,"name":"Casti\u00f1eira, \u201cseguro\u201d de que el Ayuntamiento no entreg\u00f3 los terrenos del colegio del Sagrado Coraz\u00f3n"}]},{"@type":"WebSite","@id":"https:\/\/www.ppdelugo.com\/es\/#website","url":"https:\/\/www.ppdelugo.com\/es\/","name":"Grupo Municipal Partido Popular de Lugo","description":"Web del Grupo Municipal del Partido Popular en el Ayuntamiento de Lugo, con informaci\u00f3n sobre Lugo y fomento de la participaci\u00f3n ciudadana","potentialAction":[{"@type":"SearchAction","target":{"@type":"EntryPoint","urlTemplate":"https:\/\/www.ppdelugo.com\/es\/?s={search_term_string}"},"query-input":{"@type":"PropertyValueSpecification","valueRequired":true,"valueName":"search_term_string"}}],"inLanguage":"es"},{"@type":"Person","@id":"https:\/\/www.ppdelugo.com\/es\/#\/schema\/person\/4fa17dd371813e2c389a4417775cec48","name":"ppdelugo","url":"https:\/\/www.ppdelugo.com\/es\/author\/admin-2\/"}]}},"_links":{"self":[{"href":"https:\/\/www.ppdelugo.com\/es\/wp-json\/wp\/v2\/posts\/1944","targetHints":{"allow":["GET"]}}],"collection":[{"href":"https:\/\/www.ppdelugo.com\/es\/wp-json\/wp\/v2\/posts"}],"about":[{"href":"https:\/\/www.ppdelugo.com\/es\/wp-json\/wp\/v2\/types\/post"}],"author":[{"embeddable":true,"href":"https:\/\/www.ppdelugo.com\/es\/wp-json\/wp\/v2\/users\/8"}],"replies":[{"embeddable":true,"href":"https:\/\/www.ppdelugo.com\/es\/wp-json\/wp\/v2\/comments?post=1944"}],"version-history":[{"count":0,"href":"https:\/\/www.ppdelugo.com\/es\/wp-json\/wp\/v2\/posts\/1944\/revisions"}],"wp:featuredmedia":[{"embeddable":true,"href":"https:\/\/www.ppdelugo.com\/es\/wp-json\/wp\/v2\/media\/1937"}],"wp:attachment":[{"href":"https:\/\/www.ppdelugo.com\/es\/wp-json\/wp\/v2\/media?parent=1944"}],"wp:term":[{"taxonomy":"category","embeddable":true,"href":"https:\/\/www.ppdelugo.com\/es\/wp-json\/wp\/v2\/categories?post=1944"},{"taxonomy":"post_tag","embeddable":true,"href":"https:\/\/www.ppdelugo.com\/es\/wp-json\/wp\/v2\/tags?post=1944"}],"curies":[{"name":"wp","href":"https:\/\/api.w.org\/{rel}","templated":true}]}}