{"id":19161,"date":"2022-10-24T11:38:47","date_gmt":"2022-10-24T11:38:47","guid":{"rendered":"https:\/\/www.ppdelugo.com\/o-pp-pide-que-o-concello-de-lugo-esixa-a-pedro-sanchez-mais-investimentos-en-infraestruturas-en-lugo\/"},"modified":"2022-10-24T11:39:45","modified_gmt":"2022-10-24T11:39:45","slug":"o-pp-pide-que-o-concello-de-lugo-esixa-a-pedro-sanchez-mais-investimentos-en-infraestruturas-en-lugo","status":"publish","type":"post","link":"https:\/\/www.ppdelugo.com\/es\/o-pp-pide-que-o-concello-de-lugo-esixa-a-pedro-sanchez-mais-investimentos-en-infraestruturas-en-lugo\/","title":{"rendered":"El PP pide que el Ayuntamiento de Lugo exija a Pedro S\u00e1nchez m\u00e1s inversiones en infraestructuras en Lugo"},"content":{"rendered":"<p>Antonio Ameijide lamenta el abandono del gobierno central socialista con Lugo ya que los presupuestos del Estado para el pr\u00f3ximo a\u00f1o se mantienen en el bloqueo y abandonan infraestructuras vitales para el futuro de Lugo y de los lucenses<\/p>\n<p><!--more--><\/p>\n<p>Nos \u00faltimos d\u00edas o Goberno central presentaba os orzamentos para o vindeiro ano. Uns orzamentos que se mante\u00f1en no bloqueo e que convidan ao pesimismo xa que abandonan infraestruturas vitais para Lugo.<\/p>\n<p>Por iso, Antonio Ameijide explica que o Grupo Municipal Popular defender\u00e1 unha iniciativa no pleno para instar Goberno do Estado a inclu\u00edr as partidas necesarias para impulsar infraestruturas como o remate da A-54 (autov\u00eda Lugo &#8211; Santiago), a A-56 (autov\u00eda Lugo &#8211; Ourense), a reconstrucci\u00f3n do viaducto derribado no Castro na A-6, o impulso do ferrocarril en Lugo, a redacci\u00f3n de estudos e proxectos para o desdobramento e iluminaci\u00f3n do trazado da Rolda Norte (N-640) e da N-VI entre Garabolos e o enlace coa estrada N-540, redacci\u00f3n de estudios para a execuci\u00f3n de v\u00edas de servicio paralelas \u00e1 autov\u00eda A-6 entre os puntos kilom\u00e9tricos 497 e 500 en ambos sentidos e a comisaria da Polic\u00eda Nacional.<\/p>\n<p>Explica o concelleiro popular que a d\u00eda de hoxe as previsi\u00f3ns de investimentos para Galicia confirman que o plan de reequilibrio entre territorios segue a ser unha utop\u00eda. Se ben \u00e9 certo que a pandemia e a invasi\u00f3n rusa de Ucra\u00edna configuran un escenario no que a incerteza fai complexa a planificaci\u00f3n orzamentaria, non \u00e9 menos certo que estas contas deixan de novo a Galicia, e concretamente a Lugo, ao marxe en infraestructuras e servizos.<\/p>\n<p>Galicia pasa de 180 mill\u00f3ns de euros en 2022 a 181 mill\u00f3ns en 2023 (incremento dun 0,39%) o que provoca que todas as actuaci\u00f3ns sexan de lenta execuci\u00f3n xa que os importes evitan o seu impulso ou as condenen a desaparecer.<\/p>\n<p>Antonio Ameijide fala duns \u201corzamentos que non son realistas e non ofrecen unha sa\u00edda ante a crise ao carecer dunha partida espec\u00edfica para a reconstrucci\u00f3n da A-6 ou que ofrecen cantidades \u00ednfimas para obras como a autov\u00eda Lugo &#8211; Santiago ou a conexi\u00f3n ferroviaria entre Lugo e Ourense\u201d.<\/p>\n<p>Sinala Ameijide que as contas de Pedro S\u00e1nchez certifican a defunci\u00f3n da alta velocidade para Lugo e lonxe de incrementar os investimentos na cidade reducen os mesmos, esquecendo tam\u00e9n a comisaria da Polic\u00eda Nacional, unha infraestructura necesaria que a sociedade de Lugo pide con insistencia e que resulta imprescindible para garantir o nivel de servizos que est\u00e1 a prestar esta unidade.<\/p>\n","protected":false},"excerpt":{"rendered":"<p>Antonio Ameijide lamenta el abandono del gobierno central socialista con Lugo ya que los presupuestos del Estado para el pr\u00f3ximo a\u00f1o se mantienen en el bloqueo y abandonan infraestructuras vitales&#8230;<\/p>\n","protected":false},"author":2,"featured_media":19159,"comment_status":"open","ping_status":"closed","sticky":false,"template":"","format":"standard","meta":{"footnotes":""},"categories":[32],"tags":[],"class_list":{"0":"post-19161","1":"post","2":"type-post","3":"status-publish","4":"format-standard","5":"has-post-thumbnail","7":"category-infraestructuras-es"},"yoast_head":"<!-- This site is optimized with the Yoast SEO plugin v27.4 - https:\/\/yoast.com\/product\/yoast-seo-wordpress\/ -->\n<title>El PP pide que el Ayuntamiento de Lugo exija a Pedro S\u00e1nchez m\u00e1s inversiones en infraestructuras en Lugo - Grupo Municipal Partido Popular de Lugo<\/title>\n<meta name=\"robots\" content=\"index, follow, max-snippet:-1, max-image-preview:large, max-video-preview:-1\" \/>\n<link rel=\"canonical\" href=\"https:\/\/www.ppdelugo.com\/es\/o-pp-pide-que-o-concello-de-lugo-esixa-a-pedro-sanchez-mais-investimentos-en-infraestruturas-en-lugo\/\" \/>\n<meta property=\"og:locale\" content=\"es_ES\" \/>\n<meta property=\"og:type\" content=\"article\" \/>\n<meta property=\"og:title\" content=\"El PP pide que el Ayuntamiento de Lugo exija a Pedro S\u00e1nchez m\u00e1s inversiones en infraestructuras en Lugo - Grupo Municipal Partido Popular de Lugo\" \/>\n<meta property=\"og:description\" content=\"Antonio Ameijide lamenta el abandono del gobierno central socialista con Lugo ya que los presupuestos del Estado para el pr\u00f3ximo a\u00f1o se mantienen en el bloqueo y abandonan infraestructuras vitales...\" \/>\n<meta property=\"og:url\" content=\"https:\/\/www.ppdelugo.com\/es\/o-pp-pide-que-o-concello-de-lugo-esixa-a-pedro-sanchez-mais-investimentos-en-infraestruturas-en-lugo\/\" \/>\n<meta property=\"og:site_name\" content=\"Grupo Municipal Partido Popular de Lugo\" \/>\n<meta property=\"article:published_time\" content=\"2022-10-24T11:38:47+00:00\" \/>\n<meta property=\"article:modified_time\" content=\"2022-10-24T11:39:45+00:00\" \/>\n<meta property=\"og:image\" content=\"https:\/\/www.ppdelugo.com\/wp-content\/uploads\/2022\/10\/LF21C6F1_135046.jpg\" \/>\n\t<meta property=\"og:image:width\" content=\"768\" \/>\n\t<meta property=\"og:image:height\" content=\"431\" \/>\n\t<meta property=\"og:image:type\" content=\"image\/jpeg\" \/>\n<meta name=\"author\" content=\"PP\" \/>\n<meta name=\"twitter:card\" content=\"summary_large_image\" \/>\n<meta name=\"twitter:label1\" content=\"Escrito por\" \/>\n\t<meta name=\"twitter:data1\" content=\"PP\" \/>\n\t<meta name=\"twitter:label2\" content=\"Tiempo de lectura\" \/>\n\t<meta name=\"twitter:data2\" content=\"3 minutos\" \/>\n<script type=\"application\/ld+json\" class=\"yoast-schema-graph\">{\"@context\":\"https:\\\/\\\/schema.org\",\"@graph\":[{\"@type\":\"Article\",\"@id\":\"https:\\\/\\\/www.ppdelugo.com\\\/es\\\/o-pp-pide-que-o-concello-de-lugo-esixa-a-pedro-sanchez-mais-investimentos-en-infraestruturas-en-lugo\\\/#article\",\"isPartOf\":{\"@id\":\"https:\\\/\\\/www.ppdelugo.com\\\/es\\\/o-pp-pide-que-o-concello-de-lugo-esixa-a-pedro-sanchez-mais-investimentos-en-infraestruturas-en-lugo\\\/\"},\"author\":{\"name\":\"PP\",\"@id\":\"https:\\\/\\\/www.ppdelugo.com\\\/es\\\/#\\\/schema\\\/person\\\/a847ea797b54208d374f6a8953571050\"},\"headline\":\"El PP pide que el Ayuntamiento de Lugo exija a Pedro S\u00e1nchez m\u00e1s inversiones en infraestructuras en Lugo\",\"datePublished\":\"2022-10-24T11:38:47+00:00\",\"dateModified\":\"2022-10-24T11:39:45+00:00\",\"mainEntityOfPage\":{\"@id\":\"https:\\\/\\\/www.ppdelugo.com\\\/es\\\/o-pp-pide-que-o-concello-de-lugo-esixa-a-pedro-sanchez-mais-investimentos-en-infraestruturas-en-lugo\\\/\"},\"wordCount\":457,\"commentCount\":0,\"image\":{\"@id\":\"https:\\\/\\\/www.ppdelugo.com\\\/es\\\/o-pp-pide-que-o-concello-de-lugo-esixa-a-pedro-sanchez-mais-investimentos-en-infraestruturas-en-lugo\\\/#primaryimage\"},\"thumbnailUrl\":\"https:\\\/\\\/www.ppdelugo.com\\\/wp-content\\\/uploads\\\/2022\\\/10\\\/LF21C6F1_135046.jpg\",\"articleSection\":[\"Infraestructuras\"],\"inLanguage\":\"es\",\"potentialAction\":[{\"@type\":\"CommentAction\",\"name\":\"Comment\",\"target\":[\"https:\\\/\\\/www.ppdelugo.com\\\/es\\\/o-pp-pide-que-o-concello-de-lugo-esixa-a-pedro-sanchez-mais-investimentos-en-infraestruturas-en-lugo\\\/#respond\"]}]},{\"@type\":\"WebPage\",\"@id\":\"https:\\\/\\\/www.ppdelugo.com\\\/es\\\/o-pp-pide-que-o-concello-de-lugo-esixa-a-pedro-sanchez-mais-investimentos-en-infraestruturas-en-lugo\\\/\",\"url\":\"https:\\\/\\\/www.ppdelugo.com\\\/es\\\/o-pp-pide-que-o-concello-de-lugo-esixa-a-pedro-sanchez-mais-investimentos-en-infraestruturas-en-lugo\\\/\",\"name\":\"El PP pide que el Ayuntamiento de Lugo exija a Pedro S\u00e1nchez m\u00e1s inversiones en infraestructuras en Lugo - Grupo Municipal Partido Popular de Lugo\",\"isPartOf\":{\"@id\":\"https:\\\/\\\/www.ppdelugo.com\\\/es\\\/#website\"},\"primaryImageOfPage\":{\"@id\":\"https:\\\/\\\/www.ppdelugo.com\\\/es\\\/o-pp-pide-que-o-concello-de-lugo-esixa-a-pedro-sanchez-mais-investimentos-en-infraestruturas-en-lugo\\\/#primaryimage\"},\"image\":{\"@id\":\"https:\\\/\\\/www.ppdelugo.com\\\/es\\\/o-pp-pide-que-o-concello-de-lugo-esixa-a-pedro-sanchez-mais-investimentos-en-infraestruturas-en-lugo\\\/#primaryimage\"},\"thumbnailUrl\":\"https:\\\/\\\/www.ppdelugo.com\\\/wp-content\\\/uploads\\\/2022\\\/10\\\/LF21C6F1_135046.jpg\",\"datePublished\":\"2022-10-24T11:38:47+00:00\",\"dateModified\":\"2022-10-24T11:39:45+00:00\",\"author\":{\"@id\":\"https:\\\/\\\/www.ppdelugo.com\\\/es\\\/#\\\/schema\\\/person\\\/a847ea797b54208d374f6a8953571050\"},\"breadcrumb\":{\"@id\":\"https:\\\/\\\/www.ppdelugo.com\\\/es\\\/o-pp-pide-que-o-concello-de-lugo-esixa-a-pedro-sanchez-mais-investimentos-en-infraestruturas-en-lugo\\\/#breadcrumb\"},\"inLanguage\":\"es\",\"potentialAction\":[{\"@type\":\"ReadAction\",\"target\":[\"https:\\\/\\\/www.ppdelugo.com\\\/es\\\/o-pp-pide-que-o-concello-de-lugo-esixa-a-pedro-sanchez-mais-investimentos-en-infraestruturas-en-lugo\\\/\"]}]},{\"@type\":\"ImageObject\",\"inLanguage\":\"es\",\"@id\":\"https:\\\/\\\/www.ppdelugo.com\\\/es\\\/o-pp-pide-que-o-concello-de-lugo-esixa-a-pedro-sanchez-mais-investimentos-en-infraestruturas-en-lugo\\\/#primaryimage\",\"url\":\"https:\\\/\\\/www.ppdelugo.com\\\/wp-content\\\/uploads\\\/2022\\\/10\\\/LF21C6F1_135046.jpg\",\"contentUrl\":\"https:\\\/\\\/www.ppdelugo.com\\\/wp-content\\\/uploads\\\/2022\\\/10\\\/LF21C6F1_135046.jpg\",\"width\":768,\"height\":431},{\"@type\":\"BreadcrumbList\",\"@id\":\"https:\\\/\\\/www.ppdelugo.com\\\/es\\\/o-pp-pide-que-o-concello-de-lugo-esixa-a-pedro-sanchez-mais-investimentos-en-infraestruturas-en-lugo\\\/#breadcrumb\",\"itemListElement\":[{\"@type\":\"ListItem\",\"position\":1,\"name\":\"Portada\",\"item\":\"https:\\\/\\\/www.ppdelugo.com\\\/es\\\/\"},{\"@type\":\"ListItem\",\"position\":2,\"name\":\"El PP pide que el Ayuntamiento de Lugo exija a Pedro S\u00e1nchez m\u00e1s inversiones en infraestructuras en Lugo\"}]},{\"@type\":\"WebSite\",\"@id\":\"https:\\\/\\\/www.ppdelugo.com\\\/es\\\/#website\",\"url\":\"https:\\\/\\\/www.ppdelugo.com\\\/es\\\/\",\"name\":\"Grupo Municipal Partido Popular de Lugo\",\"description\":\"Web del Grupo Municipal del Partido Popular en el Ayuntamiento de Lugo, con informaci\u00f3n sobre Lugo y fomento de la participaci\u00f3n ciudadana\",\"potentialAction\":[{\"@type\":\"SearchAction\",\"target\":{\"@type\":\"EntryPoint\",\"urlTemplate\":\"https:\\\/\\\/www.ppdelugo.com\\\/es\\\/?s={search_term_string}\"},\"query-input\":{\"@type\":\"PropertyValueSpecification\",\"valueRequired\":true,\"valueName\":\"search_term_string\"}}],\"inLanguage\":\"es\"},{\"@type\":\"Person\",\"@id\":\"https:\\\/\\\/www.ppdelugo.com\\\/es\\\/#\\\/schema\\\/person\\\/a847ea797b54208d374f6a8953571050\",\"name\":\"PP\",\"url\":\"https:\\\/\\\/www.ppdelugo.com\\\/es\\\/author\\\/ppdelugo\\\/\"}]}<\/script>\n<!-- \/ Yoast SEO plugin. -->","yoast_head_json":{"title":"El PP pide que el Ayuntamiento de Lugo exija a Pedro S\u00e1nchez m\u00e1s inversiones en infraestructuras en Lugo - Grupo Municipal Partido Popular de Lugo","robots":{"index":"index","follow":"follow","max-snippet":"max-snippet:-1","max-image-preview":"max-image-preview:large","max-video-preview":"max-video-preview:-1"},"canonical":"https:\/\/www.ppdelugo.com\/es\/o-pp-pide-que-o-concello-de-lugo-esixa-a-pedro-sanchez-mais-investimentos-en-infraestruturas-en-lugo\/","og_locale":"es_ES","og_type":"article","og_title":"El PP pide que el Ayuntamiento de Lugo exija a Pedro S\u00e1nchez m\u00e1s inversiones en infraestructuras en Lugo - Grupo Municipal Partido Popular de Lugo","og_description":"Antonio Ameijide lamenta el abandono del gobierno central socialista con Lugo ya que los presupuestos del Estado para el pr\u00f3ximo a\u00f1o se mantienen en el bloqueo y abandonan infraestructuras vitales...","og_url":"https:\/\/www.ppdelugo.com\/es\/o-pp-pide-que-o-concello-de-lugo-esixa-a-pedro-sanchez-mais-investimentos-en-infraestruturas-en-lugo\/","og_site_name":"Grupo Municipal Partido Popular de Lugo","article_published_time":"2022-10-24T11:38:47+00:00","article_modified_time":"2022-10-24T11:39:45+00:00","og_image":[{"width":768,"height":431,"url":"https:\/\/www.ppdelugo.com\/wp-content\/uploads\/2022\/10\/LF21C6F1_135046.jpg","type":"image\/jpeg"}],"author":"PP","twitter_card":"summary_large_image","twitter_misc":{"Escrito por":"PP","Tiempo de lectura":"3 minutos"},"schema":{"@context":"https:\/\/schema.org","@graph":[{"@type":"Article","@id":"https:\/\/www.ppdelugo.com\/es\/o-pp-pide-que-o-concello-de-lugo-esixa-a-pedro-sanchez-mais-investimentos-en-infraestruturas-en-lugo\/#article","isPartOf":{"@id":"https:\/\/www.ppdelugo.com\/es\/o-pp-pide-que-o-concello-de-lugo-esixa-a-pedro-sanchez-mais-investimentos-en-infraestruturas-en-lugo\/"},"author":{"name":"PP","@id":"https:\/\/www.ppdelugo.com\/es\/#\/schema\/person\/a847ea797b54208d374f6a8953571050"},"headline":"El PP pide que el Ayuntamiento de Lugo exija a Pedro S\u00e1nchez m\u00e1s inversiones en infraestructuras en Lugo","datePublished":"2022-10-24T11:38:47+00:00","dateModified":"2022-10-24T11:39:45+00:00","mainEntityOfPage":{"@id":"https:\/\/www.ppdelugo.com\/es\/o-pp-pide-que-o-concello-de-lugo-esixa-a-pedro-sanchez-mais-investimentos-en-infraestruturas-en-lugo\/"},"wordCount":457,"commentCount":0,"image":{"@id":"https:\/\/www.ppdelugo.com\/es\/o-pp-pide-que-o-concello-de-lugo-esixa-a-pedro-sanchez-mais-investimentos-en-infraestruturas-en-lugo\/#primaryimage"},"thumbnailUrl":"https:\/\/www.ppdelugo.com\/wp-content\/uploads\/2022\/10\/LF21C6F1_135046.jpg","articleSection":["Infraestructuras"],"inLanguage":"es","potentialAction":[{"@type":"CommentAction","name":"Comment","target":["https:\/\/www.ppdelugo.com\/es\/o-pp-pide-que-o-concello-de-lugo-esixa-a-pedro-sanchez-mais-investimentos-en-infraestruturas-en-lugo\/#respond"]}]},{"@type":"WebPage","@id":"https:\/\/www.ppdelugo.com\/es\/o-pp-pide-que-o-concello-de-lugo-esixa-a-pedro-sanchez-mais-investimentos-en-infraestruturas-en-lugo\/","url":"https:\/\/www.ppdelugo.com\/es\/o-pp-pide-que-o-concello-de-lugo-esixa-a-pedro-sanchez-mais-investimentos-en-infraestruturas-en-lugo\/","name":"El PP pide que el Ayuntamiento de Lugo exija a Pedro S\u00e1nchez m\u00e1s inversiones en infraestructuras en Lugo - Grupo Municipal Partido Popular de Lugo","isPartOf":{"@id":"https:\/\/www.ppdelugo.com\/es\/#website"},"primaryImageOfPage":{"@id":"https:\/\/www.ppdelugo.com\/es\/o-pp-pide-que-o-concello-de-lugo-esixa-a-pedro-sanchez-mais-investimentos-en-infraestruturas-en-lugo\/#primaryimage"},"image":{"@id":"https:\/\/www.ppdelugo.com\/es\/o-pp-pide-que-o-concello-de-lugo-esixa-a-pedro-sanchez-mais-investimentos-en-infraestruturas-en-lugo\/#primaryimage"},"thumbnailUrl":"https:\/\/www.ppdelugo.com\/wp-content\/uploads\/2022\/10\/LF21C6F1_135046.jpg","datePublished":"2022-10-24T11:38:47+00:00","dateModified":"2022-10-24T11:39:45+00:00","author":{"@id":"https:\/\/www.ppdelugo.com\/es\/#\/schema\/person\/a847ea797b54208d374f6a8953571050"},"breadcrumb":{"@id":"https:\/\/www.ppdelugo.com\/es\/o-pp-pide-que-o-concello-de-lugo-esixa-a-pedro-sanchez-mais-investimentos-en-infraestruturas-en-lugo\/#breadcrumb"},"inLanguage":"es","potentialAction":[{"@type":"ReadAction","target":["https:\/\/www.ppdelugo.com\/es\/o-pp-pide-que-o-concello-de-lugo-esixa-a-pedro-sanchez-mais-investimentos-en-infraestruturas-en-lugo\/"]}]},{"@type":"ImageObject","inLanguage":"es","@id":"https:\/\/www.ppdelugo.com\/es\/o-pp-pide-que-o-concello-de-lugo-esixa-a-pedro-sanchez-mais-investimentos-en-infraestruturas-en-lugo\/#primaryimage","url":"https:\/\/www.ppdelugo.com\/wp-content\/uploads\/2022\/10\/LF21C6F1_135046.jpg","contentUrl":"https:\/\/www.ppdelugo.com\/wp-content\/uploads\/2022\/10\/LF21C6F1_135046.jpg","width":768,"height":431},{"@type":"BreadcrumbList","@id":"https:\/\/www.ppdelugo.com\/es\/o-pp-pide-que-o-concello-de-lugo-esixa-a-pedro-sanchez-mais-investimentos-en-infraestruturas-en-lugo\/#breadcrumb","itemListElement":[{"@type":"ListItem","position":1,"name":"Portada","item":"https:\/\/www.ppdelugo.com\/es\/"},{"@type":"ListItem","position":2,"name":"El PP pide que el Ayuntamiento de Lugo exija a Pedro S\u00e1nchez m\u00e1s inversiones en infraestructuras en Lugo"}]},{"@type":"WebSite","@id":"https:\/\/www.ppdelugo.com\/es\/#website","url":"https:\/\/www.ppdelugo.com\/es\/","name":"Grupo Municipal Partido Popular de Lugo","description":"Web del Grupo Municipal del Partido Popular en el Ayuntamiento de Lugo, con informaci\u00f3n sobre Lugo y fomento de la participaci\u00f3n ciudadana","potentialAction":[{"@type":"SearchAction","target":{"@type":"EntryPoint","urlTemplate":"https:\/\/www.ppdelugo.com\/es\/?s={search_term_string}"},"query-input":{"@type":"PropertyValueSpecification","valueRequired":true,"valueName":"search_term_string"}}],"inLanguage":"es"},{"@type":"Person","@id":"https:\/\/www.ppdelugo.com\/es\/#\/schema\/person\/a847ea797b54208d374f6a8953571050","name":"PP","url":"https:\/\/www.ppdelugo.com\/es\/author\/ppdelugo\/"}]}},"_links":{"self":[{"href":"https:\/\/www.ppdelugo.com\/es\/wp-json\/wp\/v2\/posts\/19161","targetHints":{"allow":["GET"]}}],"collection":[{"href":"https:\/\/www.ppdelugo.com\/es\/wp-json\/wp\/v2\/posts"}],"about":[{"href":"https:\/\/www.ppdelugo.com\/es\/wp-json\/wp\/v2\/types\/post"}],"author":[{"embeddable":true,"href":"https:\/\/www.ppdelugo.com\/es\/wp-json\/wp\/v2\/users\/2"}],"replies":[{"embeddable":true,"href":"https:\/\/www.ppdelugo.com\/es\/wp-json\/wp\/v2\/comments?post=19161"}],"version-history":[{"count":2,"href":"https:\/\/www.ppdelugo.com\/es\/wp-json\/wp\/v2\/posts\/19161\/revisions"}],"predecessor-version":[{"id":19163,"href":"https:\/\/www.ppdelugo.com\/es\/wp-json\/wp\/v2\/posts\/19161\/revisions\/19163"}],"wp:featuredmedia":[{"embeddable":true,"href":"https:\/\/www.ppdelugo.com\/es\/wp-json\/wp\/v2\/media\/19159"}],"wp:attachment":[{"href":"https:\/\/www.ppdelugo.com\/es\/wp-json\/wp\/v2\/media?parent=19161"}],"wp:term":[{"taxonomy":"category","embeddable":true,"href":"https:\/\/www.ppdelugo.com\/es\/wp-json\/wp\/v2\/categories?post=19161"},{"taxonomy":"post_tag","embeddable":true,"href":"https:\/\/www.ppdelugo.com\/es\/wp-json\/wp\/v2\/tags?post=19161"}],"curies":[{"name":"wp","href":"https:\/\/api.w.org\/{rel}","templated":true}]}}