{"id":19153,"date":"2022-10-21T11:57:54","date_gmt":"2022-10-21T11:57:54","guid":{"rendered":"https:\/\/www.ppdelugo.com\/o-pp-pedira-ao-pleno-que-lugo-reforce-a-accesibilidade-e-mellore-a-rede-de-prazas-de-aparcamento-para-persoas-con-mobilidade-reducida\/"},"modified":"2022-10-21T12:00:01","modified_gmt":"2022-10-21T12:00:01","slug":"o-pp-pedira-ao-pleno-que-lugo-reforce-a-accesibilidade-e-mellore-a-rede-de-prazas-de-aparcamento-para-persoas-con-mobilidade-reducida","status":"publish","type":"post","link":"https:\/\/www.ppdelugo.com\/es\/o-pp-pedira-ao-pleno-que-lugo-reforce-a-accesibilidade-e-mellore-a-rede-de-prazas-de-aparcamento-para-persoas-con-mobilidade-reducida\/","title":{"rendered":"El PP pedir\u00e1 al pleno que Lugo refuerce la accesibilidad y mejore la red de plazas de aparcamiento para personas con movilidad reducida"},"content":{"rendered":"<p>Macamen L\u00f3pez se\u00f1ala que es preciso elaborar un plan de accesibilidad de Lugo, tomando en consideraci\u00f3n las plazas de aparcamiento para personas con movilidad reducida, incrementando el n\u00famero de las mismas y facilitando informaci\u00f3n en tiempo real de su localizaci\u00f3n y disponibilidad a trav\u00e9s de una APP<\/p>\n<p><!--more--><\/p>\n<p>O Grupo Municipal do Partido Popular pedir\u00e1 no pleno deste mes a elaboraci\u00f3n dun planeamento de accesibilidade da cidade, tomando en consideraci\u00f3n as prazas de aparcamento para persoas con mobilidade reducida, incrementando o n\u00famero das mesmas e facilitando informaci\u00f3n en tempo real da s\u00faa localizaci\u00f3n e dispo\u00f1ibilidade a trav\u00e9s dunha APP.<\/p>\n<p>Explica Macamen L\u00f3pez que esta iniciativa ten moita importancia, xa que c\u00f3mpre facilitar a localizaci\u00f3n das mesmas e a s\u00faa correcta identificaci\u00f3n non so para os lucenses que precisen facer uso delas, sen\u00f3n para fomentar a acollida de visitantes e turistas facilitando mapas que indiquen as zonas de aparcamento, facendo especial fincap\u00e9 na localizaci\u00f3n das prazas para persoas de mobilidade reducida, polo que se poder\u00eda considerar a posibilidade de inclu\u00edr esta informaci\u00f3n en plataformas de mapas online e navegadores (como Google Maps, por exemplo).<\/p>\n<p>Incluso, indica a concelleira popular, deber\u00eda considerarse facer un estudo da accesibilidade destas prazas de aparcamento, garantindo en todo momento o uso por parte das persoas usuarias das mesmas e buscando aquelas localizaci\u00f3ns m\u00e1is axeitadas para estas persoas.<\/p>\n<p>A mobilidade sostible implica a mellora de calidade de vida urbana, algo que se pode lograr a trav\u00e9s do aumento planificado dos servizos b\u00e1sicos para a poboaci\u00f3n, mellorando as condici\u00f3ns de habitabilidade, acadando, en definitiva, a reduci\u00f3n dos efectos adversos do crecemento urbano e logrando a sustentabilidade social, \u00e9 dicir, garantindo a equidade, a autonom\u00eda, a comunicaci\u00f3n social e a igualdade entre todas as persoas.<\/p>\n<p>Lugo debe loitar por alcanzar a accesibilidade universal, pero por desgracia isto est\u00e1 lonxe a\u00ednda. Unha contorna que facilite o desenvolvemento e uso do mesmo por calquera persoa baixo os principios de comodidade, seguridade e autonom\u00eda persoal debe ser una prioridade para calquera goberno. As v\u00edas p\u00fablicas, prazas, parques, xard\u00edns, sistemas de transporte, etc. deben formar parte dun proxecto de mobilidade accesible que incl\u00faa sinalizaci\u00f3n informativa e dispositivos que faciliten a comunicaci\u00f3n sensorial, de xeito que sexa accesible a toda a poboaci\u00f3n.<\/p>\n<p>Para Macamen L\u00f3pez \u00e9 o momento de avanzar a unha mobilidade accesible en Lugo. Non son precisos proxectos excesivamente ambiciosos, simplemente un planeamento estudiado minuciosamente con planeamentos que permitan avanzar progresivamente pola senda da accesibilidade de xeito que non quede ningu\u00e9n polo cami\u00f1o do desenvolvemento urbano.<\/p>\n<p>Un claro exemplo dunha actuaci\u00f3n necesaria na cidade son as\u00a0 prazas de aparcamento para persoas con mobilidade reducida, que deber\u00edan ser de uso exclusivo para estas persoas, pero este colectivo non s\u00f3 se atopa con problemas a diario co uso inadecuado das mesmas, sen\u00f3n que en moitas ocasi\u00f3n estas prazas presentan problemas de accesibilidade que fan moi complicado o seu uso por parte dos usuarios, as veces incluso por desco\u00f1ecemento da s\u00faa localizaci\u00f3n.<\/p>\n<p>Para facilitar a estas persoas o aparcamento e con isto facer a nosa cidade atractiva e c\u00f3moda para este colectivo de persoas, faise preciso ampliar o n\u00famero de prazas de aparcamento dispo\u00f1ibles, pero tam\u00e9n a mellora da sinalizaci\u00f3n das mesmas de cara a facilitar a s\u00faa localizaci\u00f3n e uso.<\/p>\n","protected":false},"excerpt":{"rendered":"<p>Macamen L\u00f3pez se\u00f1ala que es preciso elaborar un plan de accesibilidad de Lugo, tomando en consideraci\u00f3n las plazas de aparcamiento para personas con movilidad reducida, incrementando el n\u00famero de las&#8230;<\/p>\n","protected":false},"author":2,"featured_media":19151,"comment_status":"open","ping_status":"closed","sticky":false,"template":"","format":"standard","meta":{"footnotes":""},"categories":[60],"tags":[],"class_list":{"0":"post-19153","1":"post","2":"type-post","3":"status-publish","4":"format-standard","5":"has-post-thumbnail","7":"category-accesibilidad-es"},"yoast_head":"<!-- This site is optimized with the Yoast SEO plugin v27.4 - https:\/\/yoast.com\/product\/yoast-seo-wordpress\/ -->\n<title>El PP pedir\u00e1 al pleno que Lugo refuerce la accesibilidad y mejore la red de plazas de aparcamiento para personas con movilidad reducida - Grupo Municipal Partido Popular de Lugo<\/title>\n<meta name=\"robots\" content=\"index, follow, max-snippet:-1, max-image-preview:large, max-video-preview:-1\" \/>\n<link rel=\"canonical\" href=\"https:\/\/www.ppdelugo.com\/es\/o-pp-pedira-ao-pleno-que-lugo-reforce-a-accesibilidade-e-mellore-a-rede-de-prazas-de-aparcamento-para-persoas-con-mobilidade-reducida\/\" \/>\n<meta property=\"og:locale\" content=\"es_ES\" \/>\n<meta property=\"og:type\" content=\"article\" \/>\n<meta property=\"og:title\" content=\"El PP pedir\u00e1 al pleno que Lugo refuerce la accesibilidad y mejore la red de plazas de aparcamiento para personas con movilidad reducida - Grupo Municipal Partido Popular de Lugo\" \/>\n<meta property=\"og:description\" content=\"Macamen L\u00f3pez se\u00f1ala que es preciso elaborar un plan de accesibilidad de Lugo, tomando en consideraci\u00f3n las plazas de aparcamiento para personas con movilidad reducida, incrementando el n\u00famero de las...\" \/>\n<meta property=\"og:url\" content=\"https:\/\/www.ppdelugo.com\/es\/o-pp-pedira-ao-pleno-que-lugo-reforce-a-accesibilidade-e-mellore-a-rede-de-prazas-de-aparcamento-para-persoas-con-mobilidade-reducida\/\" \/>\n<meta property=\"og:site_name\" content=\"Grupo Municipal Partido Popular de Lugo\" \/>\n<meta property=\"article:published_time\" content=\"2022-10-21T11:57:54+00:00\" \/>\n<meta property=\"article:modified_time\" content=\"2022-10-21T12:00:01+00:00\" \/>\n<meta property=\"og:image\" content=\"https:\/\/www.ppdelugo.com\/wp-content\/uploads\/2022\/10\/2019102210275838468-1.jpg\" \/>\n\t<meta property=\"og:image:width\" content=\"416\" \/>\n\t<meta property=\"og:image:height\" content=\"358\" \/>\n\t<meta property=\"og:image:type\" content=\"image\/jpeg\" \/>\n<meta name=\"author\" content=\"PP\" \/>\n<meta name=\"twitter:card\" content=\"summary_large_image\" \/>\n<meta name=\"twitter:label1\" content=\"Escrito por\" \/>\n\t<meta name=\"twitter:data1\" content=\"PP\" \/>\n\t<meta name=\"twitter:label2\" content=\"Tiempo de lectura\" \/>\n\t<meta name=\"twitter:data2\" content=\"3 minutos\" \/>\n<script type=\"application\/ld+json\" class=\"yoast-schema-graph\">{\"@context\":\"https:\\\/\\\/schema.org\",\"@graph\":[{\"@type\":\"Article\",\"@id\":\"https:\\\/\\\/www.ppdelugo.com\\\/es\\\/o-pp-pedira-ao-pleno-que-lugo-reforce-a-accesibilidade-e-mellore-a-rede-de-prazas-de-aparcamento-para-persoas-con-mobilidade-reducida\\\/#article\",\"isPartOf\":{\"@id\":\"https:\\\/\\\/www.ppdelugo.com\\\/es\\\/o-pp-pedira-ao-pleno-que-lugo-reforce-a-accesibilidade-e-mellore-a-rede-de-prazas-de-aparcamento-para-persoas-con-mobilidade-reducida\\\/\"},\"author\":{\"name\":\"PP\",\"@id\":\"https:\\\/\\\/www.ppdelugo.com\\\/es\\\/#\\\/schema\\\/person\\\/a847ea797b54208d374f6a8953571050\"},\"headline\":\"El PP pedir\u00e1 al pleno que Lugo refuerce la accesibilidad y mejore la red de plazas de aparcamiento para personas con movilidad reducida\",\"datePublished\":\"2022-10-21T11:57:54+00:00\",\"dateModified\":\"2022-10-21T12:00:01+00:00\",\"mainEntityOfPage\":{\"@id\":\"https:\\\/\\\/www.ppdelugo.com\\\/es\\\/o-pp-pedira-ao-pleno-que-lugo-reforce-a-accesibilidade-e-mellore-a-rede-de-prazas-de-aparcamento-para-persoas-con-mobilidade-reducida\\\/\"},\"wordCount\":617,\"commentCount\":0,\"image\":{\"@id\":\"https:\\\/\\\/www.ppdelugo.com\\\/es\\\/o-pp-pedira-ao-pleno-que-lugo-reforce-a-accesibilidade-e-mellore-a-rede-de-prazas-de-aparcamento-para-persoas-con-mobilidade-reducida\\\/#primaryimage\"},\"thumbnailUrl\":\"https:\\\/\\\/www.ppdelugo.com\\\/wp-content\\\/uploads\\\/2022\\\/10\\\/2019102210275838468-1.jpg\",\"articleSection\":[\"Accesibilidad\"],\"inLanguage\":\"es\",\"potentialAction\":[{\"@type\":\"CommentAction\",\"name\":\"Comment\",\"target\":[\"https:\\\/\\\/www.ppdelugo.com\\\/es\\\/o-pp-pedira-ao-pleno-que-lugo-reforce-a-accesibilidade-e-mellore-a-rede-de-prazas-de-aparcamento-para-persoas-con-mobilidade-reducida\\\/#respond\"]}]},{\"@type\":\"WebPage\",\"@id\":\"https:\\\/\\\/www.ppdelugo.com\\\/es\\\/o-pp-pedira-ao-pleno-que-lugo-reforce-a-accesibilidade-e-mellore-a-rede-de-prazas-de-aparcamento-para-persoas-con-mobilidade-reducida\\\/\",\"url\":\"https:\\\/\\\/www.ppdelugo.com\\\/es\\\/o-pp-pedira-ao-pleno-que-lugo-reforce-a-accesibilidade-e-mellore-a-rede-de-prazas-de-aparcamento-para-persoas-con-mobilidade-reducida\\\/\",\"name\":\"El PP pedir\u00e1 al pleno que Lugo refuerce la accesibilidad y mejore la red de plazas de aparcamiento para personas con movilidad reducida - Grupo Municipal Partido Popular de Lugo\",\"isPartOf\":{\"@id\":\"https:\\\/\\\/www.ppdelugo.com\\\/es\\\/#website\"},\"primaryImageOfPage\":{\"@id\":\"https:\\\/\\\/www.ppdelugo.com\\\/es\\\/o-pp-pedira-ao-pleno-que-lugo-reforce-a-accesibilidade-e-mellore-a-rede-de-prazas-de-aparcamento-para-persoas-con-mobilidade-reducida\\\/#primaryimage\"},\"image\":{\"@id\":\"https:\\\/\\\/www.ppdelugo.com\\\/es\\\/o-pp-pedira-ao-pleno-que-lugo-reforce-a-accesibilidade-e-mellore-a-rede-de-prazas-de-aparcamento-para-persoas-con-mobilidade-reducida\\\/#primaryimage\"},\"thumbnailUrl\":\"https:\\\/\\\/www.ppdelugo.com\\\/wp-content\\\/uploads\\\/2022\\\/10\\\/2019102210275838468-1.jpg\",\"datePublished\":\"2022-10-21T11:57:54+00:00\",\"dateModified\":\"2022-10-21T12:00:01+00:00\",\"author\":{\"@id\":\"https:\\\/\\\/www.ppdelugo.com\\\/es\\\/#\\\/schema\\\/person\\\/a847ea797b54208d374f6a8953571050\"},\"breadcrumb\":{\"@id\":\"https:\\\/\\\/www.ppdelugo.com\\\/es\\\/o-pp-pedira-ao-pleno-que-lugo-reforce-a-accesibilidade-e-mellore-a-rede-de-prazas-de-aparcamento-para-persoas-con-mobilidade-reducida\\\/#breadcrumb\"},\"inLanguage\":\"es\",\"potentialAction\":[{\"@type\":\"ReadAction\",\"target\":[\"https:\\\/\\\/www.ppdelugo.com\\\/es\\\/o-pp-pedira-ao-pleno-que-lugo-reforce-a-accesibilidade-e-mellore-a-rede-de-prazas-de-aparcamento-para-persoas-con-mobilidade-reducida\\\/\"]}]},{\"@type\":\"ImageObject\",\"inLanguage\":\"es\",\"@id\":\"https:\\\/\\\/www.ppdelugo.com\\\/es\\\/o-pp-pedira-ao-pleno-que-lugo-reforce-a-accesibilidade-e-mellore-a-rede-de-prazas-de-aparcamento-para-persoas-con-mobilidade-reducida\\\/#primaryimage\",\"url\":\"https:\\\/\\\/www.ppdelugo.com\\\/wp-content\\\/uploads\\\/2022\\\/10\\\/2019102210275838468-1.jpg\",\"contentUrl\":\"https:\\\/\\\/www.ppdelugo.com\\\/wp-content\\\/uploads\\\/2022\\\/10\\\/2019102210275838468-1.jpg\",\"width\":416,\"height\":358},{\"@type\":\"BreadcrumbList\",\"@id\":\"https:\\\/\\\/www.ppdelugo.com\\\/es\\\/o-pp-pedira-ao-pleno-que-lugo-reforce-a-accesibilidade-e-mellore-a-rede-de-prazas-de-aparcamento-para-persoas-con-mobilidade-reducida\\\/#breadcrumb\",\"itemListElement\":[{\"@type\":\"ListItem\",\"position\":1,\"name\":\"Portada\",\"item\":\"https:\\\/\\\/www.ppdelugo.com\\\/es\\\/\"},{\"@type\":\"ListItem\",\"position\":2,\"name\":\"El PP pedir\u00e1 al pleno que Lugo refuerce la accesibilidad y mejore la red de plazas de aparcamiento para personas con movilidad reducida\"}]},{\"@type\":\"WebSite\",\"@id\":\"https:\\\/\\\/www.ppdelugo.com\\\/es\\\/#website\",\"url\":\"https:\\\/\\\/www.ppdelugo.com\\\/es\\\/\",\"name\":\"Grupo Municipal Partido Popular de Lugo\",\"description\":\"Web del Grupo Municipal del Partido Popular en el Ayuntamiento de Lugo, con informaci\u00f3n sobre Lugo y fomento de la participaci\u00f3n ciudadana\",\"potentialAction\":[{\"@type\":\"SearchAction\",\"target\":{\"@type\":\"EntryPoint\",\"urlTemplate\":\"https:\\\/\\\/www.ppdelugo.com\\\/es\\\/?s={search_term_string}\"},\"query-input\":{\"@type\":\"PropertyValueSpecification\",\"valueRequired\":true,\"valueName\":\"search_term_string\"}}],\"inLanguage\":\"es\"},{\"@type\":\"Person\",\"@id\":\"https:\\\/\\\/www.ppdelugo.com\\\/es\\\/#\\\/schema\\\/person\\\/a847ea797b54208d374f6a8953571050\",\"name\":\"PP\",\"url\":\"https:\\\/\\\/www.ppdelugo.com\\\/es\\\/author\\\/ppdelugo\\\/\"}]}<\/script>\n<!-- \/ Yoast SEO plugin. -->","yoast_head_json":{"title":"El PP pedir\u00e1 al pleno que Lugo refuerce la accesibilidad y mejore la red de plazas de aparcamiento para personas con movilidad reducida - Grupo Municipal Partido Popular de Lugo","robots":{"index":"index","follow":"follow","max-snippet":"max-snippet:-1","max-image-preview":"max-image-preview:large","max-video-preview":"max-video-preview:-1"},"canonical":"https:\/\/www.ppdelugo.com\/es\/o-pp-pedira-ao-pleno-que-lugo-reforce-a-accesibilidade-e-mellore-a-rede-de-prazas-de-aparcamento-para-persoas-con-mobilidade-reducida\/","og_locale":"es_ES","og_type":"article","og_title":"El PP pedir\u00e1 al pleno que Lugo refuerce la accesibilidad y mejore la red de plazas de aparcamiento para personas con movilidad reducida - Grupo Municipal Partido Popular de Lugo","og_description":"Macamen L\u00f3pez se\u00f1ala que es preciso elaborar un plan de accesibilidad de Lugo, tomando en consideraci\u00f3n las plazas de aparcamiento para personas con movilidad reducida, incrementando el n\u00famero de las...","og_url":"https:\/\/www.ppdelugo.com\/es\/o-pp-pedira-ao-pleno-que-lugo-reforce-a-accesibilidade-e-mellore-a-rede-de-prazas-de-aparcamento-para-persoas-con-mobilidade-reducida\/","og_site_name":"Grupo Municipal Partido Popular de Lugo","article_published_time":"2022-10-21T11:57:54+00:00","article_modified_time":"2022-10-21T12:00:01+00:00","og_image":[{"width":416,"height":358,"url":"https:\/\/www.ppdelugo.com\/wp-content\/uploads\/2022\/10\/2019102210275838468-1.jpg","type":"image\/jpeg"}],"author":"PP","twitter_card":"summary_large_image","twitter_misc":{"Escrito por":"PP","Tiempo de lectura":"3 minutos"},"schema":{"@context":"https:\/\/schema.org","@graph":[{"@type":"Article","@id":"https:\/\/www.ppdelugo.com\/es\/o-pp-pedira-ao-pleno-que-lugo-reforce-a-accesibilidade-e-mellore-a-rede-de-prazas-de-aparcamento-para-persoas-con-mobilidade-reducida\/#article","isPartOf":{"@id":"https:\/\/www.ppdelugo.com\/es\/o-pp-pedira-ao-pleno-que-lugo-reforce-a-accesibilidade-e-mellore-a-rede-de-prazas-de-aparcamento-para-persoas-con-mobilidade-reducida\/"},"author":{"name":"PP","@id":"https:\/\/www.ppdelugo.com\/es\/#\/schema\/person\/a847ea797b54208d374f6a8953571050"},"headline":"El PP pedir\u00e1 al pleno que Lugo refuerce la accesibilidad y mejore la red de plazas de aparcamiento para personas con movilidad reducida","datePublished":"2022-10-21T11:57:54+00:00","dateModified":"2022-10-21T12:00:01+00:00","mainEntityOfPage":{"@id":"https:\/\/www.ppdelugo.com\/es\/o-pp-pedira-ao-pleno-que-lugo-reforce-a-accesibilidade-e-mellore-a-rede-de-prazas-de-aparcamento-para-persoas-con-mobilidade-reducida\/"},"wordCount":617,"commentCount":0,"image":{"@id":"https:\/\/www.ppdelugo.com\/es\/o-pp-pedira-ao-pleno-que-lugo-reforce-a-accesibilidade-e-mellore-a-rede-de-prazas-de-aparcamento-para-persoas-con-mobilidade-reducida\/#primaryimage"},"thumbnailUrl":"https:\/\/www.ppdelugo.com\/wp-content\/uploads\/2022\/10\/2019102210275838468-1.jpg","articleSection":["Accesibilidad"],"inLanguage":"es","potentialAction":[{"@type":"CommentAction","name":"Comment","target":["https:\/\/www.ppdelugo.com\/es\/o-pp-pedira-ao-pleno-que-lugo-reforce-a-accesibilidade-e-mellore-a-rede-de-prazas-de-aparcamento-para-persoas-con-mobilidade-reducida\/#respond"]}]},{"@type":"WebPage","@id":"https:\/\/www.ppdelugo.com\/es\/o-pp-pedira-ao-pleno-que-lugo-reforce-a-accesibilidade-e-mellore-a-rede-de-prazas-de-aparcamento-para-persoas-con-mobilidade-reducida\/","url":"https:\/\/www.ppdelugo.com\/es\/o-pp-pedira-ao-pleno-que-lugo-reforce-a-accesibilidade-e-mellore-a-rede-de-prazas-de-aparcamento-para-persoas-con-mobilidade-reducida\/","name":"El PP pedir\u00e1 al pleno que Lugo refuerce la accesibilidad y mejore la red de plazas de aparcamiento para personas con movilidad reducida - Grupo Municipal Partido Popular de Lugo","isPartOf":{"@id":"https:\/\/www.ppdelugo.com\/es\/#website"},"primaryImageOfPage":{"@id":"https:\/\/www.ppdelugo.com\/es\/o-pp-pedira-ao-pleno-que-lugo-reforce-a-accesibilidade-e-mellore-a-rede-de-prazas-de-aparcamento-para-persoas-con-mobilidade-reducida\/#primaryimage"},"image":{"@id":"https:\/\/www.ppdelugo.com\/es\/o-pp-pedira-ao-pleno-que-lugo-reforce-a-accesibilidade-e-mellore-a-rede-de-prazas-de-aparcamento-para-persoas-con-mobilidade-reducida\/#primaryimage"},"thumbnailUrl":"https:\/\/www.ppdelugo.com\/wp-content\/uploads\/2022\/10\/2019102210275838468-1.jpg","datePublished":"2022-10-21T11:57:54+00:00","dateModified":"2022-10-21T12:00:01+00:00","author":{"@id":"https:\/\/www.ppdelugo.com\/es\/#\/schema\/person\/a847ea797b54208d374f6a8953571050"},"breadcrumb":{"@id":"https:\/\/www.ppdelugo.com\/es\/o-pp-pedira-ao-pleno-que-lugo-reforce-a-accesibilidade-e-mellore-a-rede-de-prazas-de-aparcamento-para-persoas-con-mobilidade-reducida\/#breadcrumb"},"inLanguage":"es","potentialAction":[{"@type":"ReadAction","target":["https:\/\/www.ppdelugo.com\/es\/o-pp-pedira-ao-pleno-que-lugo-reforce-a-accesibilidade-e-mellore-a-rede-de-prazas-de-aparcamento-para-persoas-con-mobilidade-reducida\/"]}]},{"@type":"ImageObject","inLanguage":"es","@id":"https:\/\/www.ppdelugo.com\/es\/o-pp-pedira-ao-pleno-que-lugo-reforce-a-accesibilidade-e-mellore-a-rede-de-prazas-de-aparcamento-para-persoas-con-mobilidade-reducida\/#primaryimage","url":"https:\/\/www.ppdelugo.com\/wp-content\/uploads\/2022\/10\/2019102210275838468-1.jpg","contentUrl":"https:\/\/www.ppdelugo.com\/wp-content\/uploads\/2022\/10\/2019102210275838468-1.jpg","width":416,"height":358},{"@type":"BreadcrumbList","@id":"https:\/\/www.ppdelugo.com\/es\/o-pp-pedira-ao-pleno-que-lugo-reforce-a-accesibilidade-e-mellore-a-rede-de-prazas-de-aparcamento-para-persoas-con-mobilidade-reducida\/#breadcrumb","itemListElement":[{"@type":"ListItem","position":1,"name":"Portada","item":"https:\/\/www.ppdelugo.com\/es\/"},{"@type":"ListItem","position":2,"name":"El PP pedir\u00e1 al pleno que Lugo refuerce la accesibilidad y mejore la red de plazas de aparcamiento para personas con movilidad reducida"}]},{"@type":"WebSite","@id":"https:\/\/www.ppdelugo.com\/es\/#website","url":"https:\/\/www.ppdelugo.com\/es\/","name":"Grupo Municipal Partido Popular de Lugo","description":"Web del Grupo Municipal del Partido Popular en el Ayuntamiento de Lugo, con informaci\u00f3n sobre Lugo y fomento de la participaci\u00f3n ciudadana","potentialAction":[{"@type":"SearchAction","target":{"@type":"EntryPoint","urlTemplate":"https:\/\/www.ppdelugo.com\/es\/?s={search_term_string}"},"query-input":{"@type":"PropertyValueSpecification","valueRequired":true,"valueName":"search_term_string"}}],"inLanguage":"es"},{"@type":"Person","@id":"https:\/\/www.ppdelugo.com\/es\/#\/schema\/person\/a847ea797b54208d374f6a8953571050","name":"PP","url":"https:\/\/www.ppdelugo.com\/es\/author\/ppdelugo\/"}]}},"_links":{"self":[{"href":"https:\/\/www.ppdelugo.com\/es\/wp-json\/wp\/v2\/posts\/19153","targetHints":{"allow":["GET"]}}],"collection":[{"href":"https:\/\/www.ppdelugo.com\/es\/wp-json\/wp\/v2\/posts"}],"about":[{"href":"https:\/\/www.ppdelugo.com\/es\/wp-json\/wp\/v2\/types\/post"}],"author":[{"embeddable":true,"href":"https:\/\/www.ppdelugo.com\/es\/wp-json\/wp\/v2\/users\/2"}],"replies":[{"embeddable":true,"href":"https:\/\/www.ppdelugo.com\/es\/wp-json\/wp\/v2\/comments?post=19153"}],"version-history":[{"count":3,"href":"https:\/\/www.ppdelugo.com\/es\/wp-json\/wp\/v2\/posts\/19153\/revisions"}],"predecessor-version":[{"id":19156,"href":"https:\/\/www.ppdelugo.com\/es\/wp-json\/wp\/v2\/posts\/19153\/revisions\/19156"}],"wp:featuredmedia":[{"embeddable":true,"href":"https:\/\/www.ppdelugo.com\/es\/wp-json\/wp\/v2\/media\/19151"}],"wp:attachment":[{"href":"https:\/\/www.ppdelugo.com\/es\/wp-json\/wp\/v2\/media?parent=19153"}],"wp:term":[{"taxonomy":"category","embeddable":true,"href":"https:\/\/www.ppdelugo.com\/es\/wp-json\/wp\/v2\/categories?post=19153"},{"taxonomy":"post_tag","embeddable":true,"href":"https:\/\/www.ppdelugo.com\/es\/wp-json\/wp\/v2\/tags?post=19153"}],"curies":[{"name":"wp","href":"https:\/\/api.w.org\/{rel}","templated":true}]}}