{"id":18693,"date":"2022-08-08T10:41:09","date_gmt":"2022-08-08T10:41:09","guid":{"rendered":"https:\/\/www.ppdelugo.com\/o-pp-pregunta-a-lara-mendez-cando-vai-comezar-a-reforma-do-antigo-matadoiro-para-adaptalo-como-nova-sede-da-protectora-de-lugo\/"},"modified":"2022-08-08T10:42:06","modified_gmt":"2022-08-08T10:42:06","slug":"o-pp-pregunta-a-lara-mendez-cando-vai-comezar-a-reforma-do-antigo-matadoiro-para-adaptalo-como-nova-sede-da-protectora-de-lugo","status":"publish","type":"post","link":"https:\/\/www.ppdelugo.com\/es\/o-pp-pregunta-a-lara-mendez-cando-vai-comezar-a-reforma-do-antigo-matadoiro-para-adaptalo-como-nova-sede-da-protectora-de-lugo\/","title":{"rendered":"El PP pregunta a Lara M\u00e9ndez cu\u00e1ndo va a comenzar la reforma del antiguo matadero para adaptarlo como nueva sede de la protectora de Lugo"},"content":{"rendered":"<p>Mar Carballas denuncia que desde que hace dos a\u00f1os Lara M\u00e9ndez anunci\u00f3 el traslado de la protectora al antiguo matadero, una propuesta del Partido Popular, no hizo nada por renovar estas instalaciones para poder dar a los animales unas condiciones de vida dignas<\/p>\n<p><!--more--><\/p>\n<p>Hace m\u00e1s de dos a\u00f1os que Lara M\u00e9ndez anunci\u00f3 el traslado de la protectora de animales de Lugo a una nueva sede: el antiguo matadero de Lugo, un anuncio que qued\u00f3 en papel mojado.<\/p>\n<p>Denuncia Mar Carballas que desde el anuncio realizado por Lara M\u00e9ndez nada m\u00e1s hicieron hasta este a\u00f1o en el que \u201cse decidieron a solicitar una subvenci\u00f3n para poder adecuar las instalaciones del antiguo matadero\u201d. Ante esta situaci\u00f3n la concejala popular pregunta a la alcaldesa \u201c\u00bfqu\u00e9 ha pasado estos dos a\u00f1os para que nada hayan hecho? o, \u00bfqu\u00e9 pasar\u00eda si no nos llegan a conceder la subvenci\u00f3n?\u201d.<\/p>\n<p>La protectora de animales de Lugo tiene un problema grave de instalaciones que necesita de una r\u00e1pida respuesta por parte del Concello de Lugo porque \u201cno se entiende la gran preocupaci\u00f3n de la que en su d\u00eda hizo gala Lara M\u00e9ndez dejando pasar dos a\u00f1os sin hacer nada\u201d. \u201cSi tanto le preocupan los animales de la protectora y la gente que all\u00ed trabaja o realiza voluntariado, \u00bfva a dejar pasar otros dos a\u00f1os por lo menos antes de hacer algo m\u00e1s?\u201d, critica.<\/p>\n<p>Mar Carballas se\u00f1ala que las instalaciones actuales de la protectora se est\u00e1n deteriorando y tanto los animales que all\u00ed est\u00e1n como la gente que los cuida \u201cest\u00e1n cansados de tantas y tantas promesas incumplidas\u201d porque no es que solo se deteriore la actual protectora, las futuras instalaciones de esta entidad tambi\u00e9n se deterioran m\u00e1s y m\u00e1s mientras Lara M\u00e9ndez mira a otro lado \u201cpor lo que tambi\u00e9n aumenta el coste de renovar el antiguo matadero\u201d.<\/p>\n<p>El antiguo matadero de Lugo cuenta con unas instalaciones que se adaptan muy bien a las necesidades de la protectora de Lugo. Cuenta con espacios muy amplios en los que poder tener a los animales en mejores condiciones que en la actualidad, pero hay que actuar ya porque la maleza y las inclemencias meteorol\u00f3gicas est\u00e1n deteriorando cada vez m\u00e1s la estructura del edificio y el exterior.<\/p>\n<p>Hace unas semanas, desde el Grupo Municipal Popular se presentaron preguntas en comisi\u00f3n para conocer los planes del gobierno local con respecto al antiguo matadero y a la protectora de animales, obteniendo \u00fanicamente como respuesta \u201cque no se pod\u00edan dar fechas ni importes de las obras ya que se desconoc\u00edan\u201d.<\/p>\n<p>Pese a las trabas puestas por el gobierno local a la hora de proporcionar informaci\u00f3n, desde el Grupo Municipal Popular se supo que la subvenci\u00f3n concedida para renovar las instalaciones del antiguo matadero asciende a 1.795.502\u20ac, \u201cuna cantidad lo suficientemente importante como para imaginarse el calado de los trabajos que se tendr\u00e1n que realizar\u201d.<\/p>\n<p>Por ello, los concejales populares tienden la mano al gobierno local para colaborar en todo lo que sea necesario, algo que llevan a\u00f1os haciendo los populares con la protectora lucense, \u201cpara que la nueva sede de esta asociaci\u00f3n sea una realidad lo m\u00e1s r\u00e1pido posible para as\u00ed mejorar las condiciones de vida de los animales\u201d.<\/p>\n","protected":false},"excerpt":{"rendered":"<p>Mar Carballas denuncia que desde que hace dos a\u00f1os Lara M\u00e9ndez anunci\u00f3 el traslado de la protectora al antiguo matadero, una propuesta del Partido Popular, no hizo nada por renovar&#8230;<\/p>\n","protected":false},"author":2,"featured_media":18691,"comment_status":"open","ping_status":"closed","sticky":false,"template":"","format":"standard","meta":{"footnotes":""},"categories":[32,33],"tags":[],"class_list":{"0":"post-18693","1":"post","2":"type-post","3":"status-publish","4":"format-standard","5":"has-post-thumbnail","7":"category-infraestructuras-es","8":"category-medioambiente"},"yoast_head":"<!-- This site is optimized with the Yoast SEO plugin v27.4 - https:\/\/yoast.com\/product\/yoast-seo-wordpress\/ -->\n<title>El PP pregunta a Lara M\u00e9ndez cu\u00e1ndo va a comenzar la reforma del antiguo matadero para adaptarlo como nueva sede de la protectora de Lugo - Grupo Municipal Partido Popular de Lugo<\/title>\n<meta name=\"robots\" content=\"index, follow, max-snippet:-1, max-image-preview:large, max-video-preview:-1\" \/>\n<link rel=\"canonical\" href=\"https:\/\/www.ppdelugo.com\/es\/o-pp-pregunta-a-lara-mendez-cando-vai-comezar-a-reforma-do-antigo-matadoiro-para-adaptalo-como-nova-sede-da-protectora-de-lugo\/\" \/>\n<meta property=\"og:locale\" content=\"es_ES\" \/>\n<meta property=\"og:type\" content=\"article\" \/>\n<meta property=\"og:title\" content=\"El PP pregunta a Lara M\u00e9ndez cu\u00e1ndo va a comenzar la reforma del antiguo matadero para adaptarlo como nueva sede de la protectora de Lugo - Grupo Municipal Partido Popular de Lugo\" \/>\n<meta property=\"og:description\" content=\"Mar Carballas denuncia que desde que hace dos a\u00f1os Lara M\u00e9ndez anunci\u00f3 el traslado de la protectora al antiguo matadero, una propuesta del Partido Popular, no hizo nada por renovar...\" \/>\n<meta property=\"og:url\" content=\"https:\/\/www.ppdelugo.com\/es\/o-pp-pregunta-a-lara-mendez-cando-vai-comezar-a-reforma-do-antigo-matadoiro-para-adaptalo-como-nova-sede-da-protectora-de-lugo\/\" \/>\n<meta property=\"og:site_name\" content=\"Grupo Municipal Partido Popular de Lugo\" \/>\n<meta property=\"article:published_time\" content=\"2022-08-08T10:41:09+00:00\" \/>\n<meta property=\"article:modified_time\" content=\"2022-08-08T10:42:06+00:00\" \/>\n<meta property=\"og:image\" content=\"https:\/\/www.ppdelugo.com\/wp-content\/uploads\/2022\/08\/Antiguo-matadero-min-scaled.jpg\" \/>\n\t<meta property=\"og:image:width\" content=\"2560\" \/>\n\t<meta property=\"og:image:height\" content=\"1920\" \/>\n\t<meta property=\"og:image:type\" content=\"image\/jpeg\" \/>\n<meta name=\"author\" content=\"PP\" \/>\n<meta name=\"twitter:card\" content=\"summary_large_image\" \/>\n<meta name=\"twitter:label1\" content=\"Escrito por\" \/>\n\t<meta name=\"twitter:data1\" content=\"PP\" \/>\n\t<meta name=\"twitter:label2\" content=\"Tiempo de lectura\" \/>\n\t<meta name=\"twitter:data2\" content=\"3 minutos\" \/>\n<script type=\"application\/ld+json\" class=\"yoast-schema-graph\">{\"@context\":\"https:\\\/\\\/schema.org\",\"@graph\":[{\"@type\":\"Article\",\"@id\":\"https:\\\/\\\/www.ppdelugo.com\\\/es\\\/o-pp-pregunta-a-lara-mendez-cando-vai-comezar-a-reforma-do-antigo-matadoiro-para-adaptalo-como-nova-sede-da-protectora-de-lugo\\\/#article\",\"isPartOf\":{\"@id\":\"https:\\\/\\\/www.ppdelugo.com\\\/es\\\/o-pp-pregunta-a-lara-mendez-cando-vai-comezar-a-reforma-do-antigo-matadoiro-para-adaptalo-como-nova-sede-da-protectora-de-lugo\\\/\"},\"author\":{\"name\":\"PP\",\"@id\":\"https:\\\/\\\/www.ppdelugo.com\\\/es\\\/#\\\/schema\\\/person\\\/a847ea797b54208d374f6a8953571050\"},\"headline\":\"El PP pregunta a Lara M\u00e9ndez cu\u00e1ndo va a comenzar la reforma del antiguo matadero para adaptarlo como nueva sede de la protectora de Lugo\",\"datePublished\":\"2022-08-08T10:41:09+00:00\",\"dateModified\":\"2022-08-08T10:42:06+00:00\",\"mainEntityOfPage\":{\"@id\":\"https:\\\/\\\/www.ppdelugo.com\\\/es\\\/o-pp-pregunta-a-lara-mendez-cando-vai-comezar-a-reforma-do-antigo-matadoiro-para-adaptalo-como-nova-sede-da-protectora-de-lugo\\\/\"},\"wordCount\":593,\"commentCount\":0,\"image\":{\"@id\":\"https:\\\/\\\/www.ppdelugo.com\\\/es\\\/o-pp-pregunta-a-lara-mendez-cando-vai-comezar-a-reforma-do-antigo-matadoiro-para-adaptalo-como-nova-sede-da-protectora-de-lugo\\\/#primaryimage\"},\"thumbnailUrl\":\"https:\\\/\\\/www.ppdelugo.com\\\/wp-content\\\/uploads\\\/2022\\\/08\\\/Antiguo-matadero-min-scaled.jpg\",\"articleSection\":[\"Infraestructuras\",\"Medio Ambiente\"],\"inLanguage\":\"es\",\"potentialAction\":[{\"@type\":\"CommentAction\",\"name\":\"Comment\",\"target\":[\"https:\\\/\\\/www.ppdelugo.com\\\/es\\\/o-pp-pregunta-a-lara-mendez-cando-vai-comezar-a-reforma-do-antigo-matadoiro-para-adaptalo-como-nova-sede-da-protectora-de-lugo\\\/#respond\"]}]},{\"@type\":\"WebPage\",\"@id\":\"https:\\\/\\\/www.ppdelugo.com\\\/es\\\/o-pp-pregunta-a-lara-mendez-cando-vai-comezar-a-reforma-do-antigo-matadoiro-para-adaptalo-como-nova-sede-da-protectora-de-lugo\\\/\",\"url\":\"https:\\\/\\\/www.ppdelugo.com\\\/es\\\/o-pp-pregunta-a-lara-mendez-cando-vai-comezar-a-reforma-do-antigo-matadoiro-para-adaptalo-como-nova-sede-da-protectora-de-lugo\\\/\",\"name\":\"El PP pregunta a Lara M\u00e9ndez cu\u00e1ndo va a comenzar la reforma del antiguo matadero para adaptarlo como nueva sede de la protectora de Lugo - Grupo Municipal Partido Popular de Lugo\",\"isPartOf\":{\"@id\":\"https:\\\/\\\/www.ppdelugo.com\\\/es\\\/#website\"},\"primaryImageOfPage\":{\"@id\":\"https:\\\/\\\/www.ppdelugo.com\\\/es\\\/o-pp-pregunta-a-lara-mendez-cando-vai-comezar-a-reforma-do-antigo-matadoiro-para-adaptalo-como-nova-sede-da-protectora-de-lugo\\\/#primaryimage\"},\"image\":{\"@id\":\"https:\\\/\\\/www.ppdelugo.com\\\/es\\\/o-pp-pregunta-a-lara-mendez-cando-vai-comezar-a-reforma-do-antigo-matadoiro-para-adaptalo-como-nova-sede-da-protectora-de-lugo\\\/#primaryimage\"},\"thumbnailUrl\":\"https:\\\/\\\/www.ppdelugo.com\\\/wp-content\\\/uploads\\\/2022\\\/08\\\/Antiguo-matadero-min-scaled.jpg\",\"datePublished\":\"2022-08-08T10:41:09+00:00\",\"dateModified\":\"2022-08-08T10:42:06+00:00\",\"author\":{\"@id\":\"https:\\\/\\\/www.ppdelugo.com\\\/es\\\/#\\\/schema\\\/person\\\/a847ea797b54208d374f6a8953571050\"},\"breadcrumb\":{\"@id\":\"https:\\\/\\\/www.ppdelugo.com\\\/es\\\/o-pp-pregunta-a-lara-mendez-cando-vai-comezar-a-reforma-do-antigo-matadoiro-para-adaptalo-como-nova-sede-da-protectora-de-lugo\\\/#breadcrumb\"},\"inLanguage\":\"es\",\"potentialAction\":[{\"@type\":\"ReadAction\",\"target\":[\"https:\\\/\\\/www.ppdelugo.com\\\/es\\\/o-pp-pregunta-a-lara-mendez-cando-vai-comezar-a-reforma-do-antigo-matadoiro-para-adaptalo-como-nova-sede-da-protectora-de-lugo\\\/\"]}]},{\"@type\":\"ImageObject\",\"inLanguage\":\"es\",\"@id\":\"https:\\\/\\\/www.ppdelugo.com\\\/es\\\/o-pp-pregunta-a-lara-mendez-cando-vai-comezar-a-reforma-do-antigo-matadoiro-para-adaptalo-como-nova-sede-da-protectora-de-lugo\\\/#primaryimage\",\"url\":\"https:\\\/\\\/www.ppdelugo.com\\\/wp-content\\\/uploads\\\/2022\\\/08\\\/Antiguo-matadero-min-scaled.jpg\",\"contentUrl\":\"https:\\\/\\\/www.ppdelugo.com\\\/wp-content\\\/uploads\\\/2022\\\/08\\\/Antiguo-matadero-min-scaled.jpg\",\"width\":2560,\"height\":1920},{\"@type\":\"BreadcrumbList\",\"@id\":\"https:\\\/\\\/www.ppdelugo.com\\\/es\\\/o-pp-pregunta-a-lara-mendez-cando-vai-comezar-a-reforma-do-antigo-matadoiro-para-adaptalo-como-nova-sede-da-protectora-de-lugo\\\/#breadcrumb\",\"itemListElement\":[{\"@type\":\"ListItem\",\"position\":1,\"name\":\"Portada\",\"item\":\"https:\\\/\\\/www.ppdelugo.com\\\/es\\\/\"},{\"@type\":\"ListItem\",\"position\":2,\"name\":\"El PP pregunta a Lara M\u00e9ndez cu\u00e1ndo va a comenzar la reforma del antiguo matadero para adaptarlo como nueva sede de la protectora de Lugo\"}]},{\"@type\":\"WebSite\",\"@id\":\"https:\\\/\\\/www.ppdelugo.com\\\/es\\\/#website\",\"url\":\"https:\\\/\\\/www.ppdelugo.com\\\/es\\\/\",\"name\":\"Grupo Municipal Partido Popular de Lugo\",\"description\":\"Web del Grupo Municipal del Partido Popular en el Ayuntamiento de Lugo, con informaci\u00f3n sobre Lugo y fomento de la participaci\u00f3n ciudadana\",\"potentialAction\":[{\"@type\":\"SearchAction\",\"target\":{\"@type\":\"EntryPoint\",\"urlTemplate\":\"https:\\\/\\\/www.ppdelugo.com\\\/es\\\/?s={search_term_string}\"},\"query-input\":{\"@type\":\"PropertyValueSpecification\",\"valueRequired\":true,\"valueName\":\"search_term_string\"}}],\"inLanguage\":\"es\"},{\"@type\":\"Person\",\"@id\":\"https:\\\/\\\/www.ppdelugo.com\\\/es\\\/#\\\/schema\\\/person\\\/a847ea797b54208d374f6a8953571050\",\"name\":\"PP\",\"url\":\"https:\\\/\\\/www.ppdelugo.com\\\/es\\\/author\\\/ppdelugo\\\/\"}]}<\/script>\n<!-- \/ Yoast SEO plugin. -->","yoast_head_json":{"title":"El PP pregunta a Lara M\u00e9ndez cu\u00e1ndo va a comenzar la reforma del antiguo matadero para adaptarlo como nueva sede de la protectora de Lugo - Grupo Municipal Partido Popular de Lugo","robots":{"index":"index","follow":"follow","max-snippet":"max-snippet:-1","max-image-preview":"max-image-preview:large","max-video-preview":"max-video-preview:-1"},"canonical":"https:\/\/www.ppdelugo.com\/es\/o-pp-pregunta-a-lara-mendez-cando-vai-comezar-a-reforma-do-antigo-matadoiro-para-adaptalo-como-nova-sede-da-protectora-de-lugo\/","og_locale":"es_ES","og_type":"article","og_title":"El PP pregunta a Lara M\u00e9ndez cu\u00e1ndo va a comenzar la reforma del antiguo matadero para adaptarlo como nueva sede de la protectora de Lugo - Grupo Municipal Partido Popular de Lugo","og_description":"Mar Carballas denuncia que desde que hace dos a\u00f1os Lara M\u00e9ndez anunci\u00f3 el traslado de la protectora al antiguo matadero, una propuesta del Partido Popular, no hizo nada por renovar...","og_url":"https:\/\/www.ppdelugo.com\/es\/o-pp-pregunta-a-lara-mendez-cando-vai-comezar-a-reforma-do-antigo-matadoiro-para-adaptalo-como-nova-sede-da-protectora-de-lugo\/","og_site_name":"Grupo Municipal Partido Popular de Lugo","article_published_time":"2022-08-08T10:41:09+00:00","article_modified_time":"2022-08-08T10:42:06+00:00","og_image":[{"width":2560,"height":1920,"url":"https:\/\/www.ppdelugo.com\/wp-content\/uploads\/2022\/08\/Antiguo-matadero-min-scaled.jpg","type":"image\/jpeg"}],"author":"PP","twitter_card":"summary_large_image","twitter_misc":{"Escrito por":"PP","Tiempo de lectura":"3 minutos"},"schema":{"@context":"https:\/\/schema.org","@graph":[{"@type":"Article","@id":"https:\/\/www.ppdelugo.com\/es\/o-pp-pregunta-a-lara-mendez-cando-vai-comezar-a-reforma-do-antigo-matadoiro-para-adaptalo-como-nova-sede-da-protectora-de-lugo\/#article","isPartOf":{"@id":"https:\/\/www.ppdelugo.com\/es\/o-pp-pregunta-a-lara-mendez-cando-vai-comezar-a-reforma-do-antigo-matadoiro-para-adaptalo-como-nova-sede-da-protectora-de-lugo\/"},"author":{"name":"PP","@id":"https:\/\/www.ppdelugo.com\/es\/#\/schema\/person\/a847ea797b54208d374f6a8953571050"},"headline":"El PP pregunta a Lara M\u00e9ndez cu\u00e1ndo va a comenzar la reforma del antiguo matadero para adaptarlo como nueva sede de la protectora de Lugo","datePublished":"2022-08-08T10:41:09+00:00","dateModified":"2022-08-08T10:42:06+00:00","mainEntityOfPage":{"@id":"https:\/\/www.ppdelugo.com\/es\/o-pp-pregunta-a-lara-mendez-cando-vai-comezar-a-reforma-do-antigo-matadoiro-para-adaptalo-como-nova-sede-da-protectora-de-lugo\/"},"wordCount":593,"commentCount":0,"image":{"@id":"https:\/\/www.ppdelugo.com\/es\/o-pp-pregunta-a-lara-mendez-cando-vai-comezar-a-reforma-do-antigo-matadoiro-para-adaptalo-como-nova-sede-da-protectora-de-lugo\/#primaryimage"},"thumbnailUrl":"https:\/\/www.ppdelugo.com\/wp-content\/uploads\/2022\/08\/Antiguo-matadero-min-scaled.jpg","articleSection":["Infraestructuras","Medio Ambiente"],"inLanguage":"es","potentialAction":[{"@type":"CommentAction","name":"Comment","target":["https:\/\/www.ppdelugo.com\/es\/o-pp-pregunta-a-lara-mendez-cando-vai-comezar-a-reforma-do-antigo-matadoiro-para-adaptalo-como-nova-sede-da-protectora-de-lugo\/#respond"]}]},{"@type":"WebPage","@id":"https:\/\/www.ppdelugo.com\/es\/o-pp-pregunta-a-lara-mendez-cando-vai-comezar-a-reforma-do-antigo-matadoiro-para-adaptalo-como-nova-sede-da-protectora-de-lugo\/","url":"https:\/\/www.ppdelugo.com\/es\/o-pp-pregunta-a-lara-mendez-cando-vai-comezar-a-reforma-do-antigo-matadoiro-para-adaptalo-como-nova-sede-da-protectora-de-lugo\/","name":"El PP pregunta a Lara M\u00e9ndez cu\u00e1ndo va a comenzar la reforma del antiguo matadero para adaptarlo como nueva sede de la protectora de Lugo - Grupo Municipal Partido Popular de Lugo","isPartOf":{"@id":"https:\/\/www.ppdelugo.com\/es\/#website"},"primaryImageOfPage":{"@id":"https:\/\/www.ppdelugo.com\/es\/o-pp-pregunta-a-lara-mendez-cando-vai-comezar-a-reforma-do-antigo-matadoiro-para-adaptalo-como-nova-sede-da-protectora-de-lugo\/#primaryimage"},"image":{"@id":"https:\/\/www.ppdelugo.com\/es\/o-pp-pregunta-a-lara-mendez-cando-vai-comezar-a-reforma-do-antigo-matadoiro-para-adaptalo-como-nova-sede-da-protectora-de-lugo\/#primaryimage"},"thumbnailUrl":"https:\/\/www.ppdelugo.com\/wp-content\/uploads\/2022\/08\/Antiguo-matadero-min-scaled.jpg","datePublished":"2022-08-08T10:41:09+00:00","dateModified":"2022-08-08T10:42:06+00:00","author":{"@id":"https:\/\/www.ppdelugo.com\/es\/#\/schema\/person\/a847ea797b54208d374f6a8953571050"},"breadcrumb":{"@id":"https:\/\/www.ppdelugo.com\/es\/o-pp-pregunta-a-lara-mendez-cando-vai-comezar-a-reforma-do-antigo-matadoiro-para-adaptalo-como-nova-sede-da-protectora-de-lugo\/#breadcrumb"},"inLanguage":"es","potentialAction":[{"@type":"ReadAction","target":["https:\/\/www.ppdelugo.com\/es\/o-pp-pregunta-a-lara-mendez-cando-vai-comezar-a-reforma-do-antigo-matadoiro-para-adaptalo-como-nova-sede-da-protectora-de-lugo\/"]}]},{"@type":"ImageObject","inLanguage":"es","@id":"https:\/\/www.ppdelugo.com\/es\/o-pp-pregunta-a-lara-mendez-cando-vai-comezar-a-reforma-do-antigo-matadoiro-para-adaptalo-como-nova-sede-da-protectora-de-lugo\/#primaryimage","url":"https:\/\/www.ppdelugo.com\/wp-content\/uploads\/2022\/08\/Antiguo-matadero-min-scaled.jpg","contentUrl":"https:\/\/www.ppdelugo.com\/wp-content\/uploads\/2022\/08\/Antiguo-matadero-min-scaled.jpg","width":2560,"height":1920},{"@type":"BreadcrumbList","@id":"https:\/\/www.ppdelugo.com\/es\/o-pp-pregunta-a-lara-mendez-cando-vai-comezar-a-reforma-do-antigo-matadoiro-para-adaptalo-como-nova-sede-da-protectora-de-lugo\/#breadcrumb","itemListElement":[{"@type":"ListItem","position":1,"name":"Portada","item":"https:\/\/www.ppdelugo.com\/es\/"},{"@type":"ListItem","position":2,"name":"El PP pregunta a Lara M\u00e9ndez cu\u00e1ndo va a comenzar la reforma del antiguo matadero para adaptarlo como nueva sede de la protectora de Lugo"}]},{"@type":"WebSite","@id":"https:\/\/www.ppdelugo.com\/es\/#website","url":"https:\/\/www.ppdelugo.com\/es\/","name":"Grupo Municipal Partido Popular de Lugo","description":"Web del Grupo Municipal del Partido Popular en el Ayuntamiento de Lugo, con informaci\u00f3n sobre Lugo y fomento de la participaci\u00f3n ciudadana","potentialAction":[{"@type":"SearchAction","target":{"@type":"EntryPoint","urlTemplate":"https:\/\/www.ppdelugo.com\/es\/?s={search_term_string}"},"query-input":{"@type":"PropertyValueSpecification","valueRequired":true,"valueName":"search_term_string"}}],"inLanguage":"es"},{"@type":"Person","@id":"https:\/\/www.ppdelugo.com\/es\/#\/schema\/person\/a847ea797b54208d374f6a8953571050","name":"PP","url":"https:\/\/www.ppdelugo.com\/es\/author\/ppdelugo\/"}]}},"_links":{"self":[{"href":"https:\/\/www.ppdelugo.com\/es\/wp-json\/wp\/v2\/posts\/18693","targetHints":{"allow":["GET"]}}],"collection":[{"href":"https:\/\/www.ppdelugo.com\/es\/wp-json\/wp\/v2\/posts"}],"about":[{"href":"https:\/\/www.ppdelugo.com\/es\/wp-json\/wp\/v2\/types\/post"}],"author":[{"embeddable":true,"href":"https:\/\/www.ppdelugo.com\/es\/wp-json\/wp\/v2\/users\/2"}],"replies":[{"embeddable":true,"href":"https:\/\/www.ppdelugo.com\/es\/wp-json\/wp\/v2\/comments?post=18693"}],"version-history":[{"count":2,"href":"https:\/\/www.ppdelugo.com\/es\/wp-json\/wp\/v2\/posts\/18693\/revisions"}],"predecessor-version":[{"id":18695,"href":"https:\/\/www.ppdelugo.com\/es\/wp-json\/wp\/v2\/posts\/18693\/revisions\/18695"}],"wp:featuredmedia":[{"embeddable":true,"href":"https:\/\/www.ppdelugo.com\/es\/wp-json\/wp\/v2\/media\/18691"}],"wp:attachment":[{"href":"https:\/\/www.ppdelugo.com\/es\/wp-json\/wp\/v2\/media?parent=18693"}],"wp:term":[{"taxonomy":"category","embeddable":true,"href":"https:\/\/www.ppdelugo.com\/es\/wp-json\/wp\/v2\/categories?post=18693"},{"taxonomy":"post_tag","embeddable":true,"href":"https:\/\/www.ppdelugo.com\/es\/wp-json\/wp\/v2\/tags?post=18693"}],"curies":[{"name":"wp","href":"https:\/\/api.w.org\/{rel}","templated":true}]}}