{"id":1791,"date":"2016-02-04T11:35:56","date_gmt":"2016-02-04T11:35:56","guid":{"rendered":"http:\/\/www.ppdelugo.com\/es\/o-gmpp-chama-a-participacion-dos-lucenses-coa-sua-nova-web\/"},"modified":"2016-02-04T11:37:47","modified_gmt":"2016-02-04T11:37:47","slug":"o-gmpp-chama-a-participacion-dos-lucenses-coa-sua-nova-web","status":"publish","type":"post","link":"https:\/\/www.ppdelugo.com\/es\/o-gmpp-chama-a-participacion-dos-lucenses-coa-sua-nova-web\/","title":{"rendered":"El PP llama a la participaci\u00f3n de los lucenses con su nueva web"},"content":{"rendered":"[vc_row type=\u00bbin_container\u00bb scene_position=\u00bbcenter\u00bb text_color=\u00bbdark\u00bb text_align=\u00bbleft\u00bb top_padding=\u00bb-10&#8243;][vc_column column_padding=\u00bbno-extra-padding\u00bb column_padding_position=\u00bball\u00bb background_color_opacity=\u00bb1&#8243; background_hover_color_opacity=\u00bb1&#8243; width=\u00bb1\/1&#8243;][vc_column_text]\n<p>Jaime Casti\u00f1eira destaca el\u00a0\u201ctriple impulso\u201d a la participaci\u00f3n vecinal en <a href=\"http:\/\/www.ppdelugo.com\/\">www.ppdelugo.com<\/a> con nuevos formularios de contacto, la apertura a comentarios y la posibilidad de compartir los contenidos a trav\u00e9s de redes sociais<\/p>\n<p><!--more--><\/p>\n<p>O Grupo Municipal do Partido Popular reforza a posibilidade de participaci\u00f3n dos lugueses a trav\u00e9s da s\u00faa nova web <a href=\"http:\/\/www.ppdelugo.com\/\">www.ppdelugo.com<\/a> posta en funcionamento esta ma\u00f1\u00e1 a\u00ednda que incorpora todos os contidos elaborados dende o inicio deste mandato.<\/p>\n<p>Nesa li\u00f1a, o voceiro dos populares, Jaime Casti\u00f1eira, explicou que \u201ceste triplo impulso \u00e1 participaci\u00f3n\u201d canal\u00edzase a trav\u00e9s de varias ferramentas: a incorporaci\u00f3n de dous formularios de contacto, na secci\u00f3n <em>Participa <\/em>e na de <em>Respondemos<\/em>, nos que se permite incorporar fotograf\u00edas que ilustren denuncias, queixas ou propostas as\u00ed como diversos datos de contacto \u201cpara favorecer un di\u00e1logo flu\u00eddo\u201d. Paralelamente, tam\u00e9n se abren a comentarios as diferentes notas de prensa, \u201cpara que os veci\u00f1os poidan libremente expresar a s\u00faa opini\u00f3n con respecto \u00e1 nosa postura e \u00e1s nosas propostas\u201d, as\u00ed como a integraci\u00f3n de bot\u00f3ns cos que os usuarios poidan compartir nas redes sociais <em>Facebook <\/em>e <em>Twitter <\/em>os contidos da web. \u201cTal \u00e9 a nosa aposta pola participaci\u00f3n que o primeiro que atopa calquera veci\u00f1o que acceda \u00e1 web \u00e9 esa chamada \u00e1s s\u00faas ideas\u201d, sinalou o popular.<\/p>\n<p><strong>Novidades da web.-<\/strong><\/p>\n<p>O voceiro do Grupo Municipal do Partido Popular Jaime Casti\u00f1eira tam\u00e9n sinalou que a web incl\u00fae unha serie de novidades con respecto \u00e1 anterior versi\u00f3n deste portal dixital. Entre elas, aludiu \u00e1 incorporaci\u00f3n de contidos en audio e v\u00eddeo, como os cortes de voz que acompa\u00f1an a cada nota de prensa; \u00e1 posta en funcionamento de d\u00faas versi\u00f3ns nos dous idiomas oficiais do pa\u00eds; \u00e1 presentaci\u00f3n do equipo de concelleiros \u201cdun xeito m\u00e1is visual e cun curr\u00edculum vitae de cada un deles, as\u00ed como as \u00e1reas que ten encomendadas no grupo\u201d; \u00e1 nova secci\u00f3n de <em>Acci\u00f3n municipal <\/em>na que se integran todas as proposici\u00f3ns plenarias defendidas polos ed\u00eds populares \u201cpara facilitar tam\u00e9n o control cidad\u00e1n respecto da nosa estratexia\u201d; e o enlace ao proxecto para Lugo, no que se enlaza \u00e1 web de campa\u00f1a de maio de 2015.<\/p>\n<p>Casti\u00f1eira subli\u00f1ou que \u201cen definitiva, tr\u00e1tase dun espazo moito m\u00e1is aberto, intuitivo, visual e din\u00e1mico, onde o que verdadeiramente importa son o di\u00e1logo e as ideas dos lucenses, que son as que, sumadas ao noso esforzo e \u00e1 nosa capacidade institucional, poden facer avanzar a Lugo diante dun goberno herm\u00e9tico, pechado en si mesmo e sen ningunha idea de presente nin de futuro para o municipio\u201d.<\/p>\n<p>Por \u00faltimo, os populares continuar\u00e1n incrementando o seu contacto cos lucenses, acompa\u00f1ando esta nova ferramenta <em>online <\/em>cun novo calendario de presenza en r\u00faas e na zona rural. A t\u00edtulo de exemplo, varios ed\u00eds desta formaci\u00f3n pol\u00edtica visitar\u00e1n ma\u00f1\u00e1 venres d\u00eda 5 parroquias coma Santa Mar\u00eda de B\u00f3veda, Recimil ou Carballido, entre outras.<\/p>\n[\/vc_column_text][\/vc_column][\/vc_row][vc_row type=\u00bbin_container\u00bb scene_position=\u00bbcenter\u00bb text_color=\u00bbdark\u00bb text_align=\u00bbleft\u00bb][vc_column column_padding=\u00bbno-extra-padding\u00bb column_padding_position=\u00bball\u00bb background_color_opacity=\u00bb1&#8243; background_hover_color_opacity=\u00bb1&#8243; width=\u00bb1\/1&#8243;][vc_column_text]\n<audio class=\"wp-audio-shortcode\" id=\"audio-1791-1\" preload=\"none\" style=\"width: 100%;\" controls=\"controls\"><source type=\"audio\/mpeg\" src=\"http:\/\/www.ppdelugo.com\/wp-content\/uploads\/2016\/02\/CORTE-CASTI\u00d1EIRA-PRESENTACION-NOVA-WEB-4-2-16.mp3?_=1\" \/><a href=\"http:\/\/www.ppdelugo.com\/wp-content\/uploads\/2016\/02\/CORTE-CASTI\u00d1EIRA-PRESENTACION-NOVA-WEB-4-2-16.mp3\">http:\/\/www.ppdelugo.com\/wp-content\/uploads\/2016\/02\/CORTE-CASTI\u00d1EIRA-PRESENTACION-NOVA-WEB-4-2-16.mp3<\/a><\/audio>\n[\/vc_column_text][\/vc_column][\/vc_row]\n","protected":false},"excerpt":{"rendered":"<p>[vc_row type=\u00bbin_container\u00bb scene_position=\u00bbcenter\u00bb text_color=\u00bbdark\u00bb text_align=\u00bbleft\u00bb top_padding=\u00bb-10&#8243;][vc_column column_padding=\u00bbno-extra-padding\u00bb column_padding_position=\u00bball\u00bb background_color_opacity=\u00bb1&#8243; background_hover_color_opacity=\u00bb1&#8243; width=\u00bb1\/1&#8243;][vc_column_text] Jaime Casti\u00f1eira destaca el\u00a0\u201ctriple impulso\u201d a la participaci\u00f3n vecinal en www.ppdelugo.com con nuevos formularios de contacto, la apertura a&#8230;<\/p>\n","protected":false},"author":8,"featured_media":828,"comment_status":"open","ping_status":"closed","sticky":false,"template":"","format":"standard","meta":{"footnotes":""},"categories":[39],"tags":[],"class_list":{"0":"post-1791","1":"post","2":"type-post","3":"status-publish","4":"format-standard","5":"has-post-thumbnail","7":"category-transparencia-es"},"yoast_head":"<!-- This site is optimized with the Yoast SEO plugin v27.5 - https:\/\/yoast.com\/product\/yoast-seo-wordpress\/ -->\n<title>El PP llama a la participaci\u00f3n de los lucenses con su nueva web - Grupo Municipal Partido Popular de Lugo<\/title>\n<meta name=\"robots\" content=\"index, follow, max-snippet:-1, max-image-preview:large, max-video-preview:-1\" \/>\n<link rel=\"canonical\" href=\"https:\/\/www.ppdelugo.com\/es\/o-gmpp-chama-a-participacion-dos-lucenses-coa-sua-nova-web\/\" \/>\n<meta property=\"og:locale\" content=\"es_ES\" \/>\n<meta property=\"og:type\" content=\"article\" \/>\n<meta property=\"og:title\" content=\"El PP llama a la participaci\u00f3n de los lucenses con su nueva web - Grupo Municipal Partido Popular de Lugo\" \/>\n<meta property=\"og:description\" content=\"[vc_row type=\u00bbin_container\u00bb scene_position=\u00bbcenter\u00bb text_color=\u00bbdark\u00bb text_align=\u00bbleft\u00bb top_padding=\u00bb-10&#8243;][vc_column column_padding=\u00bbno-extra-padding\u00bb column_padding_position=\u00bball\u00bb background_color_opacity=\u00bb1&#8243; background_hover_color_opacity=\u00bb1&#8243; width=\u00bb1\/1&#8243;][vc_column_text] Jaime Casti\u00f1eira destaca el\u00a0\u201ctriple impulso\u201d a la participaci\u00f3n vecinal en www.ppdelugo.com con nuevos formularios de contacto, la apertura a...\" \/>\n<meta property=\"og:url\" content=\"https:\/\/www.ppdelugo.com\/es\/o-gmpp-chama-a-participacion-dos-lucenses-coa-sua-nova-web\/\" \/>\n<meta property=\"og:site_name\" content=\"Grupo Municipal Partido Popular de Lugo\" \/>\n<meta property=\"article:published_time\" content=\"2016-02-04T11:35:56+00:00\" \/>\n<meta property=\"article:modified_time\" content=\"2016-02-04T11:37:47+00:00\" \/>\n<meta property=\"og:image\" content=\"https:\/\/www.ppdelugo.com\/wp-content\/uploads\/2016\/01\/Spotify-1024x681.jpg\" \/>\n\t<meta property=\"og:image:width\" content=\"1024\" \/>\n\t<meta property=\"og:image:height\" content=\"681\" \/>\n\t<meta property=\"og:image:type\" content=\"image\/jpeg\" \/>\n<meta name=\"author\" content=\"ppdelugo\" \/>\n<meta name=\"twitter:card\" content=\"summary_large_image\" \/>\n<meta name=\"twitter:label1\" content=\"Escrito por\" \/>\n\t<meta name=\"twitter:data1\" content=\"ppdelugo\" \/>\n\t<meta name=\"twitter:label2\" content=\"Tiempo de lectura\" \/>\n\t<meta name=\"twitter:data2\" content=\"3 minutos\" \/>\n<script type=\"application\/ld+json\" class=\"yoast-schema-graph\">{\"@context\":\"https:\\\/\\\/schema.org\",\"@graph\":[{\"@type\":\"Article\",\"@id\":\"https:\\\/\\\/www.ppdelugo.com\\\/es\\\/o-gmpp-chama-a-participacion-dos-lucenses-coa-sua-nova-web\\\/#article\",\"isPartOf\":{\"@id\":\"https:\\\/\\\/www.ppdelugo.com\\\/es\\\/o-gmpp-chama-a-participacion-dos-lucenses-coa-sua-nova-web\\\/\"},\"author\":{\"name\":\"ppdelugo\",\"@id\":\"https:\\\/\\\/www.ppdelugo.com\\\/es\\\/#\\\/schema\\\/person\\\/4fa17dd371813e2c389a4417775cec48\"},\"headline\":\"El PP llama a la participaci\u00f3n de los lucenses con su nueva web\",\"datePublished\":\"2016-02-04T11:35:56+00:00\",\"dateModified\":\"2016-02-04T11:37:47+00:00\",\"mainEntityOfPage\":{\"@id\":\"https:\\\/\\\/www.ppdelugo.com\\\/es\\\/o-gmpp-chama-a-participacion-dos-lucenses-coa-sua-nova-web\\\/\"},\"wordCount\":634,\"commentCount\":0,\"image\":{\"@id\":\"https:\\\/\\\/www.ppdelugo.com\\\/es\\\/o-gmpp-chama-a-participacion-dos-lucenses-coa-sua-nova-web\\\/#primaryimage\"},\"thumbnailUrl\":\"https:\\\/\\\/www.ppdelugo.com\\\/wp-content\\\/uploads\\\/2016\\\/01\\\/Spotify.jpg\",\"articleSection\":[\"transparencia\"],\"inLanguage\":\"es\",\"potentialAction\":[{\"@type\":\"CommentAction\",\"name\":\"Comment\",\"target\":[\"https:\\\/\\\/www.ppdelugo.com\\\/es\\\/o-gmpp-chama-a-participacion-dos-lucenses-coa-sua-nova-web\\\/#respond\"]}]},{\"@type\":\"WebPage\",\"@id\":\"https:\\\/\\\/www.ppdelugo.com\\\/es\\\/o-gmpp-chama-a-participacion-dos-lucenses-coa-sua-nova-web\\\/\",\"url\":\"https:\\\/\\\/www.ppdelugo.com\\\/es\\\/o-gmpp-chama-a-participacion-dos-lucenses-coa-sua-nova-web\\\/\",\"name\":\"El PP llama a la participaci\u00f3n de los lucenses con su nueva web - Grupo Municipal Partido Popular de Lugo\",\"isPartOf\":{\"@id\":\"https:\\\/\\\/www.ppdelugo.com\\\/es\\\/#website\"},\"primaryImageOfPage\":{\"@id\":\"https:\\\/\\\/www.ppdelugo.com\\\/es\\\/o-gmpp-chama-a-participacion-dos-lucenses-coa-sua-nova-web\\\/#primaryimage\"},\"image\":{\"@id\":\"https:\\\/\\\/www.ppdelugo.com\\\/es\\\/o-gmpp-chama-a-participacion-dos-lucenses-coa-sua-nova-web\\\/#primaryimage\"},\"thumbnailUrl\":\"https:\\\/\\\/www.ppdelugo.com\\\/wp-content\\\/uploads\\\/2016\\\/01\\\/Spotify.jpg\",\"datePublished\":\"2016-02-04T11:35:56+00:00\",\"dateModified\":\"2016-02-04T11:37:47+00:00\",\"author\":{\"@id\":\"https:\\\/\\\/www.ppdelugo.com\\\/es\\\/#\\\/schema\\\/person\\\/4fa17dd371813e2c389a4417775cec48\"},\"breadcrumb\":{\"@id\":\"https:\\\/\\\/www.ppdelugo.com\\\/es\\\/o-gmpp-chama-a-participacion-dos-lucenses-coa-sua-nova-web\\\/#breadcrumb\"},\"inLanguage\":\"es\",\"potentialAction\":[{\"@type\":\"ReadAction\",\"target\":[\"https:\\\/\\\/www.ppdelugo.com\\\/es\\\/o-gmpp-chama-a-participacion-dos-lucenses-coa-sua-nova-web\\\/\"]}]},{\"@type\":\"ImageObject\",\"inLanguage\":\"es\",\"@id\":\"https:\\\/\\\/www.ppdelugo.com\\\/es\\\/o-gmpp-chama-a-participacion-dos-lucenses-coa-sua-nova-web\\\/#primaryimage\",\"url\":\"https:\\\/\\\/www.ppdelugo.com\\\/wp-content\\\/uploads\\\/2016\\\/01\\\/Spotify.jpg\",\"contentUrl\":\"https:\\\/\\\/www.ppdelugo.com\\\/wp-content\\\/uploads\\\/2016\\\/01\\\/Spotify.jpg\",\"width\":4256,\"height\":2832,\"caption\":\"PPLugo, PPdeLugo, Noticias Lugo, Noticias de Lugo, Novas Lugo, Novas de Lugo, Concello de Lugo, Ayuntamiento de Lugo, Ciudad de Lugo, Cidade de Lugo\"},{\"@type\":\"BreadcrumbList\",\"@id\":\"https:\\\/\\\/www.ppdelugo.com\\\/es\\\/o-gmpp-chama-a-participacion-dos-lucenses-coa-sua-nova-web\\\/#breadcrumb\",\"itemListElement\":[{\"@type\":\"ListItem\",\"position\":1,\"name\":\"Portada\",\"item\":\"https:\\\/\\\/www.ppdelugo.com\\\/es\\\/\"},{\"@type\":\"ListItem\",\"position\":2,\"name\":\"El PP llama a la participaci\u00f3n de los lucenses con su nueva web\"}]},{\"@type\":\"WebSite\",\"@id\":\"https:\\\/\\\/www.ppdelugo.com\\\/es\\\/#website\",\"url\":\"https:\\\/\\\/www.ppdelugo.com\\\/es\\\/\",\"name\":\"Grupo Municipal Partido Popular de Lugo\",\"description\":\"Web del Grupo Municipal del Partido Popular en el Ayuntamiento de Lugo, con informaci\u00f3n sobre Lugo y fomento de la participaci\u00f3n ciudadana\",\"potentialAction\":[{\"@type\":\"SearchAction\",\"target\":{\"@type\":\"EntryPoint\",\"urlTemplate\":\"https:\\\/\\\/www.ppdelugo.com\\\/es\\\/?s={search_term_string}\"},\"query-input\":{\"@type\":\"PropertyValueSpecification\",\"valueRequired\":true,\"valueName\":\"search_term_string\"}}],\"inLanguage\":\"es\"},{\"@type\":\"Person\",\"@id\":\"https:\\\/\\\/www.ppdelugo.com\\\/es\\\/#\\\/schema\\\/person\\\/4fa17dd371813e2c389a4417775cec48\",\"name\":\"ppdelugo\",\"url\":\"https:\\\/\\\/www.ppdelugo.com\\\/es\\\/author\\\/admin-2\\\/\"}]}<\/script>\n<!-- \/ Yoast SEO plugin. -->","yoast_head_json":{"title":"El PP llama a la participaci\u00f3n de los lucenses con su nueva web - Grupo Municipal Partido Popular de Lugo","robots":{"index":"index","follow":"follow","max-snippet":"max-snippet:-1","max-image-preview":"max-image-preview:large","max-video-preview":"max-video-preview:-1"},"canonical":"https:\/\/www.ppdelugo.com\/es\/o-gmpp-chama-a-participacion-dos-lucenses-coa-sua-nova-web\/","og_locale":"es_ES","og_type":"article","og_title":"El PP llama a la participaci\u00f3n de los lucenses con su nueva web - Grupo Municipal Partido Popular de Lugo","og_description":"[vc_row type=\u00bbin_container\u00bb scene_position=\u00bbcenter\u00bb text_color=\u00bbdark\u00bb text_align=\u00bbleft\u00bb top_padding=\u00bb-10&#8243;][vc_column column_padding=\u00bbno-extra-padding\u00bb column_padding_position=\u00bball\u00bb background_color_opacity=\u00bb1&#8243; background_hover_color_opacity=\u00bb1&#8243; width=\u00bb1\/1&#8243;][vc_column_text] Jaime Casti\u00f1eira destaca el\u00a0\u201ctriple impulso\u201d a la participaci\u00f3n vecinal en www.ppdelugo.com con nuevos formularios de contacto, la apertura a...","og_url":"https:\/\/www.ppdelugo.com\/es\/o-gmpp-chama-a-participacion-dos-lucenses-coa-sua-nova-web\/","og_site_name":"Grupo Municipal Partido Popular de Lugo","article_published_time":"2016-02-04T11:35:56+00:00","article_modified_time":"2016-02-04T11:37:47+00:00","og_image":[{"width":1024,"height":681,"url":"https:\/\/www.ppdelugo.com\/wp-content\/uploads\/2016\/01\/Spotify-1024x681.jpg","type":"image\/jpeg"}],"author":"ppdelugo","twitter_card":"summary_large_image","twitter_misc":{"Escrito por":"ppdelugo","Tiempo de lectura":"3 minutos"},"schema":{"@context":"https:\/\/schema.org","@graph":[{"@type":"Article","@id":"https:\/\/www.ppdelugo.com\/es\/o-gmpp-chama-a-participacion-dos-lucenses-coa-sua-nova-web\/#article","isPartOf":{"@id":"https:\/\/www.ppdelugo.com\/es\/o-gmpp-chama-a-participacion-dos-lucenses-coa-sua-nova-web\/"},"author":{"name":"ppdelugo","@id":"https:\/\/www.ppdelugo.com\/es\/#\/schema\/person\/4fa17dd371813e2c389a4417775cec48"},"headline":"El PP llama a la participaci\u00f3n de los lucenses con su nueva web","datePublished":"2016-02-04T11:35:56+00:00","dateModified":"2016-02-04T11:37:47+00:00","mainEntityOfPage":{"@id":"https:\/\/www.ppdelugo.com\/es\/o-gmpp-chama-a-participacion-dos-lucenses-coa-sua-nova-web\/"},"wordCount":634,"commentCount":0,"image":{"@id":"https:\/\/www.ppdelugo.com\/es\/o-gmpp-chama-a-participacion-dos-lucenses-coa-sua-nova-web\/#primaryimage"},"thumbnailUrl":"https:\/\/www.ppdelugo.com\/wp-content\/uploads\/2016\/01\/Spotify.jpg","articleSection":["transparencia"],"inLanguage":"es","potentialAction":[{"@type":"CommentAction","name":"Comment","target":["https:\/\/www.ppdelugo.com\/es\/o-gmpp-chama-a-participacion-dos-lucenses-coa-sua-nova-web\/#respond"]}]},{"@type":"WebPage","@id":"https:\/\/www.ppdelugo.com\/es\/o-gmpp-chama-a-participacion-dos-lucenses-coa-sua-nova-web\/","url":"https:\/\/www.ppdelugo.com\/es\/o-gmpp-chama-a-participacion-dos-lucenses-coa-sua-nova-web\/","name":"El PP llama a la participaci\u00f3n de los lucenses con su nueva web - Grupo Municipal Partido Popular de Lugo","isPartOf":{"@id":"https:\/\/www.ppdelugo.com\/es\/#website"},"primaryImageOfPage":{"@id":"https:\/\/www.ppdelugo.com\/es\/o-gmpp-chama-a-participacion-dos-lucenses-coa-sua-nova-web\/#primaryimage"},"image":{"@id":"https:\/\/www.ppdelugo.com\/es\/o-gmpp-chama-a-participacion-dos-lucenses-coa-sua-nova-web\/#primaryimage"},"thumbnailUrl":"https:\/\/www.ppdelugo.com\/wp-content\/uploads\/2016\/01\/Spotify.jpg","datePublished":"2016-02-04T11:35:56+00:00","dateModified":"2016-02-04T11:37:47+00:00","author":{"@id":"https:\/\/www.ppdelugo.com\/es\/#\/schema\/person\/4fa17dd371813e2c389a4417775cec48"},"breadcrumb":{"@id":"https:\/\/www.ppdelugo.com\/es\/o-gmpp-chama-a-participacion-dos-lucenses-coa-sua-nova-web\/#breadcrumb"},"inLanguage":"es","potentialAction":[{"@type":"ReadAction","target":["https:\/\/www.ppdelugo.com\/es\/o-gmpp-chama-a-participacion-dos-lucenses-coa-sua-nova-web\/"]}]},{"@type":"ImageObject","inLanguage":"es","@id":"https:\/\/www.ppdelugo.com\/es\/o-gmpp-chama-a-participacion-dos-lucenses-coa-sua-nova-web\/#primaryimage","url":"https:\/\/www.ppdelugo.com\/wp-content\/uploads\/2016\/01\/Spotify.jpg","contentUrl":"https:\/\/www.ppdelugo.com\/wp-content\/uploads\/2016\/01\/Spotify.jpg","width":4256,"height":2832,"caption":"PPLugo, PPdeLugo, Noticias Lugo, Noticias de Lugo, Novas Lugo, Novas de Lugo, Concello de Lugo, Ayuntamiento de Lugo, Ciudad de Lugo, Cidade de Lugo"},{"@type":"BreadcrumbList","@id":"https:\/\/www.ppdelugo.com\/es\/o-gmpp-chama-a-participacion-dos-lucenses-coa-sua-nova-web\/#breadcrumb","itemListElement":[{"@type":"ListItem","position":1,"name":"Portada","item":"https:\/\/www.ppdelugo.com\/es\/"},{"@type":"ListItem","position":2,"name":"El PP llama a la participaci\u00f3n de los lucenses con su nueva web"}]},{"@type":"WebSite","@id":"https:\/\/www.ppdelugo.com\/es\/#website","url":"https:\/\/www.ppdelugo.com\/es\/","name":"Grupo Municipal Partido Popular de Lugo","description":"Web del Grupo Municipal del Partido Popular en el Ayuntamiento de Lugo, con informaci\u00f3n sobre Lugo y fomento de la participaci\u00f3n ciudadana","potentialAction":[{"@type":"SearchAction","target":{"@type":"EntryPoint","urlTemplate":"https:\/\/www.ppdelugo.com\/es\/?s={search_term_string}"},"query-input":{"@type":"PropertyValueSpecification","valueRequired":true,"valueName":"search_term_string"}}],"inLanguage":"es"},{"@type":"Person","@id":"https:\/\/www.ppdelugo.com\/es\/#\/schema\/person\/4fa17dd371813e2c389a4417775cec48","name":"ppdelugo","url":"https:\/\/www.ppdelugo.com\/es\/author\/admin-2\/"}]}},"_links":{"self":[{"href":"https:\/\/www.ppdelugo.com\/es\/wp-json\/wp\/v2\/posts\/1791","targetHints":{"allow":["GET"]}}],"collection":[{"href":"https:\/\/www.ppdelugo.com\/es\/wp-json\/wp\/v2\/posts"}],"about":[{"href":"https:\/\/www.ppdelugo.com\/es\/wp-json\/wp\/v2\/types\/post"}],"author":[{"embeddable":true,"href":"https:\/\/www.ppdelugo.com\/es\/wp-json\/wp\/v2\/users\/8"}],"replies":[{"embeddable":true,"href":"https:\/\/www.ppdelugo.com\/es\/wp-json\/wp\/v2\/comments?post=1791"}],"version-history":[{"count":0,"href":"https:\/\/www.ppdelugo.com\/es\/wp-json\/wp\/v2\/posts\/1791\/revisions"}],"wp:featuredmedia":[{"embeddable":true,"href":"https:\/\/www.ppdelugo.com\/es\/wp-json\/wp\/v2\/media\/828"}],"wp:attachment":[{"href":"https:\/\/www.ppdelugo.com\/es\/wp-json\/wp\/v2\/media?parent=1791"}],"wp:term":[{"taxonomy":"category","embeddable":true,"href":"https:\/\/www.ppdelugo.com\/es\/wp-json\/wp\/v2\/categories?post=1791"},{"taxonomy":"post_tag","embeddable":true,"href":"https:\/\/www.ppdelugo.com\/es\/wp-json\/wp\/v2\/tags?post=1791"}],"curies":[{"name":"wp","href":"https:\/\/api.w.org\/{rel}","templated":true}]}}