{"id":17754,"date":"2022-04-11T11:23:53","date_gmt":"2022-04-11T11:23:53","guid":{"rendered":"https:\/\/www.ppdelugo.com\/o-pp-lamenta-que-lara-mendez-siga-sen-renovar-a-rede-de-abastecemento-do-ceao-un-ano-despois-do-devastador-incendio\/"},"modified":"2022-04-11T11:25:00","modified_gmt":"2022-04-11T11:25:00","slug":"o-pp-lamenta-que-lara-mendez-siga-sen-renovar-a-rede-de-abastecemento-do-ceao-un-ano-despois-do-devastador-incendio","status":"publish","type":"post","link":"https:\/\/www.ppdelugo.com\/es\/o-pp-lamenta-que-lara-mendez-siga-sen-renovar-a-rede-de-abastecemento-do-ceao-un-ano-despois-do-devastador-incendio\/","title":{"rendered":"El PP lamenta que Lara M\u00e9ndez siga sin renovar la red de abastecimiento del Ceao un a\u00f1o despu\u00e9s del devastador incendio"},"content":{"rendered":"<p>Los concejales populares recuerdan, en el primero aniversario de este suceso, que los efectivos de emergencias tuvieron muchos problemas para sofocar las llamas debido a la falta de presi\u00f3n de agua en la zona pero gracias al esfuerzo y buen hacer de todos los efectivos consiguieron controlar el fuego<\/p>\n<p><!--more--><\/p>\n<p>Hoxe c\u00famprese un ano do devastador incendio do Ceao e o Concello de Lugo segue sen acometer nin presupostar nin un s\u00f3 euro nos orzamentos deste exercicio para o cambio das tubarias de fibrocemento do pol\u00edgono industrial.<\/p>\n<p>Logo dos apuros vividos hai un ano pola falta de presi\u00f3n da auga para extinguir as lapas de varias naves, ao Grupo Municipal Popular par\u00e9celle unha irresponsabilidade e unha temeridade que o bigoberno a\u00ednda non reaccionase nin f\u00f3ra quen de planificar a renovaci\u00f3n da rede de augas desta zona industrial.<\/p>\n<p>Os populares tam\u00e9n afirman que \u00e9 incomprensible que PSOE e BNG\u00a0 minimicen este problema que tanto preocupa aos industriais da zona despois da situaci\u00f3n vivida. Dende o Grupo Popular lembran como a \u201ccerraz\u00f3n do bigoberno chega ao extremo de votar en contra, no pleno do mes de febreiro, dunha iniciativa de autor\u00eda do PP na que solicit\u00e1bamos\u00a0 renovar a rede de augas do Ceao coa finalidade de aumentar a presi\u00f3n e garantir o servizo de extinci\u00f3n de incendios\u201d.<\/p>\n<p>Os populares recordan que os informes municipais sobre o incendio certificaron as denuncias do PP, xa que especificaban que \u201ca presi\u00f3n de auga nas r\u00faas onde tivo lugar o lume era unha cuarta parte da que hab\u00eda noutros puntos do pol\u00edgono (de entre 0.6 e 0,8 kg\/cm2), mentres que, por exemplo, na r\u00faa dous Carpinteiros, \u00e1 car\u00f3n da ITV hai unha presi\u00f3n de 3,8 kg\/cm2\u201d.<\/p>\n<p>Dende o PP advirten que no suposto de que o goberno local precise aumentar directamente a presi\u00f3n de auga para actuar nun incendio na zona existe o risco, nunha porcentaxe moi elevada, de sufrir rebent\u00f3ns ou roturas na rede xa que as tubarias son moi antigas, de fibrocemento, polo que moitas delas xa superaron con creces a s\u00faa vida \u00fatil.<\/p>\n<p>Por \u00faltimo, os populares non se esquecen de lembrar e aplaudir o traballo realizado tanto polos efectivos municipais, da Xunta e doutros municipios, as\u00ed como pola colaboraci\u00f3n das cisternas de Leite R\u00edo que foron fundamentais para evitar que as consecuencias do incendio foran a\u00ednda a m\u00e1is.<\/p>\n","protected":false},"excerpt":{"rendered":"<p>Los concejales populares recuerdan, en el primero aniversario de este suceso, que los efectivos de emergencias tuvieron muchos problemas para sofocar las llamas debido a la falta de presi\u00f3n de&#8230;<\/p>\n","protected":false},"author":2,"featured_media":17256,"comment_status":"open","ping_status":"closed","sticky":false,"template":"","format":"standard","meta":{"footnotes":""},"categories":[36,39],"tags":[],"class_list":{"0":"post-17754","1":"post","2":"type-post","3":"status-publish","4":"format-standard","5":"has-post-thumbnail","7":"category-seguridad","8":"category-transparencia-es"},"yoast_head":"<!-- This site is optimized with the Yoast SEO plugin v27.4 - https:\/\/yoast.com\/product\/yoast-seo-wordpress\/ -->\n<title>El PP lamenta que Lara M\u00e9ndez siga sin renovar la red de abastecimiento del Ceao un a\u00f1o despu\u00e9s del devastador incendio - Grupo Municipal Partido Popular de Lugo<\/title>\n<meta name=\"robots\" content=\"index, follow, max-snippet:-1, max-image-preview:large, max-video-preview:-1\" \/>\n<link rel=\"canonical\" href=\"https:\/\/www.ppdelugo.com\/es\/o-pp-lamenta-que-lara-mendez-siga-sen-renovar-a-rede-de-abastecemento-do-ceao-un-ano-despois-do-devastador-incendio\/\" \/>\n<meta property=\"og:locale\" content=\"es_ES\" \/>\n<meta property=\"og:type\" content=\"article\" \/>\n<meta property=\"og:title\" content=\"El PP lamenta que Lara M\u00e9ndez siga sin renovar la red de abastecimiento del Ceao un a\u00f1o despu\u00e9s del devastador incendio - Grupo Municipal Partido Popular de Lugo\" \/>\n<meta property=\"og:description\" content=\"Los concejales populares recuerdan, en el primero aniversario de este suceso, que los efectivos de emergencias tuvieron muchos problemas para sofocar las llamas debido a la falta de presi\u00f3n de...\" \/>\n<meta property=\"og:url\" content=\"https:\/\/www.ppdelugo.com\/es\/o-pp-lamenta-que-lara-mendez-siga-sen-renovar-a-rede-de-abastecemento-do-ceao-un-ano-despois-do-devastador-incendio\/\" \/>\n<meta property=\"og:site_name\" content=\"Grupo Municipal Partido Popular de Lugo\" \/>\n<meta property=\"article:published_time\" content=\"2022-04-11T11:23:53+00:00\" \/>\n<meta property=\"article:modified_time\" content=\"2022-04-11T11:25:00+00:00\" \/>\n<meta property=\"og:image\" content=\"https:\/\/www.ppdelugo.com\/wp-content\/uploads\/2022\/02\/Eysb6TMWEAoBZnC.jpeg\" \/>\n\t<meta property=\"og:image:width\" content=\"2048\" \/>\n\t<meta property=\"og:image:height\" content=\"1536\" \/>\n\t<meta property=\"og:image:type\" content=\"image\/jpeg\" \/>\n<meta name=\"author\" content=\"PP\" \/>\n<meta name=\"twitter:card\" content=\"summary_large_image\" \/>\n<meta name=\"twitter:label1\" content=\"Escrito por\" \/>\n\t<meta name=\"twitter:data1\" content=\"PP\" \/>\n\t<meta name=\"twitter:label2\" content=\"Tiempo de lectura\" \/>\n\t<meta name=\"twitter:data2\" content=\"3 minutos\" \/>\n<script type=\"application\/ld+json\" class=\"yoast-schema-graph\">{\"@context\":\"https:\\\/\\\/schema.org\",\"@graph\":[{\"@type\":\"Article\",\"@id\":\"https:\\\/\\\/www.ppdelugo.com\\\/es\\\/o-pp-lamenta-que-lara-mendez-siga-sen-renovar-a-rede-de-abastecemento-do-ceao-un-ano-despois-do-devastador-incendio\\\/#article\",\"isPartOf\":{\"@id\":\"https:\\\/\\\/www.ppdelugo.com\\\/es\\\/o-pp-lamenta-que-lara-mendez-siga-sen-renovar-a-rede-de-abastecemento-do-ceao-un-ano-despois-do-devastador-incendio\\\/\"},\"author\":{\"name\":\"PP\",\"@id\":\"https:\\\/\\\/www.ppdelugo.com\\\/es\\\/#\\\/schema\\\/person\\\/a847ea797b54208d374f6a8953571050\"},\"headline\":\"El PP lamenta que Lara M\u00e9ndez siga sin renovar la red de abastecimiento del Ceao un a\u00f1o despu\u00e9s del devastador incendio\",\"datePublished\":\"2022-04-11T11:23:53+00:00\",\"dateModified\":\"2022-04-11T11:25:00+00:00\",\"mainEntityOfPage\":{\"@id\":\"https:\\\/\\\/www.ppdelugo.com\\\/es\\\/o-pp-lamenta-que-lara-mendez-siga-sen-renovar-a-rede-de-abastecemento-do-ceao-un-ano-despois-do-devastador-incendio\\\/\"},\"wordCount\":435,\"commentCount\":0,\"image\":{\"@id\":\"https:\\\/\\\/www.ppdelugo.com\\\/es\\\/o-pp-lamenta-que-lara-mendez-siga-sen-renovar-a-rede-de-abastecemento-do-ceao-un-ano-despois-do-devastador-incendio\\\/#primaryimage\"},\"thumbnailUrl\":\"https:\\\/\\\/www.ppdelugo.com\\\/wp-content\\\/uploads\\\/2022\\\/02\\\/Eysb6TMWEAoBZnC.jpeg\",\"articleSection\":[\"Seguridad\",\"transparencia\"],\"inLanguage\":\"es\",\"potentialAction\":[{\"@type\":\"CommentAction\",\"name\":\"Comment\",\"target\":[\"https:\\\/\\\/www.ppdelugo.com\\\/es\\\/o-pp-lamenta-que-lara-mendez-siga-sen-renovar-a-rede-de-abastecemento-do-ceao-un-ano-despois-do-devastador-incendio\\\/#respond\"]}]},{\"@type\":\"WebPage\",\"@id\":\"https:\\\/\\\/www.ppdelugo.com\\\/es\\\/o-pp-lamenta-que-lara-mendez-siga-sen-renovar-a-rede-de-abastecemento-do-ceao-un-ano-despois-do-devastador-incendio\\\/\",\"url\":\"https:\\\/\\\/www.ppdelugo.com\\\/es\\\/o-pp-lamenta-que-lara-mendez-siga-sen-renovar-a-rede-de-abastecemento-do-ceao-un-ano-despois-do-devastador-incendio\\\/\",\"name\":\"El PP lamenta que Lara M\u00e9ndez siga sin renovar la red de abastecimiento del Ceao un a\u00f1o despu\u00e9s del devastador incendio - Grupo Municipal Partido Popular de Lugo\",\"isPartOf\":{\"@id\":\"https:\\\/\\\/www.ppdelugo.com\\\/es\\\/#website\"},\"primaryImageOfPage\":{\"@id\":\"https:\\\/\\\/www.ppdelugo.com\\\/es\\\/o-pp-lamenta-que-lara-mendez-siga-sen-renovar-a-rede-de-abastecemento-do-ceao-un-ano-despois-do-devastador-incendio\\\/#primaryimage\"},\"image\":{\"@id\":\"https:\\\/\\\/www.ppdelugo.com\\\/es\\\/o-pp-lamenta-que-lara-mendez-siga-sen-renovar-a-rede-de-abastecemento-do-ceao-un-ano-despois-do-devastador-incendio\\\/#primaryimage\"},\"thumbnailUrl\":\"https:\\\/\\\/www.ppdelugo.com\\\/wp-content\\\/uploads\\\/2022\\\/02\\\/Eysb6TMWEAoBZnC.jpeg\",\"datePublished\":\"2022-04-11T11:23:53+00:00\",\"dateModified\":\"2022-04-11T11:25:00+00:00\",\"author\":{\"@id\":\"https:\\\/\\\/www.ppdelugo.com\\\/es\\\/#\\\/schema\\\/person\\\/a847ea797b54208d374f6a8953571050\"},\"breadcrumb\":{\"@id\":\"https:\\\/\\\/www.ppdelugo.com\\\/es\\\/o-pp-lamenta-que-lara-mendez-siga-sen-renovar-a-rede-de-abastecemento-do-ceao-un-ano-despois-do-devastador-incendio\\\/#breadcrumb\"},\"inLanguage\":\"es\",\"potentialAction\":[{\"@type\":\"ReadAction\",\"target\":[\"https:\\\/\\\/www.ppdelugo.com\\\/es\\\/o-pp-lamenta-que-lara-mendez-siga-sen-renovar-a-rede-de-abastecemento-do-ceao-un-ano-despois-do-devastador-incendio\\\/\"]}]},{\"@type\":\"ImageObject\",\"inLanguage\":\"es\",\"@id\":\"https:\\\/\\\/www.ppdelugo.com\\\/es\\\/o-pp-lamenta-que-lara-mendez-siga-sen-renovar-a-rede-de-abastecemento-do-ceao-un-ano-despois-do-devastador-incendio\\\/#primaryimage\",\"url\":\"https:\\\/\\\/www.ppdelugo.com\\\/wp-content\\\/uploads\\\/2022\\\/02\\\/Eysb6TMWEAoBZnC.jpeg\",\"contentUrl\":\"https:\\\/\\\/www.ppdelugo.com\\\/wp-content\\\/uploads\\\/2022\\\/02\\\/Eysb6TMWEAoBZnC.jpeg\",\"width\":2048,\"height\":1536},{\"@type\":\"BreadcrumbList\",\"@id\":\"https:\\\/\\\/www.ppdelugo.com\\\/es\\\/o-pp-lamenta-que-lara-mendez-siga-sen-renovar-a-rede-de-abastecemento-do-ceao-un-ano-despois-do-devastador-incendio\\\/#breadcrumb\",\"itemListElement\":[{\"@type\":\"ListItem\",\"position\":1,\"name\":\"Portada\",\"item\":\"https:\\\/\\\/www.ppdelugo.com\\\/es\\\/\"},{\"@type\":\"ListItem\",\"position\":2,\"name\":\"El PP lamenta que Lara M\u00e9ndez siga sin renovar la red de abastecimiento del Ceao un a\u00f1o despu\u00e9s del devastador incendio\"}]},{\"@type\":\"WebSite\",\"@id\":\"https:\\\/\\\/www.ppdelugo.com\\\/es\\\/#website\",\"url\":\"https:\\\/\\\/www.ppdelugo.com\\\/es\\\/\",\"name\":\"Grupo Municipal Partido Popular de Lugo\",\"description\":\"Web del Grupo Municipal del Partido Popular en el Ayuntamiento de Lugo, con informaci\u00f3n sobre Lugo y fomento de la participaci\u00f3n ciudadana\",\"potentialAction\":[{\"@type\":\"SearchAction\",\"target\":{\"@type\":\"EntryPoint\",\"urlTemplate\":\"https:\\\/\\\/www.ppdelugo.com\\\/es\\\/?s={search_term_string}\"},\"query-input\":{\"@type\":\"PropertyValueSpecification\",\"valueRequired\":true,\"valueName\":\"search_term_string\"}}],\"inLanguage\":\"es\"},{\"@type\":\"Person\",\"@id\":\"https:\\\/\\\/www.ppdelugo.com\\\/es\\\/#\\\/schema\\\/person\\\/a847ea797b54208d374f6a8953571050\",\"name\":\"PP\",\"url\":\"https:\\\/\\\/www.ppdelugo.com\\\/es\\\/author\\\/ppdelugo\\\/\"}]}<\/script>\n<!-- \/ Yoast SEO plugin. -->","yoast_head_json":{"title":"El PP lamenta que Lara M\u00e9ndez siga sin renovar la red de abastecimiento del Ceao un a\u00f1o despu\u00e9s del devastador incendio - Grupo Municipal Partido Popular de Lugo","robots":{"index":"index","follow":"follow","max-snippet":"max-snippet:-1","max-image-preview":"max-image-preview:large","max-video-preview":"max-video-preview:-1"},"canonical":"https:\/\/www.ppdelugo.com\/es\/o-pp-lamenta-que-lara-mendez-siga-sen-renovar-a-rede-de-abastecemento-do-ceao-un-ano-despois-do-devastador-incendio\/","og_locale":"es_ES","og_type":"article","og_title":"El PP lamenta que Lara M\u00e9ndez siga sin renovar la red de abastecimiento del Ceao un a\u00f1o despu\u00e9s del devastador incendio - Grupo Municipal Partido Popular de Lugo","og_description":"Los concejales populares recuerdan, en el primero aniversario de este suceso, que los efectivos de emergencias tuvieron muchos problemas para sofocar las llamas debido a la falta de presi\u00f3n de...","og_url":"https:\/\/www.ppdelugo.com\/es\/o-pp-lamenta-que-lara-mendez-siga-sen-renovar-a-rede-de-abastecemento-do-ceao-un-ano-despois-do-devastador-incendio\/","og_site_name":"Grupo Municipal Partido Popular de Lugo","article_published_time":"2022-04-11T11:23:53+00:00","article_modified_time":"2022-04-11T11:25:00+00:00","og_image":[{"width":2048,"height":1536,"url":"https:\/\/www.ppdelugo.com\/wp-content\/uploads\/2022\/02\/Eysb6TMWEAoBZnC.jpeg","type":"image\/jpeg"}],"author":"PP","twitter_card":"summary_large_image","twitter_misc":{"Escrito por":"PP","Tiempo de lectura":"3 minutos"},"schema":{"@context":"https:\/\/schema.org","@graph":[{"@type":"Article","@id":"https:\/\/www.ppdelugo.com\/es\/o-pp-lamenta-que-lara-mendez-siga-sen-renovar-a-rede-de-abastecemento-do-ceao-un-ano-despois-do-devastador-incendio\/#article","isPartOf":{"@id":"https:\/\/www.ppdelugo.com\/es\/o-pp-lamenta-que-lara-mendez-siga-sen-renovar-a-rede-de-abastecemento-do-ceao-un-ano-despois-do-devastador-incendio\/"},"author":{"name":"PP","@id":"https:\/\/www.ppdelugo.com\/es\/#\/schema\/person\/a847ea797b54208d374f6a8953571050"},"headline":"El PP lamenta que Lara M\u00e9ndez siga sin renovar la red de abastecimiento del Ceao un a\u00f1o despu\u00e9s del devastador incendio","datePublished":"2022-04-11T11:23:53+00:00","dateModified":"2022-04-11T11:25:00+00:00","mainEntityOfPage":{"@id":"https:\/\/www.ppdelugo.com\/es\/o-pp-lamenta-que-lara-mendez-siga-sen-renovar-a-rede-de-abastecemento-do-ceao-un-ano-despois-do-devastador-incendio\/"},"wordCount":435,"commentCount":0,"image":{"@id":"https:\/\/www.ppdelugo.com\/es\/o-pp-lamenta-que-lara-mendez-siga-sen-renovar-a-rede-de-abastecemento-do-ceao-un-ano-despois-do-devastador-incendio\/#primaryimage"},"thumbnailUrl":"https:\/\/www.ppdelugo.com\/wp-content\/uploads\/2022\/02\/Eysb6TMWEAoBZnC.jpeg","articleSection":["Seguridad","transparencia"],"inLanguage":"es","potentialAction":[{"@type":"CommentAction","name":"Comment","target":["https:\/\/www.ppdelugo.com\/es\/o-pp-lamenta-que-lara-mendez-siga-sen-renovar-a-rede-de-abastecemento-do-ceao-un-ano-despois-do-devastador-incendio\/#respond"]}]},{"@type":"WebPage","@id":"https:\/\/www.ppdelugo.com\/es\/o-pp-lamenta-que-lara-mendez-siga-sen-renovar-a-rede-de-abastecemento-do-ceao-un-ano-despois-do-devastador-incendio\/","url":"https:\/\/www.ppdelugo.com\/es\/o-pp-lamenta-que-lara-mendez-siga-sen-renovar-a-rede-de-abastecemento-do-ceao-un-ano-despois-do-devastador-incendio\/","name":"El PP lamenta que Lara M\u00e9ndez siga sin renovar la red de abastecimiento del Ceao un a\u00f1o despu\u00e9s del devastador incendio - Grupo Municipal Partido Popular de Lugo","isPartOf":{"@id":"https:\/\/www.ppdelugo.com\/es\/#website"},"primaryImageOfPage":{"@id":"https:\/\/www.ppdelugo.com\/es\/o-pp-lamenta-que-lara-mendez-siga-sen-renovar-a-rede-de-abastecemento-do-ceao-un-ano-despois-do-devastador-incendio\/#primaryimage"},"image":{"@id":"https:\/\/www.ppdelugo.com\/es\/o-pp-lamenta-que-lara-mendez-siga-sen-renovar-a-rede-de-abastecemento-do-ceao-un-ano-despois-do-devastador-incendio\/#primaryimage"},"thumbnailUrl":"https:\/\/www.ppdelugo.com\/wp-content\/uploads\/2022\/02\/Eysb6TMWEAoBZnC.jpeg","datePublished":"2022-04-11T11:23:53+00:00","dateModified":"2022-04-11T11:25:00+00:00","author":{"@id":"https:\/\/www.ppdelugo.com\/es\/#\/schema\/person\/a847ea797b54208d374f6a8953571050"},"breadcrumb":{"@id":"https:\/\/www.ppdelugo.com\/es\/o-pp-lamenta-que-lara-mendez-siga-sen-renovar-a-rede-de-abastecemento-do-ceao-un-ano-despois-do-devastador-incendio\/#breadcrumb"},"inLanguage":"es","potentialAction":[{"@type":"ReadAction","target":["https:\/\/www.ppdelugo.com\/es\/o-pp-lamenta-que-lara-mendez-siga-sen-renovar-a-rede-de-abastecemento-do-ceao-un-ano-despois-do-devastador-incendio\/"]}]},{"@type":"ImageObject","inLanguage":"es","@id":"https:\/\/www.ppdelugo.com\/es\/o-pp-lamenta-que-lara-mendez-siga-sen-renovar-a-rede-de-abastecemento-do-ceao-un-ano-despois-do-devastador-incendio\/#primaryimage","url":"https:\/\/www.ppdelugo.com\/wp-content\/uploads\/2022\/02\/Eysb6TMWEAoBZnC.jpeg","contentUrl":"https:\/\/www.ppdelugo.com\/wp-content\/uploads\/2022\/02\/Eysb6TMWEAoBZnC.jpeg","width":2048,"height":1536},{"@type":"BreadcrumbList","@id":"https:\/\/www.ppdelugo.com\/es\/o-pp-lamenta-que-lara-mendez-siga-sen-renovar-a-rede-de-abastecemento-do-ceao-un-ano-despois-do-devastador-incendio\/#breadcrumb","itemListElement":[{"@type":"ListItem","position":1,"name":"Portada","item":"https:\/\/www.ppdelugo.com\/es\/"},{"@type":"ListItem","position":2,"name":"El PP lamenta que Lara M\u00e9ndez siga sin renovar la red de abastecimiento del Ceao un a\u00f1o despu\u00e9s del devastador incendio"}]},{"@type":"WebSite","@id":"https:\/\/www.ppdelugo.com\/es\/#website","url":"https:\/\/www.ppdelugo.com\/es\/","name":"Grupo Municipal Partido Popular de Lugo","description":"Web del Grupo Municipal del Partido Popular en el Ayuntamiento de Lugo, con informaci\u00f3n sobre Lugo y fomento de la participaci\u00f3n ciudadana","potentialAction":[{"@type":"SearchAction","target":{"@type":"EntryPoint","urlTemplate":"https:\/\/www.ppdelugo.com\/es\/?s={search_term_string}"},"query-input":{"@type":"PropertyValueSpecification","valueRequired":true,"valueName":"search_term_string"}}],"inLanguage":"es"},{"@type":"Person","@id":"https:\/\/www.ppdelugo.com\/es\/#\/schema\/person\/a847ea797b54208d374f6a8953571050","name":"PP","url":"https:\/\/www.ppdelugo.com\/es\/author\/ppdelugo\/"}]}},"_links":{"self":[{"href":"https:\/\/www.ppdelugo.com\/es\/wp-json\/wp\/v2\/posts\/17754","targetHints":{"allow":["GET"]}}],"collection":[{"href":"https:\/\/www.ppdelugo.com\/es\/wp-json\/wp\/v2\/posts"}],"about":[{"href":"https:\/\/www.ppdelugo.com\/es\/wp-json\/wp\/v2\/types\/post"}],"author":[{"embeddable":true,"href":"https:\/\/www.ppdelugo.com\/es\/wp-json\/wp\/v2\/users\/2"}],"replies":[{"embeddable":true,"href":"https:\/\/www.ppdelugo.com\/es\/wp-json\/wp\/v2\/comments?post=17754"}],"version-history":[{"count":2,"href":"https:\/\/www.ppdelugo.com\/es\/wp-json\/wp\/v2\/posts\/17754\/revisions"}],"predecessor-version":[{"id":17756,"href":"https:\/\/www.ppdelugo.com\/es\/wp-json\/wp\/v2\/posts\/17754\/revisions\/17756"}],"wp:featuredmedia":[{"embeddable":true,"href":"https:\/\/www.ppdelugo.com\/es\/wp-json\/wp\/v2\/media\/17256"}],"wp:attachment":[{"href":"https:\/\/www.ppdelugo.com\/es\/wp-json\/wp\/v2\/media?parent=17754"}],"wp:term":[{"taxonomy":"category","embeddable":true,"href":"https:\/\/www.ppdelugo.com\/es\/wp-json\/wp\/v2\/categories?post=17754"},{"taxonomy":"post_tag","embeddable":true,"href":"https:\/\/www.ppdelugo.com\/es\/wp-json\/wp\/v2\/tags?post=17754"}],"curies":[{"name":"wp","href":"https:\/\/api.w.org\/{rel}","templated":true}]}}