{"id":17547,"date":"2022-03-18T12:40:45","date_gmt":"2022-03-18T12:40:45","guid":{"rendered":"https:\/\/www.ppdelugo.com\/o-pp-di-que-o-leiraparking-non-se-asfaltara-antes-de-que-acabe-o-mandato-pola-incapacidade-de-mendez-de-aprobar-o-5-do-pxom\/"},"modified":"2022-03-18T12:41:31","modified_gmt":"2022-03-18T12:41:31","slug":"o-pp-di-que-o-leiraparking-non-se-asfaltara-antes-de-que-acabe-o-mandato-pola-incapacidade-de-mendez-de-aprobar-o-5-do-pxom","status":"publish","type":"post","link":"https:\/\/www.ppdelugo.com\/es\/o-pp-di-que-o-leiraparking-non-se-asfaltara-antes-de-que-acabe-o-mandato-pola-incapacidade-de-mendez-de-aprobar-o-5-do-pxom\/","title":{"rendered":"El PP dice que el leiraparking no se asfaltar\u00e1 antes de que acabe el mandato por la incapacidad de M\u00e9ndez de aprobar el 5% del PGOM"},"content":{"rendered":"<p>Antonio Ameijide: \u201cel anuncio de ayer es un brindis al sol y una nueva pu\u00f1alada de la alcaldesa a su socio de gobierno\u201d aclarando que \u201ccon esta maniobra Lara M\u00e9ndez gana protagonismo al arrebatarle a Rub\u00e9n Arroxo una parcela de gobierno que hasta ahora depend\u00eda de \u00e9l\u201d<\/p>\n<p><!--more--><\/p>\n<p>O Grupo Municipal do Partido Popular lamenta que te\u00f1amos que asistir a un novo cap\u00edtulo de pu\u00f1aladas trapeiras entre o bigoberno, desta volta, protagonizada pola alcaldesa de Lugo para ga\u00f1ar un titular. O vicevoceiro popular Antonio Ameijide referiuse ao anuncio que fixo Lara M\u00e9ndez de que vai asfaltar o actual leiraparking, o aparcadoiro p\u00fablico de cuxo mantemento se encargaba ata o de agora o seu socio de goberno do BNG.<\/p>\n<p>Antonio Ameijide desconf\u00eda que esta acci\u00f3n se poida executar antes de que remate este mandato xa que \u201cpara facer esta pavimentaci\u00f3n ter\u00eda que estar aprobado o 5% do PXOM\u201d. Os populares lembran que \u201cneste momento a pelota est\u00e1 no tellado do concello que leva m\u00e1is de d\u00faas d\u00e9cadas para corrixir a documentaci\u00f3n e que, por en\u00e9sima vez, se lle explicou na \u00faltima reuni\u00f3n de traballo que mantiveron coa Xunta hai dous meses\u201d.<\/p>\n<p>Os populares tam\u00e9n puxeron de manifesto a \u201cpouca fiabilidade e credibilidade que ten Lara M\u00e9ndez\u201d e ainda que agradecen que rectifique, polo ben dos lucenses, cren que os lucenses non merecen ter unha rexedora que cambia de criterio simplemente para ga\u00f1ar unha foto que lle dea publicidade. \u201cEn menos dunha semana a alcaldesa, facendo un S\u00e1nchez en toda regra, desd\u00edxose con tres asuntos: \u201cdando a raz\u00f3n ao PP na demanda de instalar c\u00e1maras no leiraparking e futuras zonas para aparcar no entorno do HULA; enviando unha carta aos empresarios para darlle, agora, contido \u00e1s pantallas que custaron m\u00e1is de 50.000 \u20ac que levaban un ano para facer autopromoci\u00f3n da alcaldesa e tomando a decisi\u00f3n, tras sete anos, de retirar as m\u00e1quinas da ORA.<\/p>\n","protected":false},"excerpt":{"rendered":"<p>Antonio Ameijide: \u201cel anuncio de ayer es un brindis al sol y una nueva pu\u00f1alada de la alcaldesa a su socio de gobierno\u201d aclarando que \u201ccon esta maniobra Lara M\u00e9ndez&#8230;<\/p>\n","protected":false},"author":2,"featured_media":14257,"comment_status":"open","ping_status":"closed","sticky":false,"template":"","format":"standard","meta":{"footnotes":""},"categories":[32],"tags":[],"class_list":{"0":"post-17547","1":"post","2":"type-post","3":"status-publish","4":"format-standard","5":"has-post-thumbnail","7":"category-infraestructuras-es"},"yoast_head":"<!-- This site is optimized with the Yoast SEO plugin v27.4 - https:\/\/yoast.com\/product\/yoast-seo-wordpress\/ -->\n<title>El PP dice que el leiraparking no se asfaltar\u00e1 antes de que acabe el mandato por la incapacidad de M\u00e9ndez de aprobar el 5% del PGOM - Grupo Municipal Partido Popular de Lugo<\/title>\n<meta name=\"robots\" content=\"index, follow, max-snippet:-1, max-image-preview:large, max-video-preview:-1\" \/>\n<link rel=\"canonical\" href=\"https:\/\/www.ppdelugo.com\/es\/o-pp-di-que-o-leiraparking-non-se-asfaltara-antes-de-que-acabe-o-mandato-pola-incapacidade-de-mendez-de-aprobar-o-5-do-pxom\/\" \/>\n<meta property=\"og:locale\" content=\"es_ES\" \/>\n<meta property=\"og:type\" content=\"article\" \/>\n<meta property=\"og:title\" content=\"El PP dice que el leiraparking no se asfaltar\u00e1 antes de que acabe el mandato por la incapacidad de M\u00e9ndez de aprobar el 5% del PGOM - Grupo Municipal Partido Popular de Lugo\" \/>\n<meta property=\"og:description\" content=\"Antonio Ameijide: \u201cel anuncio de ayer es un brindis al sol y una nueva pu\u00f1alada de la alcaldesa a su socio de gobierno\u201d aclarando que \u201ccon esta maniobra Lara M\u00e9ndez...\" \/>\n<meta property=\"og:url\" content=\"https:\/\/www.ppdelugo.com\/es\/o-pp-di-que-o-leiraparking-non-se-asfaltara-antes-de-que-acabe-o-mandato-pola-incapacidade-de-mendez-de-aprobar-o-5-do-pxom\/\" \/>\n<meta property=\"og:site_name\" content=\"Grupo Municipal Partido Popular de Lugo\" \/>\n<meta property=\"article:published_time\" content=\"2022-03-18T12:40:45+00:00\" \/>\n<meta property=\"article:modified_time\" content=\"2022-03-18T12:41:31+00:00\" \/>\n<meta property=\"og:image\" content=\"https:\/\/www.ppdelugo.com\/wp-content\/uploads\/2021\/01\/Leiraparking-baches-min-scaled.jpg\" \/>\n\t<meta property=\"og:image:width\" content=\"2560\" \/>\n\t<meta property=\"og:image:height\" content=\"1920\" \/>\n\t<meta property=\"og:image:type\" content=\"image\/jpeg\" \/>\n<meta name=\"author\" content=\"PP\" \/>\n<meta name=\"twitter:card\" content=\"summary_large_image\" \/>\n<meta name=\"twitter:label1\" content=\"Escrito por\" \/>\n\t<meta name=\"twitter:data1\" content=\"PP\" \/>\n\t<meta name=\"twitter:label2\" content=\"Tiempo de lectura\" \/>\n\t<meta name=\"twitter:data2\" content=\"2 minutos\" \/>\n<script type=\"application\/ld+json\" class=\"yoast-schema-graph\">{\"@context\":\"https:\\\/\\\/schema.org\",\"@graph\":[{\"@type\":\"Article\",\"@id\":\"https:\\\/\\\/www.ppdelugo.com\\\/es\\\/o-pp-di-que-o-leiraparking-non-se-asfaltara-antes-de-que-acabe-o-mandato-pola-incapacidade-de-mendez-de-aprobar-o-5-do-pxom\\\/#article\",\"isPartOf\":{\"@id\":\"https:\\\/\\\/www.ppdelugo.com\\\/es\\\/o-pp-di-que-o-leiraparking-non-se-asfaltara-antes-de-que-acabe-o-mandato-pola-incapacidade-de-mendez-de-aprobar-o-5-do-pxom\\\/\"},\"author\":{\"name\":\"PP\",\"@id\":\"https:\\\/\\\/www.ppdelugo.com\\\/es\\\/#\\\/schema\\\/person\\\/a847ea797b54208d374f6a8953571050\"},\"headline\":\"El PP dice que el leiraparking no se asfaltar\u00e1 antes de que acabe el mandato por la incapacidad de M\u00e9ndez de aprobar el 5% del PGOM\",\"datePublished\":\"2022-03-18T12:40:45+00:00\",\"dateModified\":\"2022-03-18T12:41:31+00:00\",\"mainEntityOfPage\":{\"@id\":\"https:\\\/\\\/www.ppdelugo.com\\\/es\\\/o-pp-di-que-o-leiraparking-non-se-asfaltara-antes-de-que-acabe-o-mandato-pola-incapacidade-de-mendez-de-aprobar-o-5-do-pxom\\\/\"},\"wordCount\":366,\"commentCount\":0,\"image\":{\"@id\":\"https:\\\/\\\/www.ppdelugo.com\\\/es\\\/o-pp-di-que-o-leiraparking-non-se-asfaltara-antes-de-que-acabe-o-mandato-pola-incapacidade-de-mendez-de-aprobar-o-5-do-pxom\\\/#primaryimage\"},\"thumbnailUrl\":\"https:\\\/\\\/www.ppdelugo.com\\\/wp-content\\\/uploads\\\/2021\\\/01\\\/Leiraparking-baches-min-scaled.jpg\",\"articleSection\":[\"Infraestructuras\"],\"inLanguage\":\"es\",\"potentialAction\":[{\"@type\":\"CommentAction\",\"name\":\"Comment\",\"target\":[\"https:\\\/\\\/www.ppdelugo.com\\\/es\\\/o-pp-di-que-o-leiraparking-non-se-asfaltara-antes-de-que-acabe-o-mandato-pola-incapacidade-de-mendez-de-aprobar-o-5-do-pxom\\\/#respond\"]}]},{\"@type\":\"WebPage\",\"@id\":\"https:\\\/\\\/www.ppdelugo.com\\\/es\\\/o-pp-di-que-o-leiraparking-non-se-asfaltara-antes-de-que-acabe-o-mandato-pola-incapacidade-de-mendez-de-aprobar-o-5-do-pxom\\\/\",\"url\":\"https:\\\/\\\/www.ppdelugo.com\\\/es\\\/o-pp-di-que-o-leiraparking-non-se-asfaltara-antes-de-que-acabe-o-mandato-pola-incapacidade-de-mendez-de-aprobar-o-5-do-pxom\\\/\",\"name\":\"El PP dice que el leiraparking no se asfaltar\u00e1 antes de que acabe el mandato por la incapacidad de M\u00e9ndez de aprobar el 5% del PGOM - Grupo Municipal Partido Popular de Lugo\",\"isPartOf\":{\"@id\":\"https:\\\/\\\/www.ppdelugo.com\\\/es\\\/#website\"},\"primaryImageOfPage\":{\"@id\":\"https:\\\/\\\/www.ppdelugo.com\\\/es\\\/o-pp-di-que-o-leiraparking-non-se-asfaltara-antes-de-que-acabe-o-mandato-pola-incapacidade-de-mendez-de-aprobar-o-5-do-pxom\\\/#primaryimage\"},\"image\":{\"@id\":\"https:\\\/\\\/www.ppdelugo.com\\\/es\\\/o-pp-di-que-o-leiraparking-non-se-asfaltara-antes-de-que-acabe-o-mandato-pola-incapacidade-de-mendez-de-aprobar-o-5-do-pxom\\\/#primaryimage\"},\"thumbnailUrl\":\"https:\\\/\\\/www.ppdelugo.com\\\/wp-content\\\/uploads\\\/2021\\\/01\\\/Leiraparking-baches-min-scaled.jpg\",\"datePublished\":\"2022-03-18T12:40:45+00:00\",\"dateModified\":\"2022-03-18T12:41:31+00:00\",\"author\":{\"@id\":\"https:\\\/\\\/www.ppdelugo.com\\\/es\\\/#\\\/schema\\\/person\\\/a847ea797b54208d374f6a8953571050\"},\"breadcrumb\":{\"@id\":\"https:\\\/\\\/www.ppdelugo.com\\\/es\\\/o-pp-di-que-o-leiraparking-non-se-asfaltara-antes-de-que-acabe-o-mandato-pola-incapacidade-de-mendez-de-aprobar-o-5-do-pxom\\\/#breadcrumb\"},\"inLanguage\":\"es\",\"potentialAction\":[{\"@type\":\"ReadAction\",\"target\":[\"https:\\\/\\\/www.ppdelugo.com\\\/es\\\/o-pp-di-que-o-leiraparking-non-se-asfaltara-antes-de-que-acabe-o-mandato-pola-incapacidade-de-mendez-de-aprobar-o-5-do-pxom\\\/\"]}]},{\"@type\":\"ImageObject\",\"inLanguage\":\"es\",\"@id\":\"https:\\\/\\\/www.ppdelugo.com\\\/es\\\/o-pp-di-que-o-leiraparking-non-se-asfaltara-antes-de-que-acabe-o-mandato-pola-incapacidade-de-mendez-de-aprobar-o-5-do-pxom\\\/#primaryimage\",\"url\":\"https:\\\/\\\/www.ppdelugo.com\\\/wp-content\\\/uploads\\\/2021\\\/01\\\/Leiraparking-baches-min-scaled.jpg\",\"contentUrl\":\"https:\\\/\\\/www.ppdelugo.com\\\/wp-content\\\/uploads\\\/2021\\\/01\\\/Leiraparking-baches-min-scaled.jpg\",\"width\":2560,\"height\":1920},{\"@type\":\"BreadcrumbList\",\"@id\":\"https:\\\/\\\/www.ppdelugo.com\\\/es\\\/o-pp-di-que-o-leiraparking-non-se-asfaltara-antes-de-que-acabe-o-mandato-pola-incapacidade-de-mendez-de-aprobar-o-5-do-pxom\\\/#breadcrumb\",\"itemListElement\":[{\"@type\":\"ListItem\",\"position\":1,\"name\":\"Portada\",\"item\":\"https:\\\/\\\/www.ppdelugo.com\\\/es\\\/\"},{\"@type\":\"ListItem\",\"position\":2,\"name\":\"El PP dice que el leiraparking no se asfaltar\u00e1 antes de que acabe el mandato por la incapacidad de M\u00e9ndez de aprobar el 5% del PGOM\"}]},{\"@type\":\"WebSite\",\"@id\":\"https:\\\/\\\/www.ppdelugo.com\\\/es\\\/#website\",\"url\":\"https:\\\/\\\/www.ppdelugo.com\\\/es\\\/\",\"name\":\"Grupo Municipal Partido Popular de Lugo\",\"description\":\"Web del Grupo Municipal del Partido Popular en el Ayuntamiento de Lugo, con informaci\u00f3n sobre Lugo y fomento de la participaci\u00f3n ciudadana\",\"potentialAction\":[{\"@type\":\"SearchAction\",\"target\":{\"@type\":\"EntryPoint\",\"urlTemplate\":\"https:\\\/\\\/www.ppdelugo.com\\\/es\\\/?s={search_term_string}\"},\"query-input\":{\"@type\":\"PropertyValueSpecification\",\"valueRequired\":true,\"valueName\":\"search_term_string\"}}],\"inLanguage\":\"es\"},{\"@type\":\"Person\",\"@id\":\"https:\\\/\\\/www.ppdelugo.com\\\/es\\\/#\\\/schema\\\/person\\\/a847ea797b54208d374f6a8953571050\",\"name\":\"PP\",\"url\":\"https:\\\/\\\/www.ppdelugo.com\\\/es\\\/author\\\/ppdelugo\\\/\"}]}<\/script>\n<!-- \/ Yoast SEO plugin. -->","yoast_head_json":{"title":"El PP dice que el leiraparking no se asfaltar\u00e1 antes de que acabe el mandato por la incapacidad de M\u00e9ndez de aprobar el 5% del PGOM - Grupo Municipal Partido Popular de Lugo","robots":{"index":"index","follow":"follow","max-snippet":"max-snippet:-1","max-image-preview":"max-image-preview:large","max-video-preview":"max-video-preview:-1"},"canonical":"https:\/\/www.ppdelugo.com\/es\/o-pp-di-que-o-leiraparking-non-se-asfaltara-antes-de-que-acabe-o-mandato-pola-incapacidade-de-mendez-de-aprobar-o-5-do-pxom\/","og_locale":"es_ES","og_type":"article","og_title":"El PP dice que el leiraparking no se asfaltar\u00e1 antes de que acabe el mandato por la incapacidad de M\u00e9ndez de aprobar el 5% del PGOM - Grupo Municipal Partido Popular de Lugo","og_description":"Antonio Ameijide: \u201cel anuncio de ayer es un brindis al sol y una nueva pu\u00f1alada de la alcaldesa a su socio de gobierno\u201d aclarando que \u201ccon esta maniobra Lara M\u00e9ndez...","og_url":"https:\/\/www.ppdelugo.com\/es\/o-pp-di-que-o-leiraparking-non-se-asfaltara-antes-de-que-acabe-o-mandato-pola-incapacidade-de-mendez-de-aprobar-o-5-do-pxom\/","og_site_name":"Grupo Municipal Partido Popular de Lugo","article_published_time":"2022-03-18T12:40:45+00:00","article_modified_time":"2022-03-18T12:41:31+00:00","og_image":[{"width":2560,"height":1920,"url":"https:\/\/www.ppdelugo.com\/wp-content\/uploads\/2021\/01\/Leiraparking-baches-min-scaled.jpg","type":"image\/jpeg"}],"author":"PP","twitter_card":"summary_large_image","twitter_misc":{"Escrito por":"PP","Tiempo de lectura":"2 minutos"},"schema":{"@context":"https:\/\/schema.org","@graph":[{"@type":"Article","@id":"https:\/\/www.ppdelugo.com\/es\/o-pp-di-que-o-leiraparking-non-se-asfaltara-antes-de-que-acabe-o-mandato-pola-incapacidade-de-mendez-de-aprobar-o-5-do-pxom\/#article","isPartOf":{"@id":"https:\/\/www.ppdelugo.com\/es\/o-pp-di-que-o-leiraparking-non-se-asfaltara-antes-de-que-acabe-o-mandato-pola-incapacidade-de-mendez-de-aprobar-o-5-do-pxom\/"},"author":{"name":"PP","@id":"https:\/\/www.ppdelugo.com\/es\/#\/schema\/person\/a847ea797b54208d374f6a8953571050"},"headline":"El PP dice que el leiraparking no se asfaltar\u00e1 antes de que acabe el mandato por la incapacidad de M\u00e9ndez de aprobar el 5% del PGOM","datePublished":"2022-03-18T12:40:45+00:00","dateModified":"2022-03-18T12:41:31+00:00","mainEntityOfPage":{"@id":"https:\/\/www.ppdelugo.com\/es\/o-pp-di-que-o-leiraparking-non-se-asfaltara-antes-de-que-acabe-o-mandato-pola-incapacidade-de-mendez-de-aprobar-o-5-do-pxom\/"},"wordCount":366,"commentCount":0,"image":{"@id":"https:\/\/www.ppdelugo.com\/es\/o-pp-di-que-o-leiraparking-non-se-asfaltara-antes-de-que-acabe-o-mandato-pola-incapacidade-de-mendez-de-aprobar-o-5-do-pxom\/#primaryimage"},"thumbnailUrl":"https:\/\/www.ppdelugo.com\/wp-content\/uploads\/2021\/01\/Leiraparking-baches-min-scaled.jpg","articleSection":["Infraestructuras"],"inLanguage":"es","potentialAction":[{"@type":"CommentAction","name":"Comment","target":["https:\/\/www.ppdelugo.com\/es\/o-pp-di-que-o-leiraparking-non-se-asfaltara-antes-de-que-acabe-o-mandato-pola-incapacidade-de-mendez-de-aprobar-o-5-do-pxom\/#respond"]}]},{"@type":"WebPage","@id":"https:\/\/www.ppdelugo.com\/es\/o-pp-di-que-o-leiraparking-non-se-asfaltara-antes-de-que-acabe-o-mandato-pola-incapacidade-de-mendez-de-aprobar-o-5-do-pxom\/","url":"https:\/\/www.ppdelugo.com\/es\/o-pp-di-que-o-leiraparking-non-se-asfaltara-antes-de-que-acabe-o-mandato-pola-incapacidade-de-mendez-de-aprobar-o-5-do-pxom\/","name":"El PP dice que el leiraparking no se asfaltar\u00e1 antes de que acabe el mandato por la incapacidad de M\u00e9ndez de aprobar el 5% del PGOM - Grupo Municipal Partido Popular de Lugo","isPartOf":{"@id":"https:\/\/www.ppdelugo.com\/es\/#website"},"primaryImageOfPage":{"@id":"https:\/\/www.ppdelugo.com\/es\/o-pp-di-que-o-leiraparking-non-se-asfaltara-antes-de-que-acabe-o-mandato-pola-incapacidade-de-mendez-de-aprobar-o-5-do-pxom\/#primaryimage"},"image":{"@id":"https:\/\/www.ppdelugo.com\/es\/o-pp-di-que-o-leiraparking-non-se-asfaltara-antes-de-que-acabe-o-mandato-pola-incapacidade-de-mendez-de-aprobar-o-5-do-pxom\/#primaryimage"},"thumbnailUrl":"https:\/\/www.ppdelugo.com\/wp-content\/uploads\/2021\/01\/Leiraparking-baches-min-scaled.jpg","datePublished":"2022-03-18T12:40:45+00:00","dateModified":"2022-03-18T12:41:31+00:00","author":{"@id":"https:\/\/www.ppdelugo.com\/es\/#\/schema\/person\/a847ea797b54208d374f6a8953571050"},"breadcrumb":{"@id":"https:\/\/www.ppdelugo.com\/es\/o-pp-di-que-o-leiraparking-non-se-asfaltara-antes-de-que-acabe-o-mandato-pola-incapacidade-de-mendez-de-aprobar-o-5-do-pxom\/#breadcrumb"},"inLanguage":"es","potentialAction":[{"@type":"ReadAction","target":["https:\/\/www.ppdelugo.com\/es\/o-pp-di-que-o-leiraparking-non-se-asfaltara-antes-de-que-acabe-o-mandato-pola-incapacidade-de-mendez-de-aprobar-o-5-do-pxom\/"]}]},{"@type":"ImageObject","inLanguage":"es","@id":"https:\/\/www.ppdelugo.com\/es\/o-pp-di-que-o-leiraparking-non-se-asfaltara-antes-de-que-acabe-o-mandato-pola-incapacidade-de-mendez-de-aprobar-o-5-do-pxom\/#primaryimage","url":"https:\/\/www.ppdelugo.com\/wp-content\/uploads\/2021\/01\/Leiraparking-baches-min-scaled.jpg","contentUrl":"https:\/\/www.ppdelugo.com\/wp-content\/uploads\/2021\/01\/Leiraparking-baches-min-scaled.jpg","width":2560,"height":1920},{"@type":"BreadcrumbList","@id":"https:\/\/www.ppdelugo.com\/es\/o-pp-di-que-o-leiraparking-non-se-asfaltara-antes-de-que-acabe-o-mandato-pola-incapacidade-de-mendez-de-aprobar-o-5-do-pxom\/#breadcrumb","itemListElement":[{"@type":"ListItem","position":1,"name":"Portada","item":"https:\/\/www.ppdelugo.com\/es\/"},{"@type":"ListItem","position":2,"name":"El PP dice que el leiraparking no se asfaltar\u00e1 antes de que acabe el mandato por la incapacidad de M\u00e9ndez de aprobar el 5% del PGOM"}]},{"@type":"WebSite","@id":"https:\/\/www.ppdelugo.com\/es\/#website","url":"https:\/\/www.ppdelugo.com\/es\/","name":"Grupo Municipal Partido Popular de Lugo","description":"Web del Grupo Municipal del Partido Popular en el Ayuntamiento de Lugo, con informaci\u00f3n sobre Lugo y fomento de la participaci\u00f3n ciudadana","potentialAction":[{"@type":"SearchAction","target":{"@type":"EntryPoint","urlTemplate":"https:\/\/www.ppdelugo.com\/es\/?s={search_term_string}"},"query-input":{"@type":"PropertyValueSpecification","valueRequired":true,"valueName":"search_term_string"}}],"inLanguage":"es"},{"@type":"Person","@id":"https:\/\/www.ppdelugo.com\/es\/#\/schema\/person\/a847ea797b54208d374f6a8953571050","name":"PP","url":"https:\/\/www.ppdelugo.com\/es\/author\/ppdelugo\/"}]}},"_links":{"self":[{"href":"https:\/\/www.ppdelugo.com\/es\/wp-json\/wp\/v2\/posts\/17547","targetHints":{"allow":["GET"]}}],"collection":[{"href":"https:\/\/www.ppdelugo.com\/es\/wp-json\/wp\/v2\/posts"}],"about":[{"href":"https:\/\/www.ppdelugo.com\/es\/wp-json\/wp\/v2\/types\/post"}],"author":[{"embeddable":true,"href":"https:\/\/www.ppdelugo.com\/es\/wp-json\/wp\/v2\/users\/2"}],"replies":[{"embeddable":true,"href":"https:\/\/www.ppdelugo.com\/es\/wp-json\/wp\/v2\/comments?post=17547"}],"version-history":[{"count":2,"href":"https:\/\/www.ppdelugo.com\/es\/wp-json\/wp\/v2\/posts\/17547\/revisions"}],"predecessor-version":[{"id":17549,"href":"https:\/\/www.ppdelugo.com\/es\/wp-json\/wp\/v2\/posts\/17547\/revisions\/17549"}],"wp:featuredmedia":[{"embeddable":true,"href":"https:\/\/www.ppdelugo.com\/es\/wp-json\/wp\/v2\/media\/14257"}],"wp:attachment":[{"href":"https:\/\/www.ppdelugo.com\/es\/wp-json\/wp\/v2\/media?parent=17547"}],"wp:term":[{"taxonomy":"category","embeddable":true,"href":"https:\/\/www.ppdelugo.com\/es\/wp-json\/wp\/v2\/categories?post=17547"},{"taxonomy":"post_tag","embeddable":true,"href":"https:\/\/www.ppdelugo.com\/es\/wp-json\/wp\/v2\/tags?post=17547"}],"curies":[{"name":"wp","href":"https:\/\/api.w.org\/{rel}","templated":true}]}}