{"id":17403,"date":"2022-03-03T12:08:16","date_gmt":"2022-03-03T12:08:16","guid":{"rendered":"https:\/\/www.ppdelugo.com\/o-pp-faise-eco-de-varios-videos-de-vecinos-de-lopez-guntin-e-dona-urraca-nos-que-se-ve-como-a-auga-da-choiva-desfai-a-pintura-do-carril-bici-de-lara-mendez\/"},"modified":"2022-03-03T12:10:00","modified_gmt":"2022-03-03T12:10:00","slug":"o-pp-faise-eco-de-varios-videos-de-vecinos-de-lopez-guntin-e-dona-urraca-nos-que-se-ve-como-a-auga-da-choiva-desfai-a-pintura-do-carril-bici-de-lara-mendez","status":"publish","type":"post","link":"https:\/\/www.ppdelugo.com\/es\/o-pp-faise-eco-de-varios-videos-de-vecinos-de-lopez-guntin-e-dona-urraca-nos-que-se-ve-como-a-auga-da-choiva-desfai-a-pintura-do-carril-bici-de-lara-mendez\/","title":{"rendered":"El PP se hace eco de varios v\u00eddeos de vecinos de L\u00f3pez Gunt\u00edn y Do\u00f1a Urraca en los que se ve como el agua de la lluvia deshace la pintura del carril bici de Lara M\u00e9ndez"},"content":{"rendered":"[vc_row type=\u00bbin_container\u00bb full_screen_row_position=\u00bbmiddle\u00bb column_margin=\u00bbdefault\u00bb column_direction=\u00bbdefault\u00bb column_direction_tablet=\u00bbdefault\u00bb column_direction_phone=\u00bbdefault\u00bb scene_position=\u00bbcenter\u00bb text_color=\u00bbdark\u00bb text_align=\u00bbleft\u00bb row_border_radius=\u00bbnone\u00bb row_border_radius_applies=\u00bbbg\u00bb overlay_strength=\u00bb0.3&#8243; gradient_direction=\u00bbleft_to_right\u00bb shape_divider_position=\u00bbbottom\u00bb bg_image_animation=\u00bbnone\u00bb][vc_column column_padding=\u00bbno-extra-padding\u00bb column_padding_tablet=\u00bbinherit\u00bb column_padding_phone=\u00bbinherit\u00bb column_padding_position=\u00bball\u00bb background_color_opacity=\u00bb1&#8243; background_hover_color_opacity=\u00bb1&#8243; column_shadow=\u00bbnone\u00bb column_border_radius=\u00bbnone\u00bb column_link_target=\u00bb_self\u00bb gradient_direction=\u00bbleft_to_right\u00bb overlay_strength=\u00bb0.3&#8243; width=\u00bb1\/1&#8243; tablet_width_inherit=\u00bbdefault\u00bb tablet_text_alignment=\u00bbdefault\u00bb phone_text_alignment=\u00bbdefault\u00bb column_border_width=\u00bbnone\u00bb column_border_style=\u00bbsolid\u00bb bg_image_animation=\u00bbnone\u00bb][vc_column_text]Antonio Ameijide se\u00f1ala que los vecinos de las calles L\u00f3pez Gunt\u00edn y Do\u00f1a Urraca enviaron a los populares varios v\u00eddeos en los que se ve como la pintura del carril se deshace al entrar en contacto con el agua de la lluvia, una situaci\u00f3n que pone en riesgo a seguridad de los posibles usuarios de esta infraestructura<\/p>\n<p><!--more--><\/p>\n<p><iframe loading=\"lazy\" title=\"La pintura del carril bici de Lugo se deshace con el agua de la lluvia en  Pintor L\u00f3pez Gunt\u00edn\" width=\"1080\" height=\"608\" src=\"https:\/\/www.youtube.com\/embed\/sHgSOUrasPs?feature=oembed\" frameborder=\"0\" allow=\"accelerometer; autoplay; clipboard-write; encrypted-media; gyroscope; picture-in-picture\" allowfullscreen><\/iframe><\/p>\n<p>&nbsp;<\/p>\n<p>A chapuza do carril bici segue a xerar queixas entre os veci\u00f1os de Lugo, a \u00faltima, unha situaci\u00f3n case incrible, xa que nas r\u00faas L\u00f3pez Gunt\u00edn e Dona Urraca a pintura est\u00e1 a desfacerse coa auga da chuvia.<\/p>\n<p>Explica Antonio Ameijide que nuns v\u00eddeos que enviaron veci\u00f1os destas r\u00faas p\u00f3dese ver como a pintura desfaise ao entrar en contacto coa auga da choiva, \u201cunha chapuza m\u00e1is co selo de Lara M\u00e9ndez e con fondos europeos\u201d. \u201cQue clase de pintura est\u00e1n a empregar en v\u00edas p\u00fablicas para que se desfaga con auga?\u201d, pregunta.<\/p>\n<p>Para os concelleiros populares a obra do carril bici est\u00e1 chegando a un punto case dantesco. \u201cA chapuza \u00e9 de magnitudes \u00e9picas. Hai tempo que o levamos denunciando e pese a que o goberno local tente lavar a cara, queda claro que o fracaso \u00e9 estrepitoso\u201d, sinalan.<\/p>\n<p>Antonio Ameijide pon outro exemplo da chapuza do carril bici. Hai poucos d\u00edas unha persoa explicou ao vicevoceiro popular que despois de realizar unha sa\u00edda en bici de carretera aproveitou para regresar a s\u00faa casa polo carril bici \u201cpara ver como era\u201d e a s\u00faa sorpresa foi que cando chegou ao seu domicilio comprobou como ti\u00f1a as rodas cubertas da pintura verde do carril bici.<\/p>\n<p>A realidade \u00e9 que carril bici \u00e9 o proxecto m\u00e1is criticado pola cidadan\u00eda nos \u00faltimos anos, xa que lonxe de ser \u00fatil para todos os lucenses o que provoca \u00e9 dificultar a mobilidade e destru\u00edr centos de prazas de aparcamento nun \u00fanico barrio.<\/p>\n<p>Unha situaci\u00f3n ante a que Antonio Ameijide pregunta a Lara M\u00e9ndez por que acorda a apertura de prazas de aparcamento na Ronda da Muralla, unha zona na que o BNG acometeu hai pouco a peonalizaci\u00f3n dun treito desta v\u00eda, pero nunha zona, como A Residencia, na que as \u00e1reas do PSOE eliminaron preto de 500 prazas de estacionamento non fai nada por repo\u00f1er no barrio esas prazas que destru\u00edu. \u201cQueda claro que a \u00fanica obsesi\u00f3n da alcaldesa \u00e9 confrontar cos seus socios de goberno e que non se preocupa polos problemas dos lucenses nin de solucionar os que ela mesma creou\u201d, afirma.<\/p>\n<p>Dende o Partido Popular recordan que o fracaso do carril bici quedou patente hai poucos d\u00edas candos e fixo p\u00fablico un v\u00eddeo no que se comprobou como durante 15 horas s\u00f3 pasaron polo carril bici da Ronda do Carme dous afeccionados \u00e1 bicicleta.<\/p>\n<p>O vicevoceiro popular sinala que chegados a este punto, Lara M\u00e9ndez deber\u00eda de reflexionar xa que est\u00e1 a dilapidar case 1.5M\u20ac de todos os lucenses para facer \u201co seu propio carril bici\u201d. Neste senso, desde o PP reiteran que est\u00e1n a favor dos carr\u00eds bici, pero sempre ben expostos, consensuados, con estudos de afectaci\u00f3n ao tr\u00e1fico e que non supo\u00f1an a destruci\u00f3n de centos de prazas de aparcamento.[\/vc_column_text][\/vc_column][\/vc_row]\n","protected":false},"excerpt":{"rendered":"<p>[vc_row type=\u00bbin_container\u00bb full_screen_row_position=\u00bbmiddle\u00bb column_margin=\u00bbdefault\u00bb column_direction=\u00bbdefault\u00bb column_direction_tablet=\u00bbdefault\u00bb column_direction_phone=\u00bbdefault\u00bb scene_position=\u00bbcenter\u00bb text_color=\u00bbdark\u00bb text_align=\u00bbleft\u00bb row_border_radius=\u00bbnone\u00bb row_border_radius_applies=\u00bbbg\u00bb overlay_strength=\u00bb0.3&#8243; gradient_direction=\u00bbleft_to_right\u00bb shape_divider_position=\u00bbbottom\u00bb bg_image_animation=\u00bbnone\u00bb][vc_column column_padding=\u00bbno-extra-padding\u00bb column_padding_tablet=\u00bbinherit\u00bb column_padding_phone=\u00bbinherit\u00bb column_padding_position=\u00bball\u00bb background_color_opacity=\u00bb1&#8243; background_hover_color_opacity=\u00bb1&#8243; column_shadow=\u00bbnone\u00bb column_border_radius=\u00bbnone\u00bb column_link_target=\u00bb_self\u00bb gradient_direction=\u00bbleft_to_right\u00bb overlay_strength=\u00bb0.3&#8243; width=\u00bb1\/1&#8243; tablet_width_inherit=\u00bbdefault\u00bb tablet_text_alignment=\u00bbdefault\u00bb&#8230;<\/p>\n","protected":false},"author":2,"featured_media":17271,"comment_status":"open","ping_status":"closed","sticky":false,"template":"","format":"video","meta":{"footnotes":""},"categories":[32,135],"tags":[],"class_list":{"0":"post-17403","1":"post","2":"type-post","3":"status-publish","4":"format-video","5":"has-post-thumbnail","7":"category-infraestructuras-es","8":"category-video-es","9":"post_format-post-format-video"},"yoast_head":"<!-- This site is optimized with the Yoast SEO plugin v27.4 - https:\/\/yoast.com\/product\/yoast-seo-wordpress\/ -->\n<title>El PP se hace eco de varios v\u00eddeos de vecinos de L\u00f3pez Gunt\u00edn y Do\u00f1a Urraca en los que se ve como el agua de la lluvia deshace la pintura del carril bici de Lara M\u00e9ndez - Grupo Municipal Partido Popular de Lugo<\/title>\n<meta name=\"robots\" content=\"index, follow, max-snippet:-1, max-image-preview:large, max-video-preview:-1\" \/>\n<link rel=\"canonical\" href=\"https:\/\/www.ppdelugo.com\/es\/o-pp-faise-eco-de-varios-videos-de-vecinos-de-lopez-guntin-e-dona-urraca-nos-que-se-ve-como-a-auga-da-choiva-desfai-a-pintura-do-carril-bici-de-lara-mendez\/\" \/>\n<meta property=\"og:locale\" content=\"es_ES\" \/>\n<meta property=\"og:type\" content=\"article\" \/>\n<meta property=\"og:title\" content=\"El PP se hace eco de varios v\u00eddeos de vecinos de L\u00f3pez Gunt\u00edn y Do\u00f1a Urraca en los que se ve como el agua de la lluvia deshace la pintura del carril bici de Lara M\u00e9ndez - Grupo Municipal Partido Popular de Lugo\" \/>\n<meta property=\"og:description\" content=\"[vc_row type=\u00bbin_container\u00bb full_screen_row_position=\u00bbmiddle\u00bb column_margin=\u00bbdefault\u00bb column_direction=\u00bbdefault\u00bb column_direction_tablet=\u00bbdefault\u00bb column_direction_phone=\u00bbdefault\u00bb scene_position=\u00bbcenter\u00bb text_color=\u00bbdark\u00bb text_align=\u00bbleft\u00bb row_border_radius=\u00bbnone\u00bb row_border_radius_applies=\u00bbbg\u00bb overlay_strength=\u00bb0.3&#8243; gradient_direction=\u00bbleft_to_right\u00bb shape_divider_position=\u00bbbottom\u00bb bg_image_animation=\u00bbnone\u00bb][vc_column column_padding=\u00bbno-extra-padding\u00bb column_padding_tablet=\u00bbinherit\u00bb column_padding_phone=\u00bbinherit\u00bb column_padding_position=\u00bball\u00bb background_color_opacity=\u00bb1&#8243; background_hover_color_opacity=\u00bb1&#8243; column_shadow=\u00bbnone\u00bb column_border_radius=\u00bbnone\u00bb column_link_target=\u00bb_self\u00bb gradient_direction=\u00bbleft_to_right\u00bb overlay_strength=\u00bb0.3&#8243; width=\u00bb1\/1&#8243; tablet_width_inherit=\u00bbdefault\u00bb tablet_text_alignment=\u00bbdefault\u00bb...\" \/>\n<meta property=\"og:url\" content=\"https:\/\/www.ppdelugo.com\/es\/o-pp-faise-eco-de-varios-videos-de-vecinos-de-lopez-guntin-e-dona-urraca-nos-que-se-ve-como-a-auga-da-choiva-desfai-a-pintura-do-carril-bici-de-lara-mendez\/\" \/>\n<meta property=\"og:site_name\" content=\"Grupo Municipal Partido Popular de Lugo\" \/>\n<meta property=\"article:published_time\" content=\"2022-03-03T12:08:16+00:00\" \/>\n<meta property=\"article:modified_time\" content=\"2022-03-03T12:10:00+00:00\" \/>\n<meta property=\"og:image\" content=\"https:\/\/www.ppdelugo.com\/wp-content\/uploads\/2022\/02\/Remate-Carril-Bici-Dona-Urraca-min-scaled.jpg\" \/>\n\t<meta property=\"og:image:width\" content=\"2560\" \/>\n\t<meta property=\"og:image:height\" content=\"1920\" \/>\n\t<meta property=\"og:image:type\" content=\"image\/jpeg\" \/>\n<meta name=\"author\" content=\"PP\" \/>\n<meta name=\"twitter:card\" content=\"summary_large_image\" \/>\n<meta name=\"twitter:label1\" content=\"Escrito por\" \/>\n\t<meta name=\"twitter:data1\" content=\"PP\" \/>\n\t<meta name=\"twitter:label2\" content=\"Tiempo de lectura\" \/>\n\t<meta name=\"twitter:data2\" content=\"4 minutos\" \/>\n<script type=\"application\/ld+json\" class=\"yoast-schema-graph\">{\"@context\":\"https:\\\/\\\/schema.org\",\"@graph\":[{\"@type\":\"Article\",\"@id\":\"https:\\\/\\\/www.ppdelugo.com\\\/es\\\/o-pp-faise-eco-de-varios-videos-de-vecinos-de-lopez-guntin-e-dona-urraca-nos-que-se-ve-como-a-auga-da-choiva-desfai-a-pintura-do-carril-bici-de-lara-mendez\\\/#article\",\"isPartOf\":{\"@id\":\"https:\\\/\\\/www.ppdelugo.com\\\/es\\\/o-pp-faise-eco-de-varios-videos-de-vecinos-de-lopez-guntin-e-dona-urraca-nos-que-se-ve-como-a-auga-da-choiva-desfai-a-pintura-do-carril-bici-de-lara-mendez\\\/\"},\"author\":{\"name\":\"PP\",\"@id\":\"https:\\\/\\\/www.ppdelugo.com\\\/es\\\/#\\\/schema\\\/person\\\/a847ea797b54208d374f6a8953571050\"},\"headline\":\"El PP se hace eco de varios v\u00eddeos de vecinos de L\u00f3pez Gunt\u00edn y Do\u00f1a Urraca en los que se ve como el agua de la lluvia deshace la pintura del carril bici de Lara M\u00e9ndez\",\"datePublished\":\"2022-03-03T12:08:16+00:00\",\"dateModified\":\"2022-03-03T12:10:00+00:00\",\"mainEntityOfPage\":{\"@id\":\"https:\\\/\\\/www.ppdelugo.com\\\/es\\\/o-pp-faise-eco-de-varios-videos-de-vecinos-de-lopez-guntin-e-dona-urraca-nos-que-se-ve-como-a-auga-da-choiva-desfai-a-pintura-do-carril-bici-de-lara-mendez\\\/\"},\"wordCount\":737,\"commentCount\":0,\"image\":{\"@id\":\"https:\\\/\\\/www.ppdelugo.com\\\/es\\\/o-pp-faise-eco-de-varios-videos-de-vecinos-de-lopez-guntin-e-dona-urraca-nos-que-se-ve-como-a-auga-da-choiva-desfai-a-pintura-do-carril-bici-de-lara-mendez\\\/#primaryimage\"},\"thumbnailUrl\":\"https:\\\/\\\/www.ppdelugo.com\\\/wp-content\\\/uploads\\\/2022\\\/02\\\/Remate-Carril-Bici-Dona-Urraca-min-scaled.jpg\",\"articleSection\":[\"Infraestructuras\",\"VIDEOS\"],\"inLanguage\":\"es\",\"potentialAction\":[{\"@type\":\"CommentAction\",\"name\":\"Comment\",\"target\":[\"https:\\\/\\\/www.ppdelugo.com\\\/es\\\/o-pp-faise-eco-de-varios-videos-de-vecinos-de-lopez-guntin-e-dona-urraca-nos-que-se-ve-como-a-auga-da-choiva-desfai-a-pintura-do-carril-bici-de-lara-mendez\\\/#respond\"]}]},{\"@type\":\"WebPage\",\"@id\":\"https:\\\/\\\/www.ppdelugo.com\\\/es\\\/o-pp-faise-eco-de-varios-videos-de-vecinos-de-lopez-guntin-e-dona-urraca-nos-que-se-ve-como-a-auga-da-choiva-desfai-a-pintura-do-carril-bici-de-lara-mendez\\\/\",\"url\":\"https:\\\/\\\/www.ppdelugo.com\\\/es\\\/o-pp-faise-eco-de-varios-videos-de-vecinos-de-lopez-guntin-e-dona-urraca-nos-que-se-ve-como-a-auga-da-choiva-desfai-a-pintura-do-carril-bici-de-lara-mendez\\\/\",\"name\":\"El PP se hace eco de varios v\u00eddeos de vecinos de L\u00f3pez Gunt\u00edn y Do\u00f1a Urraca en los que se ve como el agua de la lluvia deshace la pintura del carril bici de Lara M\u00e9ndez - Grupo Municipal Partido Popular de Lugo\",\"isPartOf\":{\"@id\":\"https:\\\/\\\/www.ppdelugo.com\\\/es\\\/#website\"},\"primaryImageOfPage\":{\"@id\":\"https:\\\/\\\/www.ppdelugo.com\\\/es\\\/o-pp-faise-eco-de-varios-videos-de-vecinos-de-lopez-guntin-e-dona-urraca-nos-que-se-ve-como-a-auga-da-choiva-desfai-a-pintura-do-carril-bici-de-lara-mendez\\\/#primaryimage\"},\"image\":{\"@id\":\"https:\\\/\\\/www.ppdelugo.com\\\/es\\\/o-pp-faise-eco-de-varios-videos-de-vecinos-de-lopez-guntin-e-dona-urraca-nos-que-se-ve-como-a-auga-da-choiva-desfai-a-pintura-do-carril-bici-de-lara-mendez\\\/#primaryimage\"},\"thumbnailUrl\":\"https:\\\/\\\/www.ppdelugo.com\\\/wp-content\\\/uploads\\\/2022\\\/02\\\/Remate-Carril-Bici-Dona-Urraca-min-scaled.jpg\",\"datePublished\":\"2022-03-03T12:08:16+00:00\",\"dateModified\":\"2022-03-03T12:10:00+00:00\",\"author\":{\"@id\":\"https:\\\/\\\/www.ppdelugo.com\\\/es\\\/#\\\/schema\\\/person\\\/a847ea797b54208d374f6a8953571050\"},\"breadcrumb\":{\"@id\":\"https:\\\/\\\/www.ppdelugo.com\\\/es\\\/o-pp-faise-eco-de-varios-videos-de-vecinos-de-lopez-guntin-e-dona-urraca-nos-que-se-ve-como-a-auga-da-choiva-desfai-a-pintura-do-carril-bici-de-lara-mendez\\\/#breadcrumb\"},\"inLanguage\":\"es\",\"potentialAction\":[{\"@type\":\"ReadAction\",\"target\":[\"https:\\\/\\\/www.ppdelugo.com\\\/es\\\/o-pp-faise-eco-de-varios-videos-de-vecinos-de-lopez-guntin-e-dona-urraca-nos-que-se-ve-como-a-auga-da-choiva-desfai-a-pintura-do-carril-bici-de-lara-mendez\\\/\"]}]},{\"@type\":\"ImageObject\",\"inLanguage\":\"es\",\"@id\":\"https:\\\/\\\/www.ppdelugo.com\\\/es\\\/o-pp-faise-eco-de-varios-videos-de-vecinos-de-lopez-guntin-e-dona-urraca-nos-que-se-ve-como-a-auga-da-choiva-desfai-a-pintura-do-carril-bici-de-lara-mendez\\\/#primaryimage\",\"url\":\"https:\\\/\\\/www.ppdelugo.com\\\/wp-content\\\/uploads\\\/2022\\\/02\\\/Remate-Carril-Bici-Dona-Urraca-min-scaled.jpg\",\"contentUrl\":\"https:\\\/\\\/www.ppdelugo.com\\\/wp-content\\\/uploads\\\/2022\\\/02\\\/Remate-Carril-Bici-Dona-Urraca-min-scaled.jpg\",\"width\":2560,\"height\":1920},{\"@type\":\"BreadcrumbList\",\"@id\":\"https:\\\/\\\/www.ppdelugo.com\\\/es\\\/o-pp-faise-eco-de-varios-videos-de-vecinos-de-lopez-guntin-e-dona-urraca-nos-que-se-ve-como-a-auga-da-choiva-desfai-a-pintura-do-carril-bici-de-lara-mendez\\\/#breadcrumb\",\"itemListElement\":[{\"@type\":\"ListItem\",\"position\":1,\"name\":\"Portada\",\"item\":\"https:\\\/\\\/www.ppdelugo.com\\\/es\\\/\"},{\"@type\":\"ListItem\",\"position\":2,\"name\":\"El PP se hace eco de varios v\u00eddeos de vecinos de L\u00f3pez Gunt\u00edn y Do\u00f1a Urraca en los que se ve como el agua de la lluvia deshace la pintura del carril bici de Lara M\u00e9ndez\"}]},{\"@type\":\"WebSite\",\"@id\":\"https:\\\/\\\/www.ppdelugo.com\\\/es\\\/#website\",\"url\":\"https:\\\/\\\/www.ppdelugo.com\\\/es\\\/\",\"name\":\"Grupo Municipal Partido Popular de Lugo\",\"description\":\"Web del Grupo Municipal del Partido Popular en el Ayuntamiento de Lugo, con informaci\u00f3n sobre Lugo y fomento de la participaci\u00f3n ciudadana\",\"potentialAction\":[{\"@type\":\"SearchAction\",\"target\":{\"@type\":\"EntryPoint\",\"urlTemplate\":\"https:\\\/\\\/www.ppdelugo.com\\\/es\\\/?s={search_term_string}\"},\"query-input\":{\"@type\":\"PropertyValueSpecification\",\"valueRequired\":true,\"valueName\":\"search_term_string\"}}],\"inLanguage\":\"es\"},{\"@type\":\"Person\",\"@id\":\"https:\\\/\\\/www.ppdelugo.com\\\/es\\\/#\\\/schema\\\/person\\\/a847ea797b54208d374f6a8953571050\",\"name\":\"PP\",\"url\":\"https:\\\/\\\/www.ppdelugo.com\\\/es\\\/author\\\/ppdelugo\\\/\"}]}<\/script>\n<!-- \/ Yoast SEO plugin. -->","yoast_head_json":{"title":"El PP se hace eco de varios v\u00eddeos de vecinos de L\u00f3pez Gunt\u00edn y Do\u00f1a Urraca en los que se ve como el agua de la lluvia deshace la pintura del carril bici de Lara M\u00e9ndez - Grupo Municipal Partido Popular de Lugo","robots":{"index":"index","follow":"follow","max-snippet":"max-snippet:-1","max-image-preview":"max-image-preview:large","max-video-preview":"max-video-preview:-1"},"canonical":"https:\/\/www.ppdelugo.com\/es\/o-pp-faise-eco-de-varios-videos-de-vecinos-de-lopez-guntin-e-dona-urraca-nos-que-se-ve-como-a-auga-da-choiva-desfai-a-pintura-do-carril-bici-de-lara-mendez\/","og_locale":"es_ES","og_type":"article","og_title":"El PP se hace eco de varios v\u00eddeos de vecinos de L\u00f3pez Gunt\u00edn y Do\u00f1a Urraca en los que se ve como el agua de la lluvia deshace la pintura del carril bici de Lara M\u00e9ndez - Grupo Municipal Partido Popular de Lugo","og_description":"[vc_row type=\u00bbin_container\u00bb full_screen_row_position=\u00bbmiddle\u00bb column_margin=\u00bbdefault\u00bb column_direction=\u00bbdefault\u00bb column_direction_tablet=\u00bbdefault\u00bb column_direction_phone=\u00bbdefault\u00bb scene_position=\u00bbcenter\u00bb text_color=\u00bbdark\u00bb text_align=\u00bbleft\u00bb row_border_radius=\u00bbnone\u00bb row_border_radius_applies=\u00bbbg\u00bb overlay_strength=\u00bb0.3&#8243; gradient_direction=\u00bbleft_to_right\u00bb shape_divider_position=\u00bbbottom\u00bb bg_image_animation=\u00bbnone\u00bb][vc_column column_padding=\u00bbno-extra-padding\u00bb column_padding_tablet=\u00bbinherit\u00bb column_padding_phone=\u00bbinherit\u00bb column_padding_position=\u00bball\u00bb background_color_opacity=\u00bb1&#8243; background_hover_color_opacity=\u00bb1&#8243; column_shadow=\u00bbnone\u00bb column_border_radius=\u00bbnone\u00bb column_link_target=\u00bb_self\u00bb gradient_direction=\u00bbleft_to_right\u00bb overlay_strength=\u00bb0.3&#8243; width=\u00bb1\/1&#8243; tablet_width_inherit=\u00bbdefault\u00bb tablet_text_alignment=\u00bbdefault\u00bb...","og_url":"https:\/\/www.ppdelugo.com\/es\/o-pp-faise-eco-de-varios-videos-de-vecinos-de-lopez-guntin-e-dona-urraca-nos-que-se-ve-como-a-auga-da-choiva-desfai-a-pintura-do-carril-bici-de-lara-mendez\/","og_site_name":"Grupo Municipal Partido Popular de Lugo","article_published_time":"2022-03-03T12:08:16+00:00","article_modified_time":"2022-03-03T12:10:00+00:00","og_image":[{"width":2560,"height":1920,"url":"https:\/\/www.ppdelugo.com\/wp-content\/uploads\/2022\/02\/Remate-Carril-Bici-Dona-Urraca-min-scaled.jpg","type":"image\/jpeg"}],"author":"PP","twitter_card":"summary_large_image","twitter_misc":{"Escrito por":"PP","Tiempo de lectura":"4 minutos"},"schema":{"@context":"https:\/\/schema.org","@graph":[{"@type":"Article","@id":"https:\/\/www.ppdelugo.com\/es\/o-pp-faise-eco-de-varios-videos-de-vecinos-de-lopez-guntin-e-dona-urraca-nos-que-se-ve-como-a-auga-da-choiva-desfai-a-pintura-do-carril-bici-de-lara-mendez\/#article","isPartOf":{"@id":"https:\/\/www.ppdelugo.com\/es\/o-pp-faise-eco-de-varios-videos-de-vecinos-de-lopez-guntin-e-dona-urraca-nos-que-se-ve-como-a-auga-da-choiva-desfai-a-pintura-do-carril-bici-de-lara-mendez\/"},"author":{"name":"PP","@id":"https:\/\/www.ppdelugo.com\/es\/#\/schema\/person\/a847ea797b54208d374f6a8953571050"},"headline":"El PP se hace eco de varios v\u00eddeos de vecinos de L\u00f3pez Gunt\u00edn y Do\u00f1a Urraca en los que se ve como el agua de la lluvia deshace la pintura del carril bici de Lara M\u00e9ndez","datePublished":"2022-03-03T12:08:16+00:00","dateModified":"2022-03-03T12:10:00+00:00","mainEntityOfPage":{"@id":"https:\/\/www.ppdelugo.com\/es\/o-pp-faise-eco-de-varios-videos-de-vecinos-de-lopez-guntin-e-dona-urraca-nos-que-se-ve-como-a-auga-da-choiva-desfai-a-pintura-do-carril-bici-de-lara-mendez\/"},"wordCount":737,"commentCount":0,"image":{"@id":"https:\/\/www.ppdelugo.com\/es\/o-pp-faise-eco-de-varios-videos-de-vecinos-de-lopez-guntin-e-dona-urraca-nos-que-se-ve-como-a-auga-da-choiva-desfai-a-pintura-do-carril-bici-de-lara-mendez\/#primaryimage"},"thumbnailUrl":"https:\/\/www.ppdelugo.com\/wp-content\/uploads\/2022\/02\/Remate-Carril-Bici-Dona-Urraca-min-scaled.jpg","articleSection":["Infraestructuras","VIDEOS"],"inLanguage":"es","potentialAction":[{"@type":"CommentAction","name":"Comment","target":["https:\/\/www.ppdelugo.com\/es\/o-pp-faise-eco-de-varios-videos-de-vecinos-de-lopez-guntin-e-dona-urraca-nos-que-se-ve-como-a-auga-da-choiva-desfai-a-pintura-do-carril-bici-de-lara-mendez\/#respond"]}]},{"@type":"WebPage","@id":"https:\/\/www.ppdelugo.com\/es\/o-pp-faise-eco-de-varios-videos-de-vecinos-de-lopez-guntin-e-dona-urraca-nos-que-se-ve-como-a-auga-da-choiva-desfai-a-pintura-do-carril-bici-de-lara-mendez\/","url":"https:\/\/www.ppdelugo.com\/es\/o-pp-faise-eco-de-varios-videos-de-vecinos-de-lopez-guntin-e-dona-urraca-nos-que-se-ve-como-a-auga-da-choiva-desfai-a-pintura-do-carril-bici-de-lara-mendez\/","name":"El PP se hace eco de varios v\u00eddeos de vecinos de L\u00f3pez Gunt\u00edn y Do\u00f1a Urraca en los que se ve como el agua de la lluvia deshace la pintura del carril bici de Lara M\u00e9ndez - Grupo Municipal Partido Popular de Lugo","isPartOf":{"@id":"https:\/\/www.ppdelugo.com\/es\/#website"},"primaryImageOfPage":{"@id":"https:\/\/www.ppdelugo.com\/es\/o-pp-faise-eco-de-varios-videos-de-vecinos-de-lopez-guntin-e-dona-urraca-nos-que-se-ve-como-a-auga-da-choiva-desfai-a-pintura-do-carril-bici-de-lara-mendez\/#primaryimage"},"image":{"@id":"https:\/\/www.ppdelugo.com\/es\/o-pp-faise-eco-de-varios-videos-de-vecinos-de-lopez-guntin-e-dona-urraca-nos-que-se-ve-como-a-auga-da-choiva-desfai-a-pintura-do-carril-bici-de-lara-mendez\/#primaryimage"},"thumbnailUrl":"https:\/\/www.ppdelugo.com\/wp-content\/uploads\/2022\/02\/Remate-Carril-Bici-Dona-Urraca-min-scaled.jpg","datePublished":"2022-03-03T12:08:16+00:00","dateModified":"2022-03-03T12:10:00+00:00","author":{"@id":"https:\/\/www.ppdelugo.com\/es\/#\/schema\/person\/a847ea797b54208d374f6a8953571050"},"breadcrumb":{"@id":"https:\/\/www.ppdelugo.com\/es\/o-pp-faise-eco-de-varios-videos-de-vecinos-de-lopez-guntin-e-dona-urraca-nos-que-se-ve-como-a-auga-da-choiva-desfai-a-pintura-do-carril-bici-de-lara-mendez\/#breadcrumb"},"inLanguage":"es","potentialAction":[{"@type":"ReadAction","target":["https:\/\/www.ppdelugo.com\/es\/o-pp-faise-eco-de-varios-videos-de-vecinos-de-lopez-guntin-e-dona-urraca-nos-que-se-ve-como-a-auga-da-choiva-desfai-a-pintura-do-carril-bici-de-lara-mendez\/"]}]},{"@type":"ImageObject","inLanguage":"es","@id":"https:\/\/www.ppdelugo.com\/es\/o-pp-faise-eco-de-varios-videos-de-vecinos-de-lopez-guntin-e-dona-urraca-nos-que-se-ve-como-a-auga-da-choiva-desfai-a-pintura-do-carril-bici-de-lara-mendez\/#primaryimage","url":"https:\/\/www.ppdelugo.com\/wp-content\/uploads\/2022\/02\/Remate-Carril-Bici-Dona-Urraca-min-scaled.jpg","contentUrl":"https:\/\/www.ppdelugo.com\/wp-content\/uploads\/2022\/02\/Remate-Carril-Bici-Dona-Urraca-min-scaled.jpg","width":2560,"height":1920},{"@type":"BreadcrumbList","@id":"https:\/\/www.ppdelugo.com\/es\/o-pp-faise-eco-de-varios-videos-de-vecinos-de-lopez-guntin-e-dona-urraca-nos-que-se-ve-como-a-auga-da-choiva-desfai-a-pintura-do-carril-bici-de-lara-mendez\/#breadcrumb","itemListElement":[{"@type":"ListItem","position":1,"name":"Portada","item":"https:\/\/www.ppdelugo.com\/es\/"},{"@type":"ListItem","position":2,"name":"El PP se hace eco de varios v\u00eddeos de vecinos de L\u00f3pez Gunt\u00edn y Do\u00f1a Urraca en los que se ve como el agua de la lluvia deshace la pintura del carril bici de Lara M\u00e9ndez"}]},{"@type":"WebSite","@id":"https:\/\/www.ppdelugo.com\/es\/#website","url":"https:\/\/www.ppdelugo.com\/es\/","name":"Grupo Municipal Partido Popular de Lugo","description":"Web del Grupo Municipal del Partido Popular en el Ayuntamiento de Lugo, con informaci\u00f3n sobre Lugo y fomento de la participaci\u00f3n ciudadana","potentialAction":[{"@type":"SearchAction","target":{"@type":"EntryPoint","urlTemplate":"https:\/\/www.ppdelugo.com\/es\/?s={search_term_string}"},"query-input":{"@type":"PropertyValueSpecification","valueRequired":true,"valueName":"search_term_string"}}],"inLanguage":"es"},{"@type":"Person","@id":"https:\/\/www.ppdelugo.com\/es\/#\/schema\/person\/a847ea797b54208d374f6a8953571050","name":"PP","url":"https:\/\/www.ppdelugo.com\/es\/author\/ppdelugo\/"}]}},"_links":{"self":[{"href":"https:\/\/www.ppdelugo.com\/es\/wp-json\/wp\/v2\/posts\/17403","targetHints":{"allow":["GET"]}}],"collection":[{"href":"https:\/\/www.ppdelugo.com\/es\/wp-json\/wp\/v2\/posts"}],"about":[{"href":"https:\/\/www.ppdelugo.com\/es\/wp-json\/wp\/v2\/types\/post"}],"author":[{"embeddable":true,"href":"https:\/\/www.ppdelugo.com\/es\/wp-json\/wp\/v2\/users\/2"}],"replies":[{"embeddable":true,"href":"https:\/\/www.ppdelugo.com\/es\/wp-json\/wp\/v2\/comments?post=17403"}],"version-history":[{"count":2,"href":"https:\/\/www.ppdelugo.com\/es\/wp-json\/wp\/v2\/posts\/17403\/revisions"}],"predecessor-version":[{"id":17405,"href":"https:\/\/www.ppdelugo.com\/es\/wp-json\/wp\/v2\/posts\/17403\/revisions\/17405"}],"wp:featuredmedia":[{"embeddable":true,"href":"https:\/\/www.ppdelugo.com\/es\/wp-json\/wp\/v2\/media\/17271"}],"wp:attachment":[{"href":"https:\/\/www.ppdelugo.com\/es\/wp-json\/wp\/v2\/media?parent=17403"}],"wp:term":[{"taxonomy":"category","embeddable":true,"href":"https:\/\/www.ppdelugo.com\/es\/wp-json\/wp\/v2\/categories?post=17403"},{"taxonomy":"post_tag","embeddable":true,"href":"https:\/\/www.ppdelugo.com\/es\/wp-json\/wp\/v2\/tags?post=17403"}],"curies":[{"name":"wp","href":"https:\/\/api.w.org\/{rel}","templated":true}]}}