{"id":17382,"date":"2022-03-02T12:55:07","date_gmt":"2022-03-02T12:55:07","guid":{"rendered":"https:\/\/www.ppdelugo.com\/o-pp-pide-a-lara-mendez-determinacion-para-atallar-a-onda-de-inseguridade-que-se-instalou-en-lugo\/"},"modified":"2022-03-02T12:56:07","modified_gmt":"2022-03-02T12:56:07","slug":"o-pp-pide-a-lara-mendez-determinacion-para-atallar-a-onda-de-inseguridade-que-se-instalou-en-lugo","status":"publish","type":"post","link":"https:\/\/www.ppdelugo.com\/es\/o-pp-pide-a-lara-mendez-determinacion-para-atallar-a-onda-de-inseguridade-que-se-instalou-en-lugo\/","title":{"rendered":"El PP pide a Lara M\u00e9ndez determinaci\u00f3n para atajar la ola de inseguridad que se instal\u00f3 en Lugo"},"content":{"rendered":"<p>Los populares no quieren causar alarmismo, pero transmiten las impresiones que les trasladan muchos vecinos, de un incremento palpable de la inseguridad, por lo que urgen al gobierno local a tomar medidas para evitar que este tipo de sucesos, cada vez m\u00e1s frecuentes, vayan a m\u00e1s<\/p>\n<p><!--more--><\/p>\n<p>A inseguridade segue a apropiarse das r\u00faas de Lugo, sobre todo cando cae a noite, circunstancia que hai dous d\u00edas subiu de nivel ao producirse disparos por arma de fogo nunha co\u00f1ecida zona de ocio nocturno da cidade.<\/p>\n<p>Hai poucas semanas xa houbo que lamentar unha grave trifulca na zona centro da cidade, que derivou en agresi\u00f3ns con arma branca e varios hospitalizados. Tras este suceso, tanto Lara M\u00e9ndez como a subdelegada do Goberno, Isabel Rodr\u00edguez, prometeron aumentar a seguridade na cidade, pero dende o Partido Popular \u201cvemos como de novo todo o que ven do PSOE queda en fume, xa que a inseguridade segue a medrar en Lugo e os casos problem\u00e1ticos van a m\u00e1is e a peor\u201d.<\/p>\n<p>Para os concelleiros populares a deriva que est\u00e1 a tomar Lugo nos \u00faltimos meses xa superou o l\u00edmite. Hai tempo que o advertirmos: \u201cLugo corre o risco de ser esa cidade tranquila e amable de sempre, a ser un lugar no que os cidad\u00e1ns cami\u00f1en con medo polas r\u00faas\u201d.<\/p>\n<p>A realidade \u00e9 que nos \u00faltimos tempos a inseguridade apropiouse das r\u00faas de Lugo, tendo nas \u00faltimas semanas feridos por arma branca e unha liorta na que houbo, segundo os medios de comunicaci\u00f3n, polo menos 10 disparos cun arma de fogo.<\/p>\n<p>Unha situaci\u00f3n moi preocupante, polo que dende o Grupo Municipal Popular insisten en que \u201ctanto o goberno local como o goberno central te\u00f1en que po\u00f1erse a traballar para reverter esta situaci\u00f3n\u201d.<\/p>\n<p>Para os populares hai posibles soluci\u00f3ns que poder\u00edan pasar pola instalaci\u00f3n de c\u00e1maras de videovixilancia, maior presenza policial nas zonas conflictivas ou onde se detecten incidencias deste tipo ou a dotaci\u00f3n para Lugo dunha unidade da UPR, que axudar\u00eda \u00e1 prevenci\u00f3n da delincuencia, as\u00ed como o mantemento e, no seu caso, restablecemento da orde e a seguridade cidad\u00e1.<\/p>\n<p>Dende o Grupo Municipal Popular non queren causar alarmismo, pero a sensaci\u00f3n entre os cidad\u00e1ns \u00e9 de total inseguridade. \u201cPolo ben da cidade, dos veci\u00f1os e do tecido econ\u00f3mico o goberno local ten que tomar cartas no asunto para evitar que esta situaci\u00f3n empeore a\u00ednda m\u00e1is\u201d, apuntan<\/p>\n<p>Entre as queixas veci\u00f1ais sobresae que non se trata unicamente dun problema da noite, xa que moitos veci\u00f1os aluden roubos, moitos a xente nova, ameazas, extorsi\u00f3ns&#8230; \u201cunha situaci\u00f3n preocupante para unha cidade tranquila como Lugo\u201d.<\/p>\n<p>Por iso, dende o PP instan ao goberno local a realizar actuaci\u00f3ns urxentes, sobre todo se queremos que o casco hist\u00f3rico sexa Patrimonio da Humanidade. \u201cSe de verdade pretendemos que o centro da cidade sexa reco\u00f1ecido como Patrimonio Mundial Lugo non pode ser un lugar no que os veci\u00f1os te\u00f1an medo\u201d.<\/p>\n","protected":false},"excerpt":{"rendered":"<p>Los populares no quieren causar alarmismo, pero transmiten las impresiones que les trasladan muchos vecinos, de un incremento palpable de la inseguridad, por lo que urgen al gobierno local a&#8230;<\/p>\n","protected":false},"author":2,"featured_media":17380,"comment_status":"open","ping_status":"closed","sticky":false,"template":"","format":"standard","meta":{"footnotes":""},"categories":[132],"tags":[],"class_list":{"0":"post-17382","1":"post","2":"type-post","3":"status-publish","4":"format-standard","5":"has-post-thumbnail","7":"category-sen-categoria-gl-es"},"yoast_head":"<!-- This site is optimized with the Yoast SEO plugin v27.4 - https:\/\/yoast.com\/product\/yoast-seo-wordpress\/ -->\n<title>El PP pide a Lara M\u00e9ndez determinaci\u00f3n para atajar la ola de inseguridad que se instal\u00f3 en Lugo - Grupo Municipal Partido Popular de Lugo<\/title>\n<meta name=\"robots\" content=\"index, follow, max-snippet:-1, max-image-preview:large, max-video-preview:-1\" \/>\n<link rel=\"canonical\" href=\"https:\/\/www.ppdelugo.com\/es\/o-pp-pide-a-lara-mendez-determinacion-para-atallar-a-onda-de-inseguridade-que-se-instalou-en-lugo\/\" \/>\n<meta property=\"og:locale\" content=\"es_ES\" \/>\n<meta property=\"og:type\" content=\"article\" \/>\n<meta property=\"og:title\" content=\"El PP pide a Lara M\u00e9ndez determinaci\u00f3n para atajar la ola de inseguridad que se instal\u00f3 en Lugo - Grupo Municipal Partido Popular de Lugo\" \/>\n<meta property=\"og:description\" content=\"Los populares no quieren causar alarmismo, pero transmiten las impresiones que les trasladan muchos vecinos, de un incremento palpable de la inseguridad, por lo que urgen al gobierno local a...\" \/>\n<meta property=\"og:url\" content=\"https:\/\/www.ppdelugo.com\/es\/o-pp-pide-a-lara-mendez-determinacion-para-atallar-a-onda-de-inseguridade-que-se-instalou-en-lugo\/\" \/>\n<meta property=\"og:site_name\" content=\"Grupo Municipal Partido Popular de Lugo\" \/>\n<meta property=\"article:published_time\" content=\"2022-03-02T12:55:07+00:00\" \/>\n<meta property=\"article:modified_time\" content=\"2022-03-02T12:56:07+00:00\" \/>\n<meta property=\"og:image\" content=\"https:\/\/www.ppdelugo.com\/wp-content\/uploads\/2022\/03\/fotoefectos.com__final_6973883740462343014_.jpg\" \/>\n\t<meta property=\"og:image:width\" content=\"765\" \/>\n\t<meta property=\"og:image:height\" content=\"346\" \/>\n\t<meta property=\"og:image:type\" content=\"image\/jpeg\" \/>\n<meta name=\"author\" content=\"PP\" \/>\n<meta name=\"twitter:card\" content=\"summary_large_image\" \/>\n<meta name=\"twitter:label1\" content=\"Escrito por\" \/>\n\t<meta name=\"twitter:data1\" content=\"PP\" \/>\n\t<meta name=\"twitter:label2\" content=\"Tiempo de lectura\" \/>\n\t<meta name=\"twitter:data2\" content=\"3 minutos\" \/>\n<script type=\"application\/ld+json\" class=\"yoast-schema-graph\">{\"@context\":\"https:\\\/\\\/schema.org\",\"@graph\":[{\"@type\":\"Article\",\"@id\":\"https:\\\/\\\/www.ppdelugo.com\\\/es\\\/o-pp-pide-a-lara-mendez-determinacion-para-atallar-a-onda-de-inseguridade-que-se-instalou-en-lugo\\\/#article\",\"isPartOf\":{\"@id\":\"https:\\\/\\\/www.ppdelugo.com\\\/es\\\/o-pp-pide-a-lara-mendez-determinacion-para-atallar-a-onda-de-inseguridade-que-se-instalou-en-lugo\\\/\"},\"author\":{\"name\":\"PP\",\"@id\":\"https:\\\/\\\/www.ppdelugo.com\\\/es\\\/#\\\/schema\\\/person\\\/a847ea797b54208d374f6a8953571050\"},\"headline\":\"El PP pide a Lara M\u00e9ndez determinaci\u00f3n para atajar la ola de inseguridad que se instal\u00f3 en Lugo\",\"datePublished\":\"2022-03-02T12:55:07+00:00\",\"dateModified\":\"2022-03-02T12:56:07+00:00\",\"mainEntityOfPage\":{\"@id\":\"https:\\\/\\\/www.ppdelugo.com\\\/es\\\/o-pp-pide-a-lara-mendez-determinacion-para-atallar-a-onda-de-inseguridade-que-se-instalou-en-lugo\\\/\"},\"wordCount\":536,\"commentCount\":0,\"image\":{\"@id\":\"https:\\\/\\\/www.ppdelugo.com\\\/es\\\/o-pp-pide-a-lara-mendez-determinacion-para-atallar-a-onda-de-inseguridade-que-se-instalou-en-lugo\\\/#primaryimage\"},\"thumbnailUrl\":\"https:\\\/\\\/www.ppdelugo.com\\\/wp-content\\\/uploads\\\/2022\\\/03\\\/fotoefectos.com__final_6973883740462343014_.jpg\",\"articleSection\":[\"Sen categor\u00eda\"],\"inLanguage\":\"es\",\"potentialAction\":[{\"@type\":\"CommentAction\",\"name\":\"Comment\",\"target\":[\"https:\\\/\\\/www.ppdelugo.com\\\/es\\\/o-pp-pide-a-lara-mendez-determinacion-para-atallar-a-onda-de-inseguridade-que-se-instalou-en-lugo\\\/#respond\"]}]},{\"@type\":\"WebPage\",\"@id\":\"https:\\\/\\\/www.ppdelugo.com\\\/es\\\/o-pp-pide-a-lara-mendez-determinacion-para-atallar-a-onda-de-inseguridade-que-se-instalou-en-lugo\\\/\",\"url\":\"https:\\\/\\\/www.ppdelugo.com\\\/es\\\/o-pp-pide-a-lara-mendez-determinacion-para-atallar-a-onda-de-inseguridade-que-se-instalou-en-lugo\\\/\",\"name\":\"El PP pide a Lara M\u00e9ndez determinaci\u00f3n para atajar la ola de inseguridad que se instal\u00f3 en Lugo - Grupo Municipal Partido Popular de Lugo\",\"isPartOf\":{\"@id\":\"https:\\\/\\\/www.ppdelugo.com\\\/es\\\/#website\"},\"primaryImageOfPage\":{\"@id\":\"https:\\\/\\\/www.ppdelugo.com\\\/es\\\/o-pp-pide-a-lara-mendez-determinacion-para-atallar-a-onda-de-inseguridade-que-se-instalou-en-lugo\\\/#primaryimage\"},\"image\":{\"@id\":\"https:\\\/\\\/www.ppdelugo.com\\\/es\\\/o-pp-pide-a-lara-mendez-determinacion-para-atallar-a-onda-de-inseguridade-que-se-instalou-en-lugo\\\/#primaryimage\"},\"thumbnailUrl\":\"https:\\\/\\\/www.ppdelugo.com\\\/wp-content\\\/uploads\\\/2022\\\/03\\\/fotoefectos.com__final_6973883740462343014_.jpg\",\"datePublished\":\"2022-03-02T12:55:07+00:00\",\"dateModified\":\"2022-03-02T12:56:07+00:00\",\"author\":{\"@id\":\"https:\\\/\\\/www.ppdelugo.com\\\/es\\\/#\\\/schema\\\/person\\\/a847ea797b54208d374f6a8953571050\"},\"breadcrumb\":{\"@id\":\"https:\\\/\\\/www.ppdelugo.com\\\/es\\\/o-pp-pide-a-lara-mendez-determinacion-para-atallar-a-onda-de-inseguridade-que-se-instalou-en-lugo\\\/#breadcrumb\"},\"inLanguage\":\"es\",\"potentialAction\":[{\"@type\":\"ReadAction\",\"target\":[\"https:\\\/\\\/www.ppdelugo.com\\\/es\\\/o-pp-pide-a-lara-mendez-determinacion-para-atallar-a-onda-de-inseguridade-que-se-instalou-en-lugo\\\/\"]}]},{\"@type\":\"ImageObject\",\"inLanguage\":\"es\",\"@id\":\"https:\\\/\\\/www.ppdelugo.com\\\/es\\\/o-pp-pide-a-lara-mendez-determinacion-para-atallar-a-onda-de-inseguridade-que-se-instalou-en-lugo\\\/#primaryimage\",\"url\":\"https:\\\/\\\/www.ppdelugo.com\\\/wp-content\\\/uploads\\\/2022\\\/03\\\/fotoefectos.com__final_6973883740462343014_.jpg\",\"contentUrl\":\"https:\\\/\\\/www.ppdelugo.com\\\/wp-content\\\/uploads\\\/2022\\\/03\\\/fotoefectos.com__final_6973883740462343014_.jpg\",\"width\":765,\"height\":346},{\"@type\":\"BreadcrumbList\",\"@id\":\"https:\\\/\\\/www.ppdelugo.com\\\/es\\\/o-pp-pide-a-lara-mendez-determinacion-para-atallar-a-onda-de-inseguridade-que-se-instalou-en-lugo\\\/#breadcrumb\",\"itemListElement\":[{\"@type\":\"ListItem\",\"position\":1,\"name\":\"Portada\",\"item\":\"https:\\\/\\\/www.ppdelugo.com\\\/es\\\/\"},{\"@type\":\"ListItem\",\"position\":2,\"name\":\"El PP pide a Lara M\u00e9ndez determinaci\u00f3n para atajar la ola de inseguridad que se instal\u00f3 en Lugo\"}]},{\"@type\":\"WebSite\",\"@id\":\"https:\\\/\\\/www.ppdelugo.com\\\/es\\\/#website\",\"url\":\"https:\\\/\\\/www.ppdelugo.com\\\/es\\\/\",\"name\":\"Grupo Municipal Partido Popular de Lugo\",\"description\":\"Web del Grupo Municipal del Partido Popular en el Ayuntamiento de Lugo, con informaci\u00f3n sobre Lugo y fomento de la participaci\u00f3n ciudadana\",\"potentialAction\":[{\"@type\":\"SearchAction\",\"target\":{\"@type\":\"EntryPoint\",\"urlTemplate\":\"https:\\\/\\\/www.ppdelugo.com\\\/es\\\/?s={search_term_string}\"},\"query-input\":{\"@type\":\"PropertyValueSpecification\",\"valueRequired\":true,\"valueName\":\"search_term_string\"}}],\"inLanguage\":\"es\"},{\"@type\":\"Person\",\"@id\":\"https:\\\/\\\/www.ppdelugo.com\\\/es\\\/#\\\/schema\\\/person\\\/a847ea797b54208d374f6a8953571050\",\"name\":\"PP\",\"url\":\"https:\\\/\\\/www.ppdelugo.com\\\/es\\\/author\\\/ppdelugo\\\/\"}]}<\/script>\n<!-- \/ Yoast SEO plugin. -->","yoast_head_json":{"title":"El PP pide a Lara M\u00e9ndez determinaci\u00f3n para atajar la ola de inseguridad que se instal\u00f3 en Lugo - Grupo Municipal Partido Popular de Lugo","robots":{"index":"index","follow":"follow","max-snippet":"max-snippet:-1","max-image-preview":"max-image-preview:large","max-video-preview":"max-video-preview:-1"},"canonical":"https:\/\/www.ppdelugo.com\/es\/o-pp-pide-a-lara-mendez-determinacion-para-atallar-a-onda-de-inseguridade-que-se-instalou-en-lugo\/","og_locale":"es_ES","og_type":"article","og_title":"El PP pide a Lara M\u00e9ndez determinaci\u00f3n para atajar la ola de inseguridad que se instal\u00f3 en Lugo - Grupo Municipal Partido Popular de Lugo","og_description":"Los populares no quieren causar alarmismo, pero transmiten las impresiones que les trasladan muchos vecinos, de un incremento palpable de la inseguridad, por lo que urgen al gobierno local a...","og_url":"https:\/\/www.ppdelugo.com\/es\/o-pp-pide-a-lara-mendez-determinacion-para-atallar-a-onda-de-inseguridade-que-se-instalou-en-lugo\/","og_site_name":"Grupo Municipal Partido Popular de Lugo","article_published_time":"2022-03-02T12:55:07+00:00","article_modified_time":"2022-03-02T12:56:07+00:00","og_image":[{"width":765,"height":346,"url":"https:\/\/www.ppdelugo.com\/wp-content\/uploads\/2022\/03\/fotoefectos.com__final_6973883740462343014_.jpg","type":"image\/jpeg"}],"author":"PP","twitter_card":"summary_large_image","twitter_misc":{"Escrito por":"PP","Tiempo de lectura":"3 minutos"},"schema":{"@context":"https:\/\/schema.org","@graph":[{"@type":"Article","@id":"https:\/\/www.ppdelugo.com\/es\/o-pp-pide-a-lara-mendez-determinacion-para-atallar-a-onda-de-inseguridade-que-se-instalou-en-lugo\/#article","isPartOf":{"@id":"https:\/\/www.ppdelugo.com\/es\/o-pp-pide-a-lara-mendez-determinacion-para-atallar-a-onda-de-inseguridade-que-se-instalou-en-lugo\/"},"author":{"name":"PP","@id":"https:\/\/www.ppdelugo.com\/es\/#\/schema\/person\/a847ea797b54208d374f6a8953571050"},"headline":"El PP pide a Lara M\u00e9ndez determinaci\u00f3n para atajar la ola de inseguridad que se instal\u00f3 en Lugo","datePublished":"2022-03-02T12:55:07+00:00","dateModified":"2022-03-02T12:56:07+00:00","mainEntityOfPage":{"@id":"https:\/\/www.ppdelugo.com\/es\/o-pp-pide-a-lara-mendez-determinacion-para-atallar-a-onda-de-inseguridade-que-se-instalou-en-lugo\/"},"wordCount":536,"commentCount":0,"image":{"@id":"https:\/\/www.ppdelugo.com\/es\/o-pp-pide-a-lara-mendez-determinacion-para-atallar-a-onda-de-inseguridade-que-se-instalou-en-lugo\/#primaryimage"},"thumbnailUrl":"https:\/\/www.ppdelugo.com\/wp-content\/uploads\/2022\/03\/fotoefectos.com__final_6973883740462343014_.jpg","articleSection":["Sen categor\u00eda"],"inLanguage":"es","potentialAction":[{"@type":"CommentAction","name":"Comment","target":["https:\/\/www.ppdelugo.com\/es\/o-pp-pide-a-lara-mendez-determinacion-para-atallar-a-onda-de-inseguridade-que-se-instalou-en-lugo\/#respond"]}]},{"@type":"WebPage","@id":"https:\/\/www.ppdelugo.com\/es\/o-pp-pide-a-lara-mendez-determinacion-para-atallar-a-onda-de-inseguridade-que-se-instalou-en-lugo\/","url":"https:\/\/www.ppdelugo.com\/es\/o-pp-pide-a-lara-mendez-determinacion-para-atallar-a-onda-de-inseguridade-que-se-instalou-en-lugo\/","name":"El PP pide a Lara M\u00e9ndez determinaci\u00f3n para atajar la ola de inseguridad que se instal\u00f3 en Lugo - Grupo Municipal Partido Popular de Lugo","isPartOf":{"@id":"https:\/\/www.ppdelugo.com\/es\/#website"},"primaryImageOfPage":{"@id":"https:\/\/www.ppdelugo.com\/es\/o-pp-pide-a-lara-mendez-determinacion-para-atallar-a-onda-de-inseguridade-que-se-instalou-en-lugo\/#primaryimage"},"image":{"@id":"https:\/\/www.ppdelugo.com\/es\/o-pp-pide-a-lara-mendez-determinacion-para-atallar-a-onda-de-inseguridade-que-se-instalou-en-lugo\/#primaryimage"},"thumbnailUrl":"https:\/\/www.ppdelugo.com\/wp-content\/uploads\/2022\/03\/fotoefectos.com__final_6973883740462343014_.jpg","datePublished":"2022-03-02T12:55:07+00:00","dateModified":"2022-03-02T12:56:07+00:00","author":{"@id":"https:\/\/www.ppdelugo.com\/es\/#\/schema\/person\/a847ea797b54208d374f6a8953571050"},"breadcrumb":{"@id":"https:\/\/www.ppdelugo.com\/es\/o-pp-pide-a-lara-mendez-determinacion-para-atallar-a-onda-de-inseguridade-que-se-instalou-en-lugo\/#breadcrumb"},"inLanguage":"es","potentialAction":[{"@type":"ReadAction","target":["https:\/\/www.ppdelugo.com\/es\/o-pp-pide-a-lara-mendez-determinacion-para-atallar-a-onda-de-inseguridade-que-se-instalou-en-lugo\/"]}]},{"@type":"ImageObject","inLanguage":"es","@id":"https:\/\/www.ppdelugo.com\/es\/o-pp-pide-a-lara-mendez-determinacion-para-atallar-a-onda-de-inseguridade-que-se-instalou-en-lugo\/#primaryimage","url":"https:\/\/www.ppdelugo.com\/wp-content\/uploads\/2022\/03\/fotoefectos.com__final_6973883740462343014_.jpg","contentUrl":"https:\/\/www.ppdelugo.com\/wp-content\/uploads\/2022\/03\/fotoefectos.com__final_6973883740462343014_.jpg","width":765,"height":346},{"@type":"BreadcrumbList","@id":"https:\/\/www.ppdelugo.com\/es\/o-pp-pide-a-lara-mendez-determinacion-para-atallar-a-onda-de-inseguridade-que-se-instalou-en-lugo\/#breadcrumb","itemListElement":[{"@type":"ListItem","position":1,"name":"Portada","item":"https:\/\/www.ppdelugo.com\/es\/"},{"@type":"ListItem","position":2,"name":"El PP pide a Lara M\u00e9ndez determinaci\u00f3n para atajar la ola de inseguridad que se instal\u00f3 en Lugo"}]},{"@type":"WebSite","@id":"https:\/\/www.ppdelugo.com\/es\/#website","url":"https:\/\/www.ppdelugo.com\/es\/","name":"Grupo Municipal Partido Popular de Lugo","description":"Web del Grupo Municipal del Partido Popular en el Ayuntamiento de Lugo, con informaci\u00f3n sobre Lugo y fomento de la participaci\u00f3n ciudadana","potentialAction":[{"@type":"SearchAction","target":{"@type":"EntryPoint","urlTemplate":"https:\/\/www.ppdelugo.com\/es\/?s={search_term_string}"},"query-input":{"@type":"PropertyValueSpecification","valueRequired":true,"valueName":"search_term_string"}}],"inLanguage":"es"},{"@type":"Person","@id":"https:\/\/www.ppdelugo.com\/es\/#\/schema\/person\/a847ea797b54208d374f6a8953571050","name":"PP","url":"https:\/\/www.ppdelugo.com\/es\/author\/ppdelugo\/"}]}},"_links":{"self":[{"href":"https:\/\/www.ppdelugo.com\/es\/wp-json\/wp\/v2\/posts\/17382","targetHints":{"allow":["GET"]}}],"collection":[{"href":"https:\/\/www.ppdelugo.com\/es\/wp-json\/wp\/v2\/posts"}],"about":[{"href":"https:\/\/www.ppdelugo.com\/es\/wp-json\/wp\/v2\/types\/post"}],"author":[{"embeddable":true,"href":"https:\/\/www.ppdelugo.com\/es\/wp-json\/wp\/v2\/users\/2"}],"replies":[{"embeddable":true,"href":"https:\/\/www.ppdelugo.com\/es\/wp-json\/wp\/v2\/comments?post=17382"}],"version-history":[{"count":2,"href":"https:\/\/www.ppdelugo.com\/es\/wp-json\/wp\/v2\/posts\/17382\/revisions"}],"predecessor-version":[{"id":17384,"href":"https:\/\/www.ppdelugo.com\/es\/wp-json\/wp\/v2\/posts\/17382\/revisions\/17384"}],"wp:featuredmedia":[{"embeddable":true,"href":"https:\/\/www.ppdelugo.com\/es\/wp-json\/wp\/v2\/media\/17380"}],"wp:attachment":[{"href":"https:\/\/www.ppdelugo.com\/es\/wp-json\/wp\/v2\/media?parent=17382"}],"wp:term":[{"taxonomy":"category","embeddable":true,"href":"https:\/\/www.ppdelugo.com\/es\/wp-json\/wp\/v2\/categories?post=17382"},{"taxonomy":"post_tag","embeddable":true,"href":"https:\/\/www.ppdelugo.com\/es\/wp-json\/wp\/v2\/tags?post=17382"}],"curies":[{"name":"wp","href":"https:\/\/api.w.org\/{rel}","templated":true}]}}