{"id":16899,"date":"2022-01-22T10:01:36","date_gmt":"2022-01-22T10:01:36","guid":{"rendered":"https:\/\/www.ppdelugo.com\/o-pp-reclama-protexer-e-activar-a-banda-municipal-de-lugo-por-tratarse-dun-ben-publico-e-historico\/"},"modified":"2022-01-22T10:02:29","modified_gmt":"2022-01-22T10:02:29","slug":"o-pp-reclama-protexer-e-activar-a-banda-municipal-de-lugo-por-tratarse-dun-ben-publico-e-historico","status":"publish","type":"post","link":"https:\/\/www.ppdelugo.com\/es\/o-pp-reclama-protexer-e-activar-a-banda-municipal-de-lugo-por-tratarse-dun-ben-publico-e-historico\/","title":{"rendered":"El PP reclama proteger y activar a la Banda Municipal de Lugo por tratarse de un bien p\u00fablico e hist\u00f3rico"},"content":{"rendered":"<p>La concejal popular Beatriz V\u00e1zquez pide la intermediaci\u00f3n de la alcaldesa para recuperar la Banda Municipal de Lugo, tan unida a la vida de la ciudad de Lugo desde hace d\u00e9cadas, y que est\u00e1 en peligro inmediato de desaparecer por la dejadez de PSOE y de BNG<\/p>\n<p><!--more--><\/p>\n<p>O Grupo Municipal do Partido Popular prop\u00f3n \u00e1 alcaldesa que \u201crescate da incertidume na que est\u00e1 sumida \u00e1 Banda Municipal de Lugo\u201d e que declare \u201ccales son as s\u00faas intenci\u00f3ns reais de futuro para unha agrupaci\u00f3n que foi un orgullo cultural singular para todos os lucenses\u201d.<\/p>\n<p>A concelleira popular Beatriz V\u00e1zquez avanzou que propor\u00e1 no pr\u00f3ximo Pleno \u201cfacer o \u00a0esforzo necesario por parte dos dous partidos do bigoberno para impulsar \u00e1 Banda Municipal\u201d aclarando que \u201cnon se explica o que pasa no Concello de Lugo cando noutros municipios, que dispo\u00f1en de moito menos orzamento, poden presumir e disfrutar da m\u00fasica das s\u00faas Bandas Municipais (Vilalba, Ribadeo, etc)\u201d.<\/p>\n<p>A edil popular considera \u201cinaudito que a Banda Municipal de Lugo estea desaparecida polo deixamento dos sucesivos gobernos de esquerdas de Lugo\u201d. \u201cSemella que prefiren privarnos desta agrupaci\u00f3n para gastar fondos p\u00fablicos nas agrupaci\u00f3ns af\u00edns e nos seus amigos abusando da f\u00f3rmula dos contratos menores\u201d reflexionaba a edil do PP.<\/p>\n<p>Beatriz V\u00e1zquez prop\u00f3n que neste Plan de recuperaci\u00f3n da Banda Municipal \u201cque se fixen nun calendario as acci\u00f3ns necesarias para recuperala e se sometan periodicamente a un control dos diferentes grupos pol\u00edticos da corporaci\u00f3n\u201d. \u201c\u00c9 preciso estudar os postos necesarios e a s\u00faa categorizaci\u00f3n, as modificaci\u00f3ns peri\u00f3dicas da RPT, as convocatorias peri\u00f3dicas de prazas de m\u00fasico de especialidade, as convocatorias peri\u00f3dicas de concursos de promoci\u00f3n interna, etc., inclu\u00edndo as actuaci\u00f3ns que o goberno far\u00e1 para desbloquear a falta do director da Banda, xa que dende novembro de 2016 a praza est\u00e1 vacante.<\/p>\n","protected":false},"excerpt":{"rendered":"<p>La concejal popular Beatriz V\u00e1zquez pide la intermediaci\u00f3n de la alcaldesa para recuperar la Banda Municipal de Lugo, tan unida a la vida de la ciudad de Lugo desde hace&#8230;<\/p>\n","protected":false},"author":2,"featured_media":16897,"comment_status":"open","ping_status":"closed","sticky":false,"template":"","format":"standard","meta":{"footnotes":""},"categories":[30],"tags":[],"class_list":{"0":"post-16899","1":"post","2":"type-post","3":"status-publish","4":"format-standard","5":"has-post-thumbnail","7":"category-cultura-es"},"yoast_head":"<!-- This site is optimized with the Yoast SEO plugin v27.4 - https:\/\/yoast.com\/product\/yoast-seo-wordpress\/ -->\n<title>El PP reclama proteger y activar a la Banda Municipal de Lugo por tratarse de un bien p\u00fablico e hist\u00f3rico - Grupo Municipal Partido Popular de Lugo<\/title>\n<meta name=\"robots\" content=\"index, follow, max-snippet:-1, max-image-preview:large, max-video-preview:-1\" \/>\n<link rel=\"canonical\" href=\"https:\/\/www.ppdelugo.com\/es\/o-pp-reclama-protexer-e-activar-a-banda-municipal-de-lugo-por-tratarse-dun-ben-publico-e-historico\/\" \/>\n<meta property=\"og:locale\" content=\"es_ES\" \/>\n<meta property=\"og:type\" content=\"article\" \/>\n<meta property=\"og:title\" content=\"El PP reclama proteger y activar a la Banda Municipal de Lugo por tratarse de un bien p\u00fablico e hist\u00f3rico - Grupo Municipal Partido Popular de Lugo\" \/>\n<meta property=\"og:description\" content=\"La concejal popular Beatriz V\u00e1zquez pide la intermediaci\u00f3n de la alcaldesa para recuperar la Banda Municipal de Lugo, tan unida a la vida de la ciudad de Lugo desde hace...\" \/>\n<meta property=\"og:url\" content=\"https:\/\/www.ppdelugo.com\/es\/o-pp-reclama-protexer-e-activar-a-banda-municipal-de-lugo-por-tratarse-dun-ben-publico-e-historico\/\" \/>\n<meta property=\"og:site_name\" content=\"Grupo Municipal Partido Popular de Lugo\" \/>\n<meta property=\"article:published_time\" content=\"2022-01-22T10:01:36+00:00\" \/>\n<meta property=\"article:modified_time\" content=\"2022-01-22T10:02:29+00:00\" \/>\n<meta property=\"og:image\" content=\"https:\/\/www.ppdelugo.com\/wp-content\/uploads\/2022\/01\/800px-Lugo_templete_o_kiosko_Plaza_Mayor_vista_nocturna.jpg\" \/>\n\t<meta property=\"og:image:width\" content=\"800\" \/>\n\t<meta property=\"og:image:height\" content=\"554\" \/>\n\t<meta property=\"og:image:type\" content=\"image\/jpeg\" \/>\n<meta name=\"author\" content=\"PP\" \/>\n<meta name=\"twitter:card\" content=\"summary_large_image\" \/>\n<meta name=\"twitter:label1\" content=\"Escrito por\" \/>\n\t<meta name=\"twitter:data1\" content=\"PP\" \/>\n\t<meta name=\"twitter:label2\" content=\"Tiempo de lectura\" \/>\n\t<meta name=\"twitter:data2\" content=\"2 minutos\" \/>\n<script type=\"application\/ld+json\" class=\"yoast-schema-graph\">{\"@context\":\"https:\\\/\\\/schema.org\",\"@graph\":[{\"@type\":\"Article\",\"@id\":\"https:\\\/\\\/www.ppdelugo.com\\\/es\\\/o-pp-reclama-protexer-e-activar-a-banda-municipal-de-lugo-por-tratarse-dun-ben-publico-e-historico\\\/#article\",\"isPartOf\":{\"@id\":\"https:\\\/\\\/www.ppdelugo.com\\\/es\\\/o-pp-reclama-protexer-e-activar-a-banda-municipal-de-lugo-por-tratarse-dun-ben-publico-e-historico\\\/\"},\"author\":{\"name\":\"PP\",\"@id\":\"https:\\\/\\\/www.ppdelugo.com\\\/es\\\/#\\\/schema\\\/person\\\/a847ea797b54208d374f6a8953571050\"},\"headline\":\"El PP reclama proteger y activar a la Banda Municipal de Lugo por tratarse de un bien p\u00fablico e hist\u00f3rico\",\"datePublished\":\"2022-01-22T10:01:36+00:00\",\"dateModified\":\"2022-01-22T10:02:29+00:00\",\"mainEntityOfPage\":{\"@id\":\"https:\\\/\\\/www.ppdelugo.com\\\/es\\\/o-pp-reclama-protexer-e-activar-a-banda-municipal-de-lugo-por-tratarse-dun-ben-publico-e-historico\\\/\"},\"wordCount\":346,\"commentCount\":0,\"image\":{\"@id\":\"https:\\\/\\\/www.ppdelugo.com\\\/es\\\/o-pp-reclama-protexer-e-activar-a-banda-municipal-de-lugo-por-tratarse-dun-ben-publico-e-historico\\\/#primaryimage\"},\"thumbnailUrl\":\"https:\\\/\\\/www.ppdelugo.com\\\/wp-content\\\/uploads\\\/2022\\\/01\\\/800px-Lugo_templete_o_kiosko_Plaza_Mayor_vista_nocturna.jpg\",\"articleSection\":[\"Cultura\"],\"inLanguage\":\"es\",\"potentialAction\":[{\"@type\":\"CommentAction\",\"name\":\"Comment\",\"target\":[\"https:\\\/\\\/www.ppdelugo.com\\\/es\\\/o-pp-reclama-protexer-e-activar-a-banda-municipal-de-lugo-por-tratarse-dun-ben-publico-e-historico\\\/#respond\"]}]},{\"@type\":\"WebPage\",\"@id\":\"https:\\\/\\\/www.ppdelugo.com\\\/es\\\/o-pp-reclama-protexer-e-activar-a-banda-municipal-de-lugo-por-tratarse-dun-ben-publico-e-historico\\\/\",\"url\":\"https:\\\/\\\/www.ppdelugo.com\\\/es\\\/o-pp-reclama-protexer-e-activar-a-banda-municipal-de-lugo-por-tratarse-dun-ben-publico-e-historico\\\/\",\"name\":\"El PP reclama proteger y activar a la Banda Municipal de Lugo por tratarse de un bien p\u00fablico e hist\u00f3rico - Grupo Municipal Partido Popular de Lugo\",\"isPartOf\":{\"@id\":\"https:\\\/\\\/www.ppdelugo.com\\\/es\\\/#website\"},\"primaryImageOfPage\":{\"@id\":\"https:\\\/\\\/www.ppdelugo.com\\\/es\\\/o-pp-reclama-protexer-e-activar-a-banda-municipal-de-lugo-por-tratarse-dun-ben-publico-e-historico\\\/#primaryimage\"},\"image\":{\"@id\":\"https:\\\/\\\/www.ppdelugo.com\\\/es\\\/o-pp-reclama-protexer-e-activar-a-banda-municipal-de-lugo-por-tratarse-dun-ben-publico-e-historico\\\/#primaryimage\"},\"thumbnailUrl\":\"https:\\\/\\\/www.ppdelugo.com\\\/wp-content\\\/uploads\\\/2022\\\/01\\\/800px-Lugo_templete_o_kiosko_Plaza_Mayor_vista_nocturna.jpg\",\"datePublished\":\"2022-01-22T10:01:36+00:00\",\"dateModified\":\"2022-01-22T10:02:29+00:00\",\"author\":{\"@id\":\"https:\\\/\\\/www.ppdelugo.com\\\/es\\\/#\\\/schema\\\/person\\\/a847ea797b54208d374f6a8953571050\"},\"breadcrumb\":{\"@id\":\"https:\\\/\\\/www.ppdelugo.com\\\/es\\\/o-pp-reclama-protexer-e-activar-a-banda-municipal-de-lugo-por-tratarse-dun-ben-publico-e-historico\\\/#breadcrumb\"},\"inLanguage\":\"es\",\"potentialAction\":[{\"@type\":\"ReadAction\",\"target\":[\"https:\\\/\\\/www.ppdelugo.com\\\/es\\\/o-pp-reclama-protexer-e-activar-a-banda-municipal-de-lugo-por-tratarse-dun-ben-publico-e-historico\\\/\"]}]},{\"@type\":\"ImageObject\",\"inLanguage\":\"es\",\"@id\":\"https:\\\/\\\/www.ppdelugo.com\\\/es\\\/o-pp-reclama-protexer-e-activar-a-banda-municipal-de-lugo-por-tratarse-dun-ben-publico-e-historico\\\/#primaryimage\",\"url\":\"https:\\\/\\\/www.ppdelugo.com\\\/wp-content\\\/uploads\\\/2022\\\/01\\\/800px-Lugo_templete_o_kiosko_Plaza_Mayor_vista_nocturna.jpg\",\"contentUrl\":\"https:\\\/\\\/www.ppdelugo.com\\\/wp-content\\\/uploads\\\/2022\\\/01\\\/800px-Lugo_templete_o_kiosko_Plaza_Mayor_vista_nocturna.jpg\",\"width\":800,\"height\":554},{\"@type\":\"BreadcrumbList\",\"@id\":\"https:\\\/\\\/www.ppdelugo.com\\\/es\\\/o-pp-reclama-protexer-e-activar-a-banda-municipal-de-lugo-por-tratarse-dun-ben-publico-e-historico\\\/#breadcrumb\",\"itemListElement\":[{\"@type\":\"ListItem\",\"position\":1,\"name\":\"Portada\",\"item\":\"https:\\\/\\\/www.ppdelugo.com\\\/es\\\/\"},{\"@type\":\"ListItem\",\"position\":2,\"name\":\"El PP reclama proteger y activar a la Banda Municipal de Lugo por tratarse de un bien p\u00fablico e hist\u00f3rico\"}]},{\"@type\":\"WebSite\",\"@id\":\"https:\\\/\\\/www.ppdelugo.com\\\/es\\\/#website\",\"url\":\"https:\\\/\\\/www.ppdelugo.com\\\/es\\\/\",\"name\":\"Grupo Municipal Partido Popular de Lugo\",\"description\":\"Web del Grupo Municipal del Partido Popular en el Ayuntamiento de Lugo, con informaci\u00f3n sobre Lugo y fomento de la participaci\u00f3n ciudadana\",\"potentialAction\":[{\"@type\":\"SearchAction\",\"target\":{\"@type\":\"EntryPoint\",\"urlTemplate\":\"https:\\\/\\\/www.ppdelugo.com\\\/es\\\/?s={search_term_string}\"},\"query-input\":{\"@type\":\"PropertyValueSpecification\",\"valueRequired\":true,\"valueName\":\"search_term_string\"}}],\"inLanguage\":\"es\"},{\"@type\":\"Person\",\"@id\":\"https:\\\/\\\/www.ppdelugo.com\\\/es\\\/#\\\/schema\\\/person\\\/a847ea797b54208d374f6a8953571050\",\"name\":\"PP\",\"url\":\"https:\\\/\\\/www.ppdelugo.com\\\/es\\\/author\\\/ppdelugo\\\/\"}]}<\/script>\n<!-- \/ Yoast SEO plugin. -->","yoast_head_json":{"title":"El PP reclama proteger y activar a la Banda Municipal de Lugo por tratarse de un bien p\u00fablico e hist\u00f3rico - Grupo Municipal Partido Popular de Lugo","robots":{"index":"index","follow":"follow","max-snippet":"max-snippet:-1","max-image-preview":"max-image-preview:large","max-video-preview":"max-video-preview:-1"},"canonical":"https:\/\/www.ppdelugo.com\/es\/o-pp-reclama-protexer-e-activar-a-banda-municipal-de-lugo-por-tratarse-dun-ben-publico-e-historico\/","og_locale":"es_ES","og_type":"article","og_title":"El PP reclama proteger y activar a la Banda Municipal de Lugo por tratarse de un bien p\u00fablico e hist\u00f3rico - Grupo Municipal Partido Popular de Lugo","og_description":"La concejal popular Beatriz V\u00e1zquez pide la intermediaci\u00f3n de la alcaldesa para recuperar la Banda Municipal de Lugo, tan unida a la vida de la ciudad de Lugo desde hace...","og_url":"https:\/\/www.ppdelugo.com\/es\/o-pp-reclama-protexer-e-activar-a-banda-municipal-de-lugo-por-tratarse-dun-ben-publico-e-historico\/","og_site_name":"Grupo Municipal Partido Popular de Lugo","article_published_time":"2022-01-22T10:01:36+00:00","article_modified_time":"2022-01-22T10:02:29+00:00","og_image":[{"width":800,"height":554,"url":"https:\/\/www.ppdelugo.com\/wp-content\/uploads\/2022\/01\/800px-Lugo_templete_o_kiosko_Plaza_Mayor_vista_nocturna.jpg","type":"image\/jpeg"}],"author":"PP","twitter_card":"summary_large_image","twitter_misc":{"Escrito por":"PP","Tiempo de lectura":"2 minutos"},"schema":{"@context":"https:\/\/schema.org","@graph":[{"@type":"Article","@id":"https:\/\/www.ppdelugo.com\/es\/o-pp-reclama-protexer-e-activar-a-banda-municipal-de-lugo-por-tratarse-dun-ben-publico-e-historico\/#article","isPartOf":{"@id":"https:\/\/www.ppdelugo.com\/es\/o-pp-reclama-protexer-e-activar-a-banda-municipal-de-lugo-por-tratarse-dun-ben-publico-e-historico\/"},"author":{"name":"PP","@id":"https:\/\/www.ppdelugo.com\/es\/#\/schema\/person\/a847ea797b54208d374f6a8953571050"},"headline":"El PP reclama proteger y activar a la Banda Municipal de Lugo por tratarse de un bien p\u00fablico e hist\u00f3rico","datePublished":"2022-01-22T10:01:36+00:00","dateModified":"2022-01-22T10:02:29+00:00","mainEntityOfPage":{"@id":"https:\/\/www.ppdelugo.com\/es\/o-pp-reclama-protexer-e-activar-a-banda-municipal-de-lugo-por-tratarse-dun-ben-publico-e-historico\/"},"wordCount":346,"commentCount":0,"image":{"@id":"https:\/\/www.ppdelugo.com\/es\/o-pp-reclama-protexer-e-activar-a-banda-municipal-de-lugo-por-tratarse-dun-ben-publico-e-historico\/#primaryimage"},"thumbnailUrl":"https:\/\/www.ppdelugo.com\/wp-content\/uploads\/2022\/01\/800px-Lugo_templete_o_kiosko_Plaza_Mayor_vista_nocturna.jpg","articleSection":["Cultura"],"inLanguage":"es","potentialAction":[{"@type":"CommentAction","name":"Comment","target":["https:\/\/www.ppdelugo.com\/es\/o-pp-reclama-protexer-e-activar-a-banda-municipal-de-lugo-por-tratarse-dun-ben-publico-e-historico\/#respond"]}]},{"@type":"WebPage","@id":"https:\/\/www.ppdelugo.com\/es\/o-pp-reclama-protexer-e-activar-a-banda-municipal-de-lugo-por-tratarse-dun-ben-publico-e-historico\/","url":"https:\/\/www.ppdelugo.com\/es\/o-pp-reclama-protexer-e-activar-a-banda-municipal-de-lugo-por-tratarse-dun-ben-publico-e-historico\/","name":"El PP reclama proteger y activar a la Banda Municipal de Lugo por tratarse de un bien p\u00fablico e hist\u00f3rico - Grupo Municipal Partido Popular de Lugo","isPartOf":{"@id":"https:\/\/www.ppdelugo.com\/es\/#website"},"primaryImageOfPage":{"@id":"https:\/\/www.ppdelugo.com\/es\/o-pp-reclama-protexer-e-activar-a-banda-municipal-de-lugo-por-tratarse-dun-ben-publico-e-historico\/#primaryimage"},"image":{"@id":"https:\/\/www.ppdelugo.com\/es\/o-pp-reclama-protexer-e-activar-a-banda-municipal-de-lugo-por-tratarse-dun-ben-publico-e-historico\/#primaryimage"},"thumbnailUrl":"https:\/\/www.ppdelugo.com\/wp-content\/uploads\/2022\/01\/800px-Lugo_templete_o_kiosko_Plaza_Mayor_vista_nocturna.jpg","datePublished":"2022-01-22T10:01:36+00:00","dateModified":"2022-01-22T10:02:29+00:00","author":{"@id":"https:\/\/www.ppdelugo.com\/es\/#\/schema\/person\/a847ea797b54208d374f6a8953571050"},"breadcrumb":{"@id":"https:\/\/www.ppdelugo.com\/es\/o-pp-reclama-protexer-e-activar-a-banda-municipal-de-lugo-por-tratarse-dun-ben-publico-e-historico\/#breadcrumb"},"inLanguage":"es","potentialAction":[{"@type":"ReadAction","target":["https:\/\/www.ppdelugo.com\/es\/o-pp-reclama-protexer-e-activar-a-banda-municipal-de-lugo-por-tratarse-dun-ben-publico-e-historico\/"]}]},{"@type":"ImageObject","inLanguage":"es","@id":"https:\/\/www.ppdelugo.com\/es\/o-pp-reclama-protexer-e-activar-a-banda-municipal-de-lugo-por-tratarse-dun-ben-publico-e-historico\/#primaryimage","url":"https:\/\/www.ppdelugo.com\/wp-content\/uploads\/2022\/01\/800px-Lugo_templete_o_kiosko_Plaza_Mayor_vista_nocturna.jpg","contentUrl":"https:\/\/www.ppdelugo.com\/wp-content\/uploads\/2022\/01\/800px-Lugo_templete_o_kiosko_Plaza_Mayor_vista_nocturna.jpg","width":800,"height":554},{"@type":"BreadcrumbList","@id":"https:\/\/www.ppdelugo.com\/es\/o-pp-reclama-protexer-e-activar-a-banda-municipal-de-lugo-por-tratarse-dun-ben-publico-e-historico\/#breadcrumb","itemListElement":[{"@type":"ListItem","position":1,"name":"Portada","item":"https:\/\/www.ppdelugo.com\/es\/"},{"@type":"ListItem","position":2,"name":"El PP reclama proteger y activar a la Banda Municipal de Lugo por tratarse de un bien p\u00fablico e hist\u00f3rico"}]},{"@type":"WebSite","@id":"https:\/\/www.ppdelugo.com\/es\/#website","url":"https:\/\/www.ppdelugo.com\/es\/","name":"Grupo Municipal Partido Popular de Lugo","description":"Web del Grupo Municipal del Partido Popular en el Ayuntamiento de Lugo, con informaci\u00f3n sobre Lugo y fomento de la participaci\u00f3n ciudadana","potentialAction":[{"@type":"SearchAction","target":{"@type":"EntryPoint","urlTemplate":"https:\/\/www.ppdelugo.com\/es\/?s={search_term_string}"},"query-input":{"@type":"PropertyValueSpecification","valueRequired":true,"valueName":"search_term_string"}}],"inLanguage":"es"},{"@type":"Person","@id":"https:\/\/www.ppdelugo.com\/es\/#\/schema\/person\/a847ea797b54208d374f6a8953571050","name":"PP","url":"https:\/\/www.ppdelugo.com\/es\/author\/ppdelugo\/"}]}},"_links":{"self":[{"href":"https:\/\/www.ppdelugo.com\/es\/wp-json\/wp\/v2\/posts\/16899","targetHints":{"allow":["GET"]}}],"collection":[{"href":"https:\/\/www.ppdelugo.com\/es\/wp-json\/wp\/v2\/posts"}],"about":[{"href":"https:\/\/www.ppdelugo.com\/es\/wp-json\/wp\/v2\/types\/post"}],"author":[{"embeddable":true,"href":"https:\/\/www.ppdelugo.com\/es\/wp-json\/wp\/v2\/users\/2"}],"replies":[{"embeddable":true,"href":"https:\/\/www.ppdelugo.com\/es\/wp-json\/wp\/v2\/comments?post=16899"}],"version-history":[{"count":2,"href":"https:\/\/www.ppdelugo.com\/es\/wp-json\/wp\/v2\/posts\/16899\/revisions"}],"predecessor-version":[{"id":16901,"href":"https:\/\/www.ppdelugo.com\/es\/wp-json\/wp\/v2\/posts\/16899\/revisions\/16901"}],"wp:featuredmedia":[{"embeddable":true,"href":"https:\/\/www.ppdelugo.com\/es\/wp-json\/wp\/v2\/media\/16897"}],"wp:attachment":[{"href":"https:\/\/www.ppdelugo.com\/es\/wp-json\/wp\/v2\/media?parent=16899"}],"wp:term":[{"taxonomy":"category","embeddable":true,"href":"https:\/\/www.ppdelugo.com\/es\/wp-json\/wp\/v2\/categories?post=16899"},{"taxonomy":"post_tag","embeddable":true,"href":"https:\/\/www.ppdelugo.com\/es\/wp-json\/wp\/v2\/tags?post=16899"}],"curies":[{"name":"wp","href":"https:\/\/api.w.org\/{rel}","templated":true}]}}