{"id":16880,"date":"2022-01-20T11:16:50","date_gmt":"2022-01-20T11:16:50","guid":{"rendered":"https:\/\/www.ppdelugo.com\/o-pp-agradece-a-arroxo-que-confirme-as-mentiras-de-mendez-ante-a-ausencia-de-solucions-ao-aparcamento-en-fontinas\/"},"modified":"2022-01-20T11:17:35","modified_gmt":"2022-01-20T11:17:35","slug":"o-pp-agradece-a-arroxo-que-confirme-as-mentiras-de-mendez-ante-a-ausencia-de-solucions-ao-aparcamento-en-fontinas","status":"publish","type":"post","link":"https:\/\/www.ppdelugo.com\/es\/o-pp-agradece-a-arroxo-que-confirme-as-mentiras-de-mendez-ante-a-ausencia-de-solucions-ao-aparcamento-en-fontinas\/","title":{"rendered":"El PP agradece a Arroxo que confirme las mentiras de M\u00e9ndez ante la ausencia de soluciones al aparcamiento en Fonti\u00f1as"},"content":{"rendered":"<p>Rafael P\u00e9rez explica que en la comisi\u00f3n de hoy Rub\u00e9n Arroxo, responsable municipal de infraestructuras, confirm\u00f3 que el Ayuntamiento de Lugo no ha previsto ning\u00fan plan para mejorar el aparcamiento en Fonti\u00f1as, desmintiendo as\u00ed las palabras de Lara M\u00e9ndez, que en el pleno de diciembre afirm\u00f3 que su gobierno ya ten\u00eda avanzadas soluciones en este sentido<\/p>\n<p><!--more--><\/p>\n<p>As mentiras de Lara M\u00e9ndez seguen a ser unha constante na vida diaria municipal, a novidade neste caso chegou dende o BNG que esta ma\u00f1\u00e1 desmentiron \u00e1 rexedora, ao asegurar Rub\u00e9n Arroxo que o Concello de Lugo non est\u00e1 a traballar nin ten previsto ning\u00fan plan para mellorar a mobilidade en Fonti\u00f1as.<\/p>\n<p>Explica o concelleiro do Rafael P\u00e9rez que na comisi\u00f3n desta ma\u00f1\u00e1 Rub\u00e9n Arroxo, responsable municipal de infraestruturas, confirmou este extremo ao sinalar que a \u00fanica posibilidade viable \u201cpara pola eliminaci\u00f3n da medianeira, algo que non se contempla de ning\u00fan xeito\u201d ao que Arroxo engadiu que \u201co problema de Fonti\u00f1as est\u00e1 en que est\u00e1 mal dese\u00f1ada dende o principio\u201d. \u201cAgradecemos as palabras de Rub\u00e9n Arroxo porque, ademais de confirmar que o goberno local non traballa por mellorar a mobilidade en Fonti\u00f1as, desmontan as mentiras de Lara M\u00e9ndez, que no pleno de decembro dixo que o seu goberno estaba a traballar en varias soluci\u00f3ns para a mobilidade nesta zona da cidade\u201d, recordou.<\/p>\n<p>Rafael P\u00e9rez sinala que o PP puxo hoxe sobre a mesa unha proposta para que o goberno local, cos fondos europeos que manexa e que previsiblemente vai recibir, impulse un gran aparcamento p\u00fablico en Fonti\u00f1as, ante a posibilidade de que o goberno de Lara M\u00e9ndez de trazar un novo carril bici en Fonti\u00f1as que provocar\u00e1 a supresi\u00f3n de prazas de aparcamento.<\/p>\n<p>Unha situaci\u00f3n ante a que o PP puxo sobre a mesa tres alternativas para crear un gran aparcamento en Fonti\u00f1as. Ben poder\u00eda ser un aparcamento nun talud do parque dos Paxari\u00f1os, \u00e1 altura do n\u00famero 129, ou ben, noutro terrapl\u00e9n situado \u00e1 altura do n\u00famero 99-105 desta avenida (intersecci\u00f3n Carril San Eufrasio). A terceira opci\u00f3n ser\u00eda a de constru\u00edr un aparcamento subterr\u00e1neo no tramo comprendido entre a\u00a0 Praza\u00a0 do\u00a0 Cami\u00f1o Primitivo e a r\u00faa\u00a0 Doutor Balanz\u00e1. Tam\u00e9n se valora a posibilidade de habilitar un aparcadoiro na r\u00faa Primavera onde hai varias parcelas de titularidade municipal.<\/p>\n","protected":false},"excerpt":{"rendered":"<p>Rafael P\u00e9rez explica que en la comisi\u00f3n de hoy Rub\u00e9n Arroxo, responsable municipal de infraestructuras, confirm\u00f3 que el Ayuntamiento de Lugo no ha previsto ning\u00fan plan para mejorar el aparcamiento&#8230;<\/p>\n","protected":false},"author":2,"featured_media":16766,"comment_status":"open","ping_status":"closed","sticky":false,"template":"","format":"standard","meta":{"footnotes":""},"categories":[32],"tags":[],"class_list":{"0":"post-16880","1":"post","2":"type-post","3":"status-publish","4":"format-standard","5":"has-post-thumbnail","7":"category-infraestructuras-es"},"yoast_head":"<!-- This site is optimized with the Yoast SEO plugin v27.4 - https:\/\/yoast.com\/product\/yoast-seo-wordpress\/ -->\n<title>El PP agradece a Arroxo que confirme las mentiras de M\u00e9ndez ante la ausencia de soluciones al aparcamiento en Fonti\u00f1as - Grupo Municipal Partido Popular de Lugo<\/title>\n<meta name=\"robots\" content=\"index, follow, max-snippet:-1, max-image-preview:large, max-video-preview:-1\" \/>\n<link rel=\"canonical\" href=\"https:\/\/www.ppdelugo.com\/es\/o-pp-agradece-a-arroxo-que-confirme-as-mentiras-de-mendez-ante-a-ausencia-de-solucions-ao-aparcamento-en-fontinas\/\" \/>\n<meta property=\"og:locale\" content=\"es_ES\" \/>\n<meta property=\"og:type\" content=\"article\" \/>\n<meta property=\"og:title\" content=\"El PP agradece a Arroxo que confirme las mentiras de M\u00e9ndez ante la ausencia de soluciones al aparcamiento en Fonti\u00f1as - Grupo Municipal Partido Popular de Lugo\" \/>\n<meta property=\"og:description\" content=\"Rafael P\u00e9rez explica que en la comisi\u00f3n de hoy Rub\u00e9n Arroxo, responsable municipal de infraestructuras, confirm\u00f3 que el Ayuntamiento de Lugo no ha previsto ning\u00fan plan para mejorar el aparcamiento...\" \/>\n<meta property=\"og:url\" content=\"https:\/\/www.ppdelugo.com\/es\/o-pp-agradece-a-arroxo-que-confirme-as-mentiras-de-mendez-ante-a-ausencia-de-solucions-ao-aparcamento-en-fontinas\/\" \/>\n<meta property=\"og:site_name\" content=\"Grupo Municipal Partido Popular de Lugo\" \/>\n<meta property=\"article:published_time\" content=\"2022-01-20T11:16:50+00:00\" \/>\n<meta property=\"article:modified_time\" content=\"2022-01-20T11:17:35+00:00\" \/>\n<meta property=\"og:image\" content=\"https:\/\/www.ppdelugo.com\/wp-content\/uploads\/2021\/12\/WhatsApp-Image-2021-12-30-at-09.10.22.jpeg\" \/>\n\t<meta property=\"og:image:width\" content=\"2048\" \/>\n\t<meta property=\"og:image:height\" content=\"1536\" \/>\n\t<meta property=\"og:image:type\" content=\"image\/jpeg\" \/>\n<meta name=\"author\" content=\"PP\" \/>\n<meta name=\"twitter:card\" content=\"summary_large_image\" \/>\n<meta name=\"twitter:label1\" content=\"Escrito por\" \/>\n\t<meta name=\"twitter:data1\" content=\"PP\" \/>\n\t<meta name=\"twitter:label2\" content=\"Tiempo de lectura\" \/>\n\t<meta name=\"twitter:data2\" content=\"3 minutos\" \/>\n<script type=\"application\/ld+json\" class=\"yoast-schema-graph\">{\"@context\":\"https:\\\/\\\/schema.org\",\"@graph\":[{\"@type\":\"Article\",\"@id\":\"https:\\\/\\\/www.ppdelugo.com\\\/es\\\/o-pp-agradece-a-arroxo-que-confirme-as-mentiras-de-mendez-ante-a-ausencia-de-solucions-ao-aparcamento-en-fontinas\\\/#article\",\"isPartOf\":{\"@id\":\"https:\\\/\\\/www.ppdelugo.com\\\/es\\\/o-pp-agradece-a-arroxo-que-confirme-as-mentiras-de-mendez-ante-a-ausencia-de-solucions-ao-aparcamento-en-fontinas\\\/\"},\"author\":{\"name\":\"PP\",\"@id\":\"https:\\\/\\\/www.ppdelugo.com\\\/es\\\/#\\\/schema\\\/person\\\/a847ea797b54208d374f6a8953571050\"},\"headline\":\"El PP agradece a Arroxo que confirme las mentiras de M\u00e9ndez ante la ausencia de soluciones al aparcamiento en Fonti\u00f1as\",\"datePublished\":\"2022-01-20T11:16:50+00:00\",\"dateModified\":\"2022-01-20T11:17:35+00:00\",\"mainEntityOfPage\":{\"@id\":\"https:\\\/\\\/www.ppdelugo.com\\\/es\\\/o-pp-agradece-a-arroxo-que-confirme-as-mentiras-de-mendez-ante-a-ausencia-de-solucions-ao-aparcamento-en-fontinas\\\/\"},\"wordCount\":436,\"commentCount\":0,\"image\":{\"@id\":\"https:\\\/\\\/www.ppdelugo.com\\\/es\\\/o-pp-agradece-a-arroxo-que-confirme-as-mentiras-de-mendez-ante-a-ausencia-de-solucions-ao-aparcamento-en-fontinas\\\/#primaryimage\"},\"thumbnailUrl\":\"https:\\\/\\\/www.ppdelugo.com\\\/wp-content\\\/uploads\\\/2021\\\/12\\\/WhatsApp-Image-2021-12-30-at-09.10.22.jpeg\",\"articleSection\":[\"Infraestructuras\"],\"inLanguage\":\"es\",\"potentialAction\":[{\"@type\":\"CommentAction\",\"name\":\"Comment\",\"target\":[\"https:\\\/\\\/www.ppdelugo.com\\\/es\\\/o-pp-agradece-a-arroxo-que-confirme-as-mentiras-de-mendez-ante-a-ausencia-de-solucions-ao-aparcamento-en-fontinas\\\/#respond\"]}]},{\"@type\":\"WebPage\",\"@id\":\"https:\\\/\\\/www.ppdelugo.com\\\/es\\\/o-pp-agradece-a-arroxo-que-confirme-as-mentiras-de-mendez-ante-a-ausencia-de-solucions-ao-aparcamento-en-fontinas\\\/\",\"url\":\"https:\\\/\\\/www.ppdelugo.com\\\/es\\\/o-pp-agradece-a-arroxo-que-confirme-as-mentiras-de-mendez-ante-a-ausencia-de-solucions-ao-aparcamento-en-fontinas\\\/\",\"name\":\"El PP agradece a Arroxo que confirme las mentiras de M\u00e9ndez ante la ausencia de soluciones al aparcamiento en Fonti\u00f1as - Grupo Municipal Partido Popular de Lugo\",\"isPartOf\":{\"@id\":\"https:\\\/\\\/www.ppdelugo.com\\\/es\\\/#website\"},\"primaryImageOfPage\":{\"@id\":\"https:\\\/\\\/www.ppdelugo.com\\\/es\\\/o-pp-agradece-a-arroxo-que-confirme-as-mentiras-de-mendez-ante-a-ausencia-de-solucions-ao-aparcamento-en-fontinas\\\/#primaryimage\"},\"image\":{\"@id\":\"https:\\\/\\\/www.ppdelugo.com\\\/es\\\/o-pp-agradece-a-arroxo-que-confirme-as-mentiras-de-mendez-ante-a-ausencia-de-solucions-ao-aparcamento-en-fontinas\\\/#primaryimage\"},\"thumbnailUrl\":\"https:\\\/\\\/www.ppdelugo.com\\\/wp-content\\\/uploads\\\/2021\\\/12\\\/WhatsApp-Image-2021-12-30-at-09.10.22.jpeg\",\"datePublished\":\"2022-01-20T11:16:50+00:00\",\"dateModified\":\"2022-01-20T11:17:35+00:00\",\"author\":{\"@id\":\"https:\\\/\\\/www.ppdelugo.com\\\/es\\\/#\\\/schema\\\/person\\\/a847ea797b54208d374f6a8953571050\"},\"breadcrumb\":{\"@id\":\"https:\\\/\\\/www.ppdelugo.com\\\/es\\\/o-pp-agradece-a-arroxo-que-confirme-as-mentiras-de-mendez-ante-a-ausencia-de-solucions-ao-aparcamento-en-fontinas\\\/#breadcrumb\"},\"inLanguage\":\"es\",\"potentialAction\":[{\"@type\":\"ReadAction\",\"target\":[\"https:\\\/\\\/www.ppdelugo.com\\\/es\\\/o-pp-agradece-a-arroxo-que-confirme-as-mentiras-de-mendez-ante-a-ausencia-de-solucions-ao-aparcamento-en-fontinas\\\/\"]}]},{\"@type\":\"ImageObject\",\"inLanguage\":\"es\",\"@id\":\"https:\\\/\\\/www.ppdelugo.com\\\/es\\\/o-pp-agradece-a-arroxo-que-confirme-as-mentiras-de-mendez-ante-a-ausencia-de-solucions-ao-aparcamento-en-fontinas\\\/#primaryimage\",\"url\":\"https:\\\/\\\/www.ppdelugo.com\\\/wp-content\\\/uploads\\\/2021\\\/12\\\/WhatsApp-Image-2021-12-30-at-09.10.22.jpeg\",\"contentUrl\":\"https:\\\/\\\/www.ppdelugo.com\\\/wp-content\\\/uploads\\\/2021\\\/12\\\/WhatsApp-Image-2021-12-30-at-09.10.22.jpeg\",\"width\":2048,\"height\":1536},{\"@type\":\"BreadcrumbList\",\"@id\":\"https:\\\/\\\/www.ppdelugo.com\\\/es\\\/o-pp-agradece-a-arroxo-que-confirme-as-mentiras-de-mendez-ante-a-ausencia-de-solucions-ao-aparcamento-en-fontinas\\\/#breadcrumb\",\"itemListElement\":[{\"@type\":\"ListItem\",\"position\":1,\"name\":\"Portada\",\"item\":\"https:\\\/\\\/www.ppdelugo.com\\\/es\\\/\"},{\"@type\":\"ListItem\",\"position\":2,\"name\":\"El PP agradece a Arroxo que confirme las mentiras de M\u00e9ndez ante la ausencia de soluciones al aparcamiento en Fonti\u00f1as\"}]},{\"@type\":\"WebSite\",\"@id\":\"https:\\\/\\\/www.ppdelugo.com\\\/es\\\/#website\",\"url\":\"https:\\\/\\\/www.ppdelugo.com\\\/es\\\/\",\"name\":\"Grupo Municipal Partido Popular de Lugo\",\"description\":\"Web del Grupo Municipal del Partido Popular en el Ayuntamiento de Lugo, con informaci\u00f3n sobre Lugo y fomento de la participaci\u00f3n ciudadana\",\"potentialAction\":[{\"@type\":\"SearchAction\",\"target\":{\"@type\":\"EntryPoint\",\"urlTemplate\":\"https:\\\/\\\/www.ppdelugo.com\\\/es\\\/?s={search_term_string}\"},\"query-input\":{\"@type\":\"PropertyValueSpecification\",\"valueRequired\":true,\"valueName\":\"search_term_string\"}}],\"inLanguage\":\"es\"},{\"@type\":\"Person\",\"@id\":\"https:\\\/\\\/www.ppdelugo.com\\\/es\\\/#\\\/schema\\\/person\\\/a847ea797b54208d374f6a8953571050\",\"name\":\"PP\",\"url\":\"https:\\\/\\\/www.ppdelugo.com\\\/es\\\/author\\\/ppdelugo\\\/\"}]}<\/script>\n<!-- \/ Yoast SEO plugin. -->","yoast_head_json":{"title":"El PP agradece a Arroxo que confirme las mentiras de M\u00e9ndez ante la ausencia de soluciones al aparcamiento en Fonti\u00f1as - Grupo Municipal Partido Popular de Lugo","robots":{"index":"index","follow":"follow","max-snippet":"max-snippet:-1","max-image-preview":"max-image-preview:large","max-video-preview":"max-video-preview:-1"},"canonical":"https:\/\/www.ppdelugo.com\/es\/o-pp-agradece-a-arroxo-que-confirme-as-mentiras-de-mendez-ante-a-ausencia-de-solucions-ao-aparcamento-en-fontinas\/","og_locale":"es_ES","og_type":"article","og_title":"El PP agradece a Arroxo que confirme las mentiras de M\u00e9ndez ante la ausencia de soluciones al aparcamiento en Fonti\u00f1as - Grupo Municipal Partido Popular de Lugo","og_description":"Rafael P\u00e9rez explica que en la comisi\u00f3n de hoy Rub\u00e9n Arroxo, responsable municipal de infraestructuras, confirm\u00f3 que el Ayuntamiento de Lugo no ha previsto ning\u00fan plan para mejorar el aparcamiento...","og_url":"https:\/\/www.ppdelugo.com\/es\/o-pp-agradece-a-arroxo-que-confirme-as-mentiras-de-mendez-ante-a-ausencia-de-solucions-ao-aparcamento-en-fontinas\/","og_site_name":"Grupo Municipal Partido Popular de Lugo","article_published_time":"2022-01-20T11:16:50+00:00","article_modified_time":"2022-01-20T11:17:35+00:00","og_image":[{"width":2048,"height":1536,"url":"https:\/\/www.ppdelugo.com\/wp-content\/uploads\/2021\/12\/WhatsApp-Image-2021-12-30-at-09.10.22.jpeg","type":"image\/jpeg"}],"author":"PP","twitter_card":"summary_large_image","twitter_misc":{"Escrito por":"PP","Tiempo de lectura":"3 minutos"},"schema":{"@context":"https:\/\/schema.org","@graph":[{"@type":"Article","@id":"https:\/\/www.ppdelugo.com\/es\/o-pp-agradece-a-arroxo-que-confirme-as-mentiras-de-mendez-ante-a-ausencia-de-solucions-ao-aparcamento-en-fontinas\/#article","isPartOf":{"@id":"https:\/\/www.ppdelugo.com\/es\/o-pp-agradece-a-arroxo-que-confirme-as-mentiras-de-mendez-ante-a-ausencia-de-solucions-ao-aparcamento-en-fontinas\/"},"author":{"name":"PP","@id":"https:\/\/www.ppdelugo.com\/es\/#\/schema\/person\/a847ea797b54208d374f6a8953571050"},"headline":"El PP agradece a Arroxo que confirme las mentiras de M\u00e9ndez ante la ausencia de soluciones al aparcamiento en Fonti\u00f1as","datePublished":"2022-01-20T11:16:50+00:00","dateModified":"2022-01-20T11:17:35+00:00","mainEntityOfPage":{"@id":"https:\/\/www.ppdelugo.com\/es\/o-pp-agradece-a-arroxo-que-confirme-as-mentiras-de-mendez-ante-a-ausencia-de-solucions-ao-aparcamento-en-fontinas\/"},"wordCount":436,"commentCount":0,"image":{"@id":"https:\/\/www.ppdelugo.com\/es\/o-pp-agradece-a-arroxo-que-confirme-as-mentiras-de-mendez-ante-a-ausencia-de-solucions-ao-aparcamento-en-fontinas\/#primaryimage"},"thumbnailUrl":"https:\/\/www.ppdelugo.com\/wp-content\/uploads\/2021\/12\/WhatsApp-Image-2021-12-30-at-09.10.22.jpeg","articleSection":["Infraestructuras"],"inLanguage":"es","potentialAction":[{"@type":"CommentAction","name":"Comment","target":["https:\/\/www.ppdelugo.com\/es\/o-pp-agradece-a-arroxo-que-confirme-as-mentiras-de-mendez-ante-a-ausencia-de-solucions-ao-aparcamento-en-fontinas\/#respond"]}]},{"@type":"WebPage","@id":"https:\/\/www.ppdelugo.com\/es\/o-pp-agradece-a-arroxo-que-confirme-as-mentiras-de-mendez-ante-a-ausencia-de-solucions-ao-aparcamento-en-fontinas\/","url":"https:\/\/www.ppdelugo.com\/es\/o-pp-agradece-a-arroxo-que-confirme-as-mentiras-de-mendez-ante-a-ausencia-de-solucions-ao-aparcamento-en-fontinas\/","name":"El PP agradece a Arroxo que confirme las mentiras de M\u00e9ndez ante la ausencia de soluciones al aparcamiento en Fonti\u00f1as - Grupo Municipal Partido Popular de Lugo","isPartOf":{"@id":"https:\/\/www.ppdelugo.com\/es\/#website"},"primaryImageOfPage":{"@id":"https:\/\/www.ppdelugo.com\/es\/o-pp-agradece-a-arroxo-que-confirme-as-mentiras-de-mendez-ante-a-ausencia-de-solucions-ao-aparcamento-en-fontinas\/#primaryimage"},"image":{"@id":"https:\/\/www.ppdelugo.com\/es\/o-pp-agradece-a-arroxo-que-confirme-as-mentiras-de-mendez-ante-a-ausencia-de-solucions-ao-aparcamento-en-fontinas\/#primaryimage"},"thumbnailUrl":"https:\/\/www.ppdelugo.com\/wp-content\/uploads\/2021\/12\/WhatsApp-Image-2021-12-30-at-09.10.22.jpeg","datePublished":"2022-01-20T11:16:50+00:00","dateModified":"2022-01-20T11:17:35+00:00","author":{"@id":"https:\/\/www.ppdelugo.com\/es\/#\/schema\/person\/a847ea797b54208d374f6a8953571050"},"breadcrumb":{"@id":"https:\/\/www.ppdelugo.com\/es\/o-pp-agradece-a-arroxo-que-confirme-as-mentiras-de-mendez-ante-a-ausencia-de-solucions-ao-aparcamento-en-fontinas\/#breadcrumb"},"inLanguage":"es","potentialAction":[{"@type":"ReadAction","target":["https:\/\/www.ppdelugo.com\/es\/o-pp-agradece-a-arroxo-que-confirme-as-mentiras-de-mendez-ante-a-ausencia-de-solucions-ao-aparcamento-en-fontinas\/"]}]},{"@type":"ImageObject","inLanguage":"es","@id":"https:\/\/www.ppdelugo.com\/es\/o-pp-agradece-a-arroxo-que-confirme-as-mentiras-de-mendez-ante-a-ausencia-de-solucions-ao-aparcamento-en-fontinas\/#primaryimage","url":"https:\/\/www.ppdelugo.com\/wp-content\/uploads\/2021\/12\/WhatsApp-Image-2021-12-30-at-09.10.22.jpeg","contentUrl":"https:\/\/www.ppdelugo.com\/wp-content\/uploads\/2021\/12\/WhatsApp-Image-2021-12-30-at-09.10.22.jpeg","width":2048,"height":1536},{"@type":"BreadcrumbList","@id":"https:\/\/www.ppdelugo.com\/es\/o-pp-agradece-a-arroxo-que-confirme-as-mentiras-de-mendez-ante-a-ausencia-de-solucions-ao-aparcamento-en-fontinas\/#breadcrumb","itemListElement":[{"@type":"ListItem","position":1,"name":"Portada","item":"https:\/\/www.ppdelugo.com\/es\/"},{"@type":"ListItem","position":2,"name":"El PP agradece a Arroxo que confirme las mentiras de M\u00e9ndez ante la ausencia de soluciones al aparcamiento en Fonti\u00f1as"}]},{"@type":"WebSite","@id":"https:\/\/www.ppdelugo.com\/es\/#website","url":"https:\/\/www.ppdelugo.com\/es\/","name":"Grupo Municipal Partido Popular de Lugo","description":"Web del Grupo Municipal del Partido Popular en el Ayuntamiento de Lugo, con informaci\u00f3n sobre Lugo y fomento de la participaci\u00f3n ciudadana","potentialAction":[{"@type":"SearchAction","target":{"@type":"EntryPoint","urlTemplate":"https:\/\/www.ppdelugo.com\/es\/?s={search_term_string}"},"query-input":{"@type":"PropertyValueSpecification","valueRequired":true,"valueName":"search_term_string"}}],"inLanguage":"es"},{"@type":"Person","@id":"https:\/\/www.ppdelugo.com\/es\/#\/schema\/person\/a847ea797b54208d374f6a8953571050","name":"PP","url":"https:\/\/www.ppdelugo.com\/es\/author\/ppdelugo\/"}]}},"_links":{"self":[{"href":"https:\/\/www.ppdelugo.com\/es\/wp-json\/wp\/v2\/posts\/16880","targetHints":{"allow":["GET"]}}],"collection":[{"href":"https:\/\/www.ppdelugo.com\/es\/wp-json\/wp\/v2\/posts"}],"about":[{"href":"https:\/\/www.ppdelugo.com\/es\/wp-json\/wp\/v2\/types\/post"}],"author":[{"embeddable":true,"href":"https:\/\/www.ppdelugo.com\/es\/wp-json\/wp\/v2\/users\/2"}],"replies":[{"embeddable":true,"href":"https:\/\/www.ppdelugo.com\/es\/wp-json\/wp\/v2\/comments?post=16880"}],"version-history":[{"count":2,"href":"https:\/\/www.ppdelugo.com\/es\/wp-json\/wp\/v2\/posts\/16880\/revisions"}],"predecessor-version":[{"id":16882,"href":"https:\/\/www.ppdelugo.com\/es\/wp-json\/wp\/v2\/posts\/16880\/revisions\/16882"}],"wp:featuredmedia":[{"embeddable":true,"href":"https:\/\/www.ppdelugo.com\/es\/wp-json\/wp\/v2\/media\/16766"}],"wp:attachment":[{"href":"https:\/\/www.ppdelugo.com\/es\/wp-json\/wp\/v2\/media?parent=16880"}],"wp:term":[{"taxonomy":"category","embeddable":true,"href":"https:\/\/www.ppdelugo.com\/es\/wp-json\/wp\/v2\/categories?post=16880"},{"taxonomy":"post_tag","embeddable":true,"href":"https:\/\/www.ppdelugo.com\/es\/wp-json\/wp\/v2\/tags?post=16880"}],"curies":[{"name":"wp","href":"https:\/\/api.w.org\/{rel}","templated":true}]}}