{"id":16782,"date":"2022-01-04T12:34:07","date_gmt":"2022-01-04T12:34:07","guid":{"rendered":"https:\/\/www.ppdelugo.com\/o-pp-pedira-amparo-ao-secretario-do-concello-se-lara-mendez-segue-a-vetar-a-entrada-dos-populares-ao-auditorio-de-magoi\/"},"modified":"2022-12-30T11:31:18","modified_gmt":"2022-12-30T11:31:18","slug":"o-pp-pedira-amparo-ao-secretario-do-concello-se-lara-mendez-segue-a-vetar-a-entrada-dos-populares-ao-auditorio-de-magoi","status":"publish","type":"post","link":"https:\/\/www.ppdelugo.com\/es\/o-pp-pedira-amparo-ao-secretario-do-concello-se-lara-mendez-segue-a-vetar-a-entrada-dos-populares-ao-auditorio-de-magoi\/","title":{"rendered":"El PP pedir\u00e1 amparo al secretario del Ayuntamiento si Lara M\u00e9ndez sigue vetando la entrada de los populares al auditorio de Magoi"},"content":{"rendered":"<p>Antonio Ameijide hace este anuncio despu\u00e9s de ver como Rub\u00e9n Arroxo no tuvo problemas en autorizar la entrada a los concejales populares a la cafeter\u00eda de la Vieja C\u00e1rcel, una infraestructura que funciona al amparo del \u00e1rea de Cultura, dirigida por el BNG<\/p>\n<p><!--more--><\/p>\n<p>Despois de entrar na cafeter\u00eda do Vello C\u00e1rcere para comprobar as deficiencias que presenta esta infraestrutura que leva case cinco anos pechada, os concelleiros populares afirman que cada d\u00eda est\u00e1 m\u00e1is claro que \u00e1 fronte do goberno local hai dous modelos distintos para dirixir o Concello de Lugo, en funci\u00f3n da cor pol\u00edtica que dirixa cada \u00e1rea.<\/p>\n<p>O vicevoceiro popular, Antonio Ameijide, agradece ao BNG a autorizaci\u00f3n para entrar na cafeter\u00eda do Vello C\u00e1rcere, unha postura que choca claramente coa negativa sistem\u00e1tica de Lara M\u00e9ndez a autorizar o acceso ao novo auditorio de Magoi aos concelleiros populares. \u201cVemos claramente como hai dous modelos distintos. Por unha banda, o de Rub\u00e9n Arroxo que non ten problema e autorizar o acceso a aquelas infraestruturas que dependen do BNG e, por outra parte, a negativa reiterada a entrar naqueles edificios que dependen de Lara M\u00e9ndez\u201d, sinalou.<\/p>\n<p>Unha situaci\u00f3n ante a que Ameijide pregunta \u201cque ten que agochar a alcaldesa para negar a entrada a concelleiros desta corporaci\u00f3n a un edificio que \u00e9 propiedade de Concello de Lugo\u201d. Unha pregunta que chega despois de que Arroxo si que permitise aos populares comprobar como a cafeter\u00eda do Vello C\u00e1rcere presenta eivas importantes, como a ausencia dun aseo adaptado a persoas con mobilidade reducida ou como o chan da terraza xa precisa dunha renovaci\u00f3n.<\/p>\n<p>Ante esta situaci\u00f3n, dende o Grupo Municipal Popular non descartan \u201cpedir o amparo\u201d do secretario municipal ou de aquel organismo que sexa oportuno para evitar que Lara M\u00e9ndez siga a negar aos concelleiros desta corporaci\u00f3n o seu traballo de fiscalizaci\u00f3n e control ao goberno local.<\/p>\n<p>Neste senso, dende o Grupo Municipal Popular rexistraron hoxe unha nova petici\u00f3n de entrada ao auditorio de Magoi, para o 13 de xaneiro, \u201ca ver se desta vez Lara M\u00e9ndez autoriza o acceso para poder comprobar o estado no que se atopa esta instalaci\u00f3n\u201d.<\/p>\n","protected":false},"excerpt":{"rendered":"<p>Antonio Ameijide hace este anuncio despu\u00e9s de ver como Rub\u00e9n Arroxo no tuvo problemas en autorizar la entrada a los concejales populares a la cafeter\u00eda de la Vieja C\u00e1rcel, una&#8230;<\/p>\n","protected":false},"author":2,"featured_media":16058,"comment_status":"open","ping_status":"closed","sticky":false,"template":"","format":"standard","meta":{"footnotes":""},"categories":[30],"tags":[],"class_list":{"0":"post-16782","1":"post","2":"type-post","3":"status-publish","4":"format-standard","5":"has-post-thumbnail","7":"category-cultura-es"},"yoast_head":"<!-- This site is optimized with the Yoast SEO plugin v27.5 - https:\/\/yoast.com\/product\/yoast-seo-wordpress\/ -->\n<title>El PP pedir\u00e1 amparo al secretario del Ayuntamiento si Lara M\u00e9ndez sigue vetando la entrada de los populares al auditorio de Magoi - Grupo Municipal Partido Popular de Lugo<\/title>\n<meta name=\"robots\" content=\"index, follow, max-snippet:-1, max-image-preview:large, max-video-preview:-1\" \/>\n<link rel=\"canonical\" href=\"https:\/\/www.ppdelugo.com\/es\/o-pp-pedira-amparo-ao-secretario-do-concello-se-lara-mendez-segue-a-vetar-a-entrada-dos-populares-ao-auditorio-de-magoi\/\" \/>\n<meta property=\"og:locale\" content=\"es_ES\" \/>\n<meta property=\"og:type\" content=\"article\" \/>\n<meta property=\"og:title\" content=\"El PP pedir\u00e1 amparo al secretario del Ayuntamiento si Lara M\u00e9ndez sigue vetando la entrada de los populares al auditorio de Magoi - Grupo Municipal Partido Popular de Lugo\" \/>\n<meta property=\"og:description\" content=\"Antonio Ameijide hace este anuncio despu\u00e9s de ver como Rub\u00e9n Arroxo no tuvo problemas en autorizar la entrada a los concejales populares a la cafeter\u00eda de la Vieja C\u00e1rcel, una...\" \/>\n<meta property=\"og:url\" content=\"https:\/\/www.ppdelugo.com\/es\/o-pp-pedira-amparo-ao-secretario-do-concello-se-lara-mendez-segue-a-vetar-a-entrada-dos-populares-ao-auditorio-de-magoi\/\" \/>\n<meta property=\"og:site_name\" content=\"Grupo Municipal Partido Popular de Lugo\" \/>\n<meta property=\"article:published_time\" content=\"2022-01-04T12:34:07+00:00\" \/>\n<meta property=\"article:modified_time\" content=\"2022-12-30T11:31:18+00:00\" \/>\n<meta property=\"og:image\" content=\"https:\/\/www.ppdelugo.com\/wp-content\/uploads\/2021\/09\/P1120677-min-scaled.jpg\" \/>\n\t<meta property=\"og:image:width\" content=\"2560\" \/>\n\t<meta property=\"og:image:height\" content=\"1920\" \/>\n\t<meta property=\"og:image:type\" content=\"image\/jpeg\" \/>\n<meta name=\"author\" content=\"PP\" \/>\n<meta name=\"twitter:card\" content=\"summary_large_image\" \/>\n<meta name=\"twitter:label1\" content=\"Escrito por\" \/>\n\t<meta name=\"twitter:data1\" content=\"PP\" \/>\n\t<meta name=\"twitter:label2\" content=\"Tiempo de lectura\" \/>\n\t<meta name=\"twitter:data2\" content=\"2 minutos\" \/>\n<script type=\"application\/ld+json\" class=\"yoast-schema-graph\">{\"@context\":\"https:\\\/\\\/schema.org\",\"@graph\":[{\"@type\":\"Article\",\"@id\":\"https:\\\/\\\/www.ppdelugo.com\\\/es\\\/o-pp-pedira-amparo-ao-secretario-do-concello-se-lara-mendez-segue-a-vetar-a-entrada-dos-populares-ao-auditorio-de-magoi\\\/#article\",\"isPartOf\":{\"@id\":\"https:\\\/\\\/www.ppdelugo.com\\\/es\\\/o-pp-pedira-amparo-ao-secretario-do-concello-se-lara-mendez-segue-a-vetar-a-entrada-dos-populares-ao-auditorio-de-magoi\\\/\"},\"author\":{\"name\":\"PP\",\"@id\":\"https:\\\/\\\/www.ppdelugo.com\\\/es\\\/#\\\/schema\\\/person\\\/a847ea797b54208d374f6a8953571050\"},\"headline\":\"El PP pedir\u00e1 amparo al secretario del Ayuntamiento si Lara M\u00e9ndez sigue vetando la entrada de los populares al auditorio de Magoi\",\"datePublished\":\"2022-01-04T12:34:07+00:00\",\"dateModified\":\"2022-12-30T11:31:18+00:00\",\"mainEntityOfPage\":{\"@id\":\"https:\\\/\\\/www.ppdelugo.com\\\/es\\\/o-pp-pedira-amparo-ao-secretario-do-concello-se-lara-mendez-segue-a-vetar-a-entrada-dos-populares-ao-auditorio-de-magoi\\\/\"},\"wordCount\":399,\"commentCount\":0,\"image\":{\"@id\":\"https:\\\/\\\/www.ppdelugo.com\\\/es\\\/o-pp-pedira-amparo-ao-secretario-do-concello-se-lara-mendez-segue-a-vetar-a-entrada-dos-populares-ao-auditorio-de-magoi\\\/#primaryimage\"},\"thumbnailUrl\":\"https:\\\/\\\/www.ppdelugo.com\\\/wp-content\\\/uploads\\\/2021\\\/09\\\/P1120677-min-scaled.jpg\",\"articleSection\":[\"Cultura\"],\"inLanguage\":\"es\",\"potentialAction\":[{\"@type\":\"CommentAction\",\"name\":\"Comment\",\"target\":[\"https:\\\/\\\/www.ppdelugo.com\\\/es\\\/o-pp-pedira-amparo-ao-secretario-do-concello-se-lara-mendez-segue-a-vetar-a-entrada-dos-populares-ao-auditorio-de-magoi\\\/#respond\"]}]},{\"@type\":\"WebPage\",\"@id\":\"https:\\\/\\\/www.ppdelugo.com\\\/es\\\/o-pp-pedira-amparo-ao-secretario-do-concello-se-lara-mendez-segue-a-vetar-a-entrada-dos-populares-ao-auditorio-de-magoi\\\/\",\"url\":\"https:\\\/\\\/www.ppdelugo.com\\\/es\\\/o-pp-pedira-amparo-ao-secretario-do-concello-se-lara-mendez-segue-a-vetar-a-entrada-dos-populares-ao-auditorio-de-magoi\\\/\",\"name\":\"El PP pedir\u00e1 amparo al secretario del Ayuntamiento si Lara M\u00e9ndez sigue vetando la entrada de los populares al auditorio de Magoi - Grupo Municipal Partido Popular de Lugo\",\"isPartOf\":{\"@id\":\"https:\\\/\\\/www.ppdelugo.com\\\/es\\\/#website\"},\"primaryImageOfPage\":{\"@id\":\"https:\\\/\\\/www.ppdelugo.com\\\/es\\\/o-pp-pedira-amparo-ao-secretario-do-concello-se-lara-mendez-segue-a-vetar-a-entrada-dos-populares-ao-auditorio-de-magoi\\\/#primaryimage\"},\"image\":{\"@id\":\"https:\\\/\\\/www.ppdelugo.com\\\/es\\\/o-pp-pedira-amparo-ao-secretario-do-concello-se-lara-mendez-segue-a-vetar-a-entrada-dos-populares-ao-auditorio-de-magoi\\\/#primaryimage\"},\"thumbnailUrl\":\"https:\\\/\\\/www.ppdelugo.com\\\/wp-content\\\/uploads\\\/2021\\\/09\\\/P1120677-min-scaled.jpg\",\"datePublished\":\"2022-01-04T12:34:07+00:00\",\"dateModified\":\"2022-12-30T11:31:18+00:00\",\"author\":{\"@id\":\"https:\\\/\\\/www.ppdelugo.com\\\/es\\\/#\\\/schema\\\/person\\\/a847ea797b54208d374f6a8953571050\"},\"breadcrumb\":{\"@id\":\"https:\\\/\\\/www.ppdelugo.com\\\/es\\\/o-pp-pedira-amparo-ao-secretario-do-concello-se-lara-mendez-segue-a-vetar-a-entrada-dos-populares-ao-auditorio-de-magoi\\\/#breadcrumb\"},\"inLanguage\":\"es\",\"potentialAction\":[{\"@type\":\"ReadAction\",\"target\":[\"https:\\\/\\\/www.ppdelugo.com\\\/es\\\/o-pp-pedira-amparo-ao-secretario-do-concello-se-lara-mendez-segue-a-vetar-a-entrada-dos-populares-ao-auditorio-de-magoi\\\/\"]}]},{\"@type\":\"ImageObject\",\"inLanguage\":\"es\",\"@id\":\"https:\\\/\\\/www.ppdelugo.com\\\/es\\\/o-pp-pedira-amparo-ao-secretario-do-concello-se-lara-mendez-segue-a-vetar-a-entrada-dos-populares-ao-auditorio-de-magoi\\\/#primaryimage\",\"url\":\"https:\\\/\\\/www.ppdelugo.com\\\/wp-content\\\/uploads\\\/2021\\\/09\\\/P1120677-min-scaled.jpg\",\"contentUrl\":\"https:\\\/\\\/www.ppdelugo.com\\\/wp-content\\\/uploads\\\/2021\\\/09\\\/P1120677-min-scaled.jpg\",\"width\":2560,\"height\":1920},{\"@type\":\"BreadcrumbList\",\"@id\":\"https:\\\/\\\/www.ppdelugo.com\\\/es\\\/o-pp-pedira-amparo-ao-secretario-do-concello-se-lara-mendez-segue-a-vetar-a-entrada-dos-populares-ao-auditorio-de-magoi\\\/#breadcrumb\",\"itemListElement\":[{\"@type\":\"ListItem\",\"position\":1,\"name\":\"Portada\",\"item\":\"https:\\\/\\\/www.ppdelugo.com\\\/es\\\/\"},{\"@type\":\"ListItem\",\"position\":2,\"name\":\"El PP pedir\u00e1 amparo al secretario del Ayuntamiento si Lara M\u00e9ndez sigue vetando la entrada de los populares al auditorio de Magoi\"}]},{\"@type\":\"WebSite\",\"@id\":\"https:\\\/\\\/www.ppdelugo.com\\\/es\\\/#website\",\"url\":\"https:\\\/\\\/www.ppdelugo.com\\\/es\\\/\",\"name\":\"Grupo Municipal Partido Popular de Lugo\",\"description\":\"Web del Grupo Municipal del Partido Popular en el Ayuntamiento de Lugo, con informaci\u00f3n sobre Lugo y fomento de la participaci\u00f3n ciudadana\",\"potentialAction\":[{\"@type\":\"SearchAction\",\"target\":{\"@type\":\"EntryPoint\",\"urlTemplate\":\"https:\\\/\\\/www.ppdelugo.com\\\/es\\\/?s={search_term_string}\"},\"query-input\":{\"@type\":\"PropertyValueSpecification\",\"valueRequired\":true,\"valueName\":\"search_term_string\"}}],\"inLanguage\":\"es\"},{\"@type\":\"Person\",\"@id\":\"https:\\\/\\\/www.ppdelugo.com\\\/es\\\/#\\\/schema\\\/person\\\/a847ea797b54208d374f6a8953571050\",\"name\":\"PP\",\"url\":\"https:\\\/\\\/www.ppdelugo.com\\\/es\\\/author\\\/ppdelugo\\\/\"}]}<\/script>\n<!-- \/ Yoast SEO plugin. -->","yoast_head_json":{"title":"El PP pedir\u00e1 amparo al secretario del Ayuntamiento si Lara M\u00e9ndez sigue vetando la entrada de los populares al auditorio de Magoi - Grupo Municipal Partido Popular de Lugo","robots":{"index":"index","follow":"follow","max-snippet":"max-snippet:-1","max-image-preview":"max-image-preview:large","max-video-preview":"max-video-preview:-1"},"canonical":"https:\/\/www.ppdelugo.com\/es\/o-pp-pedira-amparo-ao-secretario-do-concello-se-lara-mendez-segue-a-vetar-a-entrada-dos-populares-ao-auditorio-de-magoi\/","og_locale":"es_ES","og_type":"article","og_title":"El PP pedir\u00e1 amparo al secretario del Ayuntamiento si Lara M\u00e9ndez sigue vetando la entrada de los populares al auditorio de Magoi - Grupo Municipal Partido Popular de Lugo","og_description":"Antonio Ameijide hace este anuncio despu\u00e9s de ver como Rub\u00e9n Arroxo no tuvo problemas en autorizar la entrada a los concejales populares a la cafeter\u00eda de la Vieja C\u00e1rcel, una...","og_url":"https:\/\/www.ppdelugo.com\/es\/o-pp-pedira-amparo-ao-secretario-do-concello-se-lara-mendez-segue-a-vetar-a-entrada-dos-populares-ao-auditorio-de-magoi\/","og_site_name":"Grupo Municipal Partido Popular de Lugo","article_published_time":"2022-01-04T12:34:07+00:00","article_modified_time":"2022-12-30T11:31:18+00:00","og_image":[{"width":2560,"height":1920,"url":"https:\/\/www.ppdelugo.com\/wp-content\/uploads\/2021\/09\/P1120677-min-scaled.jpg","type":"image\/jpeg"}],"author":"PP","twitter_card":"summary_large_image","twitter_misc":{"Escrito por":"PP","Tiempo de lectura":"2 minutos"},"schema":{"@context":"https:\/\/schema.org","@graph":[{"@type":"Article","@id":"https:\/\/www.ppdelugo.com\/es\/o-pp-pedira-amparo-ao-secretario-do-concello-se-lara-mendez-segue-a-vetar-a-entrada-dos-populares-ao-auditorio-de-magoi\/#article","isPartOf":{"@id":"https:\/\/www.ppdelugo.com\/es\/o-pp-pedira-amparo-ao-secretario-do-concello-se-lara-mendez-segue-a-vetar-a-entrada-dos-populares-ao-auditorio-de-magoi\/"},"author":{"name":"PP","@id":"https:\/\/www.ppdelugo.com\/es\/#\/schema\/person\/a847ea797b54208d374f6a8953571050"},"headline":"El PP pedir\u00e1 amparo al secretario del Ayuntamiento si Lara M\u00e9ndez sigue vetando la entrada de los populares al auditorio de Magoi","datePublished":"2022-01-04T12:34:07+00:00","dateModified":"2022-12-30T11:31:18+00:00","mainEntityOfPage":{"@id":"https:\/\/www.ppdelugo.com\/es\/o-pp-pedira-amparo-ao-secretario-do-concello-se-lara-mendez-segue-a-vetar-a-entrada-dos-populares-ao-auditorio-de-magoi\/"},"wordCount":399,"commentCount":0,"image":{"@id":"https:\/\/www.ppdelugo.com\/es\/o-pp-pedira-amparo-ao-secretario-do-concello-se-lara-mendez-segue-a-vetar-a-entrada-dos-populares-ao-auditorio-de-magoi\/#primaryimage"},"thumbnailUrl":"https:\/\/www.ppdelugo.com\/wp-content\/uploads\/2021\/09\/P1120677-min-scaled.jpg","articleSection":["Cultura"],"inLanguage":"es","potentialAction":[{"@type":"CommentAction","name":"Comment","target":["https:\/\/www.ppdelugo.com\/es\/o-pp-pedira-amparo-ao-secretario-do-concello-se-lara-mendez-segue-a-vetar-a-entrada-dos-populares-ao-auditorio-de-magoi\/#respond"]}]},{"@type":"WebPage","@id":"https:\/\/www.ppdelugo.com\/es\/o-pp-pedira-amparo-ao-secretario-do-concello-se-lara-mendez-segue-a-vetar-a-entrada-dos-populares-ao-auditorio-de-magoi\/","url":"https:\/\/www.ppdelugo.com\/es\/o-pp-pedira-amparo-ao-secretario-do-concello-se-lara-mendez-segue-a-vetar-a-entrada-dos-populares-ao-auditorio-de-magoi\/","name":"El PP pedir\u00e1 amparo al secretario del Ayuntamiento si Lara M\u00e9ndez sigue vetando la entrada de los populares al auditorio de Magoi - Grupo Municipal Partido Popular de Lugo","isPartOf":{"@id":"https:\/\/www.ppdelugo.com\/es\/#website"},"primaryImageOfPage":{"@id":"https:\/\/www.ppdelugo.com\/es\/o-pp-pedira-amparo-ao-secretario-do-concello-se-lara-mendez-segue-a-vetar-a-entrada-dos-populares-ao-auditorio-de-magoi\/#primaryimage"},"image":{"@id":"https:\/\/www.ppdelugo.com\/es\/o-pp-pedira-amparo-ao-secretario-do-concello-se-lara-mendez-segue-a-vetar-a-entrada-dos-populares-ao-auditorio-de-magoi\/#primaryimage"},"thumbnailUrl":"https:\/\/www.ppdelugo.com\/wp-content\/uploads\/2021\/09\/P1120677-min-scaled.jpg","datePublished":"2022-01-04T12:34:07+00:00","dateModified":"2022-12-30T11:31:18+00:00","author":{"@id":"https:\/\/www.ppdelugo.com\/es\/#\/schema\/person\/a847ea797b54208d374f6a8953571050"},"breadcrumb":{"@id":"https:\/\/www.ppdelugo.com\/es\/o-pp-pedira-amparo-ao-secretario-do-concello-se-lara-mendez-segue-a-vetar-a-entrada-dos-populares-ao-auditorio-de-magoi\/#breadcrumb"},"inLanguage":"es","potentialAction":[{"@type":"ReadAction","target":["https:\/\/www.ppdelugo.com\/es\/o-pp-pedira-amparo-ao-secretario-do-concello-se-lara-mendez-segue-a-vetar-a-entrada-dos-populares-ao-auditorio-de-magoi\/"]}]},{"@type":"ImageObject","inLanguage":"es","@id":"https:\/\/www.ppdelugo.com\/es\/o-pp-pedira-amparo-ao-secretario-do-concello-se-lara-mendez-segue-a-vetar-a-entrada-dos-populares-ao-auditorio-de-magoi\/#primaryimage","url":"https:\/\/www.ppdelugo.com\/wp-content\/uploads\/2021\/09\/P1120677-min-scaled.jpg","contentUrl":"https:\/\/www.ppdelugo.com\/wp-content\/uploads\/2021\/09\/P1120677-min-scaled.jpg","width":2560,"height":1920},{"@type":"BreadcrumbList","@id":"https:\/\/www.ppdelugo.com\/es\/o-pp-pedira-amparo-ao-secretario-do-concello-se-lara-mendez-segue-a-vetar-a-entrada-dos-populares-ao-auditorio-de-magoi\/#breadcrumb","itemListElement":[{"@type":"ListItem","position":1,"name":"Portada","item":"https:\/\/www.ppdelugo.com\/es\/"},{"@type":"ListItem","position":2,"name":"El PP pedir\u00e1 amparo al secretario del Ayuntamiento si Lara M\u00e9ndez sigue vetando la entrada de los populares al auditorio de Magoi"}]},{"@type":"WebSite","@id":"https:\/\/www.ppdelugo.com\/es\/#website","url":"https:\/\/www.ppdelugo.com\/es\/","name":"Grupo Municipal Partido Popular de Lugo","description":"Web del Grupo Municipal del Partido Popular en el Ayuntamiento de Lugo, con informaci\u00f3n sobre Lugo y fomento de la participaci\u00f3n ciudadana","potentialAction":[{"@type":"SearchAction","target":{"@type":"EntryPoint","urlTemplate":"https:\/\/www.ppdelugo.com\/es\/?s={search_term_string}"},"query-input":{"@type":"PropertyValueSpecification","valueRequired":true,"valueName":"search_term_string"}}],"inLanguage":"es"},{"@type":"Person","@id":"https:\/\/www.ppdelugo.com\/es\/#\/schema\/person\/a847ea797b54208d374f6a8953571050","name":"PP","url":"https:\/\/www.ppdelugo.com\/es\/author\/ppdelugo\/"}]}},"_links":{"self":[{"href":"https:\/\/www.ppdelugo.com\/es\/wp-json\/wp\/v2\/posts\/16782","targetHints":{"allow":["GET"]}}],"collection":[{"href":"https:\/\/www.ppdelugo.com\/es\/wp-json\/wp\/v2\/posts"}],"about":[{"href":"https:\/\/www.ppdelugo.com\/es\/wp-json\/wp\/v2\/types\/post"}],"author":[{"embeddable":true,"href":"https:\/\/www.ppdelugo.com\/es\/wp-json\/wp\/v2\/users\/2"}],"replies":[{"embeddable":true,"href":"https:\/\/www.ppdelugo.com\/es\/wp-json\/wp\/v2\/comments?post=16782"}],"version-history":[{"count":3,"href":"https:\/\/www.ppdelugo.com\/es\/wp-json\/wp\/v2\/posts\/16782\/revisions"}],"predecessor-version":[{"id":19560,"href":"https:\/\/www.ppdelugo.com\/es\/wp-json\/wp\/v2\/posts\/16782\/revisions\/19560"}],"wp:featuredmedia":[{"embeddable":true,"href":"https:\/\/www.ppdelugo.com\/es\/wp-json\/wp\/v2\/media\/16058"}],"wp:attachment":[{"href":"https:\/\/www.ppdelugo.com\/es\/wp-json\/wp\/v2\/media?parent=16782"}],"wp:term":[{"taxonomy":"category","embeddable":true,"href":"https:\/\/www.ppdelugo.com\/es\/wp-json\/wp\/v2\/categories?post=16782"},{"taxonomy":"post_tag","embeddable":true,"href":"https:\/\/www.ppdelugo.com\/es\/wp-json\/wp\/v2\/tags?post=16782"}],"curies":[{"name":"wp","href":"https:\/\/api.w.org\/{rel}","templated":true}]}}