{"id":16614,"date":"2021-11-30T15:25:15","date_gmt":"2021-11-30T15:25:15","guid":{"rendered":"https:\/\/www.ppdelugo.com\/o-pp-pide-partidas-nos-orzamentos-municipais-para-completar-o-paseo-interior-da-muralla-e-mellorar-as-traseiras-dos-edificios\/"},"modified":"2021-11-30T15:26:25","modified_gmt":"2021-11-30T15:26:25","slug":"o-pp-pide-partidas-nos-orzamentos-municipais-para-completar-o-paseo-interior-da-muralla-e-mellorar-as-traseiras-dos-edificios","status":"publish","type":"post","link":"https:\/\/www.ppdelugo.com\/es\/o-pp-pide-partidas-nos-orzamentos-municipais-para-completar-o-paseo-interior-da-muralla-e-mellorar-as-traseiras-dos-edificios\/","title":{"rendered":"El PP pide partidas en los presupuestos municipales para completar el Paseo Interior de la Muralla y\u00a0mejorar las traseras de los edificios"},"content":{"rendered":"<p class=\"western\" lang=\"gl-ES\" align=\"justify\">Para Ram\u00f3n Carballo esta actuaci\u00f3n es fundamental \u201cpara realzar el monumento romano y ganar nuevos espacios para los ciudadanos y porque supondr\u00eda un plus para conseguir que el casco hist\u00f3rico de Lugo sea declarado Patrimonio de la Humanidad\u201d<\/p>\n<p class=\"western\" lang=\"gl-ES\"><!--more--><\/p>\n<p class=\"western\" lang=\"es-ES\" align=\"justify\"><span style=\"color: #000000;\"><span style=\"font-family: Arial, sans-serif;\"><span style=\"font-size: large;\"><span lang=\"gl-ES\">O Grupo Popular<\/span><\/span><\/span><\/span><span style=\"font-family: Arial, sans-serif;\"><span style=\"font-size: large;\"><span lang=\"gl-ES\"> pedir\u00e1 que nos orzamentos municipais para 2022 haxa unha partida suficiente para completar o Paseo Interior da Muralla as\u00ed como axudas para mellorar as traseiras dos edificios que dan cara ao monumento romano. Carballo insta a M\u00e9ndez e Arroxo para que \u201cse tomen en serio esta actuaci\u00f3n xa que poder\u00eda supor un plus para conseguir que o casco hist\u00f3rico sexa declarado Patrimonio da Humanidade.<\/span><\/span><\/span><\/p>\n<p class=\"western\" lang=\"es-ES\" align=\"justify\"><span style=\"font-family: Arial, sans-serif;\"><span style=\"font-size: large;\"><span lang=\"gl-ES\">O voceiro popular explicou que dende o adarve da Muralla visual\u00edzase \u201cunha imaxe de abandono do Paseo Interior, que quedou a medias, e do que non hai proxectos para rematalo\u201d. Carballo indicou que \u201cse se avanza en completar esta ronda interna tam\u00e9n se mellorar\u00eda a imaxe das traseiras dos edifiicios que poder\u00edan converterse en fachadas principais\u201d. Nese senso, dende o PP propo\u00f1en unha li\u00f1a espec\u00edfica de axudas.<\/span><\/span><\/span><\/p>\n<p class=\"western\" lang=\"gl-ES\" align=\"justify\"><span style=\"font-family: Arial, sans-serif;\"><span style=\"font-size: large;\">O popular lamentou que pola loita de liderazgos entre PSOE e BNG perdesen a oportunidade de dedicar fondos europeos para esta intervenci\u00f3n e os estean gastando en proxectos absurdos como as caldas de auga do grifo quentada cun quentador ou un carril bic cun trazado absurdo.<\/span><\/span><\/p>\n<p class=\"western\" lang=\"gl-ES\" align=\"justify\"><span style=\"font-family: Arial, sans-serif;\"><span style=\"font-size: large;\">Tiveron nas s\u00faas mans os cartos para dese\u00f1ar un Lugo do s\u00e9culo XXI e o que nos ofrecen son proxectos a parches. N\u00f3s cremos que \u00e9 o momento de transformar unha zona, que agora est\u00e1 degradada, nun espazo para o disfrute dos cidad\u00e1ns e que sirva de reclamo para os turistas.<\/span><\/span><\/p>\n<p class=\"western\" lang=\"gl-ES\" align=\"justify\"><span style=\"font-family: Arial, sans-serif;\"><span style=\"font-size: large;\">Esta petici\u00f3n dos populares coincide na v\u00e9spera da declaraci\u00f3n da Muralla como Patrimonio da Humanidade. Precisamente sobre os actos de conmemoraci\u00f3n o PP lamentou que en vez de programar acci\u00f3ns conxuntas os dous socios de goberno se contraprogramen para conseguir quen ga\u00f1a o titular m\u00e1is grande \u201ca concelleira de cultura programou os actos para o domingo pero ao ver que a alcaldesa organizaba as Medallas de Ouro da Cidade o martes mudou de opini\u00f3n cambiando para esa mesma xornada a programaci\u00f3n prevista\u201d.<\/span><\/span><\/p>\n","protected":false},"excerpt":{"rendered":"<p>Para Ram\u00f3n Carballo esta actuaci\u00f3n es fundamental \u201cpara realzar el monumento romano y ganar nuevos espacios para los ciudadanos y porque supondr\u00eda un plus para conseguir que el casco hist\u00f3rico&#8230;<\/p>\n","protected":false},"author":2,"featured_media":11657,"comment_status":"open","ping_status":"closed","sticky":false,"template":"","format":"standard","meta":{"footnotes":""},"categories":[30],"tags":[],"class_list":{"0":"post-16614","1":"post","2":"type-post","3":"status-publish","4":"format-standard","5":"has-post-thumbnail","7":"category-cultura-es"},"yoast_head":"<!-- This site is optimized with the Yoast SEO plugin v27.4 - https:\/\/yoast.com\/product\/yoast-seo-wordpress\/ -->\n<title>El PP pide partidas en los presupuestos municipales para completar el Paseo Interior de la Muralla y\u00a0mejorar las traseras de los edificios - Grupo Municipal Partido Popular de Lugo<\/title>\n<meta name=\"robots\" content=\"index, follow, max-snippet:-1, max-image-preview:large, max-video-preview:-1\" \/>\n<link rel=\"canonical\" href=\"https:\/\/www.ppdelugo.com\/es\/o-pp-pide-partidas-nos-orzamentos-municipais-para-completar-o-paseo-interior-da-muralla-e-mellorar-as-traseiras-dos-edificios\/\" \/>\n<meta property=\"og:locale\" content=\"es_ES\" \/>\n<meta property=\"og:type\" content=\"article\" \/>\n<meta property=\"og:title\" content=\"El PP pide partidas en los presupuestos municipales para completar el Paseo Interior de la Muralla y\u00a0mejorar las traseras de los edificios - Grupo Municipal Partido Popular de Lugo\" \/>\n<meta property=\"og:description\" content=\"Para Ram\u00f3n Carballo esta actuaci\u00f3n es fundamental \u201cpara realzar el monumento romano y ganar nuevos espacios para los ciudadanos y porque supondr\u00eda un plus para conseguir que el casco hist\u00f3rico...\" \/>\n<meta property=\"og:url\" content=\"https:\/\/www.ppdelugo.com\/es\/o-pp-pide-partidas-nos-orzamentos-municipais-para-completar-o-paseo-interior-da-muralla-e-mellorar-as-traseiras-dos-edificios\/\" \/>\n<meta property=\"og:site_name\" content=\"Grupo Municipal Partido Popular de Lugo\" \/>\n<meta property=\"article:published_time\" content=\"2021-11-30T15:25:15+00:00\" \/>\n<meta property=\"article:modified_time\" content=\"2021-11-30T15:26:25+00:00\" \/>\n<meta property=\"og:image\" content=\"https:\/\/www.ppdelugo.com\/wp-content\/uploads\/2020\/01\/P1100617-1024x768.jpg\" \/>\n\t<meta property=\"og:image:width\" content=\"1024\" \/>\n\t<meta property=\"og:image:height\" content=\"768\" \/>\n\t<meta property=\"og:image:type\" content=\"image\/jpeg\" \/>\n<meta name=\"author\" content=\"PP\" \/>\n<meta name=\"twitter:card\" content=\"summary_large_image\" \/>\n<meta name=\"twitter:label1\" content=\"Escrito por\" \/>\n\t<meta name=\"twitter:data1\" content=\"PP\" \/>\n\t<meta name=\"twitter:label2\" content=\"Tiempo de lectura\" \/>\n\t<meta name=\"twitter:data2\" content=\"2 minutos\" \/>\n<script type=\"application\/ld+json\" class=\"yoast-schema-graph\">{\"@context\":\"https:\\\/\\\/schema.org\",\"@graph\":[{\"@type\":\"Article\",\"@id\":\"https:\\\/\\\/www.ppdelugo.com\\\/es\\\/o-pp-pide-partidas-nos-orzamentos-municipais-para-completar-o-paseo-interior-da-muralla-e-mellorar-as-traseiras-dos-edificios\\\/#article\",\"isPartOf\":{\"@id\":\"https:\\\/\\\/www.ppdelugo.com\\\/es\\\/o-pp-pide-partidas-nos-orzamentos-municipais-para-completar-o-paseo-interior-da-muralla-e-mellorar-as-traseiras-dos-edificios\\\/\"},\"author\":{\"name\":\"PP\",\"@id\":\"https:\\\/\\\/www.ppdelugo.com\\\/es\\\/#\\\/schema\\\/person\\\/a847ea797b54208d374f6a8953571050\"},\"headline\":\"El PP pide partidas en los presupuestos municipales para completar el Paseo Interior de la Muralla y\u00a0mejorar las traseras de los edificios\",\"datePublished\":\"2021-11-30T15:25:15+00:00\",\"dateModified\":\"2021-11-30T15:26:25+00:00\",\"mainEntityOfPage\":{\"@id\":\"https:\\\/\\\/www.ppdelugo.com\\\/es\\\/o-pp-pide-partidas-nos-orzamentos-municipais-para-completar-o-paseo-interior-da-muralla-e-mellorar-as-traseiras-dos-edificios\\\/\"},\"wordCount\":402,\"commentCount\":0,\"image\":{\"@id\":\"https:\\\/\\\/www.ppdelugo.com\\\/es\\\/o-pp-pide-partidas-nos-orzamentos-municipais-para-completar-o-paseo-interior-da-muralla-e-mellorar-as-traseiras-dos-edificios\\\/#primaryimage\"},\"thumbnailUrl\":\"https:\\\/\\\/www.ppdelugo.com\\\/wp-content\\\/uploads\\\/2020\\\/01\\\/P1100617.jpg\",\"articleSection\":[\"Cultura\"],\"inLanguage\":\"es\",\"potentialAction\":[{\"@type\":\"CommentAction\",\"name\":\"Comment\",\"target\":[\"https:\\\/\\\/www.ppdelugo.com\\\/es\\\/o-pp-pide-partidas-nos-orzamentos-municipais-para-completar-o-paseo-interior-da-muralla-e-mellorar-as-traseiras-dos-edificios\\\/#respond\"]}]},{\"@type\":\"WebPage\",\"@id\":\"https:\\\/\\\/www.ppdelugo.com\\\/es\\\/o-pp-pide-partidas-nos-orzamentos-municipais-para-completar-o-paseo-interior-da-muralla-e-mellorar-as-traseiras-dos-edificios\\\/\",\"url\":\"https:\\\/\\\/www.ppdelugo.com\\\/es\\\/o-pp-pide-partidas-nos-orzamentos-municipais-para-completar-o-paseo-interior-da-muralla-e-mellorar-as-traseiras-dos-edificios\\\/\",\"name\":\"El PP pide partidas en los presupuestos municipales para completar el Paseo Interior de la Muralla y\u00a0mejorar las traseras de los edificios - Grupo Municipal Partido Popular de Lugo\",\"isPartOf\":{\"@id\":\"https:\\\/\\\/www.ppdelugo.com\\\/es\\\/#website\"},\"primaryImageOfPage\":{\"@id\":\"https:\\\/\\\/www.ppdelugo.com\\\/es\\\/o-pp-pide-partidas-nos-orzamentos-municipais-para-completar-o-paseo-interior-da-muralla-e-mellorar-as-traseiras-dos-edificios\\\/#primaryimage\"},\"image\":{\"@id\":\"https:\\\/\\\/www.ppdelugo.com\\\/es\\\/o-pp-pide-partidas-nos-orzamentos-municipais-para-completar-o-paseo-interior-da-muralla-e-mellorar-as-traseiras-dos-edificios\\\/#primaryimage\"},\"thumbnailUrl\":\"https:\\\/\\\/www.ppdelugo.com\\\/wp-content\\\/uploads\\\/2020\\\/01\\\/P1100617.jpg\",\"datePublished\":\"2021-11-30T15:25:15+00:00\",\"dateModified\":\"2021-11-30T15:26:25+00:00\",\"author\":{\"@id\":\"https:\\\/\\\/www.ppdelugo.com\\\/es\\\/#\\\/schema\\\/person\\\/a847ea797b54208d374f6a8953571050\"},\"breadcrumb\":{\"@id\":\"https:\\\/\\\/www.ppdelugo.com\\\/es\\\/o-pp-pide-partidas-nos-orzamentos-municipais-para-completar-o-paseo-interior-da-muralla-e-mellorar-as-traseiras-dos-edificios\\\/#breadcrumb\"},\"inLanguage\":\"es\",\"potentialAction\":[{\"@type\":\"ReadAction\",\"target\":[\"https:\\\/\\\/www.ppdelugo.com\\\/es\\\/o-pp-pide-partidas-nos-orzamentos-municipais-para-completar-o-paseo-interior-da-muralla-e-mellorar-as-traseiras-dos-edificios\\\/\"]}]},{\"@type\":\"ImageObject\",\"inLanguage\":\"es\",\"@id\":\"https:\\\/\\\/www.ppdelugo.com\\\/es\\\/o-pp-pide-partidas-nos-orzamentos-municipais-para-completar-o-paseo-interior-da-muralla-e-mellorar-as-traseiras-dos-edificios\\\/#primaryimage\",\"url\":\"https:\\\/\\\/www.ppdelugo.com\\\/wp-content\\\/uploads\\\/2020\\\/01\\\/P1100617.jpg\",\"contentUrl\":\"https:\\\/\\\/www.ppdelugo.com\\\/wp-content\\\/uploads\\\/2020\\\/01\\\/P1100617.jpg\",\"width\":4000,\"height\":3000},{\"@type\":\"BreadcrumbList\",\"@id\":\"https:\\\/\\\/www.ppdelugo.com\\\/es\\\/o-pp-pide-partidas-nos-orzamentos-municipais-para-completar-o-paseo-interior-da-muralla-e-mellorar-as-traseiras-dos-edificios\\\/#breadcrumb\",\"itemListElement\":[{\"@type\":\"ListItem\",\"position\":1,\"name\":\"Portada\",\"item\":\"https:\\\/\\\/www.ppdelugo.com\\\/es\\\/\"},{\"@type\":\"ListItem\",\"position\":2,\"name\":\"El PP pide partidas en los presupuestos municipales para completar el Paseo Interior de la Muralla y\u00a0mejorar las traseras de los edificios\"}]},{\"@type\":\"WebSite\",\"@id\":\"https:\\\/\\\/www.ppdelugo.com\\\/es\\\/#website\",\"url\":\"https:\\\/\\\/www.ppdelugo.com\\\/es\\\/\",\"name\":\"Grupo Municipal Partido Popular de Lugo\",\"description\":\"Web del Grupo Municipal del Partido Popular en el Ayuntamiento de Lugo, con informaci\u00f3n sobre Lugo y fomento de la participaci\u00f3n ciudadana\",\"potentialAction\":[{\"@type\":\"SearchAction\",\"target\":{\"@type\":\"EntryPoint\",\"urlTemplate\":\"https:\\\/\\\/www.ppdelugo.com\\\/es\\\/?s={search_term_string}\"},\"query-input\":{\"@type\":\"PropertyValueSpecification\",\"valueRequired\":true,\"valueName\":\"search_term_string\"}}],\"inLanguage\":\"es\"},{\"@type\":\"Person\",\"@id\":\"https:\\\/\\\/www.ppdelugo.com\\\/es\\\/#\\\/schema\\\/person\\\/a847ea797b54208d374f6a8953571050\",\"name\":\"PP\",\"url\":\"https:\\\/\\\/www.ppdelugo.com\\\/es\\\/author\\\/ppdelugo\\\/\"}]}<\/script>\n<!-- \/ Yoast SEO plugin. -->","yoast_head_json":{"title":"El PP pide partidas en los presupuestos municipales para completar el Paseo Interior de la Muralla y\u00a0mejorar las traseras de los edificios - Grupo Municipal Partido Popular de Lugo","robots":{"index":"index","follow":"follow","max-snippet":"max-snippet:-1","max-image-preview":"max-image-preview:large","max-video-preview":"max-video-preview:-1"},"canonical":"https:\/\/www.ppdelugo.com\/es\/o-pp-pide-partidas-nos-orzamentos-municipais-para-completar-o-paseo-interior-da-muralla-e-mellorar-as-traseiras-dos-edificios\/","og_locale":"es_ES","og_type":"article","og_title":"El PP pide partidas en los presupuestos municipales para completar el Paseo Interior de la Muralla y\u00a0mejorar las traseras de los edificios - Grupo Municipal Partido Popular de Lugo","og_description":"Para Ram\u00f3n Carballo esta actuaci\u00f3n es fundamental \u201cpara realzar el monumento romano y ganar nuevos espacios para los ciudadanos y porque supondr\u00eda un plus para conseguir que el casco hist\u00f3rico...","og_url":"https:\/\/www.ppdelugo.com\/es\/o-pp-pide-partidas-nos-orzamentos-municipais-para-completar-o-paseo-interior-da-muralla-e-mellorar-as-traseiras-dos-edificios\/","og_site_name":"Grupo Municipal Partido Popular de Lugo","article_published_time":"2021-11-30T15:25:15+00:00","article_modified_time":"2021-11-30T15:26:25+00:00","og_image":[{"width":1024,"height":768,"url":"https:\/\/www.ppdelugo.com\/wp-content\/uploads\/2020\/01\/P1100617-1024x768.jpg","type":"image\/jpeg"}],"author":"PP","twitter_card":"summary_large_image","twitter_misc":{"Escrito por":"PP","Tiempo de lectura":"2 minutos"},"schema":{"@context":"https:\/\/schema.org","@graph":[{"@type":"Article","@id":"https:\/\/www.ppdelugo.com\/es\/o-pp-pide-partidas-nos-orzamentos-municipais-para-completar-o-paseo-interior-da-muralla-e-mellorar-as-traseiras-dos-edificios\/#article","isPartOf":{"@id":"https:\/\/www.ppdelugo.com\/es\/o-pp-pide-partidas-nos-orzamentos-municipais-para-completar-o-paseo-interior-da-muralla-e-mellorar-as-traseiras-dos-edificios\/"},"author":{"name":"PP","@id":"https:\/\/www.ppdelugo.com\/es\/#\/schema\/person\/a847ea797b54208d374f6a8953571050"},"headline":"El PP pide partidas en los presupuestos municipales para completar el Paseo Interior de la Muralla y\u00a0mejorar las traseras de los edificios","datePublished":"2021-11-30T15:25:15+00:00","dateModified":"2021-11-30T15:26:25+00:00","mainEntityOfPage":{"@id":"https:\/\/www.ppdelugo.com\/es\/o-pp-pide-partidas-nos-orzamentos-municipais-para-completar-o-paseo-interior-da-muralla-e-mellorar-as-traseiras-dos-edificios\/"},"wordCount":402,"commentCount":0,"image":{"@id":"https:\/\/www.ppdelugo.com\/es\/o-pp-pide-partidas-nos-orzamentos-municipais-para-completar-o-paseo-interior-da-muralla-e-mellorar-as-traseiras-dos-edificios\/#primaryimage"},"thumbnailUrl":"https:\/\/www.ppdelugo.com\/wp-content\/uploads\/2020\/01\/P1100617.jpg","articleSection":["Cultura"],"inLanguage":"es","potentialAction":[{"@type":"CommentAction","name":"Comment","target":["https:\/\/www.ppdelugo.com\/es\/o-pp-pide-partidas-nos-orzamentos-municipais-para-completar-o-paseo-interior-da-muralla-e-mellorar-as-traseiras-dos-edificios\/#respond"]}]},{"@type":"WebPage","@id":"https:\/\/www.ppdelugo.com\/es\/o-pp-pide-partidas-nos-orzamentos-municipais-para-completar-o-paseo-interior-da-muralla-e-mellorar-as-traseiras-dos-edificios\/","url":"https:\/\/www.ppdelugo.com\/es\/o-pp-pide-partidas-nos-orzamentos-municipais-para-completar-o-paseo-interior-da-muralla-e-mellorar-as-traseiras-dos-edificios\/","name":"El PP pide partidas en los presupuestos municipales para completar el Paseo Interior de la Muralla y\u00a0mejorar las traseras de los edificios - Grupo Municipal Partido Popular de Lugo","isPartOf":{"@id":"https:\/\/www.ppdelugo.com\/es\/#website"},"primaryImageOfPage":{"@id":"https:\/\/www.ppdelugo.com\/es\/o-pp-pide-partidas-nos-orzamentos-municipais-para-completar-o-paseo-interior-da-muralla-e-mellorar-as-traseiras-dos-edificios\/#primaryimage"},"image":{"@id":"https:\/\/www.ppdelugo.com\/es\/o-pp-pide-partidas-nos-orzamentos-municipais-para-completar-o-paseo-interior-da-muralla-e-mellorar-as-traseiras-dos-edificios\/#primaryimage"},"thumbnailUrl":"https:\/\/www.ppdelugo.com\/wp-content\/uploads\/2020\/01\/P1100617.jpg","datePublished":"2021-11-30T15:25:15+00:00","dateModified":"2021-11-30T15:26:25+00:00","author":{"@id":"https:\/\/www.ppdelugo.com\/es\/#\/schema\/person\/a847ea797b54208d374f6a8953571050"},"breadcrumb":{"@id":"https:\/\/www.ppdelugo.com\/es\/o-pp-pide-partidas-nos-orzamentos-municipais-para-completar-o-paseo-interior-da-muralla-e-mellorar-as-traseiras-dos-edificios\/#breadcrumb"},"inLanguage":"es","potentialAction":[{"@type":"ReadAction","target":["https:\/\/www.ppdelugo.com\/es\/o-pp-pide-partidas-nos-orzamentos-municipais-para-completar-o-paseo-interior-da-muralla-e-mellorar-as-traseiras-dos-edificios\/"]}]},{"@type":"ImageObject","inLanguage":"es","@id":"https:\/\/www.ppdelugo.com\/es\/o-pp-pide-partidas-nos-orzamentos-municipais-para-completar-o-paseo-interior-da-muralla-e-mellorar-as-traseiras-dos-edificios\/#primaryimage","url":"https:\/\/www.ppdelugo.com\/wp-content\/uploads\/2020\/01\/P1100617.jpg","contentUrl":"https:\/\/www.ppdelugo.com\/wp-content\/uploads\/2020\/01\/P1100617.jpg","width":4000,"height":3000},{"@type":"BreadcrumbList","@id":"https:\/\/www.ppdelugo.com\/es\/o-pp-pide-partidas-nos-orzamentos-municipais-para-completar-o-paseo-interior-da-muralla-e-mellorar-as-traseiras-dos-edificios\/#breadcrumb","itemListElement":[{"@type":"ListItem","position":1,"name":"Portada","item":"https:\/\/www.ppdelugo.com\/es\/"},{"@type":"ListItem","position":2,"name":"El PP pide partidas en los presupuestos municipales para completar el Paseo Interior de la Muralla y\u00a0mejorar las traseras de los edificios"}]},{"@type":"WebSite","@id":"https:\/\/www.ppdelugo.com\/es\/#website","url":"https:\/\/www.ppdelugo.com\/es\/","name":"Grupo Municipal Partido Popular de Lugo","description":"Web del Grupo Municipal del Partido Popular en el Ayuntamiento de Lugo, con informaci\u00f3n sobre Lugo y fomento de la participaci\u00f3n ciudadana","potentialAction":[{"@type":"SearchAction","target":{"@type":"EntryPoint","urlTemplate":"https:\/\/www.ppdelugo.com\/es\/?s={search_term_string}"},"query-input":{"@type":"PropertyValueSpecification","valueRequired":true,"valueName":"search_term_string"}}],"inLanguage":"es"},{"@type":"Person","@id":"https:\/\/www.ppdelugo.com\/es\/#\/schema\/person\/a847ea797b54208d374f6a8953571050","name":"PP","url":"https:\/\/www.ppdelugo.com\/es\/author\/ppdelugo\/"}]}},"_links":{"self":[{"href":"https:\/\/www.ppdelugo.com\/es\/wp-json\/wp\/v2\/posts\/16614","targetHints":{"allow":["GET"]}}],"collection":[{"href":"https:\/\/www.ppdelugo.com\/es\/wp-json\/wp\/v2\/posts"}],"about":[{"href":"https:\/\/www.ppdelugo.com\/es\/wp-json\/wp\/v2\/types\/post"}],"author":[{"embeddable":true,"href":"https:\/\/www.ppdelugo.com\/es\/wp-json\/wp\/v2\/users\/2"}],"replies":[{"embeddable":true,"href":"https:\/\/www.ppdelugo.com\/es\/wp-json\/wp\/v2\/comments?post=16614"}],"version-history":[{"count":2,"href":"https:\/\/www.ppdelugo.com\/es\/wp-json\/wp\/v2\/posts\/16614\/revisions"}],"predecessor-version":[{"id":16616,"href":"https:\/\/www.ppdelugo.com\/es\/wp-json\/wp\/v2\/posts\/16614\/revisions\/16616"}],"wp:featuredmedia":[{"embeddable":true,"href":"https:\/\/www.ppdelugo.com\/es\/wp-json\/wp\/v2\/media\/11657"}],"wp:attachment":[{"href":"https:\/\/www.ppdelugo.com\/es\/wp-json\/wp\/v2\/media?parent=16614"}],"wp:term":[{"taxonomy":"category","embeddable":true,"href":"https:\/\/www.ppdelugo.com\/es\/wp-json\/wp\/v2\/categories?post=16614"},{"taxonomy":"post_tag","embeddable":true,"href":"https:\/\/www.ppdelugo.com\/es\/wp-json\/wp\/v2\/tags?post=16614"}],"curies":[{"name":"wp","href":"https:\/\/api.w.org\/{rel}","templated":true}]}}