{"id":16568,"date":"2021-11-25T12:11:12","date_gmt":"2021-11-25T12:11:12","guid":{"rendered":"https:\/\/www.ppdelugo.com\/o-pp-critica-que-o-goberno-local-vote-en-contra-de-publicar-antes-de-fin-de-ano-as-listas-das-bolsas-de-emprego-municipais\/"},"modified":"2021-11-25T12:11:58","modified_gmt":"2021-11-25T12:11:58","slug":"o-pp-critica-que-o-goberno-local-vote-en-contra-de-publicar-antes-de-fin-de-ano-as-listas-das-bolsas-de-emprego-municipais","status":"publish","type":"post","link":"https:\/\/www.ppdelugo.com\/es\/o-pp-critica-que-o-goberno-local-vote-en-contra-de-publicar-antes-de-fin-de-ano-as-listas-das-bolsas-de-emprego-municipais\/","title":{"rendered":"El PP critica que el gobierno local vote en contra de publicar antes de fin de a\u00f1o las listas de las bolsas de empleo municipales"},"content":{"rendered":"<p>El concejal del Grupo Municipal del PP Rafael P\u00e9rez califica de \u201cinconcebible y muy preocupante\u201d el triunfalismo con el que tanto PSOE como BNG despachan las propuestas del PP, que el \u00fanico que buscaba es que se publiquen lo antes posible las listas de las bolsas de empleo.<\/p>\n<p><!--more--><\/p>\n<p>El popular califica de \u201cfalta de empat\u00eda\u201d con los 12.000 lucenses anotados en estas listas que PSOE y BNG sigan manteniendo paradas estas bolsas de empleo que, en muchos servicios municipales, ser\u00edan muy \u00fatiles para cubrir las vacantes existentes.<\/p>\n<p>Rafael P\u00e9rez critica que PSOE y BNG sigan escud\u00e1ndose en Montoro para intentar disculpar su total falta de gesti\u00f3n, que se ve reflejada en que en a\u00f1o y medio en el fueron capaces de publicar unas listas que se comprometieron a resolver en el plazo de un mes.<\/p>\n<p>Para lo popular con esta actitud, tanto PSOE como BNG, est\u00e1n jugando con las ilusiones de todos los lucenses que se anotaron en estas listas en la b\u00fasqueda de un empleo y que siguen esperando por una resoluci\u00f3n<\/p>\n","protected":false},"excerpt":{"rendered":"<p>El concejal del Grupo Municipal del PP Rafael P\u00e9rez califica de \u201cinconcebible y muy preocupante\u201d el triunfalismo con el que tanto PSOE como BNG despachan las propuestas del PP, que&#8230;<\/p>\n","protected":false},"author":2,"featured_media":16566,"comment_status":"open","ping_status":"closed","sticky":false,"template":"","format":"standard","meta":{"footnotes":""},"categories":[35],"tags":[],"class_list":{"0":"post-16568","1":"post","2":"type-post","3":"status-publish","4":"format-standard","5":"has-post-thumbnail","7":"category-personal"},"yoast_head":"<!-- This site is optimized with the Yoast SEO plugin v27.4 - https:\/\/yoast.com\/product\/yoast-seo-wordpress\/ -->\n<title>El PP critica que el gobierno local vote en contra de publicar antes de fin de a\u00f1o las listas de las bolsas de empleo municipales - Grupo Municipal Partido Popular de Lugo<\/title>\n<meta name=\"robots\" content=\"index, follow, max-snippet:-1, max-image-preview:large, max-video-preview:-1\" \/>\n<link rel=\"canonical\" href=\"https:\/\/www.ppdelugo.com\/es\/o-pp-critica-que-o-goberno-local-vote-en-contra-de-publicar-antes-de-fin-de-ano-as-listas-das-bolsas-de-emprego-municipais\/\" \/>\n<meta property=\"og:locale\" content=\"es_ES\" \/>\n<meta property=\"og:type\" content=\"article\" \/>\n<meta property=\"og:title\" content=\"El PP critica que el gobierno local vote en contra de publicar antes de fin de a\u00f1o las listas de las bolsas de empleo municipales - Grupo Municipal Partido Popular de Lugo\" \/>\n<meta property=\"og:description\" content=\"El concejal del Grupo Municipal del PP Rafael P\u00e9rez califica de \u201cinconcebible y muy preocupante\u201d el triunfalismo con el que tanto PSOE como BNG despachan las propuestas del PP, que...\" \/>\n<meta property=\"og:url\" content=\"https:\/\/www.ppdelugo.com\/es\/o-pp-critica-que-o-goberno-local-vote-en-contra-de-publicar-antes-de-fin-de-ano-as-listas-das-bolsas-de-emprego-municipais\/\" \/>\n<meta property=\"og:site_name\" content=\"Grupo Municipal Partido Popular de Lugo\" \/>\n<meta property=\"article:published_time\" content=\"2021-11-25T12:11:12+00:00\" \/>\n<meta property=\"article:modified_time\" content=\"2021-11-25T12:11:58+00:00\" \/>\n<meta property=\"og:image\" content=\"https:\/\/www.ppdelugo.com\/wp-content\/uploads\/2021\/11\/Foto-Rafael-min-scaled.jpg\" \/>\n\t<meta property=\"og:image:width\" content=\"2560\" \/>\n\t<meta property=\"og:image:height\" content=\"1920\" \/>\n\t<meta property=\"og:image:type\" content=\"image\/jpeg\" \/>\n<meta name=\"author\" content=\"PP\" \/>\n<meta name=\"twitter:card\" content=\"summary_large_image\" \/>\n<meta name=\"twitter:label1\" content=\"Escrito por\" \/>\n\t<meta name=\"twitter:data1\" content=\"PP\" \/>\n\t<meta name=\"twitter:label2\" content=\"Tiempo de lectura\" \/>\n\t<meta name=\"twitter:data2\" content=\"1 minuto\" \/>\n<script type=\"application\/ld+json\" class=\"yoast-schema-graph\">{\"@context\":\"https:\\\/\\\/schema.org\",\"@graph\":[{\"@type\":\"Article\",\"@id\":\"https:\\\/\\\/www.ppdelugo.com\\\/es\\\/o-pp-critica-que-o-goberno-local-vote-en-contra-de-publicar-antes-de-fin-de-ano-as-listas-das-bolsas-de-emprego-municipais\\\/#article\",\"isPartOf\":{\"@id\":\"https:\\\/\\\/www.ppdelugo.com\\\/es\\\/o-pp-critica-que-o-goberno-local-vote-en-contra-de-publicar-antes-de-fin-de-ano-as-listas-das-bolsas-de-emprego-municipais\\\/\"},\"author\":{\"name\":\"PP\",\"@id\":\"https:\\\/\\\/www.ppdelugo.com\\\/es\\\/#\\\/schema\\\/person\\\/a847ea797b54208d374f6a8953571050\"},\"headline\":\"El PP critica que el gobierno local vote en contra de publicar antes de fin de a\u00f1o las listas de las bolsas de empleo municipales\",\"datePublished\":\"2021-11-25T12:11:12+00:00\",\"dateModified\":\"2021-11-25T12:11:58+00:00\",\"mainEntityOfPage\":{\"@id\":\"https:\\\/\\\/www.ppdelugo.com\\\/es\\\/o-pp-critica-que-o-goberno-local-vote-en-contra-de-publicar-antes-de-fin-de-ano-as-listas-das-bolsas-de-emprego-municipais\\\/\"},\"wordCount\":208,\"commentCount\":0,\"image\":{\"@id\":\"https:\\\/\\\/www.ppdelugo.com\\\/es\\\/o-pp-critica-que-o-goberno-local-vote-en-contra-de-publicar-antes-de-fin-de-ano-as-listas-das-bolsas-de-emprego-municipais\\\/#primaryimage\"},\"thumbnailUrl\":\"https:\\\/\\\/www.ppdelugo.com\\\/wp-content\\\/uploads\\\/2021\\\/11\\\/Foto-Rafael-min-scaled.jpg\",\"articleSection\":[\"Personal\"],\"inLanguage\":\"es\",\"potentialAction\":[{\"@type\":\"CommentAction\",\"name\":\"Comment\",\"target\":[\"https:\\\/\\\/www.ppdelugo.com\\\/es\\\/o-pp-critica-que-o-goberno-local-vote-en-contra-de-publicar-antes-de-fin-de-ano-as-listas-das-bolsas-de-emprego-municipais\\\/#respond\"]}]},{\"@type\":\"WebPage\",\"@id\":\"https:\\\/\\\/www.ppdelugo.com\\\/es\\\/o-pp-critica-que-o-goberno-local-vote-en-contra-de-publicar-antes-de-fin-de-ano-as-listas-das-bolsas-de-emprego-municipais\\\/\",\"url\":\"https:\\\/\\\/www.ppdelugo.com\\\/es\\\/o-pp-critica-que-o-goberno-local-vote-en-contra-de-publicar-antes-de-fin-de-ano-as-listas-das-bolsas-de-emprego-municipais\\\/\",\"name\":\"El PP critica que el gobierno local vote en contra de publicar antes de fin de a\u00f1o las listas de las bolsas de empleo municipales - Grupo Municipal Partido Popular de Lugo\",\"isPartOf\":{\"@id\":\"https:\\\/\\\/www.ppdelugo.com\\\/es\\\/#website\"},\"primaryImageOfPage\":{\"@id\":\"https:\\\/\\\/www.ppdelugo.com\\\/es\\\/o-pp-critica-que-o-goberno-local-vote-en-contra-de-publicar-antes-de-fin-de-ano-as-listas-das-bolsas-de-emprego-municipais\\\/#primaryimage\"},\"image\":{\"@id\":\"https:\\\/\\\/www.ppdelugo.com\\\/es\\\/o-pp-critica-que-o-goberno-local-vote-en-contra-de-publicar-antes-de-fin-de-ano-as-listas-das-bolsas-de-emprego-municipais\\\/#primaryimage\"},\"thumbnailUrl\":\"https:\\\/\\\/www.ppdelugo.com\\\/wp-content\\\/uploads\\\/2021\\\/11\\\/Foto-Rafael-min-scaled.jpg\",\"datePublished\":\"2021-11-25T12:11:12+00:00\",\"dateModified\":\"2021-11-25T12:11:58+00:00\",\"author\":{\"@id\":\"https:\\\/\\\/www.ppdelugo.com\\\/es\\\/#\\\/schema\\\/person\\\/a847ea797b54208d374f6a8953571050\"},\"breadcrumb\":{\"@id\":\"https:\\\/\\\/www.ppdelugo.com\\\/es\\\/o-pp-critica-que-o-goberno-local-vote-en-contra-de-publicar-antes-de-fin-de-ano-as-listas-das-bolsas-de-emprego-municipais\\\/#breadcrumb\"},\"inLanguage\":\"es\",\"potentialAction\":[{\"@type\":\"ReadAction\",\"target\":[\"https:\\\/\\\/www.ppdelugo.com\\\/es\\\/o-pp-critica-que-o-goberno-local-vote-en-contra-de-publicar-antes-de-fin-de-ano-as-listas-das-bolsas-de-emprego-municipais\\\/\"]}]},{\"@type\":\"ImageObject\",\"inLanguage\":\"es\",\"@id\":\"https:\\\/\\\/www.ppdelugo.com\\\/es\\\/o-pp-critica-que-o-goberno-local-vote-en-contra-de-publicar-antes-de-fin-de-ano-as-listas-das-bolsas-de-emprego-municipais\\\/#primaryimage\",\"url\":\"https:\\\/\\\/www.ppdelugo.com\\\/wp-content\\\/uploads\\\/2021\\\/11\\\/Foto-Rafael-min-scaled.jpg\",\"contentUrl\":\"https:\\\/\\\/www.ppdelugo.com\\\/wp-content\\\/uploads\\\/2021\\\/11\\\/Foto-Rafael-min-scaled.jpg\",\"width\":2560,\"height\":1920},{\"@type\":\"BreadcrumbList\",\"@id\":\"https:\\\/\\\/www.ppdelugo.com\\\/es\\\/o-pp-critica-que-o-goberno-local-vote-en-contra-de-publicar-antes-de-fin-de-ano-as-listas-das-bolsas-de-emprego-municipais\\\/#breadcrumb\",\"itemListElement\":[{\"@type\":\"ListItem\",\"position\":1,\"name\":\"Portada\",\"item\":\"https:\\\/\\\/www.ppdelugo.com\\\/es\\\/\"},{\"@type\":\"ListItem\",\"position\":2,\"name\":\"El PP critica que el gobierno local vote en contra de publicar antes de fin de a\u00f1o las listas de las bolsas de empleo municipales\"}]},{\"@type\":\"WebSite\",\"@id\":\"https:\\\/\\\/www.ppdelugo.com\\\/es\\\/#website\",\"url\":\"https:\\\/\\\/www.ppdelugo.com\\\/es\\\/\",\"name\":\"Grupo Municipal Partido Popular de Lugo\",\"description\":\"Web del Grupo Municipal del Partido Popular en el Ayuntamiento de Lugo, con informaci\u00f3n sobre Lugo y fomento de la participaci\u00f3n ciudadana\",\"potentialAction\":[{\"@type\":\"SearchAction\",\"target\":{\"@type\":\"EntryPoint\",\"urlTemplate\":\"https:\\\/\\\/www.ppdelugo.com\\\/es\\\/?s={search_term_string}\"},\"query-input\":{\"@type\":\"PropertyValueSpecification\",\"valueRequired\":true,\"valueName\":\"search_term_string\"}}],\"inLanguage\":\"es\"},{\"@type\":\"Person\",\"@id\":\"https:\\\/\\\/www.ppdelugo.com\\\/es\\\/#\\\/schema\\\/person\\\/a847ea797b54208d374f6a8953571050\",\"name\":\"PP\",\"url\":\"https:\\\/\\\/www.ppdelugo.com\\\/es\\\/author\\\/ppdelugo\\\/\"}]}<\/script>\n<!-- \/ Yoast SEO plugin. -->","yoast_head_json":{"title":"El PP critica que el gobierno local vote en contra de publicar antes de fin de a\u00f1o las listas de las bolsas de empleo municipales - Grupo Municipal Partido Popular de Lugo","robots":{"index":"index","follow":"follow","max-snippet":"max-snippet:-1","max-image-preview":"max-image-preview:large","max-video-preview":"max-video-preview:-1"},"canonical":"https:\/\/www.ppdelugo.com\/es\/o-pp-critica-que-o-goberno-local-vote-en-contra-de-publicar-antes-de-fin-de-ano-as-listas-das-bolsas-de-emprego-municipais\/","og_locale":"es_ES","og_type":"article","og_title":"El PP critica que el gobierno local vote en contra de publicar antes de fin de a\u00f1o las listas de las bolsas de empleo municipales - Grupo Municipal Partido Popular de Lugo","og_description":"El concejal del Grupo Municipal del PP Rafael P\u00e9rez califica de \u201cinconcebible y muy preocupante\u201d el triunfalismo con el que tanto PSOE como BNG despachan las propuestas del PP, que...","og_url":"https:\/\/www.ppdelugo.com\/es\/o-pp-critica-que-o-goberno-local-vote-en-contra-de-publicar-antes-de-fin-de-ano-as-listas-das-bolsas-de-emprego-municipais\/","og_site_name":"Grupo Municipal Partido Popular de Lugo","article_published_time":"2021-11-25T12:11:12+00:00","article_modified_time":"2021-11-25T12:11:58+00:00","og_image":[{"width":2560,"height":1920,"url":"https:\/\/www.ppdelugo.com\/wp-content\/uploads\/2021\/11\/Foto-Rafael-min-scaled.jpg","type":"image\/jpeg"}],"author":"PP","twitter_card":"summary_large_image","twitter_misc":{"Escrito por":"PP","Tiempo de lectura":"1 minuto"},"schema":{"@context":"https:\/\/schema.org","@graph":[{"@type":"Article","@id":"https:\/\/www.ppdelugo.com\/es\/o-pp-critica-que-o-goberno-local-vote-en-contra-de-publicar-antes-de-fin-de-ano-as-listas-das-bolsas-de-emprego-municipais\/#article","isPartOf":{"@id":"https:\/\/www.ppdelugo.com\/es\/o-pp-critica-que-o-goberno-local-vote-en-contra-de-publicar-antes-de-fin-de-ano-as-listas-das-bolsas-de-emprego-municipais\/"},"author":{"name":"PP","@id":"https:\/\/www.ppdelugo.com\/es\/#\/schema\/person\/a847ea797b54208d374f6a8953571050"},"headline":"El PP critica que el gobierno local vote en contra de publicar antes de fin de a\u00f1o las listas de las bolsas de empleo municipales","datePublished":"2021-11-25T12:11:12+00:00","dateModified":"2021-11-25T12:11:58+00:00","mainEntityOfPage":{"@id":"https:\/\/www.ppdelugo.com\/es\/o-pp-critica-que-o-goberno-local-vote-en-contra-de-publicar-antes-de-fin-de-ano-as-listas-das-bolsas-de-emprego-municipais\/"},"wordCount":208,"commentCount":0,"image":{"@id":"https:\/\/www.ppdelugo.com\/es\/o-pp-critica-que-o-goberno-local-vote-en-contra-de-publicar-antes-de-fin-de-ano-as-listas-das-bolsas-de-emprego-municipais\/#primaryimage"},"thumbnailUrl":"https:\/\/www.ppdelugo.com\/wp-content\/uploads\/2021\/11\/Foto-Rafael-min-scaled.jpg","articleSection":["Personal"],"inLanguage":"es","potentialAction":[{"@type":"CommentAction","name":"Comment","target":["https:\/\/www.ppdelugo.com\/es\/o-pp-critica-que-o-goberno-local-vote-en-contra-de-publicar-antes-de-fin-de-ano-as-listas-das-bolsas-de-emprego-municipais\/#respond"]}]},{"@type":"WebPage","@id":"https:\/\/www.ppdelugo.com\/es\/o-pp-critica-que-o-goberno-local-vote-en-contra-de-publicar-antes-de-fin-de-ano-as-listas-das-bolsas-de-emprego-municipais\/","url":"https:\/\/www.ppdelugo.com\/es\/o-pp-critica-que-o-goberno-local-vote-en-contra-de-publicar-antes-de-fin-de-ano-as-listas-das-bolsas-de-emprego-municipais\/","name":"El PP critica que el gobierno local vote en contra de publicar antes de fin de a\u00f1o las listas de las bolsas de empleo municipales - Grupo Municipal Partido Popular de Lugo","isPartOf":{"@id":"https:\/\/www.ppdelugo.com\/es\/#website"},"primaryImageOfPage":{"@id":"https:\/\/www.ppdelugo.com\/es\/o-pp-critica-que-o-goberno-local-vote-en-contra-de-publicar-antes-de-fin-de-ano-as-listas-das-bolsas-de-emprego-municipais\/#primaryimage"},"image":{"@id":"https:\/\/www.ppdelugo.com\/es\/o-pp-critica-que-o-goberno-local-vote-en-contra-de-publicar-antes-de-fin-de-ano-as-listas-das-bolsas-de-emprego-municipais\/#primaryimage"},"thumbnailUrl":"https:\/\/www.ppdelugo.com\/wp-content\/uploads\/2021\/11\/Foto-Rafael-min-scaled.jpg","datePublished":"2021-11-25T12:11:12+00:00","dateModified":"2021-11-25T12:11:58+00:00","author":{"@id":"https:\/\/www.ppdelugo.com\/es\/#\/schema\/person\/a847ea797b54208d374f6a8953571050"},"breadcrumb":{"@id":"https:\/\/www.ppdelugo.com\/es\/o-pp-critica-que-o-goberno-local-vote-en-contra-de-publicar-antes-de-fin-de-ano-as-listas-das-bolsas-de-emprego-municipais\/#breadcrumb"},"inLanguage":"es","potentialAction":[{"@type":"ReadAction","target":["https:\/\/www.ppdelugo.com\/es\/o-pp-critica-que-o-goberno-local-vote-en-contra-de-publicar-antes-de-fin-de-ano-as-listas-das-bolsas-de-emprego-municipais\/"]}]},{"@type":"ImageObject","inLanguage":"es","@id":"https:\/\/www.ppdelugo.com\/es\/o-pp-critica-que-o-goberno-local-vote-en-contra-de-publicar-antes-de-fin-de-ano-as-listas-das-bolsas-de-emprego-municipais\/#primaryimage","url":"https:\/\/www.ppdelugo.com\/wp-content\/uploads\/2021\/11\/Foto-Rafael-min-scaled.jpg","contentUrl":"https:\/\/www.ppdelugo.com\/wp-content\/uploads\/2021\/11\/Foto-Rafael-min-scaled.jpg","width":2560,"height":1920},{"@type":"BreadcrumbList","@id":"https:\/\/www.ppdelugo.com\/es\/o-pp-critica-que-o-goberno-local-vote-en-contra-de-publicar-antes-de-fin-de-ano-as-listas-das-bolsas-de-emprego-municipais\/#breadcrumb","itemListElement":[{"@type":"ListItem","position":1,"name":"Portada","item":"https:\/\/www.ppdelugo.com\/es\/"},{"@type":"ListItem","position":2,"name":"El PP critica que el gobierno local vote en contra de publicar antes de fin de a\u00f1o las listas de las bolsas de empleo municipales"}]},{"@type":"WebSite","@id":"https:\/\/www.ppdelugo.com\/es\/#website","url":"https:\/\/www.ppdelugo.com\/es\/","name":"Grupo Municipal Partido Popular de Lugo","description":"Web del Grupo Municipal del Partido Popular en el Ayuntamiento de Lugo, con informaci\u00f3n sobre Lugo y fomento de la participaci\u00f3n ciudadana","potentialAction":[{"@type":"SearchAction","target":{"@type":"EntryPoint","urlTemplate":"https:\/\/www.ppdelugo.com\/es\/?s={search_term_string}"},"query-input":{"@type":"PropertyValueSpecification","valueRequired":true,"valueName":"search_term_string"}}],"inLanguage":"es"},{"@type":"Person","@id":"https:\/\/www.ppdelugo.com\/es\/#\/schema\/person\/a847ea797b54208d374f6a8953571050","name":"PP","url":"https:\/\/www.ppdelugo.com\/es\/author\/ppdelugo\/"}]}},"_links":{"self":[{"href":"https:\/\/www.ppdelugo.com\/es\/wp-json\/wp\/v2\/posts\/16568","targetHints":{"allow":["GET"]}}],"collection":[{"href":"https:\/\/www.ppdelugo.com\/es\/wp-json\/wp\/v2\/posts"}],"about":[{"href":"https:\/\/www.ppdelugo.com\/es\/wp-json\/wp\/v2\/types\/post"}],"author":[{"embeddable":true,"href":"https:\/\/www.ppdelugo.com\/es\/wp-json\/wp\/v2\/users\/2"}],"replies":[{"embeddable":true,"href":"https:\/\/www.ppdelugo.com\/es\/wp-json\/wp\/v2\/comments?post=16568"}],"version-history":[{"count":2,"href":"https:\/\/www.ppdelugo.com\/es\/wp-json\/wp\/v2\/posts\/16568\/revisions"}],"predecessor-version":[{"id":16570,"href":"https:\/\/www.ppdelugo.com\/es\/wp-json\/wp\/v2\/posts\/16568\/revisions\/16570"}],"wp:featuredmedia":[{"embeddable":true,"href":"https:\/\/www.ppdelugo.com\/es\/wp-json\/wp\/v2\/media\/16566"}],"wp:attachment":[{"href":"https:\/\/www.ppdelugo.com\/es\/wp-json\/wp\/v2\/media?parent=16568"}],"wp:term":[{"taxonomy":"category","embeddable":true,"href":"https:\/\/www.ppdelugo.com\/es\/wp-json\/wp\/v2\/categories?post=16568"},{"taxonomy":"post_tag","embeddable":true,"href":"https:\/\/www.ppdelugo.com\/es\/wp-json\/wp\/v2\/tags?post=16568"}],"curies":[{"name":"wp","href":"https:\/\/api.w.org\/{rel}","templated":true}]}}