{"id":16364,"date":"2021-10-29T11:03:35","date_gmt":"2021-10-29T11:03:35","guid":{"rendered":"https:\/\/www.ppdelugo.com\/o-pp-denuncia-que-non-hai-auga-quente-nas-pedreiras-e-urxe-a-repetto-a-traballar-para-que-os-usuarios-se-poidan-duchar-tras-adestrar\/"},"modified":"2021-10-29T11:04:19","modified_gmt":"2021-10-29T11:04:19","slug":"o-pp-denuncia-que-non-hai-auga-quente-nas-pedreiras-e-urxe-a-repetto-a-traballar-para-que-os-usuarios-se-poidan-duchar-tras-adestrar","status":"publish","type":"post","link":"https:\/\/www.ppdelugo.com\/es\/o-pp-denuncia-que-non-hai-auga-quente-nas-pedreiras-e-urxe-a-repetto-a-traballar-para-que-os-usuarios-se-poidan-duchar-tras-adestrar\/","title":{"rendered":"El PP denuncia que no hay agua caliente en As Pedreiras y urge a Repetto a trabajar para que los usuarios se puedan duchar tras entrenar"},"content":{"rendered":"<p>El concejal del Grupo Municipal del PP \u00d3scar Poy recuerda a Mauricio Repetto que ayer vot\u00f3 en contra de una iniciativa del PP para abrir los pabellones de los CEIPs para que los lucenses hab\u00edan podido jugar una pachanga con amigos alegando que \u201cno hay vestuarios ni duchas\u201d<\/p>\n<p><!--more--><\/p>\n<p>O concelleiro do Grupo Municipal do Partido Popular no Concello de Lugo, \u00d3scar Poy, pide a Mauricio Repetto \u201ctraballo\u201d para corrixir unha denuncia que leva semanas latente, como \u00e9 que non funciona a caldeira, o que provoca que non haxa auga quente nas duchas.<\/p>\n<p>\u00d3scar Poy fai este chamamento agora que os protocolos covid permiten que se volvan a usar os vestiarios e as duchas, sobre todo para facilitar que todos os usuarios poidan ducharse antes de volver a casa e para evitar sanci\u00f3ns innecesarias a calquera dos clubs que empregan as instalaci\u00f3ns para xogar os seus encontros oficiais. Recorda o concelleiro popular que segundo a normativa das respectivas federaci\u00f3ns auton\u00f3micas \u201c\u00e9 obrigatorio que haxa auga quente nos vestiarios dos equipos e dos \u00e1rbitros\u201d e, no caso de que non sexa as\u00ed, os clubs exp\u00f3\u00f1ense a unha sanci\u00f3n por parte da s\u00faa respectiva federaci\u00f3n \u201cunicamente por culpa do Concello de Lugo\u201d.<\/p>\n<p>Ante esta situaci\u00f3n, \u00d3scar Poy pide traballo e dilixencia ao responsable municipal de deportes para devolver As Pedreiras a unha situaci\u00f3n de normalidade para todos os usuarios.<\/p>\n<p><strong>Actualizaci\u00f3n protocolos covid<\/strong><\/p>\n<p>\u00d3scar Poy aproveita a ocasi\u00f3n para pedir a Mauricio Repetto que estude a posibilidade de actualizar os protocolos covid nas instalaci\u00f3ns deportivas municipais.<\/p>\n<p>O concelleiro popular fai este chamamento porque dende o comezo da pandemia a area de deportes actualizou constantemente os protocolos covid, adapt\u00e1ndoos en cada momento \u00e1 situaci\u00f3n sanitaria existente, algo que non se est\u00e1 a facer agora mesmo.<\/p>\n","protected":false},"excerpt":{"rendered":"<p>El concejal del Grupo Municipal del PP \u00d3scar Poy recuerda a Mauricio Repetto que ayer vot\u00f3 en contra de una iniciativa del PP para abrir los pabellones de los CEIPs&#8230;<\/p>\n","protected":false},"author":2,"featured_media":16362,"comment_status":"open","ping_status":"closed","sticky":false,"template":"","format":"standard","meta":{"footnotes":""},"categories":[51],"tags":[],"class_list":{"0":"post-16364","1":"post","2":"type-post","3":"status-publish","4":"format-standard","5":"has-post-thumbnail","7":"category-deportes"},"yoast_head":"<!-- This site is optimized with the Yoast SEO plugin v27.4 - https:\/\/yoast.com\/product\/yoast-seo-wordpress\/ -->\n<title>El PP denuncia que no hay agua caliente en As Pedreiras y urge a Repetto a trabajar para que los usuarios se puedan duchar tras entrenar - Grupo Municipal Partido Popular de Lugo<\/title>\n<meta name=\"robots\" content=\"index, follow, max-snippet:-1, max-image-preview:large, max-video-preview:-1\" \/>\n<link rel=\"canonical\" href=\"https:\/\/www.ppdelugo.com\/es\/o-pp-denuncia-que-non-hai-auga-quente-nas-pedreiras-e-urxe-a-repetto-a-traballar-para-que-os-usuarios-se-poidan-duchar-tras-adestrar\/\" \/>\n<meta property=\"og:locale\" content=\"es_ES\" \/>\n<meta property=\"og:type\" content=\"article\" \/>\n<meta property=\"og:title\" content=\"El PP denuncia que no hay agua caliente en As Pedreiras y urge a Repetto a trabajar para que los usuarios se puedan duchar tras entrenar - Grupo Municipal Partido Popular de Lugo\" \/>\n<meta property=\"og:description\" content=\"El concejal del Grupo Municipal del PP \u00d3scar Poy recuerda a Mauricio Repetto que ayer vot\u00f3 en contra de una iniciativa del PP para abrir los pabellones de los CEIPs...\" \/>\n<meta property=\"og:url\" content=\"https:\/\/www.ppdelugo.com\/es\/o-pp-denuncia-que-non-hai-auga-quente-nas-pedreiras-e-urxe-a-repetto-a-traballar-para-que-os-usuarios-se-poidan-duchar-tras-adestrar\/\" \/>\n<meta property=\"og:site_name\" content=\"Grupo Municipal Partido Popular de Lugo\" \/>\n<meta property=\"article:published_time\" content=\"2021-10-29T11:03:35+00:00\" \/>\n<meta property=\"article:modified_time\" content=\"2021-10-29T11:04:19+00:00\" \/>\n<meta property=\"og:image\" content=\"https:\/\/www.ppdelugo.com\/wp-content\/uploads\/2021\/10\/Pistas-atletismo-min-scaled.jpg\" \/>\n\t<meta property=\"og:image:width\" content=\"2560\" \/>\n\t<meta property=\"og:image:height\" content=\"1920\" \/>\n\t<meta property=\"og:image:type\" content=\"image\/jpeg\" \/>\n<meta name=\"author\" content=\"PP\" \/>\n<meta name=\"twitter:card\" content=\"summary_large_image\" \/>\n<meta name=\"twitter:label1\" content=\"Escrito por\" \/>\n\t<meta name=\"twitter:data1\" content=\"PP\" \/>\n\t<meta name=\"twitter:label2\" content=\"Tiempo de lectura\" \/>\n\t<meta name=\"twitter:data2\" content=\"2 minutos\" \/>\n<script type=\"application\/ld+json\" class=\"yoast-schema-graph\">{\"@context\":\"https:\\\/\\\/schema.org\",\"@graph\":[{\"@type\":\"Article\",\"@id\":\"https:\\\/\\\/www.ppdelugo.com\\\/es\\\/o-pp-denuncia-que-non-hai-auga-quente-nas-pedreiras-e-urxe-a-repetto-a-traballar-para-que-os-usuarios-se-poidan-duchar-tras-adestrar\\\/#article\",\"isPartOf\":{\"@id\":\"https:\\\/\\\/www.ppdelugo.com\\\/es\\\/o-pp-denuncia-que-non-hai-auga-quente-nas-pedreiras-e-urxe-a-repetto-a-traballar-para-que-os-usuarios-se-poidan-duchar-tras-adestrar\\\/\"},\"author\":{\"name\":\"PP\",\"@id\":\"https:\\\/\\\/www.ppdelugo.com\\\/es\\\/#\\\/schema\\\/person\\\/a847ea797b54208d374f6a8953571050\"},\"headline\":\"El PP denuncia que no hay agua caliente en As Pedreiras y urge a Repetto a trabajar para que los usuarios se puedan duchar tras entrenar\",\"datePublished\":\"2021-10-29T11:03:35+00:00\",\"dateModified\":\"2021-10-29T11:04:19+00:00\",\"mainEntityOfPage\":{\"@id\":\"https:\\\/\\\/www.ppdelugo.com\\\/es\\\/o-pp-denuncia-que-non-hai-auga-quente-nas-pedreiras-e-urxe-a-repetto-a-traballar-para-que-os-usuarios-se-poidan-duchar-tras-adestrar\\\/\"},\"wordCount\":329,\"commentCount\":0,\"image\":{\"@id\":\"https:\\\/\\\/www.ppdelugo.com\\\/es\\\/o-pp-denuncia-que-non-hai-auga-quente-nas-pedreiras-e-urxe-a-repetto-a-traballar-para-que-os-usuarios-se-poidan-duchar-tras-adestrar\\\/#primaryimage\"},\"thumbnailUrl\":\"https:\\\/\\\/www.ppdelugo.com\\\/wp-content\\\/uploads\\\/2021\\\/10\\\/Pistas-atletismo-min-scaled.jpg\",\"articleSection\":[\"Deportes\"],\"inLanguage\":\"es\",\"potentialAction\":[{\"@type\":\"CommentAction\",\"name\":\"Comment\",\"target\":[\"https:\\\/\\\/www.ppdelugo.com\\\/es\\\/o-pp-denuncia-que-non-hai-auga-quente-nas-pedreiras-e-urxe-a-repetto-a-traballar-para-que-os-usuarios-se-poidan-duchar-tras-adestrar\\\/#respond\"]}]},{\"@type\":\"WebPage\",\"@id\":\"https:\\\/\\\/www.ppdelugo.com\\\/es\\\/o-pp-denuncia-que-non-hai-auga-quente-nas-pedreiras-e-urxe-a-repetto-a-traballar-para-que-os-usuarios-se-poidan-duchar-tras-adestrar\\\/\",\"url\":\"https:\\\/\\\/www.ppdelugo.com\\\/es\\\/o-pp-denuncia-que-non-hai-auga-quente-nas-pedreiras-e-urxe-a-repetto-a-traballar-para-que-os-usuarios-se-poidan-duchar-tras-adestrar\\\/\",\"name\":\"El PP denuncia que no hay agua caliente en As Pedreiras y urge a Repetto a trabajar para que los usuarios se puedan duchar tras entrenar - Grupo Municipal Partido Popular de Lugo\",\"isPartOf\":{\"@id\":\"https:\\\/\\\/www.ppdelugo.com\\\/es\\\/#website\"},\"primaryImageOfPage\":{\"@id\":\"https:\\\/\\\/www.ppdelugo.com\\\/es\\\/o-pp-denuncia-que-non-hai-auga-quente-nas-pedreiras-e-urxe-a-repetto-a-traballar-para-que-os-usuarios-se-poidan-duchar-tras-adestrar\\\/#primaryimage\"},\"image\":{\"@id\":\"https:\\\/\\\/www.ppdelugo.com\\\/es\\\/o-pp-denuncia-que-non-hai-auga-quente-nas-pedreiras-e-urxe-a-repetto-a-traballar-para-que-os-usuarios-se-poidan-duchar-tras-adestrar\\\/#primaryimage\"},\"thumbnailUrl\":\"https:\\\/\\\/www.ppdelugo.com\\\/wp-content\\\/uploads\\\/2021\\\/10\\\/Pistas-atletismo-min-scaled.jpg\",\"datePublished\":\"2021-10-29T11:03:35+00:00\",\"dateModified\":\"2021-10-29T11:04:19+00:00\",\"author\":{\"@id\":\"https:\\\/\\\/www.ppdelugo.com\\\/es\\\/#\\\/schema\\\/person\\\/a847ea797b54208d374f6a8953571050\"},\"breadcrumb\":{\"@id\":\"https:\\\/\\\/www.ppdelugo.com\\\/es\\\/o-pp-denuncia-que-non-hai-auga-quente-nas-pedreiras-e-urxe-a-repetto-a-traballar-para-que-os-usuarios-se-poidan-duchar-tras-adestrar\\\/#breadcrumb\"},\"inLanguage\":\"es\",\"potentialAction\":[{\"@type\":\"ReadAction\",\"target\":[\"https:\\\/\\\/www.ppdelugo.com\\\/es\\\/o-pp-denuncia-que-non-hai-auga-quente-nas-pedreiras-e-urxe-a-repetto-a-traballar-para-que-os-usuarios-se-poidan-duchar-tras-adestrar\\\/\"]}]},{\"@type\":\"ImageObject\",\"inLanguage\":\"es\",\"@id\":\"https:\\\/\\\/www.ppdelugo.com\\\/es\\\/o-pp-denuncia-que-non-hai-auga-quente-nas-pedreiras-e-urxe-a-repetto-a-traballar-para-que-os-usuarios-se-poidan-duchar-tras-adestrar\\\/#primaryimage\",\"url\":\"https:\\\/\\\/www.ppdelugo.com\\\/wp-content\\\/uploads\\\/2021\\\/10\\\/Pistas-atletismo-min-scaled.jpg\",\"contentUrl\":\"https:\\\/\\\/www.ppdelugo.com\\\/wp-content\\\/uploads\\\/2021\\\/10\\\/Pistas-atletismo-min-scaled.jpg\",\"width\":2560,\"height\":1920},{\"@type\":\"BreadcrumbList\",\"@id\":\"https:\\\/\\\/www.ppdelugo.com\\\/es\\\/o-pp-denuncia-que-non-hai-auga-quente-nas-pedreiras-e-urxe-a-repetto-a-traballar-para-que-os-usuarios-se-poidan-duchar-tras-adestrar\\\/#breadcrumb\",\"itemListElement\":[{\"@type\":\"ListItem\",\"position\":1,\"name\":\"Portada\",\"item\":\"https:\\\/\\\/www.ppdelugo.com\\\/es\\\/\"},{\"@type\":\"ListItem\",\"position\":2,\"name\":\"El PP denuncia que no hay agua caliente en As Pedreiras y urge a Repetto a trabajar para que los usuarios se puedan duchar tras entrenar\"}]},{\"@type\":\"WebSite\",\"@id\":\"https:\\\/\\\/www.ppdelugo.com\\\/es\\\/#website\",\"url\":\"https:\\\/\\\/www.ppdelugo.com\\\/es\\\/\",\"name\":\"Grupo Municipal Partido Popular de Lugo\",\"description\":\"Web del Grupo Municipal del Partido Popular en el Ayuntamiento de Lugo, con informaci\u00f3n sobre Lugo y fomento de la participaci\u00f3n ciudadana\",\"potentialAction\":[{\"@type\":\"SearchAction\",\"target\":{\"@type\":\"EntryPoint\",\"urlTemplate\":\"https:\\\/\\\/www.ppdelugo.com\\\/es\\\/?s={search_term_string}\"},\"query-input\":{\"@type\":\"PropertyValueSpecification\",\"valueRequired\":true,\"valueName\":\"search_term_string\"}}],\"inLanguage\":\"es\"},{\"@type\":\"Person\",\"@id\":\"https:\\\/\\\/www.ppdelugo.com\\\/es\\\/#\\\/schema\\\/person\\\/a847ea797b54208d374f6a8953571050\",\"name\":\"PP\",\"url\":\"https:\\\/\\\/www.ppdelugo.com\\\/es\\\/author\\\/ppdelugo\\\/\"}]}<\/script>\n<!-- \/ Yoast SEO plugin. -->","yoast_head_json":{"title":"El PP denuncia que no hay agua caliente en As Pedreiras y urge a Repetto a trabajar para que los usuarios se puedan duchar tras entrenar - Grupo Municipal Partido Popular de Lugo","robots":{"index":"index","follow":"follow","max-snippet":"max-snippet:-1","max-image-preview":"max-image-preview:large","max-video-preview":"max-video-preview:-1"},"canonical":"https:\/\/www.ppdelugo.com\/es\/o-pp-denuncia-que-non-hai-auga-quente-nas-pedreiras-e-urxe-a-repetto-a-traballar-para-que-os-usuarios-se-poidan-duchar-tras-adestrar\/","og_locale":"es_ES","og_type":"article","og_title":"El PP denuncia que no hay agua caliente en As Pedreiras y urge a Repetto a trabajar para que los usuarios se puedan duchar tras entrenar - Grupo Municipal Partido Popular de Lugo","og_description":"El concejal del Grupo Municipal del PP \u00d3scar Poy recuerda a Mauricio Repetto que ayer vot\u00f3 en contra de una iniciativa del PP para abrir los pabellones de los CEIPs...","og_url":"https:\/\/www.ppdelugo.com\/es\/o-pp-denuncia-que-non-hai-auga-quente-nas-pedreiras-e-urxe-a-repetto-a-traballar-para-que-os-usuarios-se-poidan-duchar-tras-adestrar\/","og_site_name":"Grupo Municipal Partido Popular de Lugo","article_published_time":"2021-10-29T11:03:35+00:00","article_modified_time":"2021-10-29T11:04:19+00:00","og_image":[{"width":2560,"height":1920,"url":"https:\/\/www.ppdelugo.com\/wp-content\/uploads\/2021\/10\/Pistas-atletismo-min-scaled.jpg","type":"image\/jpeg"}],"author":"PP","twitter_card":"summary_large_image","twitter_misc":{"Escrito por":"PP","Tiempo de lectura":"2 minutos"},"schema":{"@context":"https:\/\/schema.org","@graph":[{"@type":"Article","@id":"https:\/\/www.ppdelugo.com\/es\/o-pp-denuncia-que-non-hai-auga-quente-nas-pedreiras-e-urxe-a-repetto-a-traballar-para-que-os-usuarios-se-poidan-duchar-tras-adestrar\/#article","isPartOf":{"@id":"https:\/\/www.ppdelugo.com\/es\/o-pp-denuncia-que-non-hai-auga-quente-nas-pedreiras-e-urxe-a-repetto-a-traballar-para-que-os-usuarios-se-poidan-duchar-tras-adestrar\/"},"author":{"name":"PP","@id":"https:\/\/www.ppdelugo.com\/es\/#\/schema\/person\/a847ea797b54208d374f6a8953571050"},"headline":"El PP denuncia que no hay agua caliente en As Pedreiras y urge a Repetto a trabajar para que los usuarios se puedan duchar tras entrenar","datePublished":"2021-10-29T11:03:35+00:00","dateModified":"2021-10-29T11:04:19+00:00","mainEntityOfPage":{"@id":"https:\/\/www.ppdelugo.com\/es\/o-pp-denuncia-que-non-hai-auga-quente-nas-pedreiras-e-urxe-a-repetto-a-traballar-para-que-os-usuarios-se-poidan-duchar-tras-adestrar\/"},"wordCount":329,"commentCount":0,"image":{"@id":"https:\/\/www.ppdelugo.com\/es\/o-pp-denuncia-que-non-hai-auga-quente-nas-pedreiras-e-urxe-a-repetto-a-traballar-para-que-os-usuarios-se-poidan-duchar-tras-adestrar\/#primaryimage"},"thumbnailUrl":"https:\/\/www.ppdelugo.com\/wp-content\/uploads\/2021\/10\/Pistas-atletismo-min-scaled.jpg","articleSection":["Deportes"],"inLanguage":"es","potentialAction":[{"@type":"CommentAction","name":"Comment","target":["https:\/\/www.ppdelugo.com\/es\/o-pp-denuncia-que-non-hai-auga-quente-nas-pedreiras-e-urxe-a-repetto-a-traballar-para-que-os-usuarios-se-poidan-duchar-tras-adestrar\/#respond"]}]},{"@type":"WebPage","@id":"https:\/\/www.ppdelugo.com\/es\/o-pp-denuncia-que-non-hai-auga-quente-nas-pedreiras-e-urxe-a-repetto-a-traballar-para-que-os-usuarios-se-poidan-duchar-tras-adestrar\/","url":"https:\/\/www.ppdelugo.com\/es\/o-pp-denuncia-que-non-hai-auga-quente-nas-pedreiras-e-urxe-a-repetto-a-traballar-para-que-os-usuarios-se-poidan-duchar-tras-adestrar\/","name":"El PP denuncia que no hay agua caliente en As Pedreiras y urge a Repetto a trabajar para que los usuarios se puedan duchar tras entrenar - Grupo Municipal Partido Popular de Lugo","isPartOf":{"@id":"https:\/\/www.ppdelugo.com\/es\/#website"},"primaryImageOfPage":{"@id":"https:\/\/www.ppdelugo.com\/es\/o-pp-denuncia-que-non-hai-auga-quente-nas-pedreiras-e-urxe-a-repetto-a-traballar-para-que-os-usuarios-se-poidan-duchar-tras-adestrar\/#primaryimage"},"image":{"@id":"https:\/\/www.ppdelugo.com\/es\/o-pp-denuncia-que-non-hai-auga-quente-nas-pedreiras-e-urxe-a-repetto-a-traballar-para-que-os-usuarios-se-poidan-duchar-tras-adestrar\/#primaryimage"},"thumbnailUrl":"https:\/\/www.ppdelugo.com\/wp-content\/uploads\/2021\/10\/Pistas-atletismo-min-scaled.jpg","datePublished":"2021-10-29T11:03:35+00:00","dateModified":"2021-10-29T11:04:19+00:00","author":{"@id":"https:\/\/www.ppdelugo.com\/es\/#\/schema\/person\/a847ea797b54208d374f6a8953571050"},"breadcrumb":{"@id":"https:\/\/www.ppdelugo.com\/es\/o-pp-denuncia-que-non-hai-auga-quente-nas-pedreiras-e-urxe-a-repetto-a-traballar-para-que-os-usuarios-se-poidan-duchar-tras-adestrar\/#breadcrumb"},"inLanguage":"es","potentialAction":[{"@type":"ReadAction","target":["https:\/\/www.ppdelugo.com\/es\/o-pp-denuncia-que-non-hai-auga-quente-nas-pedreiras-e-urxe-a-repetto-a-traballar-para-que-os-usuarios-se-poidan-duchar-tras-adestrar\/"]}]},{"@type":"ImageObject","inLanguage":"es","@id":"https:\/\/www.ppdelugo.com\/es\/o-pp-denuncia-que-non-hai-auga-quente-nas-pedreiras-e-urxe-a-repetto-a-traballar-para-que-os-usuarios-se-poidan-duchar-tras-adestrar\/#primaryimage","url":"https:\/\/www.ppdelugo.com\/wp-content\/uploads\/2021\/10\/Pistas-atletismo-min-scaled.jpg","contentUrl":"https:\/\/www.ppdelugo.com\/wp-content\/uploads\/2021\/10\/Pistas-atletismo-min-scaled.jpg","width":2560,"height":1920},{"@type":"BreadcrumbList","@id":"https:\/\/www.ppdelugo.com\/es\/o-pp-denuncia-que-non-hai-auga-quente-nas-pedreiras-e-urxe-a-repetto-a-traballar-para-que-os-usuarios-se-poidan-duchar-tras-adestrar\/#breadcrumb","itemListElement":[{"@type":"ListItem","position":1,"name":"Portada","item":"https:\/\/www.ppdelugo.com\/es\/"},{"@type":"ListItem","position":2,"name":"El PP denuncia que no hay agua caliente en As Pedreiras y urge a Repetto a trabajar para que los usuarios se puedan duchar tras entrenar"}]},{"@type":"WebSite","@id":"https:\/\/www.ppdelugo.com\/es\/#website","url":"https:\/\/www.ppdelugo.com\/es\/","name":"Grupo Municipal Partido Popular de Lugo","description":"Web del Grupo Municipal del Partido Popular en el Ayuntamiento de Lugo, con informaci\u00f3n sobre Lugo y fomento de la participaci\u00f3n ciudadana","potentialAction":[{"@type":"SearchAction","target":{"@type":"EntryPoint","urlTemplate":"https:\/\/www.ppdelugo.com\/es\/?s={search_term_string}"},"query-input":{"@type":"PropertyValueSpecification","valueRequired":true,"valueName":"search_term_string"}}],"inLanguage":"es"},{"@type":"Person","@id":"https:\/\/www.ppdelugo.com\/es\/#\/schema\/person\/a847ea797b54208d374f6a8953571050","name":"PP","url":"https:\/\/www.ppdelugo.com\/es\/author\/ppdelugo\/"}]}},"_links":{"self":[{"href":"https:\/\/www.ppdelugo.com\/es\/wp-json\/wp\/v2\/posts\/16364","targetHints":{"allow":["GET"]}}],"collection":[{"href":"https:\/\/www.ppdelugo.com\/es\/wp-json\/wp\/v2\/posts"}],"about":[{"href":"https:\/\/www.ppdelugo.com\/es\/wp-json\/wp\/v2\/types\/post"}],"author":[{"embeddable":true,"href":"https:\/\/www.ppdelugo.com\/es\/wp-json\/wp\/v2\/users\/2"}],"replies":[{"embeddable":true,"href":"https:\/\/www.ppdelugo.com\/es\/wp-json\/wp\/v2\/comments?post=16364"}],"version-history":[{"count":2,"href":"https:\/\/www.ppdelugo.com\/es\/wp-json\/wp\/v2\/posts\/16364\/revisions"}],"predecessor-version":[{"id":16366,"href":"https:\/\/www.ppdelugo.com\/es\/wp-json\/wp\/v2\/posts\/16364\/revisions\/16366"}],"wp:featuredmedia":[{"embeddable":true,"href":"https:\/\/www.ppdelugo.com\/es\/wp-json\/wp\/v2\/media\/16362"}],"wp:attachment":[{"href":"https:\/\/www.ppdelugo.com\/es\/wp-json\/wp\/v2\/media?parent=16364"}],"wp:term":[{"taxonomy":"category","embeddable":true,"href":"https:\/\/www.ppdelugo.com\/es\/wp-json\/wp\/v2\/categories?post=16364"},{"taxonomy":"post_tag","embeddable":true,"href":"https:\/\/www.ppdelugo.com\/es\/wp-json\/wp\/v2\/tags?post=16364"}],"curies":[{"name":"wp","href":"https:\/\/api.w.org\/{rel}","templated":true}]}}