{"id":16294,"date":"2021-10-25T11:44:19","date_gmt":"2021-10-25T11:44:19","guid":{"rendered":"https:\/\/www.ppdelugo.com\/o-pp-pide-que-se-compren-200-contedores-novos-para-renovar-os-que-estan-en-mal-estado\/"},"modified":"2021-10-25T11:44:47","modified_gmt":"2021-10-25T11:44:47","slug":"o-pp-pide-que-se-compren-200-contedores-novos-para-renovar-os-que-estan-en-mal-estado","status":"publish","type":"post","link":"https:\/\/www.ppdelugo.com\/es\/o-pp-pide-que-se-compren-200-contedores-novos-para-renovar-os-que-estan-en-mal-estado\/","title":{"rendered":"El PP pide que se compren 200 contenedores nuevos para renovar los que est\u00e1n en mal estado"},"content":{"rendered":"<p>El viceportavoz municipal Antonio Ameijide \u201ca la vista de que la adjudicaci\u00f3n del contrato de la basura va para largo\u201d urge al bigobierno a que saque la licitaci\u00f3n de esta partida de recipientes as\u00ed como de los recambios necesarios de tapas, pedales y mecanismos para reparar algunas unidades que est\u00e1n inutilizables<\/p>\n<p><!--more--><\/p>\n<p>El Partido Popular no quiere que los vecinos y vecinas de Lugo tenga que esperar a\u00fan m\u00e1s tiempo para que les renueven los contenedores en mal estado que hay en distintas calles y barrios de la ciudad. Dado que el contrato de la basura \u201ca\u00fan va para largo y as\u00ed lo reconoce el propio gobierno al judicializar este asunto\u201d desde el PP reclaman que se haga una compra de contenedores nuevos as\u00ed como de piezas para reparar aquellas unidades que tengan arreglo.<\/p>\n<p>El viceportavoz del PP Antonio Ameijide urg\u00eda al bigobierno para sacar la licitaci\u00f3n de la compra de \u201cal menos 200 unidades de contenedores as\u00ed como otros tantos recambios para reparar pedales, tapas y mecanismos de recipientes averiados\u201d. Ameijide indicaba que \u201cestamos viendo como cada vez que entra una petici\u00f3n vecinal para que les reparen o cambien el contenedor de su calle se les responde dando largas dici\u00e9ndoles que tengan paciencia y que esperen a que se concrete el nuevo contrato de la basura\u201d. (1)<\/p>\n<p>Para Ameijide esta respuesta es \u201ccomo decir nada y mentir al contribuyente porque el bigobierno sabe que la adjudicaci\u00f3n de contrto de basura y limpieza va para largo ya que al judicializarla hay que cumplir unos plazos y todo apunta a que la alcaldesa acabar\u00e1 el mandato sin adjudicar este servicio\u201d.<\/p>\n<p>\u201cLos lucenses non tenemos porque pagar la incompetencia del bigobierno\u201d a\u00f1adiendo que \u201cpor este motivo le reclamamos esta compra de urgencia para mejorar el servicio\u201d. Desde las filas populares consideran\u00a0 que \u201cestamos ante un problema serio que de no corregirse puede tener consecuencias para la salubridad p\u00fablica\u201d.<\/p>\n<p>Ameijide recuerda que el contrato de basura y limpieza de Lugo lleva caducado desde 2017 \u00a0y que desde el pasado 31 de marzo de 2017 hemos pagado con reparos de legalidad 25.532.529,35 \u20ac aclarando que estamos ante \u201cel contrato m\u00e1s caro de la historia del concello de Lugo\u201d y dice que es vergonzoso que \u201csocialistas y nacionalistas sean incapaces de tramitarlo de forma eficiente y en unos plazos minimamente razonables\u201d.<\/p>\n<p>(1) Transcripci\u00f3n respuesta tipo demanda de contenedores que se ofrece a los lucenses que los reclaman a trav\u00e9s de la Comisi\u00f3n de Sugerencias: <strong><em>\u201cActualmente non dispo\u00f1emos de contenedores para reposici\u00f3n ou nova instalaci\u00f3n. Encontr\u00e1monos na recta final da renovaci\u00f3n do contrato de recollida de residuos e limpeza viaria. Unha vez asinado o novo contrato, a empresa adxudicataria sustituir\u00e1 a totalidade dos contenedores existentes e estudar\u00e1 as necesidades de capacidade e distribuci\u00f3n dos contenedores (est\u00e1 previsto un aumento de capacidade de arredor dun 20%) polo que se revisar\u00e1n tam\u00e9n algunhas ubicaci\u00f3ns actuais\u201d<\/em><\/strong><\/p>\n","protected":false},"excerpt":{"rendered":"<p>El viceportavoz municipal Antonio Ameijide \u201ca la vista de que la adjudicaci\u00f3n del contrato de la basura va para largo\u201d urge al bigobierno a que saque la licitaci\u00f3n de esta&#8230;<\/p>\n","protected":false},"author":2,"featured_media":16292,"comment_status":"open","ping_status":"closed","sticky":false,"template":"","format":"standard","meta":{"footnotes":""},"categories":[98],"tags":[],"class_list":{"0":"post-16294","1":"post","2":"type-post","3":"status-publish","4":"format-standard","5":"has-post-thumbnail","7":"category-limpeza-es"},"yoast_head":"<!-- This site is optimized with the Yoast SEO plugin v27.4 - https:\/\/yoast.com\/product\/yoast-seo-wordpress\/ -->\n<title>El PP pide que se compren 200 contenedores nuevos para renovar los que est\u00e1n en mal estado - Grupo Municipal Partido Popular de Lugo<\/title>\n<meta name=\"robots\" content=\"index, follow, max-snippet:-1, max-image-preview:large, max-video-preview:-1\" \/>\n<link rel=\"canonical\" href=\"https:\/\/www.ppdelugo.com\/es\/o-pp-pide-que-se-compren-200-contedores-novos-para-renovar-os-que-estan-en-mal-estado\/\" \/>\n<meta property=\"og:locale\" content=\"es_ES\" \/>\n<meta property=\"og:type\" content=\"article\" \/>\n<meta property=\"og:title\" content=\"El PP pide que se compren 200 contenedores nuevos para renovar los que est\u00e1n en mal estado - Grupo Municipal Partido Popular de Lugo\" \/>\n<meta property=\"og:description\" content=\"El viceportavoz municipal Antonio Ameijide \u201ca la vista de que la adjudicaci\u00f3n del contrato de la basura va para largo\u201d urge al bigobierno a que saque la licitaci\u00f3n de esta...\" \/>\n<meta property=\"og:url\" content=\"https:\/\/www.ppdelugo.com\/es\/o-pp-pide-que-se-compren-200-contedores-novos-para-renovar-os-que-estan-en-mal-estado\/\" \/>\n<meta property=\"og:site_name\" content=\"Grupo Municipal Partido Popular de Lugo\" \/>\n<meta property=\"article:published_time\" content=\"2021-10-25T11:44:19+00:00\" \/>\n<meta property=\"article:modified_time\" content=\"2021-10-25T11:44:47+00:00\" \/>\n<meta property=\"og:image\" content=\"https:\/\/www.ppdelugo.com\/wp-content\/uploads\/2021\/10\/P1130079-min-scaled.jpg\" \/>\n\t<meta property=\"og:image:width\" content=\"2560\" \/>\n\t<meta property=\"og:image:height\" content=\"1920\" \/>\n\t<meta property=\"og:image:type\" content=\"image\/jpeg\" \/>\n<meta name=\"author\" content=\"PP\" \/>\n<meta name=\"twitter:card\" content=\"summary_large_image\" \/>\n<meta name=\"twitter:label1\" content=\"Escrito por\" \/>\n\t<meta name=\"twitter:data1\" content=\"PP\" \/>\n\t<meta name=\"twitter:label2\" content=\"Tiempo de lectura\" \/>\n\t<meta name=\"twitter:data2\" content=\"3 minutos\" \/>\n<script type=\"application\/ld+json\" class=\"yoast-schema-graph\">{\"@context\":\"https:\\\/\\\/schema.org\",\"@graph\":[{\"@type\":\"Article\",\"@id\":\"https:\\\/\\\/www.ppdelugo.com\\\/es\\\/o-pp-pide-que-se-compren-200-contedores-novos-para-renovar-os-que-estan-en-mal-estado\\\/#article\",\"isPartOf\":{\"@id\":\"https:\\\/\\\/www.ppdelugo.com\\\/es\\\/o-pp-pide-que-se-compren-200-contedores-novos-para-renovar-os-que-estan-en-mal-estado\\\/\"},\"author\":{\"name\":\"PP\",\"@id\":\"https:\\\/\\\/www.ppdelugo.com\\\/es\\\/#\\\/schema\\\/person\\\/a847ea797b54208d374f6a8953571050\"},\"headline\":\"El PP pide que se compren 200 contenedores nuevos para renovar los que est\u00e1n en mal estado\",\"datePublished\":\"2021-10-25T11:44:19+00:00\",\"dateModified\":\"2021-10-25T11:44:47+00:00\",\"mainEntityOfPage\":{\"@id\":\"https:\\\/\\\/www.ppdelugo.com\\\/es\\\/o-pp-pide-que-se-compren-200-contedores-novos-para-renovar-os-que-estan-en-mal-estado\\\/\"},\"wordCount\":510,\"commentCount\":0,\"image\":{\"@id\":\"https:\\\/\\\/www.ppdelugo.com\\\/es\\\/o-pp-pide-que-se-compren-200-contedores-novos-para-renovar-os-que-estan-en-mal-estado\\\/#primaryimage\"},\"thumbnailUrl\":\"https:\\\/\\\/www.ppdelugo.com\\\/wp-content\\\/uploads\\\/2021\\\/10\\\/P1130079-min-scaled.jpg\",\"articleSection\":[\"Limpeza\"],\"inLanguage\":\"es\",\"potentialAction\":[{\"@type\":\"CommentAction\",\"name\":\"Comment\",\"target\":[\"https:\\\/\\\/www.ppdelugo.com\\\/es\\\/o-pp-pide-que-se-compren-200-contedores-novos-para-renovar-os-que-estan-en-mal-estado\\\/#respond\"]}]},{\"@type\":\"WebPage\",\"@id\":\"https:\\\/\\\/www.ppdelugo.com\\\/es\\\/o-pp-pide-que-se-compren-200-contedores-novos-para-renovar-os-que-estan-en-mal-estado\\\/\",\"url\":\"https:\\\/\\\/www.ppdelugo.com\\\/es\\\/o-pp-pide-que-se-compren-200-contedores-novos-para-renovar-os-que-estan-en-mal-estado\\\/\",\"name\":\"El PP pide que se compren 200 contenedores nuevos para renovar los que est\u00e1n en mal estado - Grupo Municipal Partido Popular de Lugo\",\"isPartOf\":{\"@id\":\"https:\\\/\\\/www.ppdelugo.com\\\/es\\\/#website\"},\"primaryImageOfPage\":{\"@id\":\"https:\\\/\\\/www.ppdelugo.com\\\/es\\\/o-pp-pide-que-se-compren-200-contedores-novos-para-renovar-os-que-estan-en-mal-estado\\\/#primaryimage\"},\"image\":{\"@id\":\"https:\\\/\\\/www.ppdelugo.com\\\/es\\\/o-pp-pide-que-se-compren-200-contedores-novos-para-renovar-os-que-estan-en-mal-estado\\\/#primaryimage\"},\"thumbnailUrl\":\"https:\\\/\\\/www.ppdelugo.com\\\/wp-content\\\/uploads\\\/2021\\\/10\\\/P1130079-min-scaled.jpg\",\"datePublished\":\"2021-10-25T11:44:19+00:00\",\"dateModified\":\"2021-10-25T11:44:47+00:00\",\"author\":{\"@id\":\"https:\\\/\\\/www.ppdelugo.com\\\/es\\\/#\\\/schema\\\/person\\\/a847ea797b54208d374f6a8953571050\"},\"breadcrumb\":{\"@id\":\"https:\\\/\\\/www.ppdelugo.com\\\/es\\\/o-pp-pide-que-se-compren-200-contedores-novos-para-renovar-os-que-estan-en-mal-estado\\\/#breadcrumb\"},\"inLanguage\":\"es\",\"potentialAction\":[{\"@type\":\"ReadAction\",\"target\":[\"https:\\\/\\\/www.ppdelugo.com\\\/es\\\/o-pp-pide-que-se-compren-200-contedores-novos-para-renovar-os-que-estan-en-mal-estado\\\/\"]}]},{\"@type\":\"ImageObject\",\"inLanguage\":\"es\",\"@id\":\"https:\\\/\\\/www.ppdelugo.com\\\/es\\\/o-pp-pide-que-se-compren-200-contedores-novos-para-renovar-os-que-estan-en-mal-estado\\\/#primaryimage\",\"url\":\"https:\\\/\\\/www.ppdelugo.com\\\/wp-content\\\/uploads\\\/2021\\\/10\\\/P1130079-min-scaled.jpg\",\"contentUrl\":\"https:\\\/\\\/www.ppdelugo.com\\\/wp-content\\\/uploads\\\/2021\\\/10\\\/P1130079-min-scaled.jpg\",\"width\":2560,\"height\":1920},{\"@type\":\"BreadcrumbList\",\"@id\":\"https:\\\/\\\/www.ppdelugo.com\\\/es\\\/o-pp-pide-que-se-compren-200-contedores-novos-para-renovar-os-que-estan-en-mal-estado\\\/#breadcrumb\",\"itemListElement\":[{\"@type\":\"ListItem\",\"position\":1,\"name\":\"Portada\",\"item\":\"https:\\\/\\\/www.ppdelugo.com\\\/es\\\/\"},{\"@type\":\"ListItem\",\"position\":2,\"name\":\"El PP pide que se compren 200 contenedores nuevos para renovar los que est\u00e1n en mal estado\"}]},{\"@type\":\"WebSite\",\"@id\":\"https:\\\/\\\/www.ppdelugo.com\\\/es\\\/#website\",\"url\":\"https:\\\/\\\/www.ppdelugo.com\\\/es\\\/\",\"name\":\"Grupo Municipal Partido Popular de Lugo\",\"description\":\"Web del Grupo Municipal del Partido Popular en el Ayuntamiento de Lugo, con informaci\u00f3n sobre Lugo y fomento de la participaci\u00f3n ciudadana\",\"potentialAction\":[{\"@type\":\"SearchAction\",\"target\":{\"@type\":\"EntryPoint\",\"urlTemplate\":\"https:\\\/\\\/www.ppdelugo.com\\\/es\\\/?s={search_term_string}\"},\"query-input\":{\"@type\":\"PropertyValueSpecification\",\"valueRequired\":true,\"valueName\":\"search_term_string\"}}],\"inLanguage\":\"es\"},{\"@type\":\"Person\",\"@id\":\"https:\\\/\\\/www.ppdelugo.com\\\/es\\\/#\\\/schema\\\/person\\\/a847ea797b54208d374f6a8953571050\",\"name\":\"PP\",\"url\":\"https:\\\/\\\/www.ppdelugo.com\\\/es\\\/author\\\/ppdelugo\\\/\"}]}<\/script>\n<!-- \/ Yoast SEO plugin. -->","yoast_head_json":{"title":"El PP pide que se compren 200 contenedores nuevos para renovar los que est\u00e1n en mal estado - Grupo Municipal Partido Popular de Lugo","robots":{"index":"index","follow":"follow","max-snippet":"max-snippet:-1","max-image-preview":"max-image-preview:large","max-video-preview":"max-video-preview:-1"},"canonical":"https:\/\/www.ppdelugo.com\/es\/o-pp-pide-que-se-compren-200-contedores-novos-para-renovar-os-que-estan-en-mal-estado\/","og_locale":"es_ES","og_type":"article","og_title":"El PP pide que se compren 200 contenedores nuevos para renovar los que est\u00e1n en mal estado - Grupo Municipal Partido Popular de Lugo","og_description":"El viceportavoz municipal Antonio Ameijide \u201ca la vista de que la adjudicaci\u00f3n del contrato de la basura va para largo\u201d urge al bigobierno a que saque la licitaci\u00f3n de esta...","og_url":"https:\/\/www.ppdelugo.com\/es\/o-pp-pide-que-se-compren-200-contedores-novos-para-renovar-os-que-estan-en-mal-estado\/","og_site_name":"Grupo Municipal Partido Popular de Lugo","article_published_time":"2021-10-25T11:44:19+00:00","article_modified_time":"2021-10-25T11:44:47+00:00","og_image":[{"width":2560,"height":1920,"url":"https:\/\/www.ppdelugo.com\/wp-content\/uploads\/2021\/10\/P1130079-min-scaled.jpg","type":"image\/jpeg"}],"author":"PP","twitter_card":"summary_large_image","twitter_misc":{"Escrito por":"PP","Tiempo de lectura":"3 minutos"},"schema":{"@context":"https:\/\/schema.org","@graph":[{"@type":"Article","@id":"https:\/\/www.ppdelugo.com\/es\/o-pp-pide-que-se-compren-200-contedores-novos-para-renovar-os-que-estan-en-mal-estado\/#article","isPartOf":{"@id":"https:\/\/www.ppdelugo.com\/es\/o-pp-pide-que-se-compren-200-contedores-novos-para-renovar-os-que-estan-en-mal-estado\/"},"author":{"name":"PP","@id":"https:\/\/www.ppdelugo.com\/es\/#\/schema\/person\/a847ea797b54208d374f6a8953571050"},"headline":"El PP pide que se compren 200 contenedores nuevos para renovar los que est\u00e1n en mal estado","datePublished":"2021-10-25T11:44:19+00:00","dateModified":"2021-10-25T11:44:47+00:00","mainEntityOfPage":{"@id":"https:\/\/www.ppdelugo.com\/es\/o-pp-pide-que-se-compren-200-contedores-novos-para-renovar-os-que-estan-en-mal-estado\/"},"wordCount":510,"commentCount":0,"image":{"@id":"https:\/\/www.ppdelugo.com\/es\/o-pp-pide-que-se-compren-200-contedores-novos-para-renovar-os-que-estan-en-mal-estado\/#primaryimage"},"thumbnailUrl":"https:\/\/www.ppdelugo.com\/wp-content\/uploads\/2021\/10\/P1130079-min-scaled.jpg","articleSection":["Limpeza"],"inLanguage":"es","potentialAction":[{"@type":"CommentAction","name":"Comment","target":["https:\/\/www.ppdelugo.com\/es\/o-pp-pide-que-se-compren-200-contedores-novos-para-renovar-os-que-estan-en-mal-estado\/#respond"]}]},{"@type":"WebPage","@id":"https:\/\/www.ppdelugo.com\/es\/o-pp-pide-que-se-compren-200-contedores-novos-para-renovar-os-que-estan-en-mal-estado\/","url":"https:\/\/www.ppdelugo.com\/es\/o-pp-pide-que-se-compren-200-contedores-novos-para-renovar-os-que-estan-en-mal-estado\/","name":"El PP pide que se compren 200 contenedores nuevos para renovar los que est\u00e1n en mal estado - Grupo Municipal Partido Popular de Lugo","isPartOf":{"@id":"https:\/\/www.ppdelugo.com\/es\/#website"},"primaryImageOfPage":{"@id":"https:\/\/www.ppdelugo.com\/es\/o-pp-pide-que-se-compren-200-contedores-novos-para-renovar-os-que-estan-en-mal-estado\/#primaryimage"},"image":{"@id":"https:\/\/www.ppdelugo.com\/es\/o-pp-pide-que-se-compren-200-contedores-novos-para-renovar-os-que-estan-en-mal-estado\/#primaryimage"},"thumbnailUrl":"https:\/\/www.ppdelugo.com\/wp-content\/uploads\/2021\/10\/P1130079-min-scaled.jpg","datePublished":"2021-10-25T11:44:19+00:00","dateModified":"2021-10-25T11:44:47+00:00","author":{"@id":"https:\/\/www.ppdelugo.com\/es\/#\/schema\/person\/a847ea797b54208d374f6a8953571050"},"breadcrumb":{"@id":"https:\/\/www.ppdelugo.com\/es\/o-pp-pide-que-se-compren-200-contedores-novos-para-renovar-os-que-estan-en-mal-estado\/#breadcrumb"},"inLanguage":"es","potentialAction":[{"@type":"ReadAction","target":["https:\/\/www.ppdelugo.com\/es\/o-pp-pide-que-se-compren-200-contedores-novos-para-renovar-os-que-estan-en-mal-estado\/"]}]},{"@type":"ImageObject","inLanguage":"es","@id":"https:\/\/www.ppdelugo.com\/es\/o-pp-pide-que-se-compren-200-contedores-novos-para-renovar-os-que-estan-en-mal-estado\/#primaryimage","url":"https:\/\/www.ppdelugo.com\/wp-content\/uploads\/2021\/10\/P1130079-min-scaled.jpg","contentUrl":"https:\/\/www.ppdelugo.com\/wp-content\/uploads\/2021\/10\/P1130079-min-scaled.jpg","width":2560,"height":1920},{"@type":"BreadcrumbList","@id":"https:\/\/www.ppdelugo.com\/es\/o-pp-pide-que-se-compren-200-contedores-novos-para-renovar-os-que-estan-en-mal-estado\/#breadcrumb","itemListElement":[{"@type":"ListItem","position":1,"name":"Portada","item":"https:\/\/www.ppdelugo.com\/es\/"},{"@type":"ListItem","position":2,"name":"El PP pide que se compren 200 contenedores nuevos para renovar los que est\u00e1n en mal estado"}]},{"@type":"WebSite","@id":"https:\/\/www.ppdelugo.com\/es\/#website","url":"https:\/\/www.ppdelugo.com\/es\/","name":"Grupo Municipal Partido Popular de Lugo","description":"Web del Grupo Municipal del Partido Popular en el Ayuntamiento de Lugo, con informaci\u00f3n sobre Lugo y fomento de la participaci\u00f3n ciudadana","potentialAction":[{"@type":"SearchAction","target":{"@type":"EntryPoint","urlTemplate":"https:\/\/www.ppdelugo.com\/es\/?s={search_term_string}"},"query-input":{"@type":"PropertyValueSpecification","valueRequired":true,"valueName":"search_term_string"}}],"inLanguage":"es"},{"@type":"Person","@id":"https:\/\/www.ppdelugo.com\/es\/#\/schema\/person\/a847ea797b54208d374f6a8953571050","name":"PP","url":"https:\/\/www.ppdelugo.com\/es\/author\/ppdelugo\/"}]}},"_links":{"self":[{"href":"https:\/\/www.ppdelugo.com\/es\/wp-json\/wp\/v2\/posts\/16294","targetHints":{"allow":["GET"]}}],"collection":[{"href":"https:\/\/www.ppdelugo.com\/es\/wp-json\/wp\/v2\/posts"}],"about":[{"href":"https:\/\/www.ppdelugo.com\/es\/wp-json\/wp\/v2\/types\/post"}],"author":[{"embeddable":true,"href":"https:\/\/www.ppdelugo.com\/es\/wp-json\/wp\/v2\/users\/2"}],"replies":[{"embeddable":true,"href":"https:\/\/www.ppdelugo.com\/es\/wp-json\/wp\/v2\/comments?post=16294"}],"version-history":[{"count":2,"href":"https:\/\/www.ppdelugo.com\/es\/wp-json\/wp\/v2\/posts\/16294\/revisions"}],"predecessor-version":[{"id":16296,"href":"https:\/\/www.ppdelugo.com\/es\/wp-json\/wp\/v2\/posts\/16294\/revisions\/16296"}],"wp:featuredmedia":[{"embeddable":true,"href":"https:\/\/www.ppdelugo.com\/es\/wp-json\/wp\/v2\/media\/16292"}],"wp:attachment":[{"href":"https:\/\/www.ppdelugo.com\/es\/wp-json\/wp\/v2\/media?parent=16294"}],"wp:term":[{"taxonomy":"category","embeddable":true,"href":"https:\/\/www.ppdelugo.com\/es\/wp-json\/wp\/v2\/categories?post=16294"},{"taxonomy":"post_tag","embeddable":true,"href":"https:\/\/www.ppdelugo.com\/es\/wp-json\/wp\/v2\/tags?post=16294"}],"curies":[{"name":"wp","href":"https:\/\/api.w.org\/{rel}","templated":true}]}}