{"id":16240,"date":"2021-10-20T10:56:45","date_gmt":"2021-10-20T10:56:45","guid":{"rendered":"https:\/\/www.ppdelugo.com\/o-pp-pide-ao-goberno-local-a-apertura-dos-pavillons-dos-ceips-ante-a-falta-de-instalacions-deportivas-a-disposicion-dos-clubs\/"},"modified":"2021-10-20T10:57:17","modified_gmt":"2021-10-20T10:57:17","slug":"o-pp-pide-ao-goberno-local-a-apertura-dos-pavillons-dos-ceips-ante-a-falta-de-instalacions-deportivas-a-disposicion-dos-clubs","status":"publish","type":"post","link":"https:\/\/www.ppdelugo.com\/es\/o-pp-pide-ao-goberno-local-a-apertura-dos-pavillons-dos-ceips-ante-a-falta-de-instalacions-deportivas-a-disposicion-dos-clubs\/","title":{"rendered":"El PP pide al gobierno local la apertura de los pabellones de los CEIPs ante la falta de instalaciones deportivas la disposici\u00f3n de los clubes"},"content":{"rendered":"<p>El concejal del Grupo Municipal del PP \u00d3scar Poy explica que realiza esta petici\u00f3n despu\u00e9s de conocer que el gobierno local no realiz\u00f3 en plazo a solicitud a los IES que hay en el municipio, que finaliz\u00f3 el 30 de septiembre, para poder emplear las instalaciones deportivas de estos centros educativos<\/p>\n<p><!--more--><\/p>\n<p>O concelleiro do Grupo Municipal do Partido Popular no Concello de Lugo, \u00d3scar Poy, amosa a s\u00faa preocupaci\u00f3n pola falta de instalaci\u00f3ns deportivas que hai na cidade, unha eiva que dificulta o d\u00eda a d\u00eda de moitos clubs que te\u00f1en que aproveitar ao extremo cada minuto que poden empregar unha instalaci\u00f3n p\u00fablica, instalaci\u00f3ns xa de por si saturadas ata o punto de que pode ser moi complicado a pr\u00e1ctica do deporte por libre de calquera veci\u00f1o.<\/p>\n<p>Unha situaci\u00f3n ante a que o concelleiro popular quere realizar unha proposta: que o Concello de Lugo abra aqueles pavill\u00f3ns de centros educativos de titularidade municipal, para facilitar a pr\u00e1ctica deportiva na nosa cidade, toda vez que o goberno local desbotou a posibilidade de solicitar aos IES o uso das instalaci\u00f3ns deportivas destes centros.<\/p>\n<p>Explica \u00d3scar Poy que Mauricio Repetto debe de estar satisfeito co xeito que ten de dirixir a conceller\u00eda de Deportes, mantendo saturadas as escasas instalaci\u00f3ns deportivas que hai en Lugo, polo que optou por non acollerse ao acordo asinado entre a Fegamp e a Xunta de Galicia para que os concellos soliciten o uso das instalaci\u00f3ns deportivas dos centros de ensino secundario.<\/p>\n<p>Segundo este acordo \u201co concello que te\u00f1a a intenci\u00f3n de usar as instalaci\u00f3ns deportivas do\/os IES situado\/s dentro do seu \u00e1mbito territorial deber\u00e1 presentar, ante a direcci\u00f3n do centro educativo que se trate, durante o mes de setembro, unha solicitude\u201d, algo que o Concello de Lugo non fixo.<\/p>\n<p>Ante esta situaci\u00f3n, \u00d3scar Poy realiza ao goberno local esta proposta en positivo, pensando en aproveitar todos os recursos dos que disp\u00f3n o goberno local para poder dar resposta \u00e1s necesidades dos deportistas da cidade, toda vez que o goberno local xa desaproveitou a ocasi\u00f3n de solicitar aos centros educativos un bo n\u00famero de instalaci\u00f3ns deportivas existentes nestas instalaci\u00f3ns.<\/p>\n<p>Entende o concelleiro popular que ante a demanda popular existente o l\u00f3xico ser\u00eda ter solicitado m\u00e1is instalaci\u00f3ns pero, como non o fixeron, ser\u00e1 o goberno local o que deber\u00e1 dar o paso e dar resposta a esa demanda social po\u00f1endo a disposici\u00f3n instalaci\u00f3ns existentes en Ceips, como pode ser, por exemplo, o pavill\u00f3n do CEIP Luis Pimentel, o do CEIP A Ponte, o do CEIP Paradai ou o do CEIP Manuel Mallo Mallo, entre outros que hai no municipio e que poden ser moi \u00fatiles para desconxestionar as instalaci\u00f3ns actualmente abertas e saturadas.<\/p>\n","protected":false},"excerpt":{"rendered":"<p>El concejal del Grupo Municipal del PP \u00d3scar Poy explica que realiza esta petici\u00f3n despu\u00e9s de conocer que el gobierno local no realiz\u00f3 en plazo a solicitud a los IES&#8230;<\/p>\n","protected":false},"author":2,"featured_media":11112,"comment_status":"open","ping_status":"closed","sticky":false,"template":"","format":"standard","meta":{"footnotes":""},"categories":[51],"tags":[],"class_list":{"0":"post-16240","1":"post","2":"type-post","3":"status-publish","4":"format-standard","5":"has-post-thumbnail","7":"category-deportes"},"yoast_head":"<!-- This site is optimized with the Yoast SEO plugin v27.4 - https:\/\/yoast.com\/product\/yoast-seo-wordpress\/ -->\n<title>El PP pide al gobierno local la apertura de los pabellones de los CEIPs ante la falta de instalaciones deportivas la disposici\u00f3n de los clubes - Grupo Municipal Partido Popular de Lugo<\/title>\n<meta name=\"robots\" content=\"index, follow, max-snippet:-1, max-image-preview:large, max-video-preview:-1\" \/>\n<link rel=\"canonical\" href=\"https:\/\/www.ppdelugo.com\/es\/o-pp-pide-ao-goberno-local-a-apertura-dos-pavillons-dos-ceips-ante-a-falta-de-instalacions-deportivas-a-disposicion-dos-clubs\/\" \/>\n<meta property=\"og:locale\" content=\"es_ES\" \/>\n<meta property=\"og:type\" content=\"article\" \/>\n<meta property=\"og:title\" content=\"El PP pide al gobierno local la apertura de los pabellones de los CEIPs ante la falta de instalaciones deportivas la disposici\u00f3n de los clubes - Grupo Municipal Partido Popular de Lugo\" \/>\n<meta property=\"og:description\" content=\"El concejal del Grupo Municipal del PP \u00d3scar Poy explica que realiza esta petici\u00f3n despu\u00e9s de conocer que el gobierno local no realiz\u00f3 en plazo a solicitud a los IES...\" \/>\n<meta property=\"og:url\" content=\"https:\/\/www.ppdelugo.com\/es\/o-pp-pide-ao-goberno-local-a-apertura-dos-pavillons-dos-ceips-ante-a-falta-de-instalacions-deportivas-a-disposicion-dos-clubs\/\" \/>\n<meta property=\"og:site_name\" content=\"Grupo Municipal Partido Popular de Lugo\" \/>\n<meta property=\"article:published_time\" content=\"2021-10-20T10:56:45+00:00\" \/>\n<meta property=\"article:modified_time\" content=\"2021-10-20T10:57:17+00:00\" \/>\n<meta property=\"og:image\" content=\"https:\/\/www.ppdelugo.com\/wp-content\/uploads\/2019\/10\/P1100132-1024x768.jpg\" \/>\n\t<meta property=\"og:image:width\" content=\"1024\" \/>\n\t<meta property=\"og:image:height\" content=\"768\" \/>\n\t<meta property=\"og:image:type\" content=\"image\/jpeg\" \/>\n<meta name=\"author\" content=\"PP\" \/>\n<meta name=\"twitter:card\" content=\"summary_large_image\" \/>\n<meta name=\"twitter:label1\" content=\"Escrito por\" \/>\n\t<meta name=\"twitter:data1\" content=\"PP\" \/>\n\t<meta name=\"twitter:label2\" content=\"Tiempo de lectura\" \/>\n\t<meta name=\"twitter:data2\" content=\"2 minutos\" \/>\n<script type=\"application\/ld+json\" class=\"yoast-schema-graph\">{\"@context\":\"https:\\\/\\\/schema.org\",\"@graph\":[{\"@type\":\"Article\",\"@id\":\"https:\\\/\\\/www.ppdelugo.com\\\/es\\\/o-pp-pide-ao-goberno-local-a-apertura-dos-pavillons-dos-ceips-ante-a-falta-de-instalacions-deportivas-a-disposicion-dos-clubs\\\/#article\",\"isPartOf\":{\"@id\":\"https:\\\/\\\/www.ppdelugo.com\\\/es\\\/o-pp-pide-ao-goberno-local-a-apertura-dos-pavillons-dos-ceips-ante-a-falta-de-instalacions-deportivas-a-disposicion-dos-clubs\\\/\"},\"author\":{\"name\":\"PP\",\"@id\":\"https:\\\/\\\/www.ppdelugo.com\\\/es\\\/#\\\/schema\\\/person\\\/a847ea797b54208d374f6a8953571050\"},\"headline\":\"El PP pide al gobierno local la apertura de los pabellones de los CEIPs ante la falta de instalaciones deportivas la disposici\u00f3n de los clubes\",\"datePublished\":\"2021-10-20T10:56:45+00:00\",\"dateModified\":\"2021-10-20T10:57:17+00:00\",\"mainEntityOfPage\":{\"@id\":\"https:\\\/\\\/www.ppdelugo.com\\\/es\\\/o-pp-pide-ao-goberno-local-a-apertura-dos-pavillons-dos-ceips-ante-a-falta-de-instalacions-deportivas-a-disposicion-dos-clubs\\\/\"},\"wordCount\":509,\"commentCount\":0,\"image\":{\"@id\":\"https:\\\/\\\/www.ppdelugo.com\\\/es\\\/o-pp-pide-ao-goberno-local-a-apertura-dos-pavillons-dos-ceips-ante-a-falta-de-instalacions-deportivas-a-disposicion-dos-clubs\\\/#primaryimage\"},\"thumbnailUrl\":\"https:\\\/\\\/www.ppdelugo.com\\\/wp-content\\\/uploads\\\/2019\\\/10\\\/P1100132.jpg\",\"articleSection\":[\"Deportes\"],\"inLanguage\":\"es\",\"potentialAction\":[{\"@type\":\"CommentAction\",\"name\":\"Comment\",\"target\":[\"https:\\\/\\\/www.ppdelugo.com\\\/es\\\/o-pp-pide-ao-goberno-local-a-apertura-dos-pavillons-dos-ceips-ante-a-falta-de-instalacions-deportivas-a-disposicion-dos-clubs\\\/#respond\"]}]},{\"@type\":\"WebPage\",\"@id\":\"https:\\\/\\\/www.ppdelugo.com\\\/es\\\/o-pp-pide-ao-goberno-local-a-apertura-dos-pavillons-dos-ceips-ante-a-falta-de-instalacions-deportivas-a-disposicion-dos-clubs\\\/\",\"url\":\"https:\\\/\\\/www.ppdelugo.com\\\/es\\\/o-pp-pide-ao-goberno-local-a-apertura-dos-pavillons-dos-ceips-ante-a-falta-de-instalacions-deportivas-a-disposicion-dos-clubs\\\/\",\"name\":\"El PP pide al gobierno local la apertura de los pabellones de los CEIPs ante la falta de instalaciones deportivas la disposici\u00f3n de los clubes - Grupo Municipal Partido Popular de Lugo\",\"isPartOf\":{\"@id\":\"https:\\\/\\\/www.ppdelugo.com\\\/es\\\/#website\"},\"primaryImageOfPage\":{\"@id\":\"https:\\\/\\\/www.ppdelugo.com\\\/es\\\/o-pp-pide-ao-goberno-local-a-apertura-dos-pavillons-dos-ceips-ante-a-falta-de-instalacions-deportivas-a-disposicion-dos-clubs\\\/#primaryimage\"},\"image\":{\"@id\":\"https:\\\/\\\/www.ppdelugo.com\\\/es\\\/o-pp-pide-ao-goberno-local-a-apertura-dos-pavillons-dos-ceips-ante-a-falta-de-instalacions-deportivas-a-disposicion-dos-clubs\\\/#primaryimage\"},\"thumbnailUrl\":\"https:\\\/\\\/www.ppdelugo.com\\\/wp-content\\\/uploads\\\/2019\\\/10\\\/P1100132.jpg\",\"datePublished\":\"2021-10-20T10:56:45+00:00\",\"dateModified\":\"2021-10-20T10:57:17+00:00\",\"author\":{\"@id\":\"https:\\\/\\\/www.ppdelugo.com\\\/es\\\/#\\\/schema\\\/person\\\/a847ea797b54208d374f6a8953571050\"},\"breadcrumb\":{\"@id\":\"https:\\\/\\\/www.ppdelugo.com\\\/es\\\/o-pp-pide-ao-goberno-local-a-apertura-dos-pavillons-dos-ceips-ante-a-falta-de-instalacions-deportivas-a-disposicion-dos-clubs\\\/#breadcrumb\"},\"inLanguage\":\"es\",\"potentialAction\":[{\"@type\":\"ReadAction\",\"target\":[\"https:\\\/\\\/www.ppdelugo.com\\\/es\\\/o-pp-pide-ao-goberno-local-a-apertura-dos-pavillons-dos-ceips-ante-a-falta-de-instalacions-deportivas-a-disposicion-dos-clubs\\\/\"]}]},{\"@type\":\"ImageObject\",\"inLanguage\":\"es\",\"@id\":\"https:\\\/\\\/www.ppdelugo.com\\\/es\\\/o-pp-pide-ao-goberno-local-a-apertura-dos-pavillons-dos-ceips-ante-a-falta-de-instalacions-deportivas-a-disposicion-dos-clubs\\\/#primaryimage\",\"url\":\"https:\\\/\\\/www.ppdelugo.com\\\/wp-content\\\/uploads\\\/2019\\\/10\\\/P1100132.jpg\",\"contentUrl\":\"https:\\\/\\\/www.ppdelugo.com\\\/wp-content\\\/uploads\\\/2019\\\/10\\\/P1100132.jpg\",\"width\":4000,\"height\":3000},{\"@type\":\"BreadcrumbList\",\"@id\":\"https:\\\/\\\/www.ppdelugo.com\\\/es\\\/o-pp-pide-ao-goberno-local-a-apertura-dos-pavillons-dos-ceips-ante-a-falta-de-instalacions-deportivas-a-disposicion-dos-clubs\\\/#breadcrumb\",\"itemListElement\":[{\"@type\":\"ListItem\",\"position\":1,\"name\":\"Portada\",\"item\":\"https:\\\/\\\/www.ppdelugo.com\\\/es\\\/\"},{\"@type\":\"ListItem\",\"position\":2,\"name\":\"El PP pide al gobierno local la apertura de los pabellones de los CEIPs ante la falta de instalaciones deportivas la disposici\u00f3n de los clubes\"}]},{\"@type\":\"WebSite\",\"@id\":\"https:\\\/\\\/www.ppdelugo.com\\\/es\\\/#website\",\"url\":\"https:\\\/\\\/www.ppdelugo.com\\\/es\\\/\",\"name\":\"Grupo Municipal Partido Popular de Lugo\",\"description\":\"Web del Grupo Municipal del Partido Popular en el Ayuntamiento de Lugo, con informaci\u00f3n sobre Lugo y fomento de la participaci\u00f3n ciudadana\",\"potentialAction\":[{\"@type\":\"SearchAction\",\"target\":{\"@type\":\"EntryPoint\",\"urlTemplate\":\"https:\\\/\\\/www.ppdelugo.com\\\/es\\\/?s={search_term_string}\"},\"query-input\":{\"@type\":\"PropertyValueSpecification\",\"valueRequired\":true,\"valueName\":\"search_term_string\"}}],\"inLanguage\":\"es\"},{\"@type\":\"Person\",\"@id\":\"https:\\\/\\\/www.ppdelugo.com\\\/es\\\/#\\\/schema\\\/person\\\/a847ea797b54208d374f6a8953571050\",\"name\":\"PP\",\"url\":\"https:\\\/\\\/www.ppdelugo.com\\\/es\\\/author\\\/ppdelugo\\\/\"}]}<\/script>\n<!-- \/ Yoast SEO plugin. -->","yoast_head_json":{"title":"El PP pide al gobierno local la apertura de los pabellones de los CEIPs ante la falta de instalaciones deportivas la disposici\u00f3n de los clubes - Grupo Municipal Partido Popular de Lugo","robots":{"index":"index","follow":"follow","max-snippet":"max-snippet:-1","max-image-preview":"max-image-preview:large","max-video-preview":"max-video-preview:-1"},"canonical":"https:\/\/www.ppdelugo.com\/es\/o-pp-pide-ao-goberno-local-a-apertura-dos-pavillons-dos-ceips-ante-a-falta-de-instalacions-deportivas-a-disposicion-dos-clubs\/","og_locale":"es_ES","og_type":"article","og_title":"El PP pide al gobierno local la apertura de los pabellones de los CEIPs ante la falta de instalaciones deportivas la disposici\u00f3n de los clubes - Grupo Municipal Partido Popular de Lugo","og_description":"El concejal del Grupo Municipal del PP \u00d3scar Poy explica que realiza esta petici\u00f3n despu\u00e9s de conocer que el gobierno local no realiz\u00f3 en plazo a solicitud a los IES...","og_url":"https:\/\/www.ppdelugo.com\/es\/o-pp-pide-ao-goberno-local-a-apertura-dos-pavillons-dos-ceips-ante-a-falta-de-instalacions-deportivas-a-disposicion-dos-clubs\/","og_site_name":"Grupo Municipal Partido Popular de Lugo","article_published_time":"2021-10-20T10:56:45+00:00","article_modified_time":"2021-10-20T10:57:17+00:00","og_image":[{"width":1024,"height":768,"url":"https:\/\/www.ppdelugo.com\/wp-content\/uploads\/2019\/10\/P1100132-1024x768.jpg","type":"image\/jpeg"}],"author":"PP","twitter_card":"summary_large_image","twitter_misc":{"Escrito por":"PP","Tiempo de lectura":"2 minutos"},"schema":{"@context":"https:\/\/schema.org","@graph":[{"@type":"Article","@id":"https:\/\/www.ppdelugo.com\/es\/o-pp-pide-ao-goberno-local-a-apertura-dos-pavillons-dos-ceips-ante-a-falta-de-instalacions-deportivas-a-disposicion-dos-clubs\/#article","isPartOf":{"@id":"https:\/\/www.ppdelugo.com\/es\/o-pp-pide-ao-goberno-local-a-apertura-dos-pavillons-dos-ceips-ante-a-falta-de-instalacions-deportivas-a-disposicion-dos-clubs\/"},"author":{"name":"PP","@id":"https:\/\/www.ppdelugo.com\/es\/#\/schema\/person\/a847ea797b54208d374f6a8953571050"},"headline":"El PP pide al gobierno local la apertura de los pabellones de los CEIPs ante la falta de instalaciones deportivas la disposici\u00f3n de los clubes","datePublished":"2021-10-20T10:56:45+00:00","dateModified":"2021-10-20T10:57:17+00:00","mainEntityOfPage":{"@id":"https:\/\/www.ppdelugo.com\/es\/o-pp-pide-ao-goberno-local-a-apertura-dos-pavillons-dos-ceips-ante-a-falta-de-instalacions-deportivas-a-disposicion-dos-clubs\/"},"wordCount":509,"commentCount":0,"image":{"@id":"https:\/\/www.ppdelugo.com\/es\/o-pp-pide-ao-goberno-local-a-apertura-dos-pavillons-dos-ceips-ante-a-falta-de-instalacions-deportivas-a-disposicion-dos-clubs\/#primaryimage"},"thumbnailUrl":"https:\/\/www.ppdelugo.com\/wp-content\/uploads\/2019\/10\/P1100132.jpg","articleSection":["Deportes"],"inLanguage":"es","potentialAction":[{"@type":"CommentAction","name":"Comment","target":["https:\/\/www.ppdelugo.com\/es\/o-pp-pide-ao-goberno-local-a-apertura-dos-pavillons-dos-ceips-ante-a-falta-de-instalacions-deportivas-a-disposicion-dos-clubs\/#respond"]}]},{"@type":"WebPage","@id":"https:\/\/www.ppdelugo.com\/es\/o-pp-pide-ao-goberno-local-a-apertura-dos-pavillons-dos-ceips-ante-a-falta-de-instalacions-deportivas-a-disposicion-dos-clubs\/","url":"https:\/\/www.ppdelugo.com\/es\/o-pp-pide-ao-goberno-local-a-apertura-dos-pavillons-dos-ceips-ante-a-falta-de-instalacions-deportivas-a-disposicion-dos-clubs\/","name":"El PP pide al gobierno local la apertura de los pabellones de los CEIPs ante la falta de instalaciones deportivas la disposici\u00f3n de los clubes - Grupo Municipal Partido Popular de Lugo","isPartOf":{"@id":"https:\/\/www.ppdelugo.com\/es\/#website"},"primaryImageOfPage":{"@id":"https:\/\/www.ppdelugo.com\/es\/o-pp-pide-ao-goberno-local-a-apertura-dos-pavillons-dos-ceips-ante-a-falta-de-instalacions-deportivas-a-disposicion-dos-clubs\/#primaryimage"},"image":{"@id":"https:\/\/www.ppdelugo.com\/es\/o-pp-pide-ao-goberno-local-a-apertura-dos-pavillons-dos-ceips-ante-a-falta-de-instalacions-deportivas-a-disposicion-dos-clubs\/#primaryimage"},"thumbnailUrl":"https:\/\/www.ppdelugo.com\/wp-content\/uploads\/2019\/10\/P1100132.jpg","datePublished":"2021-10-20T10:56:45+00:00","dateModified":"2021-10-20T10:57:17+00:00","author":{"@id":"https:\/\/www.ppdelugo.com\/es\/#\/schema\/person\/a847ea797b54208d374f6a8953571050"},"breadcrumb":{"@id":"https:\/\/www.ppdelugo.com\/es\/o-pp-pide-ao-goberno-local-a-apertura-dos-pavillons-dos-ceips-ante-a-falta-de-instalacions-deportivas-a-disposicion-dos-clubs\/#breadcrumb"},"inLanguage":"es","potentialAction":[{"@type":"ReadAction","target":["https:\/\/www.ppdelugo.com\/es\/o-pp-pide-ao-goberno-local-a-apertura-dos-pavillons-dos-ceips-ante-a-falta-de-instalacions-deportivas-a-disposicion-dos-clubs\/"]}]},{"@type":"ImageObject","inLanguage":"es","@id":"https:\/\/www.ppdelugo.com\/es\/o-pp-pide-ao-goberno-local-a-apertura-dos-pavillons-dos-ceips-ante-a-falta-de-instalacions-deportivas-a-disposicion-dos-clubs\/#primaryimage","url":"https:\/\/www.ppdelugo.com\/wp-content\/uploads\/2019\/10\/P1100132.jpg","contentUrl":"https:\/\/www.ppdelugo.com\/wp-content\/uploads\/2019\/10\/P1100132.jpg","width":4000,"height":3000},{"@type":"BreadcrumbList","@id":"https:\/\/www.ppdelugo.com\/es\/o-pp-pide-ao-goberno-local-a-apertura-dos-pavillons-dos-ceips-ante-a-falta-de-instalacions-deportivas-a-disposicion-dos-clubs\/#breadcrumb","itemListElement":[{"@type":"ListItem","position":1,"name":"Portada","item":"https:\/\/www.ppdelugo.com\/es\/"},{"@type":"ListItem","position":2,"name":"El PP pide al gobierno local la apertura de los pabellones de los CEIPs ante la falta de instalaciones deportivas la disposici\u00f3n de los clubes"}]},{"@type":"WebSite","@id":"https:\/\/www.ppdelugo.com\/es\/#website","url":"https:\/\/www.ppdelugo.com\/es\/","name":"Grupo Municipal Partido Popular de Lugo","description":"Web del Grupo Municipal del Partido Popular en el Ayuntamiento de Lugo, con informaci\u00f3n sobre Lugo y fomento de la participaci\u00f3n ciudadana","potentialAction":[{"@type":"SearchAction","target":{"@type":"EntryPoint","urlTemplate":"https:\/\/www.ppdelugo.com\/es\/?s={search_term_string}"},"query-input":{"@type":"PropertyValueSpecification","valueRequired":true,"valueName":"search_term_string"}}],"inLanguage":"es"},{"@type":"Person","@id":"https:\/\/www.ppdelugo.com\/es\/#\/schema\/person\/a847ea797b54208d374f6a8953571050","name":"PP","url":"https:\/\/www.ppdelugo.com\/es\/author\/ppdelugo\/"}]}},"_links":{"self":[{"href":"https:\/\/www.ppdelugo.com\/es\/wp-json\/wp\/v2\/posts\/16240","targetHints":{"allow":["GET"]}}],"collection":[{"href":"https:\/\/www.ppdelugo.com\/es\/wp-json\/wp\/v2\/posts"}],"about":[{"href":"https:\/\/www.ppdelugo.com\/es\/wp-json\/wp\/v2\/types\/post"}],"author":[{"embeddable":true,"href":"https:\/\/www.ppdelugo.com\/es\/wp-json\/wp\/v2\/users\/2"}],"replies":[{"embeddable":true,"href":"https:\/\/www.ppdelugo.com\/es\/wp-json\/wp\/v2\/comments?post=16240"}],"version-history":[{"count":2,"href":"https:\/\/www.ppdelugo.com\/es\/wp-json\/wp\/v2\/posts\/16240\/revisions"}],"predecessor-version":[{"id":16242,"href":"https:\/\/www.ppdelugo.com\/es\/wp-json\/wp\/v2\/posts\/16240\/revisions\/16242"}],"wp:featuredmedia":[{"embeddable":true,"href":"https:\/\/www.ppdelugo.com\/es\/wp-json\/wp\/v2\/media\/11112"}],"wp:attachment":[{"href":"https:\/\/www.ppdelugo.com\/es\/wp-json\/wp\/v2\/media?parent=16240"}],"wp:term":[{"taxonomy":"category","embeddable":true,"href":"https:\/\/www.ppdelugo.com\/es\/wp-json\/wp\/v2\/categories?post=16240"},{"taxonomy":"post_tag","embeddable":true,"href":"https:\/\/www.ppdelugo.com\/es\/wp-json\/wp\/v2\/tags?post=16240"}],"curies":[{"name":"wp","href":"https:\/\/api.w.org\/{rel}","templated":true}]}}