{"id":15754,"date":"2021-08-22T11:30:35","date_gmt":"2021-08-22T11:30:35","guid":{"rendered":"http:\/\/www.ppdelugo.com\/?p=15754"},"modified":"2021-08-20T11:32:24","modified_gmt":"2021-08-20T11:32:24","slug":"o-pp-pregunta-ao-goberno-da-deputacion-que-lles-fixeron-os-vecinos-de-boveda-para-non-a-arranxar-dous-quilometros-da-lu-p2903","status":"publish","type":"post","link":"https:\/\/www.ppdelugo.com\/es\/o-pp-pregunta-ao-goberno-da-deputacion-que-lles-fixeron-os-vecinos-de-boveda-para-non-a-arranxar-dous-quilometros-da-lu-p2903\/","title":{"rendered":"El PP pregunta al gobierno de la Diputaci\u00f3n que les hicieron los vecinos de B\u00f3veda para no a arreglar dos kil\u00f3metros de la LU- P2903"},"content":{"rendered":"<p>El concejal del Grupo Municipal del PP Manuel L\u00f3pez afirma no entender los motivos del gobierno de la Diputaci\u00f3n para arreglar en esta pista, en las \u00faltimas semanas, un tramo de 600 metros para luego hacer marchar la maquinaria y dejar sin arreglar 1,8 kil\u00f3metros de pista, desde lo cruce de Facoi la Santa Eulalia de B\u00f3veda, que est\u00e1 en un estado calamitoso<\/p>\n<p><!--more--><\/p>\n<p>O concelleiro do Grupo Municipal do Partido Popular no Concello de Lugo, Manuel L\u00f3pez, pregunta ao goberno da Deputaci\u00f3n se os veci\u00f1os de Santa Eulalia de B\u00f3veda lles fixeron algo malo, xa que \u201co castigo\u201d do goberno provincial a estes cidad\u00e1ns non se entende despois de ver como se arranxaron na LU-P2903 uns 600 metros aproximadamente, para deixar sen ama\u00f1ar o treito seguinte, entre cruce de Facoi a Santa Eulalia de B\u00f3veda, de 1,8 quil\u00f3metros, que est\u00e1 nun estado calamitoso.<\/p>\n<p>Manuel L\u00f3pez non entende esta forma de actuar do goberno provincial, xa que \u201cse a maquinaria e os traballadores est\u00e1n al\u00ed, o m\u00e1is normal \u00e9 seguir cos traballos, xa que a estrada necesita dun arranxo urxente\u201d. A imaxe desta estrada non deixa lugar a d\u00fabidas, chea de fochancas, grava a ambos lados da pista, pedras soltas polo cami\u00f1o&#8230; \u201cunha estrada que precisa dun arranxo, por moito que a Deputaci\u00f3n lle queira dar as costas a estes veci\u00f1os\u201d.<\/p>\n<p>Sinala o concelleiro popular que a \u00fanica explicaci\u00f3n posible \u00e9 que o goberno da Deputaci\u00f3n mire a afinidade pol\u00edtica dos veci\u00f1os ou os resultados das mesas electorais dos \u00faltimos comicios, porque sen\u00f3n non se entende este xeito de actuar.<\/p>\n<p>O certo \u00e9 que \u201co castigo\u201d dos gobernos socialistas e nacionalistas \u00e1 fronte da Deputaci\u00f3n con estes veci\u00f1os \u201c\u00e9 algo case que hist\u00f3rico\u201d, xa que dende que chegaron ao goberno provincial en 2007 o \u00fanico que fixeron foi \u201cdesprezar\u201d a estes veci\u00f1os, xa que esta estrada \u00e9 o principal acceso ao santuario de Santa Eulalia de B\u00f3veda.<\/p>\n<p>Un desprezo que explica Manuel L\u00f3pez do seguinte xeito. O goberno do PP anterior ao bipartito de 2007 deixou preparada unha actuaci\u00f3n \u201cseria e axeitada\u201d \u00e1s necesidades e estado da LU-P2903. Cando o PSOE e o BNG chegaron \u00e1 Deputaci\u00f3n en 2007 ti\u00f1an \u201cpreparado e pechado\u201d o arranxo desta v\u00eda, coas expropiaci\u00f3ns feitas e pagadas, ao igual que a obra, que xa estaba contratada. A actuaci\u00f3n consist\u00eda en arranxar o treito final desta v\u00eda, entre Santa Eulalia de B\u00f3veda e Uceira.<\/p>\n<p>Pero o primeiro goberno de Besteiro optou por cancelar esa actuaci\u00f3n, polo que cancelaron o contrato de traballo coa empresa, \u00e1 que lle devolveron a fianza. Por suposto, nada fixeron por manter en boas condici\u00f3ns esta estrada, nin obras de arranxo nin continuar coa obra programada polo PP.<\/p>\n<p>Ante esta situaci\u00f3n, Manuel L\u00f3pez \u00e9 claro e reitera a pregunta ao goberno da Deputaci\u00f3n: \u201cque lles fixeron os veci\u00f1os de Santa Eulalia de B\u00f3veda?\u201d.<\/p>\n","protected":false},"excerpt":{"rendered":"<p>El concejal del Grupo Municipal del PP Manuel L\u00f3pez afirma no entender los motivos del gobierno de la Diputaci\u00f3n para arreglar en esta pista, en las \u00faltimas semanas, un tramo&#8230;<\/p>\n","protected":false},"author":2,"featured_media":15751,"comment_status":"open","ping_status":"closed","sticky":false,"template":"","format":"standard","meta":{"footnotes":""},"categories":[44],"tags":[],"class_list":{"0":"post-15754","1":"post","2":"type-post","3":"status-publish","4":"format-standard","5":"has-post-thumbnail","7":"category-zona-rural-es"},"yoast_head":"<!-- This site is optimized with the Yoast SEO plugin v27.4 - https:\/\/yoast.com\/product\/yoast-seo-wordpress\/ -->\n<title>El PP pregunta al gobierno de la Diputaci\u00f3n que les hicieron los vecinos de B\u00f3veda para no a arreglar dos kil\u00f3metros de la LU- P2903 - Grupo Municipal Partido Popular de Lugo<\/title>\n<meta name=\"robots\" content=\"index, follow, max-snippet:-1, max-image-preview:large, max-video-preview:-1\" \/>\n<link rel=\"canonical\" href=\"https:\/\/www.ppdelugo.com\/es\/o-pp-pregunta-ao-goberno-da-deputacion-que-lles-fixeron-os-vecinos-de-boveda-para-non-a-arranxar-dous-quilometros-da-lu-p2903\/\" \/>\n<meta property=\"og:locale\" content=\"es_ES\" \/>\n<meta property=\"og:type\" content=\"article\" \/>\n<meta property=\"og:title\" content=\"El PP pregunta al gobierno de la Diputaci\u00f3n que les hicieron los vecinos de B\u00f3veda para no a arreglar dos kil\u00f3metros de la LU- P2903 - Grupo Municipal Partido Popular de Lugo\" \/>\n<meta property=\"og:description\" content=\"El concejal del Grupo Municipal del PP Manuel L\u00f3pez afirma no entender los motivos del gobierno de la Diputaci\u00f3n para arreglar en esta pista, en las \u00faltimas semanas, un tramo...\" \/>\n<meta property=\"og:url\" content=\"https:\/\/www.ppdelugo.com\/es\/o-pp-pregunta-ao-goberno-da-deputacion-que-lles-fixeron-os-vecinos-de-boveda-para-non-a-arranxar-dous-quilometros-da-lu-p2903\/\" \/>\n<meta property=\"og:site_name\" content=\"Grupo Municipal Partido Popular de Lugo\" \/>\n<meta property=\"article:published_time\" content=\"2021-08-22T11:30:35+00:00\" \/>\n<meta property=\"og:image\" content=\"https:\/\/www.ppdelugo.com\/wp-content\/uploads\/2021\/08\/LU-P2903-min-scaled.jpg\" \/>\n\t<meta property=\"og:image:width\" content=\"2560\" \/>\n\t<meta property=\"og:image:height\" content=\"1920\" \/>\n\t<meta property=\"og:image:type\" content=\"image\/jpeg\" \/>\n<meta name=\"author\" content=\"PP\" \/>\n<meta name=\"twitter:card\" content=\"summary_large_image\" \/>\n<meta name=\"twitter:label1\" content=\"Escrito por\" \/>\n\t<meta name=\"twitter:data1\" content=\"PP\" \/>\n\t<meta name=\"twitter:label2\" content=\"Tiempo de lectura\" \/>\n\t<meta name=\"twitter:data2\" content=\"3 minutos\" \/>\n<script type=\"application\/ld+json\" class=\"yoast-schema-graph\">{\"@context\":\"https:\\\/\\\/schema.org\",\"@graph\":[{\"@type\":\"Article\",\"@id\":\"https:\\\/\\\/www.ppdelugo.com\\\/es\\\/o-pp-pregunta-ao-goberno-da-deputacion-que-lles-fixeron-os-vecinos-de-boveda-para-non-a-arranxar-dous-quilometros-da-lu-p2903\\\/#article\",\"isPartOf\":{\"@id\":\"https:\\\/\\\/www.ppdelugo.com\\\/es\\\/o-pp-pregunta-ao-goberno-da-deputacion-que-lles-fixeron-os-vecinos-de-boveda-para-non-a-arranxar-dous-quilometros-da-lu-p2903\\\/\"},\"author\":{\"name\":\"PP\",\"@id\":\"https:\\\/\\\/www.ppdelugo.com\\\/es\\\/#\\\/schema\\\/person\\\/a847ea797b54208d374f6a8953571050\"},\"headline\":\"El PP pregunta al gobierno de la Diputaci\u00f3n que les hicieron los vecinos de B\u00f3veda para no a arreglar dos kil\u00f3metros de la LU- P2903\",\"datePublished\":\"2021-08-22T11:30:35+00:00\",\"mainEntityOfPage\":{\"@id\":\"https:\\\/\\\/www.ppdelugo.com\\\/es\\\/o-pp-pregunta-ao-goberno-da-deputacion-que-lles-fixeron-os-vecinos-de-boveda-para-non-a-arranxar-dous-quilometros-da-lu-p2903\\\/\"},\"wordCount\":528,\"commentCount\":0,\"image\":{\"@id\":\"https:\\\/\\\/www.ppdelugo.com\\\/es\\\/o-pp-pregunta-ao-goberno-da-deputacion-que-lles-fixeron-os-vecinos-de-boveda-para-non-a-arranxar-dous-quilometros-da-lu-p2903\\\/#primaryimage\"},\"thumbnailUrl\":\"https:\\\/\\\/www.ppdelugo.com\\\/wp-content\\\/uploads\\\/2021\\\/08\\\/LU-P2903-min-scaled.jpg\",\"articleSection\":[\"Zona Rural\"],\"inLanguage\":\"es\",\"potentialAction\":[{\"@type\":\"CommentAction\",\"name\":\"Comment\",\"target\":[\"https:\\\/\\\/www.ppdelugo.com\\\/es\\\/o-pp-pregunta-ao-goberno-da-deputacion-que-lles-fixeron-os-vecinos-de-boveda-para-non-a-arranxar-dous-quilometros-da-lu-p2903\\\/#respond\"]}]},{\"@type\":\"WebPage\",\"@id\":\"https:\\\/\\\/www.ppdelugo.com\\\/es\\\/o-pp-pregunta-ao-goberno-da-deputacion-que-lles-fixeron-os-vecinos-de-boveda-para-non-a-arranxar-dous-quilometros-da-lu-p2903\\\/\",\"url\":\"https:\\\/\\\/www.ppdelugo.com\\\/es\\\/o-pp-pregunta-ao-goberno-da-deputacion-que-lles-fixeron-os-vecinos-de-boveda-para-non-a-arranxar-dous-quilometros-da-lu-p2903\\\/\",\"name\":\"El PP pregunta al gobierno de la Diputaci\u00f3n que les hicieron los vecinos de B\u00f3veda para no a arreglar dos kil\u00f3metros de la LU- P2903 - Grupo Municipal Partido Popular de Lugo\",\"isPartOf\":{\"@id\":\"https:\\\/\\\/www.ppdelugo.com\\\/es\\\/#website\"},\"primaryImageOfPage\":{\"@id\":\"https:\\\/\\\/www.ppdelugo.com\\\/es\\\/o-pp-pregunta-ao-goberno-da-deputacion-que-lles-fixeron-os-vecinos-de-boveda-para-non-a-arranxar-dous-quilometros-da-lu-p2903\\\/#primaryimage\"},\"image\":{\"@id\":\"https:\\\/\\\/www.ppdelugo.com\\\/es\\\/o-pp-pregunta-ao-goberno-da-deputacion-que-lles-fixeron-os-vecinos-de-boveda-para-non-a-arranxar-dous-quilometros-da-lu-p2903\\\/#primaryimage\"},\"thumbnailUrl\":\"https:\\\/\\\/www.ppdelugo.com\\\/wp-content\\\/uploads\\\/2021\\\/08\\\/LU-P2903-min-scaled.jpg\",\"datePublished\":\"2021-08-22T11:30:35+00:00\",\"author\":{\"@id\":\"https:\\\/\\\/www.ppdelugo.com\\\/es\\\/#\\\/schema\\\/person\\\/a847ea797b54208d374f6a8953571050\"},\"breadcrumb\":{\"@id\":\"https:\\\/\\\/www.ppdelugo.com\\\/es\\\/o-pp-pregunta-ao-goberno-da-deputacion-que-lles-fixeron-os-vecinos-de-boveda-para-non-a-arranxar-dous-quilometros-da-lu-p2903\\\/#breadcrumb\"},\"inLanguage\":\"es\",\"potentialAction\":[{\"@type\":\"ReadAction\",\"target\":[\"https:\\\/\\\/www.ppdelugo.com\\\/es\\\/o-pp-pregunta-ao-goberno-da-deputacion-que-lles-fixeron-os-vecinos-de-boveda-para-non-a-arranxar-dous-quilometros-da-lu-p2903\\\/\"]}]},{\"@type\":\"ImageObject\",\"inLanguage\":\"es\",\"@id\":\"https:\\\/\\\/www.ppdelugo.com\\\/es\\\/o-pp-pregunta-ao-goberno-da-deputacion-que-lles-fixeron-os-vecinos-de-boveda-para-non-a-arranxar-dous-quilometros-da-lu-p2903\\\/#primaryimage\",\"url\":\"https:\\\/\\\/www.ppdelugo.com\\\/wp-content\\\/uploads\\\/2021\\\/08\\\/LU-P2903-min-scaled.jpg\",\"contentUrl\":\"https:\\\/\\\/www.ppdelugo.com\\\/wp-content\\\/uploads\\\/2021\\\/08\\\/LU-P2903-min-scaled.jpg\",\"width\":2560,\"height\":1920},{\"@type\":\"BreadcrumbList\",\"@id\":\"https:\\\/\\\/www.ppdelugo.com\\\/es\\\/o-pp-pregunta-ao-goberno-da-deputacion-que-lles-fixeron-os-vecinos-de-boveda-para-non-a-arranxar-dous-quilometros-da-lu-p2903\\\/#breadcrumb\",\"itemListElement\":[{\"@type\":\"ListItem\",\"position\":1,\"name\":\"Portada\",\"item\":\"https:\\\/\\\/www.ppdelugo.com\\\/es\\\/\"},{\"@type\":\"ListItem\",\"position\":2,\"name\":\"El PP pregunta al gobierno de la Diputaci\u00f3n que les hicieron los vecinos de B\u00f3veda para no a arreglar dos kil\u00f3metros de la LU- P2903\"}]},{\"@type\":\"WebSite\",\"@id\":\"https:\\\/\\\/www.ppdelugo.com\\\/es\\\/#website\",\"url\":\"https:\\\/\\\/www.ppdelugo.com\\\/es\\\/\",\"name\":\"Grupo Municipal Partido Popular de Lugo\",\"description\":\"Web del Grupo Municipal del Partido Popular en el Ayuntamiento de Lugo, con informaci\u00f3n sobre Lugo y fomento de la participaci\u00f3n ciudadana\",\"potentialAction\":[{\"@type\":\"SearchAction\",\"target\":{\"@type\":\"EntryPoint\",\"urlTemplate\":\"https:\\\/\\\/www.ppdelugo.com\\\/es\\\/?s={search_term_string}\"},\"query-input\":{\"@type\":\"PropertyValueSpecification\",\"valueRequired\":true,\"valueName\":\"search_term_string\"}}],\"inLanguage\":\"es\"},{\"@type\":\"Person\",\"@id\":\"https:\\\/\\\/www.ppdelugo.com\\\/es\\\/#\\\/schema\\\/person\\\/a847ea797b54208d374f6a8953571050\",\"name\":\"PP\",\"url\":\"https:\\\/\\\/www.ppdelugo.com\\\/es\\\/author\\\/ppdelugo\\\/\"}]}<\/script>\n<!-- \/ Yoast SEO plugin. -->","yoast_head_json":{"title":"El PP pregunta al gobierno de la Diputaci\u00f3n que les hicieron los vecinos de B\u00f3veda para no a arreglar dos kil\u00f3metros de la LU- P2903 - Grupo Municipal Partido Popular de Lugo","robots":{"index":"index","follow":"follow","max-snippet":"max-snippet:-1","max-image-preview":"max-image-preview:large","max-video-preview":"max-video-preview:-1"},"canonical":"https:\/\/www.ppdelugo.com\/es\/o-pp-pregunta-ao-goberno-da-deputacion-que-lles-fixeron-os-vecinos-de-boveda-para-non-a-arranxar-dous-quilometros-da-lu-p2903\/","og_locale":"es_ES","og_type":"article","og_title":"El PP pregunta al gobierno de la Diputaci\u00f3n que les hicieron los vecinos de B\u00f3veda para no a arreglar dos kil\u00f3metros de la LU- P2903 - Grupo Municipal Partido Popular de Lugo","og_description":"El concejal del Grupo Municipal del PP Manuel L\u00f3pez afirma no entender los motivos del gobierno de la Diputaci\u00f3n para arreglar en esta pista, en las \u00faltimas semanas, un tramo...","og_url":"https:\/\/www.ppdelugo.com\/es\/o-pp-pregunta-ao-goberno-da-deputacion-que-lles-fixeron-os-vecinos-de-boveda-para-non-a-arranxar-dous-quilometros-da-lu-p2903\/","og_site_name":"Grupo Municipal Partido Popular de Lugo","article_published_time":"2021-08-22T11:30:35+00:00","og_image":[{"width":2560,"height":1920,"url":"https:\/\/www.ppdelugo.com\/wp-content\/uploads\/2021\/08\/LU-P2903-min-scaled.jpg","type":"image\/jpeg"}],"author":"PP","twitter_card":"summary_large_image","twitter_misc":{"Escrito por":"PP","Tiempo de lectura":"3 minutos"},"schema":{"@context":"https:\/\/schema.org","@graph":[{"@type":"Article","@id":"https:\/\/www.ppdelugo.com\/es\/o-pp-pregunta-ao-goberno-da-deputacion-que-lles-fixeron-os-vecinos-de-boveda-para-non-a-arranxar-dous-quilometros-da-lu-p2903\/#article","isPartOf":{"@id":"https:\/\/www.ppdelugo.com\/es\/o-pp-pregunta-ao-goberno-da-deputacion-que-lles-fixeron-os-vecinos-de-boveda-para-non-a-arranxar-dous-quilometros-da-lu-p2903\/"},"author":{"name":"PP","@id":"https:\/\/www.ppdelugo.com\/es\/#\/schema\/person\/a847ea797b54208d374f6a8953571050"},"headline":"El PP pregunta al gobierno de la Diputaci\u00f3n que les hicieron los vecinos de B\u00f3veda para no a arreglar dos kil\u00f3metros de la LU- P2903","datePublished":"2021-08-22T11:30:35+00:00","mainEntityOfPage":{"@id":"https:\/\/www.ppdelugo.com\/es\/o-pp-pregunta-ao-goberno-da-deputacion-que-lles-fixeron-os-vecinos-de-boveda-para-non-a-arranxar-dous-quilometros-da-lu-p2903\/"},"wordCount":528,"commentCount":0,"image":{"@id":"https:\/\/www.ppdelugo.com\/es\/o-pp-pregunta-ao-goberno-da-deputacion-que-lles-fixeron-os-vecinos-de-boveda-para-non-a-arranxar-dous-quilometros-da-lu-p2903\/#primaryimage"},"thumbnailUrl":"https:\/\/www.ppdelugo.com\/wp-content\/uploads\/2021\/08\/LU-P2903-min-scaled.jpg","articleSection":["Zona Rural"],"inLanguage":"es","potentialAction":[{"@type":"CommentAction","name":"Comment","target":["https:\/\/www.ppdelugo.com\/es\/o-pp-pregunta-ao-goberno-da-deputacion-que-lles-fixeron-os-vecinos-de-boveda-para-non-a-arranxar-dous-quilometros-da-lu-p2903\/#respond"]}]},{"@type":"WebPage","@id":"https:\/\/www.ppdelugo.com\/es\/o-pp-pregunta-ao-goberno-da-deputacion-que-lles-fixeron-os-vecinos-de-boveda-para-non-a-arranxar-dous-quilometros-da-lu-p2903\/","url":"https:\/\/www.ppdelugo.com\/es\/o-pp-pregunta-ao-goberno-da-deputacion-que-lles-fixeron-os-vecinos-de-boveda-para-non-a-arranxar-dous-quilometros-da-lu-p2903\/","name":"El PP pregunta al gobierno de la Diputaci\u00f3n que les hicieron los vecinos de B\u00f3veda para no a arreglar dos kil\u00f3metros de la LU- P2903 - Grupo Municipal Partido Popular de Lugo","isPartOf":{"@id":"https:\/\/www.ppdelugo.com\/es\/#website"},"primaryImageOfPage":{"@id":"https:\/\/www.ppdelugo.com\/es\/o-pp-pregunta-ao-goberno-da-deputacion-que-lles-fixeron-os-vecinos-de-boveda-para-non-a-arranxar-dous-quilometros-da-lu-p2903\/#primaryimage"},"image":{"@id":"https:\/\/www.ppdelugo.com\/es\/o-pp-pregunta-ao-goberno-da-deputacion-que-lles-fixeron-os-vecinos-de-boveda-para-non-a-arranxar-dous-quilometros-da-lu-p2903\/#primaryimage"},"thumbnailUrl":"https:\/\/www.ppdelugo.com\/wp-content\/uploads\/2021\/08\/LU-P2903-min-scaled.jpg","datePublished":"2021-08-22T11:30:35+00:00","author":{"@id":"https:\/\/www.ppdelugo.com\/es\/#\/schema\/person\/a847ea797b54208d374f6a8953571050"},"breadcrumb":{"@id":"https:\/\/www.ppdelugo.com\/es\/o-pp-pregunta-ao-goberno-da-deputacion-que-lles-fixeron-os-vecinos-de-boveda-para-non-a-arranxar-dous-quilometros-da-lu-p2903\/#breadcrumb"},"inLanguage":"es","potentialAction":[{"@type":"ReadAction","target":["https:\/\/www.ppdelugo.com\/es\/o-pp-pregunta-ao-goberno-da-deputacion-que-lles-fixeron-os-vecinos-de-boveda-para-non-a-arranxar-dous-quilometros-da-lu-p2903\/"]}]},{"@type":"ImageObject","inLanguage":"es","@id":"https:\/\/www.ppdelugo.com\/es\/o-pp-pregunta-ao-goberno-da-deputacion-que-lles-fixeron-os-vecinos-de-boveda-para-non-a-arranxar-dous-quilometros-da-lu-p2903\/#primaryimage","url":"https:\/\/www.ppdelugo.com\/wp-content\/uploads\/2021\/08\/LU-P2903-min-scaled.jpg","contentUrl":"https:\/\/www.ppdelugo.com\/wp-content\/uploads\/2021\/08\/LU-P2903-min-scaled.jpg","width":2560,"height":1920},{"@type":"BreadcrumbList","@id":"https:\/\/www.ppdelugo.com\/es\/o-pp-pregunta-ao-goberno-da-deputacion-que-lles-fixeron-os-vecinos-de-boveda-para-non-a-arranxar-dous-quilometros-da-lu-p2903\/#breadcrumb","itemListElement":[{"@type":"ListItem","position":1,"name":"Portada","item":"https:\/\/www.ppdelugo.com\/es\/"},{"@type":"ListItem","position":2,"name":"El PP pregunta al gobierno de la Diputaci\u00f3n que les hicieron los vecinos de B\u00f3veda para no a arreglar dos kil\u00f3metros de la LU- P2903"}]},{"@type":"WebSite","@id":"https:\/\/www.ppdelugo.com\/es\/#website","url":"https:\/\/www.ppdelugo.com\/es\/","name":"Grupo Municipal Partido Popular de Lugo","description":"Web del Grupo Municipal del Partido Popular en el Ayuntamiento de Lugo, con informaci\u00f3n sobre Lugo y fomento de la participaci\u00f3n ciudadana","potentialAction":[{"@type":"SearchAction","target":{"@type":"EntryPoint","urlTemplate":"https:\/\/www.ppdelugo.com\/es\/?s={search_term_string}"},"query-input":{"@type":"PropertyValueSpecification","valueRequired":true,"valueName":"search_term_string"}}],"inLanguage":"es"},{"@type":"Person","@id":"https:\/\/www.ppdelugo.com\/es\/#\/schema\/person\/a847ea797b54208d374f6a8953571050","name":"PP","url":"https:\/\/www.ppdelugo.com\/es\/author\/ppdelugo\/"}]}},"_links":{"self":[{"href":"https:\/\/www.ppdelugo.com\/es\/wp-json\/wp\/v2\/posts\/15754","targetHints":{"allow":["GET"]}}],"collection":[{"href":"https:\/\/www.ppdelugo.com\/es\/wp-json\/wp\/v2\/posts"}],"about":[{"href":"https:\/\/www.ppdelugo.com\/es\/wp-json\/wp\/v2\/types\/post"}],"author":[{"embeddable":true,"href":"https:\/\/www.ppdelugo.com\/es\/wp-json\/wp\/v2\/users\/2"}],"replies":[{"embeddable":true,"href":"https:\/\/www.ppdelugo.com\/es\/wp-json\/wp\/v2\/comments?post=15754"}],"version-history":[{"count":2,"href":"https:\/\/www.ppdelugo.com\/es\/wp-json\/wp\/v2\/posts\/15754\/revisions"}],"predecessor-version":[{"id":15756,"href":"https:\/\/www.ppdelugo.com\/es\/wp-json\/wp\/v2\/posts\/15754\/revisions\/15756"}],"wp:featuredmedia":[{"embeddable":true,"href":"https:\/\/www.ppdelugo.com\/es\/wp-json\/wp\/v2\/media\/15751"}],"wp:attachment":[{"href":"https:\/\/www.ppdelugo.com\/es\/wp-json\/wp\/v2\/media?parent=15754"}],"wp:term":[{"taxonomy":"category","embeddable":true,"href":"https:\/\/www.ppdelugo.com\/es\/wp-json\/wp\/v2\/categories?post=15754"},{"taxonomy":"post_tag","embeddable":true,"href":"https:\/\/www.ppdelugo.com\/es\/wp-json\/wp\/v2\/tags?post=15754"}],"curies":[{"name":"wp","href":"https:\/\/api.w.org\/{rel}","templated":true}]}}