{"id":15745,"date":"2021-08-21T11:28:21","date_gmt":"2021-08-21T11:28:21","guid":{"rendered":"http:\/\/www.ppdelugo.com\/?p=15745"},"modified":"2021-08-20T11:30:04","modified_gmt":"2021-08-20T11:30:04","slug":"15743","status":"publish","type":"post","link":"https:\/\/www.ppdelugo.com\/es\/15743\/","title":{"rendered":"El PP insta al gobierno local a licitar la cafeter\u00eda de la Vieja C\u00e1rcel m\u00e1s de 4 a\u00f1os despu\u00e9s de su inauguraci\u00f3n"},"content":{"rendered":"<p>El vicevoceiro del Grupo Municipal Popular Antonio Ameijide no entiende la negativa reiterada del gobierno local a licitar en condiciones reales del comprado esta dotaci\u00f3n despu\u00e9s de tres intentos fracasados para adjudicar la cafeter\u00eda, algo que deber\u00eda hacer reaccionar tanto la socialistas como nacionalistas, pero parece que no aprenden de los errores del pasado<\/p>\n<p><!--more--><\/p>\n<p>M\u00e1is de catro anos despois da inauguraci\u00f3n do Vello C\u00e1rcere a cafeter\u00eda deste centro cultural segue pechada, seguramente, pola incompetencia e falta de traballo do goberno local, que segue sen licitar uns pregos minimamente interesantes para que calquera hostaleiro de Lugo se decida a optar a esta concesi\u00f3n.<\/p>\n<p>Para o vicevoceiro municipal do Partido Popular urxe que tanto Lara M\u00e9ndez como Rub\u00e9n Arroxo se po\u00f1an a traballar para que o goberno local saque a licitaci\u00f3n a cafeter\u00eda do Vello C\u00e1rcere, un servizo que leva pechado dende que se inaugurou este centro cultural hai m\u00e1is de catro anos.<\/p>\n<p>Para os concelleiros populares os problemas desta adxudicaci\u00f3n nacen dunha mala planificaci\u00f3n. Antes o principal problema era que a cafeter\u00eda non contaba cunha entrada independente do que \u00e9 o centro cultural, pero agora, que xa a ten dende hai varios meses, \u201cnon entendemos porque non se saca a licitaci\u00f3n os novos pregos para que un dos mellores miradoiros que temos en Lugo abra as s\u00faas portas a lucenses e turistas\u201d. \u201cA soluci\u00f3n pasa pola licitaci\u00f3n dos pregos para a s\u00faa adxudicaci\u00f3n e posterior apertura, sobre todo despois de comprobar que xa se realizaron as obras para dotar dunha entrada independente \u00e1 cafeter\u00eda\u201d, sinalou.<\/p>\n<p>Ameijide insiste en que \u201chai decenas de hostaleiros desexando puxar pola xesti\u00f3n e sen\u00f3n o fan \u00e9 porque as tres convocatorias que se fixeron estaban f\u00f3ra das necesidades do mercado e non permit\u00edan abrir no horario real da hostaler\u00eda\u201d. Por este motivo, o popular reclama unha nova licitaci\u00f3n da cafeter\u00eda do Vello C\u00e1rcere \u201ccunhas condici\u00f3ns realistas e adaptadas ao sector hostaleiro de forma que o servizo preste unha atenci\u00f3n cun horario axeitado que permita que o hostaleiro o xestione\u201d.<\/p>\n<p>Ante a inacci\u00f3n do goberno local, o concelleiro popular explica que non se descarta pedir acceso \u00e1 cafeter\u00eda do Vello C\u00e1rcere para comprobar in situ en que estado se atopa, xa que nestes m\u00e1is de catro anos que leva pechada ao p\u00fablico hai instalaci\u00f3ns e material que se puido danar, sobre todo despois de ver como as \u00fanicas persoas que poden visitar este centro son aquelas que queren PSOE e BNG, como os pol\u00edticos golpistas catal\u00e1ns con Gabriel Rufi\u00e1n \u00e1 fronte.<\/p>\n","protected":false},"excerpt":{"rendered":"<p>El vicevoceiro del Grupo Municipal Popular Antonio Ameijide no entiende la negativa reiterada del gobierno local a licitar en condiciones reales del comprado esta dotaci\u00f3n despu\u00e9s de tres intentos fracasados&#8230;<\/p>\n","protected":false},"author":2,"featured_media":14580,"comment_status":"open","ping_status":"closed","sticky":false,"template":"","format":"standard","meta":{"footnotes":""},"categories":[30,32],"tags":[],"class_list":{"0":"post-15745","1":"post","2":"type-post","3":"status-publish","4":"format-standard","5":"has-post-thumbnail","7":"category-cultura-es","8":"category-infraestructuras-es"},"yoast_head":"<!-- This site is optimized with the Yoast SEO plugin v27.4 - https:\/\/yoast.com\/product\/yoast-seo-wordpress\/ -->\n<title>El PP insta al gobierno local a licitar la cafeter\u00eda de la Vieja C\u00e1rcel m\u00e1s de 4 a\u00f1os despu\u00e9s de su inauguraci\u00f3n - Grupo Municipal Partido Popular de Lugo<\/title>\n<meta name=\"robots\" content=\"index, follow, max-snippet:-1, max-image-preview:large, max-video-preview:-1\" \/>\n<link rel=\"canonical\" href=\"https:\/\/www.ppdelugo.com\/es\/15743\/\" \/>\n<meta property=\"og:locale\" content=\"es_ES\" \/>\n<meta property=\"og:type\" content=\"article\" \/>\n<meta property=\"og:title\" content=\"El PP insta al gobierno local a licitar la cafeter\u00eda de la Vieja C\u00e1rcel m\u00e1s de 4 a\u00f1os despu\u00e9s de su inauguraci\u00f3n - Grupo Municipal Partido Popular de Lugo\" \/>\n<meta property=\"og:description\" content=\"El vicevoceiro del Grupo Municipal Popular Antonio Ameijide no entiende la negativa reiterada del gobierno local a licitar en condiciones reales del comprado esta dotaci\u00f3n despu\u00e9s de tres intentos fracasados...\" \/>\n<meta property=\"og:url\" content=\"https:\/\/www.ppdelugo.com\/es\/15743\/\" \/>\n<meta property=\"og:site_name\" content=\"Grupo Municipal Partido Popular de Lugo\" \/>\n<meta property=\"article:published_time\" content=\"2021-08-21T11:28:21+00:00\" \/>\n<meta property=\"og:image\" content=\"https:\/\/www.ppdelugo.com\/wp-content\/uploads\/2021\/03\/Antonio-Ameijide-entrada-independiente-cafeteria-Vello-Carcere-scaled.jpg\" \/>\n\t<meta property=\"og:image:width\" content=\"2560\" \/>\n\t<meta property=\"og:image:height\" content=\"1920\" \/>\n\t<meta property=\"og:image:type\" content=\"image\/jpeg\" \/>\n<meta name=\"author\" content=\"PP\" \/>\n<meta name=\"twitter:card\" content=\"summary_large_image\" \/>\n<meta name=\"twitter:label1\" content=\"Escrito por\" \/>\n\t<meta name=\"twitter:data1\" content=\"PP\" \/>\n\t<meta name=\"twitter:label2\" content=\"Tiempo de lectura\" \/>\n\t<meta name=\"twitter:data2\" content=\"2 minutos\" \/>\n<script type=\"application\/ld+json\" class=\"yoast-schema-graph\">{\"@context\":\"https:\\\/\\\/schema.org\",\"@graph\":[{\"@type\":\"Article\",\"@id\":\"https:\\\/\\\/www.ppdelugo.com\\\/es\\\/15743\\\/#article\",\"isPartOf\":{\"@id\":\"https:\\\/\\\/www.ppdelugo.com\\\/es\\\/15743\\\/\"},\"author\":{\"name\":\"PP\",\"@id\":\"https:\\\/\\\/www.ppdelugo.com\\\/es\\\/#\\\/schema\\\/person\\\/a847ea797b54208d374f6a8953571050\"},\"headline\":\"El PP insta al gobierno local a licitar la cafeter\u00eda de la Vieja C\u00e1rcel m\u00e1s de 4 a\u00f1os despu\u00e9s de su inauguraci\u00f3n\",\"datePublished\":\"2021-08-21T11:28:21+00:00\",\"mainEntityOfPage\":{\"@id\":\"https:\\\/\\\/www.ppdelugo.com\\\/es\\\/15743\\\/\"},\"wordCount\":481,\"commentCount\":0,\"image\":{\"@id\":\"https:\\\/\\\/www.ppdelugo.com\\\/es\\\/15743\\\/#primaryimage\"},\"thumbnailUrl\":\"https:\\\/\\\/www.ppdelugo.com\\\/wp-content\\\/uploads\\\/2021\\\/03\\\/Antonio-Ameijide-entrada-independiente-cafeteria-Vello-Carcere-scaled.jpg\",\"articleSection\":[\"Cultura\",\"Infraestructuras\"],\"inLanguage\":\"es\",\"potentialAction\":[{\"@type\":\"CommentAction\",\"name\":\"Comment\",\"target\":[\"https:\\\/\\\/www.ppdelugo.com\\\/es\\\/15743\\\/#respond\"]}]},{\"@type\":\"WebPage\",\"@id\":\"https:\\\/\\\/www.ppdelugo.com\\\/es\\\/15743\\\/\",\"url\":\"https:\\\/\\\/www.ppdelugo.com\\\/es\\\/15743\\\/\",\"name\":\"El PP insta al gobierno local a licitar la cafeter\u00eda de la Vieja C\u00e1rcel m\u00e1s de 4 a\u00f1os despu\u00e9s de su inauguraci\u00f3n - Grupo Municipal Partido Popular de Lugo\",\"isPartOf\":{\"@id\":\"https:\\\/\\\/www.ppdelugo.com\\\/es\\\/#website\"},\"primaryImageOfPage\":{\"@id\":\"https:\\\/\\\/www.ppdelugo.com\\\/es\\\/15743\\\/#primaryimage\"},\"image\":{\"@id\":\"https:\\\/\\\/www.ppdelugo.com\\\/es\\\/15743\\\/#primaryimage\"},\"thumbnailUrl\":\"https:\\\/\\\/www.ppdelugo.com\\\/wp-content\\\/uploads\\\/2021\\\/03\\\/Antonio-Ameijide-entrada-independiente-cafeteria-Vello-Carcere-scaled.jpg\",\"datePublished\":\"2021-08-21T11:28:21+00:00\",\"author\":{\"@id\":\"https:\\\/\\\/www.ppdelugo.com\\\/es\\\/#\\\/schema\\\/person\\\/a847ea797b54208d374f6a8953571050\"},\"breadcrumb\":{\"@id\":\"https:\\\/\\\/www.ppdelugo.com\\\/es\\\/15743\\\/#breadcrumb\"},\"inLanguage\":\"es\",\"potentialAction\":[{\"@type\":\"ReadAction\",\"target\":[\"https:\\\/\\\/www.ppdelugo.com\\\/es\\\/15743\\\/\"]}]},{\"@type\":\"ImageObject\",\"inLanguage\":\"es\",\"@id\":\"https:\\\/\\\/www.ppdelugo.com\\\/es\\\/15743\\\/#primaryimage\",\"url\":\"https:\\\/\\\/www.ppdelugo.com\\\/wp-content\\\/uploads\\\/2021\\\/03\\\/Antonio-Ameijide-entrada-independiente-cafeteria-Vello-Carcere-scaled.jpg\",\"contentUrl\":\"https:\\\/\\\/www.ppdelugo.com\\\/wp-content\\\/uploads\\\/2021\\\/03\\\/Antonio-Ameijide-entrada-independiente-cafeteria-Vello-Carcere-scaled.jpg\",\"width\":2560,\"height\":1920},{\"@type\":\"BreadcrumbList\",\"@id\":\"https:\\\/\\\/www.ppdelugo.com\\\/es\\\/15743\\\/#breadcrumb\",\"itemListElement\":[{\"@type\":\"ListItem\",\"position\":1,\"name\":\"Portada\",\"item\":\"https:\\\/\\\/www.ppdelugo.com\\\/es\\\/\"},{\"@type\":\"ListItem\",\"position\":2,\"name\":\"El PP insta al gobierno local a licitar la cafeter\u00eda de la Vieja C\u00e1rcel m\u00e1s de 4 a\u00f1os despu\u00e9s de su inauguraci\u00f3n\"}]},{\"@type\":\"WebSite\",\"@id\":\"https:\\\/\\\/www.ppdelugo.com\\\/es\\\/#website\",\"url\":\"https:\\\/\\\/www.ppdelugo.com\\\/es\\\/\",\"name\":\"Grupo Municipal Partido Popular de Lugo\",\"description\":\"Web del Grupo Municipal del Partido Popular en el Ayuntamiento de Lugo, con informaci\u00f3n sobre Lugo y fomento de la participaci\u00f3n ciudadana\",\"potentialAction\":[{\"@type\":\"SearchAction\",\"target\":{\"@type\":\"EntryPoint\",\"urlTemplate\":\"https:\\\/\\\/www.ppdelugo.com\\\/es\\\/?s={search_term_string}\"},\"query-input\":{\"@type\":\"PropertyValueSpecification\",\"valueRequired\":true,\"valueName\":\"search_term_string\"}}],\"inLanguage\":\"es\"},{\"@type\":\"Person\",\"@id\":\"https:\\\/\\\/www.ppdelugo.com\\\/es\\\/#\\\/schema\\\/person\\\/a847ea797b54208d374f6a8953571050\",\"name\":\"PP\",\"url\":\"https:\\\/\\\/www.ppdelugo.com\\\/es\\\/author\\\/ppdelugo\\\/\"}]}<\/script>\n<!-- \/ Yoast SEO plugin. -->","yoast_head_json":{"title":"El PP insta al gobierno local a licitar la cafeter\u00eda de la Vieja C\u00e1rcel m\u00e1s de 4 a\u00f1os despu\u00e9s de su inauguraci\u00f3n - Grupo Municipal Partido Popular de Lugo","robots":{"index":"index","follow":"follow","max-snippet":"max-snippet:-1","max-image-preview":"max-image-preview:large","max-video-preview":"max-video-preview:-1"},"canonical":"https:\/\/www.ppdelugo.com\/es\/15743\/","og_locale":"es_ES","og_type":"article","og_title":"El PP insta al gobierno local a licitar la cafeter\u00eda de la Vieja C\u00e1rcel m\u00e1s de 4 a\u00f1os despu\u00e9s de su inauguraci\u00f3n - Grupo Municipal Partido Popular de Lugo","og_description":"El vicevoceiro del Grupo Municipal Popular Antonio Ameijide no entiende la negativa reiterada del gobierno local a licitar en condiciones reales del comprado esta dotaci\u00f3n despu\u00e9s de tres intentos fracasados...","og_url":"https:\/\/www.ppdelugo.com\/es\/15743\/","og_site_name":"Grupo Municipal Partido Popular de Lugo","article_published_time":"2021-08-21T11:28:21+00:00","og_image":[{"width":2560,"height":1920,"url":"https:\/\/www.ppdelugo.com\/wp-content\/uploads\/2021\/03\/Antonio-Ameijide-entrada-independiente-cafeteria-Vello-Carcere-scaled.jpg","type":"image\/jpeg"}],"author":"PP","twitter_card":"summary_large_image","twitter_misc":{"Escrito por":"PP","Tiempo de lectura":"2 minutos"},"schema":{"@context":"https:\/\/schema.org","@graph":[{"@type":"Article","@id":"https:\/\/www.ppdelugo.com\/es\/15743\/#article","isPartOf":{"@id":"https:\/\/www.ppdelugo.com\/es\/15743\/"},"author":{"name":"PP","@id":"https:\/\/www.ppdelugo.com\/es\/#\/schema\/person\/a847ea797b54208d374f6a8953571050"},"headline":"El PP insta al gobierno local a licitar la cafeter\u00eda de la Vieja C\u00e1rcel m\u00e1s de 4 a\u00f1os despu\u00e9s de su inauguraci\u00f3n","datePublished":"2021-08-21T11:28:21+00:00","mainEntityOfPage":{"@id":"https:\/\/www.ppdelugo.com\/es\/15743\/"},"wordCount":481,"commentCount":0,"image":{"@id":"https:\/\/www.ppdelugo.com\/es\/15743\/#primaryimage"},"thumbnailUrl":"https:\/\/www.ppdelugo.com\/wp-content\/uploads\/2021\/03\/Antonio-Ameijide-entrada-independiente-cafeteria-Vello-Carcere-scaled.jpg","articleSection":["Cultura","Infraestructuras"],"inLanguage":"es","potentialAction":[{"@type":"CommentAction","name":"Comment","target":["https:\/\/www.ppdelugo.com\/es\/15743\/#respond"]}]},{"@type":"WebPage","@id":"https:\/\/www.ppdelugo.com\/es\/15743\/","url":"https:\/\/www.ppdelugo.com\/es\/15743\/","name":"El PP insta al gobierno local a licitar la cafeter\u00eda de la Vieja C\u00e1rcel m\u00e1s de 4 a\u00f1os despu\u00e9s de su inauguraci\u00f3n - Grupo Municipal Partido Popular de Lugo","isPartOf":{"@id":"https:\/\/www.ppdelugo.com\/es\/#website"},"primaryImageOfPage":{"@id":"https:\/\/www.ppdelugo.com\/es\/15743\/#primaryimage"},"image":{"@id":"https:\/\/www.ppdelugo.com\/es\/15743\/#primaryimage"},"thumbnailUrl":"https:\/\/www.ppdelugo.com\/wp-content\/uploads\/2021\/03\/Antonio-Ameijide-entrada-independiente-cafeteria-Vello-Carcere-scaled.jpg","datePublished":"2021-08-21T11:28:21+00:00","author":{"@id":"https:\/\/www.ppdelugo.com\/es\/#\/schema\/person\/a847ea797b54208d374f6a8953571050"},"breadcrumb":{"@id":"https:\/\/www.ppdelugo.com\/es\/15743\/#breadcrumb"},"inLanguage":"es","potentialAction":[{"@type":"ReadAction","target":["https:\/\/www.ppdelugo.com\/es\/15743\/"]}]},{"@type":"ImageObject","inLanguage":"es","@id":"https:\/\/www.ppdelugo.com\/es\/15743\/#primaryimage","url":"https:\/\/www.ppdelugo.com\/wp-content\/uploads\/2021\/03\/Antonio-Ameijide-entrada-independiente-cafeteria-Vello-Carcere-scaled.jpg","contentUrl":"https:\/\/www.ppdelugo.com\/wp-content\/uploads\/2021\/03\/Antonio-Ameijide-entrada-independiente-cafeteria-Vello-Carcere-scaled.jpg","width":2560,"height":1920},{"@type":"BreadcrumbList","@id":"https:\/\/www.ppdelugo.com\/es\/15743\/#breadcrumb","itemListElement":[{"@type":"ListItem","position":1,"name":"Portada","item":"https:\/\/www.ppdelugo.com\/es\/"},{"@type":"ListItem","position":2,"name":"El PP insta al gobierno local a licitar la cafeter\u00eda de la Vieja C\u00e1rcel m\u00e1s de 4 a\u00f1os despu\u00e9s de su inauguraci\u00f3n"}]},{"@type":"WebSite","@id":"https:\/\/www.ppdelugo.com\/es\/#website","url":"https:\/\/www.ppdelugo.com\/es\/","name":"Grupo Municipal Partido Popular de Lugo","description":"Web del Grupo Municipal del Partido Popular en el Ayuntamiento de Lugo, con informaci\u00f3n sobre Lugo y fomento de la participaci\u00f3n ciudadana","potentialAction":[{"@type":"SearchAction","target":{"@type":"EntryPoint","urlTemplate":"https:\/\/www.ppdelugo.com\/es\/?s={search_term_string}"},"query-input":{"@type":"PropertyValueSpecification","valueRequired":true,"valueName":"search_term_string"}}],"inLanguage":"es"},{"@type":"Person","@id":"https:\/\/www.ppdelugo.com\/es\/#\/schema\/person\/a847ea797b54208d374f6a8953571050","name":"PP","url":"https:\/\/www.ppdelugo.com\/es\/author\/ppdelugo\/"}]}},"_links":{"self":[{"href":"https:\/\/www.ppdelugo.com\/es\/wp-json\/wp\/v2\/posts\/15745","targetHints":{"allow":["GET"]}}],"collection":[{"href":"https:\/\/www.ppdelugo.com\/es\/wp-json\/wp\/v2\/posts"}],"about":[{"href":"https:\/\/www.ppdelugo.com\/es\/wp-json\/wp\/v2\/types\/post"}],"author":[{"embeddable":true,"href":"https:\/\/www.ppdelugo.com\/es\/wp-json\/wp\/v2\/users\/2"}],"replies":[{"embeddable":true,"href":"https:\/\/www.ppdelugo.com\/es\/wp-json\/wp\/v2\/comments?post=15745"}],"version-history":[{"count":2,"href":"https:\/\/www.ppdelugo.com\/es\/wp-json\/wp\/v2\/posts\/15745\/revisions"}],"predecessor-version":[{"id":15747,"href":"https:\/\/www.ppdelugo.com\/es\/wp-json\/wp\/v2\/posts\/15745\/revisions\/15747"}],"wp:featuredmedia":[{"embeddable":true,"href":"https:\/\/www.ppdelugo.com\/es\/wp-json\/wp\/v2\/media\/14580"}],"wp:attachment":[{"href":"https:\/\/www.ppdelugo.com\/es\/wp-json\/wp\/v2\/media?parent=15745"}],"wp:term":[{"taxonomy":"category","embeddable":true,"href":"https:\/\/www.ppdelugo.com\/es\/wp-json\/wp\/v2\/categories?post=15745"},{"taxonomy":"post_tag","embeddable":true,"href":"https:\/\/www.ppdelugo.com\/es\/wp-json\/wp\/v2\/tags?post=15745"}],"curies":[{"name":"wp","href":"https:\/\/api.w.org\/{rel}","templated":true}]}}